{"id":24712,"date":"2021-07-12T14:53:17","date_gmt":"2021-07-12T13:53:17","guid":{"rendered":"https:\/\/www.cm-evora.pt\/?p=24712"},"modified":"2021-10-27T11:28:21","modified_gmt":"2021-10-27T10:28:21","slug":"conselho-municipal-de-juventude-de-evora-deu-parecer-positivo-ao-plano-municipal-da-juventude-de-evora-21-25","status":"publish","type":"post","link":"https:\/\/www.cm-evora.pt\/en\/conselho-municipal-de-juventude-de-evora-deu-parecer-positivo-ao-plano-municipal-da-juventude-de-evora-21-25\/","title":{"rendered":"(Portugu\u00eas) Conselho Municipal de Juventude de \u00c9vora deu parecer positivo ao Plano Municipal da Juventude de \u00c9vora 21-25"},"content":{"rendered":"<p class=\"qtranxs-available-languages-message qtranxs-available-languages-message-en\">Sorry, this entry is only available in <a href=\"https:\/\/www.cm-evora.pt\/pt\/wp-json\/wp\/v2\/posts\/24712\" class=\"qtranxs-available-language-link qtranxs-available-language-link-pt\" title=\"Portugu\u00eas\">Portugu\u00eas<\/a>.<\/p><p>A aprova\u00e7\u00e3o por unanimidade do parecer sobre o Plano Municipal da Juventude de \u00c9vora 21-25 foi o ponto alto desta reuni\u00e3o do Conselho Municipal de Juventude de \u00c9vora (CMJE) que decorreu no dia 7 de Julho de 2021, atrav\u00e9s de plataforma digital, presidido pela Vereadora Sara Dimas Fernandes.<\/p>\n<p>Os conselheiros deliberaram dar parecer positivo ao documento \u201cPlano Municipal para a Juventude de \u00c9vora 2021-2025\u201d propondo a sua aprova\u00e7\u00e3o pela C\u00e2mara Municipal de \u00c9vora. Este documento resultou de um amplo processo participativo que se dividiu em dois momentos distintos: a fase de diagn\u00f3stico e a fase de discuss\u00e3o de documento base.<\/p>\n<p>Da fase de diagn\u00f3stico, entre Dezembro de 2017 e Mar\u00e7o de 2018, resultou a publica\u00e7\u00e3o em 3 volumes do \u201cDiagn\u00f3stico Juvenil do Concelho de \u00c9vora\u201d (DJCE). Este estudo contou com a supervis\u00e3o acad\u00e9mico-cient\u00edfica de uma equipa de Docentes e Investigadores da Universidade de \u00c9vora e constituiu o mais aprofundado estudo realizado sobre a juventude eborense e um dos mais significativos a n\u00edvel nacional. O trabalho final foi apresentado pela equipa de investigadores no I F\u00f3rum Municipal de Juventude em Mar\u00e7o de 2018.<\/p>\n<p>O processo participativo que conduziu ao documento em apre\u00e7o foi lan\u00e7ado em Mar\u00e7o de 2021, no II F\u00f3rum Municipal de Juventude, com a apresenta\u00e7\u00e3o de proposta base pela C\u00e2mara Municipal aos jovens do Conselho Municipal de Juventude. Desse momento at\u00e9 ao presente foram realizadas reuni\u00f5es e f\u00f3runs de discuss\u00e3o e foi disponibilizado um endere\u00e7o de correio eletr\u00f3nico para apresenta\u00e7\u00e3o de propostas. Al\u00e9m dos jovens eborenses, foram desafiadas a participar mais de 200 organiza\u00e7\u00f5es dos Conselhos e Comiss\u00f5es Municipais. Desta ausculta\u00e7\u00e3o e discuss\u00e3o resultaram 159 contributos de 18 entidades e\/ou de jovens a t\u00edtulo individual.<\/p>\n<p>O documento s\u00edntese, que serve de base para a constru\u00e7\u00e3o do PMJE, tem a sua estrutura fundamentada em 4 eixos estrat\u00e9gicos. A cada eixo est\u00e3o associados Dom\u00ednios de Interven\u00e7\u00e3o com os seus Objetivos Operacionais, Medidas\/A\u00e7\u00f5es, Indicadores, Envolvidos e Efeito temporal. S\u00e3o apontadas mais de 200 medidas\/a\u00e7\u00f5es dentro de 55 Objetivos Operacionais.<\/p>\n<p>O CMJE considera que este Plano Municipal para a Juventude de \u00c9vora ir\u00e1 alicer\u00e7ar uma verdadeira pol\u00edtica municipal para a Juventude, na qual se rev\u00ea e para a qual sente ter contribu\u00eddo. Este PMJE abre caminho para a cria\u00e7\u00e3o de novas oportunidades que permitem o desenvolvimento integral dos jovens, a sua qualidade de vida e perspetivas de futuro.<\/p>\n<p>Num outro ponto, o Presidente da C\u00e2mara Municipal de \u00c9vora, Carlos Pinto de S\u00e1, prestou informa\u00e7\u00e3o aos jovens sobre o Relat\u00f3rio de Actividades e Contas do Munic\u00edpio referente a 2020. O combate \u00e0 pandemia foi a grande prioridade, mas destacaram-se tamb\u00e9m significativas melhorias no que respeita ao equil\u00edbrio das contas municipais. O Munic\u00edpio soube manter em curso as obras municipais, por forma a minimizar os efeitos da crise econ\u00f3mica e social que se agudizou a n\u00edvel nacional, contribuindo para manter o trabalho e a din\u00e2mica das empresas.<\/p>\n<p>Adicionalmente, a Vereadora Sara Dimas Fernandes prestou informa\u00e7\u00e3o mais detalhada sobre a actividade realizada nas \u00e1reas da Juventude e Desporto, real\u00e7ando o apoio financeiro \u00e0s actividades juvenis, que n\u00e3o existia desde 2009 e que foi retomado em 2020, fruto do trabalho de reequilibro financeiro municipal realizado nos \u00faltimos anos e que permitiu a liquida\u00e7\u00e3o da d\u00edvida municipal ao Programa de Apoio \u00e0 Economia Local (PAEL).<\/p>\n<p>A vereadora acrescentou ainda que, no \u00e2mbito do projecto municipal \u201cPorta das Associa\u00e7\u00f5es\u201d, o \u201cPonto Jovem\u201d ser\u00e1 disponibilizado para acolher actividades das associa\u00e7\u00f5es juvenis durante o Ver\u00e3o, e que at\u00e9 ao momento foram recebidas 8 candidaturas, ultrapassando assim a expectativa inicial e fomentando mais um f\u00f3rum de debate juvenil, funcionando igualmente como base para o aproveitamento de ideias a incluir no trabalho aut\u00e1rquico.<\/p>\n\n\t\t<style type=\"text\/css\">\n\t\t\t#gallery-1 {\n\t\t\t\tmargin: auto;\n\t\t\t}\n\t\t\t#gallery-1 .gallery-item {\n\t\t\t\tfloat: left;\n\t\t\t\tmargin-top: 10px;\n\t\t\t\ttext-align: center;\n\t\t\t\twidth: 100%;\n\t\t\t}\n\t\t\t#gallery-1 img {\n\t\t\t\tborder: 2px solid #cfcfcf;\n\t\t\t}\n\t\t\t#gallery-1 .gallery-caption {\n\t\t\t\tmargin-left: 0;\n\t\t\t}\n\t\t\t\/* see gallery_shortcode() in wp-includes\/media.php *\/\n\t\t<\/style>\n\t\t<div id='gallery-1' class='gallery galleryid-24712 gallery-columns-1 gallery-size-full'><dl class='gallery-item'>\n\t\t\t<dt class='gallery-icon portrait'>\n\t\t\t\t<a href='https:\/\/www.cm-evora.pt\/wp-content\/uploads\/2021\/07\/CMEPLJUventude2021-scaled.jpg'><img loading=\"lazy\" decoding=\"async\" width=\"1811\" height=\"2560\" src=\"https:\/\/www.cm-evora.pt\/wp-content\/uploads\/2021\/07\/CMEPLJUventude2021-scaled.jpg\" class=\"attachment-full size-full\" alt=\"\" srcset=\"https:\/\/www.cm-evora.pt\/wp-content\/uploads\/2021\/07\/CMEPLJUventude2021-scaled.jpg 1811w, https:\/\/www.cm-evora.pt\/wp-content\/uploads\/2021\/07\/CMEPLJUventude2021-212x300.jpg 212w, https:\/\/www.cm-evora.pt\/wp-content\/uploads\/2021\/07\/CMEPLJUventude2021-724x1024.jpg 724w, https:\/\/www.cm-evora.pt\/wp-content\/uploads\/2021\/07\/CMEPLJUventude2021-768x1086.jpg 768w, https:\/\/www.cm-evora.pt\/wp-content\/uploads\/2021\/07\/CMEPLJUventude2021-1087x1536.jpg 1087w, https:\/\/www.cm-evora.pt\/wp-content\/uploads\/2021\/07\/CMEPLJUventude2021-1449x2048.jpg 1449w, https:\/\/www.cm-evora.pt\/wp-content\/uploads\/2021\/07\/CMEPLJUventude2021-1320x1866.jpg 1320w\" sizes=\"auto, (max-width: 1811px) 100vw, 1811px\" \/><\/a>\n\t\t\t<\/dt><\/dl><br style=\"clear: both\" \/>\n\t\t<\/div>\n\n<p>&nbsp;<\/p>","protected":false},"excerpt":{"rendered":"<p>Sorry, this entry is only available in Portugu\u00eas.A aprova\u00e7\u00e3o por unanimidade do parecer sobre o Plano Municipal da Juventude de \u00c9vora 21-25 foi o ponto alto desta reuni\u00e3o do Conselho Municipal de Juventude de \u00c9vora (CMJE) que decorreu no dia 7 de Julho de 2021, atrav\u00e9s de plataforma digital, presidido pela Vereadora Sara Dimas Fernandes. [&hellip;]<\/p>\n","protected":false},"author":57,"featured_media":24713,"comment_status":"closed","ping_status":"closed","sticky":false,"template":"","format":"standard","meta":{"_acf_changed":false,"footnotes":""},"categories":[2110],"tags":[],"class_list":["post-24712","post","type-post","status-publish","format-standard","has-post-thumbnail","hentry","category-noticias"],"acf":{"imagens":"","destaq_image":24713,"titulo_docs_seccao":"","documentos":""},"_links":{"self":[{"href":"https:\/\/www.cm-evora.pt\/en\/wp-json\/wp\/v2\/posts\/24712","targetHints":{"allow":["GET"]}}],"collection":[{"href":"https:\/\/www.cm-evora.pt\/en\/wp-json\/wp\/v2\/posts"}],"about":[{"href":"https:\/\/www.cm-evora.pt\/en\/wp-json\/wp\/v2\/types\/post"}],"author":[{"embeddable":true,"href":"https:\/\/www.cm-evora.pt\/en\/wp-json\/wp\/v2\/users\/57"}],"replies":[{"embeddable":true,"href":"https:\/\/www.cm-evora.pt\/en\/wp-json\/wp\/v2\/comments?post=24712"}],"version-history":[{"count":1,"href":"https:\/\/www.cm-evora.pt\/en\/wp-json\/wp\/v2\/posts\/24712\/revisions"}],"predecessor-version":[{"id":24714,"href":"https:\/\/www.cm-evora.pt\/en\/wp-json\/wp\/v2\/posts\/24712\/revisions\/24714"}],"wp:featuredmedia":[{"embeddable":true,"href":"https:\/\/www.cm-evora.pt\/en\/wp-json\/wp\/v2\/media\/24713"}],"wp:attachment":[{"href":"https:\/\/www.cm-evora.pt\/en\/wp-json\/wp\/v2\/media?parent=24712"}],"wp:term":[{"taxonomy":"category","embeddable":true,"href":"https:\/\/www.cm-evora.pt\/en\/wp-json\/wp\/v2\/categories?post=24712"},{"taxonomy":"post_tag","embeddable":true,"href":"https:\/\/www.cm-evora.pt\/en\/wp-json\/wp\/v2\/tags?post=24712"}],"curies":[{"name":"wp","href":"https:\/\/api.w.org\/{rel}","templated":true}]}}