{"id":24809,"date":"2021-07-15T09:08:06","date_gmt":"2021-07-15T08:08:06","guid":{"rendered":"https:\/\/www.cm-evora.pt\/?p=24809"},"modified":"2021-07-15T09:08:06","modified_gmt":"2021-07-15T08:08:06","slug":"exposicao-de-trabalhos-de-artes-plasticas-no-salao-das-piscinas-municipais","status":"publish","type":"post","link":"https:\/\/www.cm-evora.pt\/en\/exposicao-de-trabalhos-de-artes-plasticas-no-salao-das-piscinas-municipais\/","title":{"rendered":"(Portugu\u00eas) Exposi\u00e7\u00e3o de Trabalhos de Artes Pl\u00e1sticas no Sal\u00e3o das Piscinas Municipais"},"content":{"rendered":"<p class=\"qtranxs-available-languages-message qtranxs-available-languages-message-en\">Sorry, this entry is only available in <a href=\"https:\/\/www.cm-evora.pt\/pt\/wp-json\/wp\/v2\/posts\/24809\" class=\"qtranxs-available-language-link qtranxs-available-language-link-pt\" title=\"Portugu\u00eas\">Portugu\u00eas<\/a>.<\/p><p>Uma exposi\u00e7\u00e3o de trabalhos elaborados pelos alunos do 1\u00ba ciclo do ensino b\u00e1sico est\u00e1 patente ao p\u00fablico no Sal\u00e3o das Piscinas Municipais de \u00c9vora de 12 de Julho a 3 de Agosto, entre as 8 e as 21 horas.<\/p>\n<p>Esta mostra integra-se no \u00e2mbito da Atividade de Enriquecimento Curricular de Artes Pl\u00e1sticas e nela participaram alunos das escolas b\u00e1sicas Manuel Ferreira Patr\u00edcio; Vista Alegre; S. Mamede; Horta das Figueiras; S. Man\u00e7os; Vendinha; Galopim de Carvalho e Azaruja.<\/p>\n<p>Com este trabalho, o Munic\u00edpio de \u00c9vora refor\u00e7a a educa\u00e7\u00e3o pela arte, como forma de desenvolver a criatividade, a imagina\u00e7\u00e3o e de criar compet\u00eancias para, no futuro, ter jovens adultos mais conscientes, mais aut\u00f3nomos e mais felizes.<\/p>\n<p>\n\t\t<style type=\"text\/css\">\n\t\t\t#gallery-1 {\n\t\t\t\tmargin: auto;\n\t\t\t}\n\t\t\t#gallery-1 .gallery-item {\n\t\t\t\tfloat: left;\n\t\t\t\tmargin-top: 10px;\n\t\t\t\ttext-align: center;\n\t\t\t\twidth: 33%;\n\t\t\t}\n\t\t\t#gallery-1 img {\n\t\t\t\tborder: 2px solid #cfcfcf;\n\t\t\t}\n\t\t\t#gallery-1 .gallery-caption {\n\t\t\t\tmargin-left: 0;\n\t\t\t}\n\t\t\t\/* see gallery_shortcode() in wp-includes\/media.php *\/\n\t\t<\/style>\n\t\t<div id='gallery-1' class='gallery galleryid-24809 gallery-columns-3 gallery-size-full'><dl class='gallery-item'>\n\t\t\t<dt class='gallery-icon landscape'>\n\t\t\t\t<a href='https:\/\/www.cm-evora.pt\/wp-content\/uploads\/2021\/07\/AEc1.jpg'><img loading=\"lazy\" decoding=\"async\" width=\"1920\" height=\"1280\" src=\"https:\/\/www.cm-evora.pt\/wp-content\/uploads\/2021\/07\/AEc1.jpg\" class=\"attachment-full size-full\" alt=\"\" srcset=\"https:\/\/www.cm-evora.pt\/wp-content\/uploads\/2021\/07\/AEc1.jpg 1920w, https:\/\/www.cm-evora.pt\/wp-content\/uploads\/2021\/07\/AEc1-300x200.jpg 300w, https:\/\/www.cm-evora.pt\/wp-content\/uploads\/2021\/07\/AEc1-1024x683.jpg 1024w, https:\/\/www.cm-evora.pt\/wp-content\/uploads\/2021\/07\/AEc1-768x512.jpg 768w, https:\/\/www.cm-evora.pt\/wp-content\/uploads\/2021\/07\/AEc1-1536x1024.jpg 1536w, https:\/\/www.cm-evora.pt\/wp-content\/uploads\/2021\/07\/AEc1-1320x880.jpg 1320w\" sizes=\"auto, (max-width: 1920px) 100vw, 1920px\" \/><\/a>\n\t\t\t<\/dt><\/dl><dl class='gallery-item'>\n\t\t\t<dt class='gallery-icon landscape'>\n\t\t\t\t<a href='https:\/\/www.cm-evora.pt\/wp-content\/uploads\/2021\/07\/AEC2.jpg'><img loading=\"lazy\" decoding=\"async\" width=\"1920\" height=\"1280\" src=\"https:\/\/www.cm-evora.pt\/wp-content\/uploads\/2021\/07\/AEC2.jpg\" class=\"attachment-full size-full\" alt=\"\" srcset=\"https:\/\/www.cm-evora.pt\/wp-content\/uploads\/2021\/07\/AEC2.jpg 1920w, https:\/\/www.cm-evora.pt\/wp-content\/uploads\/2021\/07\/AEC2-300x200.jpg 300w, https:\/\/www.cm-evora.pt\/wp-content\/uploads\/2021\/07\/AEC2-1024x683.jpg 1024w, https:\/\/www.cm-evora.pt\/wp-content\/uploads\/2021\/07\/AEC2-768x512.jpg 768w, https:\/\/www.cm-evora.pt\/wp-content\/uploads\/2021\/07\/AEC2-1536x1024.jpg 1536w, https:\/\/www.cm-evora.pt\/wp-content\/uploads\/2021\/07\/AEC2-1320x880.jpg 1320w\" sizes=\"auto, (max-width: 1920px) 100vw, 1920px\" \/><\/a>\n\t\t\t<\/dt><\/dl><dl class='gallery-item'>\n\t\t\t<dt class='gallery-icon landscape'>\n\t\t\t\t<a href='https:\/\/www.cm-evora.pt\/wp-content\/uploads\/2021\/07\/AEC3.jpg'><img loading=\"lazy\" decoding=\"async\" width=\"1920\" height=\"1280\" src=\"https:\/\/www.cm-evora.pt\/wp-content\/uploads\/2021\/07\/AEC3.jpg\" class=\"attachment-full size-full\" alt=\"\" srcset=\"https:\/\/www.cm-evora.pt\/wp-content\/uploads\/2021\/07\/AEC3.jpg 1920w, https:\/\/www.cm-evora.pt\/wp-content\/uploads\/2021\/07\/AEC3-300x200.jpg 300w, https:\/\/www.cm-evora.pt\/wp-content\/uploads\/2021\/07\/AEC3-1024x683.jpg 1024w, https:\/\/www.cm-evora.pt\/wp-content\/uploads\/2021\/07\/AEC3-768x512.jpg 768w, https:\/\/www.cm-evora.pt\/wp-content\/uploads\/2021\/07\/AEC3-1536x1024.jpg 1536w, https:\/\/www.cm-evora.pt\/wp-content\/uploads\/2021\/07\/AEC3-1320x880.jpg 1320w\" sizes=\"auto, (max-width: 1920px) 100vw, 1920px\" \/><\/a>\n\t\t\t<\/dt><\/dl><br style=\"clear: both\" \/><dl class='gallery-item'>\n\t\t\t<dt class='gallery-icon landscape'>\n\t\t\t\t<a href='https:\/\/www.cm-evora.pt\/wp-content\/uploads\/2021\/07\/AEC5.jpg'><img loading=\"lazy\" decoding=\"async\" width=\"1920\" height=\"1280\" src=\"https:\/\/www.cm-evora.pt\/wp-content\/uploads\/2021\/07\/AEC5.jpg\" class=\"attachment-full size-full\" alt=\"\" srcset=\"https:\/\/www.cm-evora.pt\/wp-content\/uploads\/2021\/07\/AEC5.jpg 1920w, https:\/\/www.cm-evora.pt\/wp-content\/uploads\/2021\/07\/AEC5-300x200.jpg 300w, https:\/\/www.cm-evora.pt\/wp-content\/uploads\/2021\/07\/AEC5-1024x683.jpg 1024w, https:\/\/www.cm-evora.pt\/wp-content\/uploads\/2021\/07\/AEC5-768x512.jpg 768w, https:\/\/www.cm-evora.pt\/wp-content\/uploads\/2021\/07\/AEC5-1536x1024.jpg 1536w, https:\/\/www.cm-evora.pt\/wp-content\/uploads\/2021\/07\/AEC5-1320x880.jpg 1320w\" sizes=\"auto, (max-width: 1920px) 100vw, 1920px\" \/><\/a>\n\t\t\t<\/dt><\/dl><dl class='gallery-item'>\n\t\t\t<dt class='gallery-icon landscape'>\n\t\t\t\t<a href='https:\/\/www.cm-evora.pt\/wp-content\/uploads\/2021\/07\/AEC6.jpg'><img loading=\"lazy\" decoding=\"async\" width=\"1920\" height=\"1280\" src=\"https:\/\/www.cm-evora.pt\/wp-content\/uploads\/2021\/07\/AEC6.jpg\" class=\"attachment-full size-full\" alt=\"\" srcset=\"https:\/\/www.cm-evora.pt\/wp-content\/uploads\/2021\/07\/AEC6.jpg 1920w, https:\/\/www.cm-evora.pt\/wp-content\/uploads\/2021\/07\/AEC6-300x200.jpg 300w, https:\/\/www.cm-evora.pt\/wp-content\/uploads\/2021\/07\/AEC6-1024x683.jpg 1024w, https:\/\/www.cm-evora.pt\/wp-content\/uploads\/2021\/07\/AEC6-768x512.jpg 768w, https:\/\/www.cm-evora.pt\/wp-content\/uploads\/2021\/07\/AEC6-1536x1024.jpg 1536w, https:\/\/www.cm-evora.pt\/wp-content\/uploads\/2021\/07\/AEC6-1320x880.jpg 1320w\" sizes=\"auto, (max-width: 1920px) 100vw, 1920px\" \/><\/a>\n\t\t\t<\/dt><\/dl><dl class='gallery-item'>\n\t\t\t<dt class='gallery-icon landscape'>\n\t\t\t\t<a href='https:\/\/www.cm-evora.pt\/wp-content\/uploads\/2021\/07\/AEC7.jpg'><img loading=\"lazy\" decoding=\"async\" width=\"1920\" height=\"1280\" src=\"https:\/\/www.cm-evora.pt\/wp-content\/uploads\/2021\/07\/AEC7.jpg\" class=\"attachment-full size-full\" alt=\"\" srcset=\"https:\/\/www.cm-evora.pt\/wp-content\/uploads\/2021\/07\/AEC7.jpg 1920w, https:\/\/www.cm-evora.pt\/wp-content\/uploads\/2021\/07\/AEC7-300x200.jpg 300w, https:\/\/www.cm-evora.pt\/wp-content\/uploads\/2021\/07\/AEC7-1024x683.jpg 1024w, https:\/\/www.cm-evora.pt\/wp-content\/uploads\/2021\/07\/AEC7-768x512.jpg 768w, https:\/\/www.cm-evora.pt\/wp-content\/uploads\/2021\/07\/AEC7-1536x1024.jpg 1536w, https:\/\/www.cm-evora.pt\/wp-content\/uploads\/2021\/07\/AEC7-1320x880.jpg 1320w\" sizes=\"auto, (max-width: 1920px) 100vw, 1920px\" \/><\/a>\n\t\t\t<\/dt><\/dl><br style=\"clear: both\" \/><dl class='gallery-item'>\n\t\t\t<dt class='gallery-icon landscape'>\n\t\t\t\t<a href='https:\/\/www.cm-evora.pt\/wp-content\/uploads\/2021\/07\/AEC8.jpg'><img loading=\"lazy\" decoding=\"async\" width=\"1920\" height=\"1005\" src=\"https:\/\/www.cm-evora.pt\/wp-content\/uploads\/2021\/07\/AEC8.jpg\" class=\"attachment-full size-full\" alt=\"\" srcset=\"https:\/\/www.cm-evora.pt\/wp-content\/uploads\/2021\/07\/AEC8.jpg 1920w, https:\/\/www.cm-evora.pt\/wp-content\/uploads\/2021\/07\/AEC8-300x157.jpg 300w, https:\/\/www.cm-evora.pt\/wp-content\/uploads\/2021\/07\/AEC8-1024x536.jpg 1024w, https:\/\/www.cm-evora.pt\/wp-content\/uploads\/2021\/07\/AEC8-768x402.jpg 768w, https:\/\/www.cm-evora.pt\/wp-content\/uploads\/2021\/07\/AEC8-1536x804.jpg 1536w, https:\/\/www.cm-evora.pt\/wp-content\/uploads\/2021\/07\/AEC8-1320x691.jpg 1320w\" sizes=\"auto, (max-width: 1920px) 100vw, 1920px\" \/><\/a>\n\t\t\t<\/dt><\/dl><dl class='gallery-item'>\n\t\t\t<dt class='gallery-icon landscape'>\n\t\t\t\t<a href='https:\/\/www.cm-evora.pt\/wp-content\/uploads\/2021\/07\/AEC9.jpg'><img loading=\"lazy\" decoding=\"async\" width=\"1920\" height=\"1358\" src=\"https:\/\/www.cm-evora.pt\/wp-content\/uploads\/2021\/07\/AEC9.jpg\" class=\"attachment-full size-full\" alt=\"\" srcset=\"https:\/\/www.cm-evora.pt\/wp-content\/uploads\/2021\/07\/AEC9.jpg 1920w, https:\/\/www.cm-evora.pt\/wp-content\/uploads\/2021\/07\/AEC9-300x212.jpg 300w, https:\/\/www.cm-evora.pt\/wp-content\/uploads\/2021\/07\/AEC9-1024x724.jpg 1024w, https:\/\/www.cm-evora.pt\/wp-content\/uploads\/2021\/07\/AEC9-768x543.jpg 768w, https:\/\/www.cm-evora.pt\/wp-content\/uploads\/2021\/07\/AEC9-1536x1086.jpg 1536w, https:\/\/www.cm-evora.pt\/wp-content\/uploads\/2021\/07\/AEC9-1320x934.jpg 1320w\" sizes=\"auto, (max-width: 1920px) 100vw, 1920px\" \/><\/a>\n\t\t\t<\/dt><\/dl><dl class='gallery-item'>\n\t\t\t<dt class='gallery-icon landscape'>\n\t\t\t\t<a href='https:\/\/www.cm-evora.pt\/wp-content\/uploads\/2021\/07\/AEC10.jpg'><img loading=\"lazy\" decoding=\"async\" width=\"1920\" height=\"1447\" src=\"https:\/\/www.cm-evora.pt\/wp-content\/uploads\/2021\/07\/AEC10.jpg\" class=\"attachment-full size-full\" alt=\"\" srcset=\"https:\/\/www.cm-evora.pt\/wp-content\/uploads\/2021\/07\/AEC10.jpg 1920w, https:\/\/www.cm-evora.pt\/wp-content\/uploads\/2021\/07\/AEC10-300x226.jpg 300w, https:\/\/www.cm-evora.pt\/wp-content\/uploads\/2021\/07\/AEC10-1024x772.jpg 1024w, https:\/\/www.cm-evora.pt\/wp-content\/uploads\/2021\/07\/AEC10-768x579.jpg 768w, https:\/\/www.cm-evora.pt\/wp-content\/uploads\/2021\/07\/AEC10-1536x1158.jpg 1536w, https:\/\/www.cm-evora.pt\/wp-content\/uploads\/2021\/07\/AEC10-1320x995.jpg 1320w\" sizes=\"auto, (max-width: 1920px) 100vw, 1920px\" \/><\/a>\n\t\t\t<\/dt><\/dl><br style=\"clear: both\" \/>\n\t\t<\/div>\n<\/p>","protected":false},"excerpt":{"rendered":"<p>Sorry, this entry is only available in Portugu\u00eas.Uma exposi\u00e7\u00e3o de trabalhos elaborados pelos alunos do 1\u00ba ciclo do ensino b\u00e1sico est\u00e1 patente ao p\u00fablico no Sal\u00e3o das Piscinas Municipais de \u00c9vora de 12 de Julho a 3 de Agosto, entre as 8 e as 21 horas. Esta mostra integra-se no \u00e2mbito da Atividade de Enriquecimento [&hellip;]<\/p>\n","protected":false},"author":45,"featured_media":24816,"comment_status":"closed","ping_status":"closed","sticky":false,"template":"","format":"standard","meta":{"_acf_changed":false,"footnotes":""},"categories":[2110],"tags":[],"class_list":["post-24809","post","type-post","status-publish","format-standard","has-post-thumbnail","hentry","category-noticias"],"acf":{"imagens":"","destaq_image":24816,"titulo_docs_seccao":"","documentos":""},"_links":{"self":[{"href":"https:\/\/www.cm-evora.pt\/en\/wp-json\/wp\/v2\/posts\/24809","targetHints":{"allow":["GET"]}}],"collection":[{"href":"https:\/\/www.cm-evora.pt\/en\/wp-json\/wp\/v2\/posts"}],"about":[{"href":"https:\/\/www.cm-evora.pt\/en\/wp-json\/wp\/v2\/types\/post"}],"author":[{"embeddable":true,"href":"https:\/\/www.cm-evora.pt\/en\/wp-json\/wp\/v2\/users\/45"}],"replies":[{"embeddable":true,"href":"https:\/\/www.cm-evora.pt\/en\/wp-json\/wp\/v2\/comments?post=24809"}],"version-history":[{"count":1,"href":"https:\/\/www.cm-evora.pt\/en\/wp-json\/wp\/v2\/posts\/24809\/revisions"}],"predecessor-version":[{"id":24819,"href":"https:\/\/www.cm-evora.pt\/en\/wp-json\/wp\/v2\/posts\/24809\/revisions\/24819"}],"wp:featuredmedia":[{"embeddable":true,"href":"https:\/\/www.cm-evora.pt\/en\/wp-json\/wp\/v2\/media\/24816"}],"wp:attachment":[{"href":"https:\/\/www.cm-evora.pt\/en\/wp-json\/wp\/v2\/media?parent=24809"}],"wp:term":[{"taxonomy":"category","embeddable":true,"href":"https:\/\/www.cm-evora.pt\/en\/wp-json\/wp\/v2\/categories?post=24809"},{"taxonomy":"post_tag","embeddable":true,"href":"https:\/\/www.cm-evora.pt\/en\/wp-json\/wp\/v2\/tags?post=24809"}],"curies":[{"name":"wp","href":"https:\/\/api.w.org\/{rel}","templated":true}]}}