{"id":24895,"date":"2021-07-19T16:12:45","date_gmt":"2021-07-19T15:12:45","guid":{"rendered":"https:\/\/www.cm-evora.pt\/?p=24895"},"modified":"2021-07-19T16:13:39","modified_gmt":"2021-07-19T15:13:39","slug":"portadores-de-arte-geram-dinamicas-artisticas-em-conjunto-com-os-eborenses","status":"publish","type":"post","link":"https:\/\/www.cm-evora.pt\/en\/portadores-de-arte-geram-dinamicas-artisticas-em-conjunto-com-os-eborenses\/","title":{"rendered":"(Portugu\u00eas) Portadores de Arte geram din\u00e2micas art\u00edsticas em conjunto com os eborenses"},"content":{"rendered":"<p class=\"qtranxs-available-languages-message qtranxs-available-languages-message-en\">Sorry, this entry is only available in <a href=\"https:\/\/www.cm-evora.pt\/pt\/wp-json\/wp\/v2\/posts\/24895\" class=\"qtranxs-available-language-link qtranxs-available-language-link-pt\" title=\"Portugu\u00eas\">Portugu\u00eas<\/a>.<\/p><p>23 portadores de arte de diversas \u00e1reas criativas e art\u00edsticas v\u00e3o este Ver\u00e3o \u00e0s freguesias eborenses recolher hist\u00f3rias, mem\u00f3rias e saberes junto da comunidade, nomeadamente dos seniores, ouvindo, convivendo e estimulando posteriormente a cria\u00e7\u00e3o de trabalhos art\u00edsticos pelos pr\u00f3prios habitantes do Concelho. Muitas destas pessoas, pela primeira vez na vida, encontram aqui quem d\u00ea valor ao seu potencial art\u00edstico e mostram que t\u00eam talentos nunca antes aproveitados que agora podem finalmente expressar.<\/p>\n<p>&nbsp;<\/p>\n<p>Partindo da arte como forma de descoberta da identidade, do territ\u00f3rio e de descentraliza\u00e7\u00e3o cultural, sete equipas desenvolvem deste modo o \u201cPortadores de Arte \u2013 Projecto de media\u00e7\u00e3o art\u00edstica e de comunidade\u201d simultaneamente em seis freguesias &#8211; Bacelo e Senhora da Sa\u00fade, Canaviais, Nossa Senhora da Gra\u00e7a do Divor, S\u00e3o Sebasti\u00e3o da Giesteira e Boa-F\u00e9, Nossa Senhora da Tourega e Nossa Senhora de Guadalupe e S\u00e3o Miguel de Machede.<\/p>\n<p>&nbsp;<\/p>\n<p>Trata-se de uma iniciativa da Capote \u2013 Associa\u00e7\u00e3o Cultural em co-organiza\u00e7\u00e3o com a C\u00e2mara Municipal de \u00c9vora, que arrancou com a Bolsa de Media\u00e7\u00e3o Art\u00edstica em Mar\u00e7o de 2021, inserida no programa de media\u00e7\u00e3o cultural do munic\u00edpio.<\/p>\n<p>&nbsp;<\/p>\n<p>Visa promover a participa\u00e7\u00e3o e o acesso \u00e0 arte de forma equitativa, inclusiva e regular atrav\u00e9s da pr\u00e1tica art\u00edstica e cultural, numa abordagem criativa e colaborativa, contribuindo para a descentraliza\u00e7\u00e3o, interc\u00e2mbio cultural, revitaliza\u00e7\u00e3o do territ\u00f3rio e bem-estar das pessoas.<\/p>\n<p>&nbsp;<\/p>\n<p>Atrav\u00e9s de oficinas criativas e din\u00e2micas art\u00edsticas participativas regulares, envolvendo activamente as comunidades, est\u00e3o a ser desenvolvidos projectos onde s\u00e3o explorados e cruzados diversos temas do contexto art\u00edstico, cultural, social e ambiental atrav\u00e9s do teatro, dan\u00e7a, m\u00fasica, artes visuais, of\u00edcios, saberes e tradi\u00e7\u00f5es. Transversalmente existe uma equipa a fazer o registo fotogr\u00e1fico, sonoro e audiovisual do projecto contribuindo para a preserva\u00e7\u00e3o do patrim\u00f3nio cultural imaterial.<\/p>\n<p>&nbsp;<\/p>\n<p>Nesta perspectiva, est\u00e1-se a criar uma nova e mais estreita rela\u00e7\u00e3o entre a comunidade art\u00edstica, territ\u00f3rio, pessoas e entidades das diferentes freguesias do Concelho de \u00c9vora, com uma vis\u00e3o colectiva de futuro e de continuidade. Pode conhecer mais sobre este projecto em:<\/p>\n<ul>\n<li><a href=\"http:\/\/www.facebook.com\/portadoresdearte\" target=\"_blank\" rel=\"noopener\">www.facebook.com\/portadoresdearte<\/a><\/li>\n<li><a href=\"http:\/\/www.instagram.com\/portadoresdearte\" target=\"_blank\" rel=\"noopener\">www.instagram.com\/portadoresdearte<\/a><\/li>\n<li><a href=\"http:\/\/www.youtube.com\/watch?v=pQQv8dpJvqw\" target=\"_blank\" rel=\"noopener\">www.youtube.com\/watch?v=pQQv8dpJvqw<\/a><\/li>\n<\/ul>\n<p>assim como em <a href=\"http:\/\/www.facebook.com\/capotemusica\" target=\"_blank\" rel=\"noopener\">www.facebook.com\/capotemusica<\/a> e <a href=\"https:\/\/www.cm-evora.pt\/\" target=\"_blank\" rel=\"noopener\">https:\/\/www.cm-evora.pt\/<\/a><\/p>\n<p>&nbsp;<\/p>\n<p>\n\t\t<style type=\"text\/css\">\n\t\t\t#gallery-1 {\n\t\t\t\tmargin: auto;\n\t\t\t}\n\t\t\t#gallery-1 .gallery-item {\n\t\t\t\tfloat: left;\n\t\t\t\tmargin-top: 10px;\n\t\t\t\ttext-align: center;\n\t\t\t\twidth: 25%;\n\t\t\t}\n\t\t\t#gallery-1 img {\n\t\t\t\tborder: 2px solid #cfcfcf;\n\t\t\t}\n\t\t\t#gallery-1 .gallery-caption {\n\t\t\t\tmargin-left: 0;\n\t\t\t}\n\t\t\t\/* see gallery_shortcode() in wp-includes\/media.php *\/\n\t\t<\/style>\n\t\t<div id='gallery-1' class='gallery galleryid-24895 gallery-columns-4 gallery-size-full'><dl class='gallery-item'>\n\t\t\t<dt class='gallery-icon landscape'>\n\t\t\t\t<a href='https:\/\/www.cm-evora.pt\/wp-content\/uploads\/2021\/07\/PA.jpg'><img loading=\"lazy\" decoding=\"async\" width=\"1920\" height=\"1299\" src=\"https:\/\/www.cm-evora.pt\/wp-content\/uploads\/2021\/07\/PA.jpg\" class=\"attachment-full size-full\" alt=\"\" srcset=\"https:\/\/www.cm-evora.pt\/wp-content\/uploads\/2021\/07\/PA.jpg 1920w, https:\/\/www.cm-evora.pt\/wp-content\/uploads\/2021\/07\/PA-300x203.jpg 300w, https:\/\/www.cm-evora.pt\/wp-content\/uploads\/2021\/07\/PA-1024x693.jpg 1024w, https:\/\/www.cm-evora.pt\/wp-content\/uploads\/2021\/07\/PA-768x520.jpg 768w, https:\/\/www.cm-evora.pt\/wp-content\/uploads\/2021\/07\/PA-1536x1039.jpg 1536w, https:\/\/www.cm-evora.pt\/wp-content\/uploads\/2021\/07\/PA-1320x893.jpg 1320w\" sizes=\"auto, (max-width: 1920px) 100vw, 1920px\" \/><\/a>\n\t\t\t<\/dt><\/dl><dl class='gallery-item'>\n\t\t\t<dt class='gallery-icon landscape'>\n\t\t\t\t<a href='https:\/\/www.cm-evora.pt\/wp-content\/uploads\/2021\/07\/PA1.jpg'><img loading=\"lazy\" decoding=\"async\" width=\"1920\" height=\"1280\" src=\"https:\/\/www.cm-evora.pt\/wp-content\/uploads\/2021\/07\/PA1.jpg\" class=\"attachment-full size-full\" alt=\"\" srcset=\"https:\/\/www.cm-evora.pt\/wp-content\/uploads\/2021\/07\/PA1.jpg 1920w, https:\/\/www.cm-evora.pt\/wp-content\/uploads\/2021\/07\/PA1-300x200.jpg 300w, https:\/\/www.cm-evora.pt\/wp-content\/uploads\/2021\/07\/PA1-1024x683.jpg 1024w, https:\/\/www.cm-evora.pt\/wp-content\/uploads\/2021\/07\/PA1-768x512.jpg 768w, https:\/\/www.cm-evora.pt\/wp-content\/uploads\/2021\/07\/PA1-1536x1024.jpg 1536w, https:\/\/www.cm-evora.pt\/wp-content\/uploads\/2021\/07\/PA1-1320x880.jpg 1320w\" sizes=\"auto, (max-width: 1920px) 100vw, 1920px\" \/><\/a>\n\t\t\t<\/dt><\/dl><dl class='gallery-item'>\n\t\t\t<dt class='gallery-icon landscape'>\n\t\t\t\t<a href='https:\/\/www.cm-evora.pt\/wp-content\/uploads\/2021\/07\/PA2.jpg'><img loading=\"lazy\" decoding=\"async\" width=\"1920\" height=\"1280\" src=\"https:\/\/www.cm-evora.pt\/wp-content\/uploads\/2021\/07\/PA2.jpg\" class=\"attachment-full size-full\" alt=\"\" srcset=\"https:\/\/www.cm-evora.pt\/wp-content\/uploads\/2021\/07\/PA2.jpg 1920w, https:\/\/www.cm-evora.pt\/wp-content\/uploads\/2021\/07\/PA2-300x200.jpg 300w, https:\/\/www.cm-evora.pt\/wp-content\/uploads\/2021\/07\/PA2-1024x683.jpg 1024w, https:\/\/www.cm-evora.pt\/wp-content\/uploads\/2021\/07\/PA2-768x512.jpg 768w, https:\/\/www.cm-evora.pt\/wp-content\/uploads\/2021\/07\/PA2-1536x1024.jpg 1536w, https:\/\/www.cm-evora.pt\/wp-content\/uploads\/2021\/07\/PA2-1320x880.jpg 1320w\" sizes=\"auto, (max-width: 1920px) 100vw, 1920px\" \/><\/a>\n\t\t\t<\/dt><\/dl><dl class='gallery-item'>\n\t\t\t<dt class='gallery-icon landscape'>\n\t\t\t\t<a href='https:\/\/www.cm-evora.pt\/wp-content\/uploads\/2021\/07\/PA3.jpg'><img loading=\"lazy\" decoding=\"async\" width=\"1920\" height=\"1445\" src=\"https:\/\/www.cm-evora.pt\/wp-content\/uploads\/2021\/07\/PA3.jpg\" class=\"attachment-full size-full\" alt=\"\" srcset=\"https:\/\/www.cm-evora.pt\/wp-content\/uploads\/2021\/07\/PA3.jpg 1920w, https:\/\/www.cm-evora.pt\/wp-content\/uploads\/2021\/07\/PA3-300x226.jpg 300w, https:\/\/www.cm-evora.pt\/wp-content\/uploads\/2021\/07\/PA3-1024x771.jpg 1024w, https:\/\/www.cm-evora.pt\/wp-content\/uploads\/2021\/07\/PA3-768x578.jpg 768w, https:\/\/www.cm-evora.pt\/wp-content\/uploads\/2021\/07\/PA3-1536x1156.jpg 1536w, https:\/\/www.cm-evora.pt\/wp-content\/uploads\/2021\/07\/PA3-1320x993.jpg 1320w\" sizes=\"auto, (max-width: 1920px) 100vw, 1920px\" \/><\/a>\n\t\t\t<\/dt><\/dl><br style=\"clear: both\" \/><dl class='gallery-item'>\n\t\t\t<dt class='gallery-icon portrait'>\n\t\t\t\t<a href='https:\/\/www.cm-evora.pt\/wp-content\/uploads\/2021\/07\/PA4.jpg'><img loading=\"lazy\" decoding=\"async\" width=\"1336\" height=\"1920\" src=\"https:\/\/www.cm-evora.pt\/wp-content\/uploads\/2021\/07\/PA4.jpg\" class=\"attachment-full size-full\" alt=\"\" srcset=\"https:\/\/www.cm-evora.pt\/wp-content\/uploads\/2021\/07\/PA4.jpg 1336w, https:\/\/www.cm-evora.pt\/wp-content\/uploads\/2021\/07\/PA4-209x300.jpg 209w, https:\/\/www.cm-evora.pt\/wp-content\/uploads\/2021\/07\/PA4-713x1024.jpg 713w, https:\/\/www.cm-evora.pt\/wp-content\/uploads\/2021\/07\/PA4-768x1104.jpg 768w, https:\/\/www.cm-evora.pt\/wp-content\/uploads\/2021\/07\/PA4-1069x1536.jpg 1069w, https:\/\/www.cm-evora.pt\/wp-content\/uploads\/2021\/07\/PA4-1320x1897.jpg 1320w\" sizes=\"auto, (max-width: 1336px) 100vw, 1336px\" \/><\/a>\n\t\t\t<\/dt><\/dl><dl class='gallery-item'>\n\t\t\t<dt class='gallery-icon landscape'>\n\t\t\t\t<a href='https:\/\/www.cm-evora.pt\/wp-content\/uploads\/2021\/07\/PA5.jpg'><img loading=\"lazy\" decoding=\"async\" width=\"1920\" height=\"1280\" src=\"https:\/\/www.cm-evora.pt\/wp-content\/uploads\/2021\/07\/PA5.jpg\" class=\"attachment-full size-full\" alt=\"\" srcset=\"https:\/\/www.cm-evora.pt\/wp-content\/uploads\/2021\/07\/PA5.jpg 1920w, https:\/\/www.cm-evora.pt\/wp-content\/uploads\/2021\/07\/PA5-300x200.jpg 300w, https:\/\/www.cm-evora.pt\/wp-content\/uploads\/2021\/07\/PA5-1024x683.jpg 1024w, https:\/\/www.cm-evora.pt\/wp-content\/uploads\/2021\/07\/PA5-768x512.jpg 768w, https:\/\/www.cm-evora.pt\/wp-content\/uploads\/2021\/07\/PA5-1536x1024.jpg 1536w, https:\/\/www.cm-evora.pt\/wp-content\/uploads\/2021\/07\/PA5-1320x880.jpg 1320w\" sizes=\"auto, (max-width: 1920px) 100vw, 1920px\" \/><\/a>\n\t\t\t<\/dt><\/dl><dl class='gallery-item'>\n\t\t\t<dt class='gallery-icon landscape'>\n\t\t\t\t<a href='https:\/\/www.cm-evora.pt\/wp-content\/uploads\/2021\/07\/PA5a.jpg'><img loading=\"lazy\" decoding=\"async\" width=\"1920\" height=\"1280\" src=\"https:\/\/www.cm-evora.pt\/wp-content\/uploads\/2021\/07\/PA5a.jpg\" class=\"attachment-full size-full\" alt=\"\" srcset=\"https:\/\/www.cm-evora.pt\/wp-content\/uploads\/2021\/07\/PA5a.jpg 1920w, https:\/\/www.cm-evora.pt\/wp-content\/uploads\/2021\/07\/PA5a-300x200.jpg 300w, https:\/\/www.cm-evora.pt\/wp-content\/uploads\/2021\/07\/PA5a-1024x683.jpg 1024w, https:\/\/www.cm-evora.pt\/wp-content\/uploads\/2021\/07\/PA5a-768x512.jpg 768w, https:\/\/www.cm-evora.pt\/wp-content\/uploads\/2021\/07\/PA5a-1536x1024.jpg 1536w, https:\/\/www.cm-evora.pt\/wp-content\/uploads\/2021\/07\/PA5a-1320x880.jpg 1320w\" sizes=\"auto, (max-width: 1920px) 100vw, 1920px\" \/><\/a>\n\t\t\t<\/dt><\/dl><dl class='gallery-item'>\n\t\t\t<dt class='gallery-icon landscape'>\n\t\t\t\t<a href='https:\/\/www.cm-evora.pt\/wp-content\/uploads\/2021\/07\/PA6.jpg'><img loading=\"lazy\" decoding=\"async\" width=\"1920\" height=\"1280\" src=\"https:\/\/www.cm-evora.pt\/wp-content\/uploads\/2021\/07\/PA6.jpg\" class=\"attachment-full size-full\" alt=\"\" srcset=\"https:\/\/www.cm-evora.pt\/wp-content\/uploads\/2021\/07\/PA6.jpg 1920w, https:\/\/www.cm-evora.pt\/wp-content\/uploads\/2021\/07\/PA6-300x200.jpg 300w, https:\/\/www.cm-evora.pt\/wp-content\/uploads\/2021\/07\/PA6-1024x683.jpg 1024w, https:\/\/www.cm-evora.pt\/wp-content\/uploads\/2021\/07\/PA6-768x512.jpg 768w, https:\/\/www.cm-evora.pt\/wp-content\/uploads\/2021\/07\/PA6-1536x1024.jpg 1536w, https:\/\/www.cm-evora.pt\/wp-content\/uploads\/2021\/07\/PA6-1320x880.jpg 1320w\" sizes=\"auto, (max-width: 1920px) 100vw, 1920px\" \/><\/a>\n\t\t\t<\/dt><\/dl><br style=\"clear: both\" \/><dl class='gallery-item'>\n\t\t\t<dt class='gallery-icon landscape'>\n\t\t\t\t<a href='https:\/\/www.cm-evora.pt\/wp-content\/uploads\/2021\/07\/PA7.jpg'><img loading=\"lazy\" decoding=\"async\" width=\"1920\" height=\"1280\" src=\"https:\/\/www.cm-evora.pt\/wp-content\/uploads\/2021\/07\/PA7.jpg\" class=\"attachment-full size-full\" alt=\"\" srcset=\"https:\/\/www.cm-evora.pt\/wp-content\/uploads\/2021\/07\/PA7.jpg 1920w, https:\/\/www.cm-evora.pt\/wp-content\/uploads\/2021\/07\/PA7-300x200.jpg 300w, https:\/\/www.cm-evora.pt\/wp-content\/uploads\/2021\/07\/PA7-1024x683.jpg 1024w, https:\/\/www.cm-evora.pt\/wp-content\/uploads\/2021\/07\/PA7-768x512.jpg 768w, https:\/\/www.cm-evora.pt\/wp-content\/uploads\/2021\/07\/PA7-1536x1024.jpg 1536w, https:\/\/www.cm-evora.pt\/wp-content\/uploads\/2021\/07\/PA7-1320x880.jpg 1320w\" sizes=\"auto, (max-width: 1920px) 100vw, 1920px\" \/><\/a>\n\t\t\t<\/dt><\/dl><dl class='gallery-item'>\n\t\t\t<dt class='gallery-icon landscape'>\n\t\t\t\t<a href='https:\/\/www.cm-evora.pt\/wp-content\/uploads\/2021\/07\/PA8.jpg'><img loading=\"lazy\" decoding=\"async\" width=\"1920\" height=\"1280\" src=\"https:\/\/www.cm-evora.pt\/wp-content\/uploads\/2021\/07\/PA8.jpg\" class=\"attachment-full size-full\" alt=\"\" srcset=\"https:\/\/www.cm-evora.pt\/wp-content\/uploads\/2021\/07\/PA8.jpg 1920w, https:\/\/www.cm-evora.pt\/wp-content\/uploads\/2021\/07\/PA8-300x200.jpg 300w, https:\/\/www.cm-evora.pt\/wp-content\/uploads\/2021\/07\/PA8-1024x683.jpg 1024w, https:\/\/www.cm-evora.pt\/wp-content\/uploads\/2021\/07\/PA8-768x512.jpg 768w, https:\/\/www.cm-evora.pt\/wp-content\/uploads\/2021\/07\/PA8-1536x1024.jpg 1536w, https:\/\/www.cm-evora.pt\/wp-content\/uploads\/2021\/07\/PA8-1320x880.jpg 1320w\" sizes=\"auto, (max-width: 1920px) 100vw, 1920px\" \/><\/a>\n\t\t\t<\/dt><\/dl><dl class='gallery-item'>\n\t\t\t<dt class='gallery-icon landscape'>\n\t\t\t\t<a href='https:\/\/www.cm-evora.pt\/wp-content\/uploads\/2021\/07\/PA9.jpg'><img loading=\"lazy\" decoding=\"async\" width=\"1920\" height=\"1407\" src=\"https:\/\/www.cm-evora.pt\/wp-content\/uploads\/2021\/07\/PA9.jpg\" class=\"attachment-full size-full\" alt=\"\" srcset=\"https:\/\/www.cm-evora.pt\/wp-content\/uploads\/2021\/07\/PA9.jpg 1920w, https:\/\/www.cm-evora.pt\/wp-content\/uploads\/2021\/07\/PA9-300x220.jpg 300w, https:\/\/www.cm-evora.pt\/wp-content\/uploads\/2021\/07\/PA9-1024x750.jpg 1024w, https:\/\/www.cm-evora.pt\/wp-content\/uploads\/2021\/07\/PA9-768x563.jpg 768w, https:\/\/www.cm-evora.pt\/wp-content\/uploads\/2021\/07\/PA9-1536x1126.jpg 1536w, https:\/\/www.cm-evora.pt\/wp-content\/uploads\/2021\/07\/PA9-1320x967.jpg 1320w\" sizes=\"auto, (max-width: 1920px) 100vw, 1920px\" \/><\/a>\n\t\t\t<\/dt><\/dl><dl class='gallery-item'>\n\t\t\t<dt class='gallery-icon portrait'>\n\t\t\t\t<a href='https:\/\/www.cm-evora.pt\/wp-content\/uploads\/2021\/07\/PA10.jpg'><img loading=\"lazy\" decoding=\"async\" width=\"1447\" height=\"1920\" src=\"https:\/\/www.cm-evora.pt\/wp-content\/uploads\/2021\/07\/PA10.jpg\" class=\"attachment-full size-full\" alt=\"\" srcset=\"https:\/\/www.cm-evora.pt\/wp-content\/uploads\/2021\/07\/PA10.jpg 1447w, https:\/\/www.cm-evora.pt\/wp-content\/uploads\/2021\/07\/PA10-226x300.jpg 226w, https:\/\/www.cm-evora.pt\/wp-content\/uploads\/2021\/07\/PA10-772x1024.jpg 772w, https:\/\/www.cm-evora.pt\/wp-content\/uploads\/2021\/07\/PA10-768x1019.jpg 768w, https:\/\/www.cm-evora.pt\/wp-content\/uploads\/2021\/07\/PA10-1158x1536.jpg 1158w, https:\/\/www.cm-evora.pt\/wp-content\/uploads\/2021\/07\/PA10-1320x1751.jpg 1320w\" sizes=\"auto, (max-width: 1447px) 100vw, 1447px\" \/><\/a>\n\t\t\t<\/dt><\/dl><br style=\"clear: both\" \/><dl class='gallery-item'>\n\t\t\t<dt class='gallery-icon landscape'>\n\t\t\t\t<a href='https:\/\/www.cm-evora.pt\/wp-content\/uploads\/2021\/07\/PA11.jpg'><img loading=\"lazy\" decoding=\"async\" width=\"1920\" height=\"1280\" src=\"https:\/\/www.cm-evora.pt\/wp-content\/uploads\/2021\/07\/PA11.jpg\" class=\"attachment-full size-full\" alt=\"\" srcset=\"https:\/\/www.cm-evora.pt\/wp-content\/uploads\/2021\/07\/PA11.jpg 1920w, https:\/\/www.cm-evora.pt\/wp-content\/uploads\/2021\/07\/PA11-300x200.jpg 300w, https:\/\/www.cm-evora.pt\/wp-content\/uploads\/2021\/07\/PA11-1024x683.jpg 1024w, https:\/\/www.cm-evora.pt\/wp-content\/uploads\/2021\/07\/PA11-768x512.jpg 768w, https:\/\/www.cm-evora.pt\/wp-content\/uploads\/2021\/07\/PA11-1536x1024.jpg 1536w, https:\/\/www.cm-evora.pt\/wp-content\/uploads\/2021\/07\/PA11-1320x880.jpg 1320w\" sizes=\"auto, (max-width: 1920px) 100vw, 1920px\" \/><\/a>\n\t\t\t<\/dt><\/dl><dl class='gallery-item'>\n\t\t\t<dt class='gallery-icon portrait'>\n\t\t\t\t<a href='https:\/\/www.cm-evora.pt\/wp-content\/uploads\/2021\/07\/PA12.jpg'><img loading=\"lazy\" decoding=\"async\" width=\"1218\" height=\"1920\" src=\"https:\/\/www.cm-evora.pt\/wp-content\/uploads\/2021\/07\/PA12.jpg\" class=\"attachment-full size-full\" alt=\"\" srcset=\"https:\/\/www.cm-evora.pt\/wp-content\/uploads\/2021\/07\/PA12.jpg 1218w, https:\/\/www.cm-evora.pt\/wp-content\/uploads\/2021\/07\/PA12-190x300.jpg 190w, https:\/\/www.cm-evora.pt\/wp-content\/uploads\/2021\/07\/PA12-650x1024.jpg 650w, https:\/\/www.cm-evora.pt\/wp-content\/uploads\/2021\/07\/PA12-768x1211.jpg 768w, https:\/\/www.cm-evora.pt\/wp-content\/uploads\/2021\/07\/PA12-974x1536.jpg 974w\" sizes=\"auto, (max-width: 1218px) 100vw, 1218px\" \/><\/a>\n\t\t\t<\/dt><\/dl><dl class='gallery-item'>\n\t\t\t<dt class='gallery-icon portrait'>\n\t\t\t\t<a href='https:\/\/www.cm-evora.pt\/wp-content\/uploads\/2021\/07\/PA13.jpg'><img loading=\"lazy\" decoding=\"async\" width=\"1280\" height=\"1920\" src=\"https:\/\/www.cm-evora.pt\/wp-content\/uploads\/2021\/07\/PA13.jpg\" class=\"attachment-full size-full\" alt=\"\" srcset=\"https:\/\/www.cm-evora.pt\/wp-content\/uploads\/2021\/07\/PA13.jpg 1280w, https:\/\/www.cm-evora.pt\/wp-content\/uploads\/2021\/07\/PA13-200x300.jpg 200w, https:\/\/www.cm-evora.pt\/wp-content\/uploads\/2021\/07\/PA13-683x1024.jpg 683w, https:\/\/www.cm-evora.pt\/wp-content\/uploads\/2021\/07\/PA13-768x1152.jpg 768w, https:\/\/www.cm-evora.pt\/wp-content\/uploads\/2021\/07\/PA13-1024x1536.jpg 1024w\" sizes=\"auto, (max-width: 1280px) 100vw, 1280px\" \/><\/a>\n\t\t\t<\/dt><\/dl><dl class='gallery-item'>\n\t\t\t<dt class='gallery-icon landscape'>\n\t\t\t\t<a href='https:\/\/www.cm-evora.pt\/wp-content\/uploads\/2021\/07\/PA14.jpg'><img loading=\"lazy\" decoding=\"async\" width=\"1920\" height=\"1280\" src=\"https:\/\/www.cm-evora.pt\/wp-content\/uploads\/2021\/07\/PA14.jpg\" class=\"attachment-full size-full\" alt=\"\" srcset=\"https:\/\/www.cm-evora.pt\/wp-content\/uploads\/2021\/07\/PA14.jpg 1920w, https:\/\/www.cm-evora.pt\/wp-content\/uploads\/2021\/07\/PA14-300x200.jpg 300w, https:\/\/www.cm-evora.pt\/wp-content\/uploads\/2021\/07\/PA14-1024x683.jpg 1024w, https:\/\/www.cm-evora.pt\/wp-content\/uploads\/2021\/07\/PA14-768x512.jpg 768w, https:\/\/www.cm-evora.pt\/wp-content\/uploads\/2021\/07\/PA14-1536x1024.jpg 1536w, https:\/\/www.cm-evora.pt\/wp-content\/uploads\/2021\/07\/PA14-1320x880.jpg 1320w\" sizes=\"auto, (max-width: 1920px) 100vw, 1920px\" \/><\/a>\n\t\t\t<\/dt><\/dl><br style=\"clear: both\" \/><dl class='gallery-item'>\n\t\t\t<dt class='gallery-icon landscape'>\n\t\t\t\t<a href='https:\/\/www.cm-evora.pt\/wp-content\/uploads\/2021\/07\/PA15.jpg'><img loading=\"lazy\" decoding=\"async\" width=\"1920\" height=\"1832\" src=\"https:\/\/www.cm-evora.pt\/wp-content\/uploads\/2021\/07\/PA15.jpg\" class=\"attachment-full size-full\" alt=\"\" srcset=\"https:\/\/www.cm-evora.pt\/wp-content\/uploads\/2021\/07\/PA15.jpg 1920w, https:\/\/www.cm-evora.pt\/wp-content\/uploads\/2021\/07\/PA15-300x286.jpg 300w, https:\/\/www.cm-evora.pt\/wp-content\/uploads\/2021\/07\/PA15-1024x977.jpg 1024w, https:\/\/www.cm-evora.pt\/wp-content\/uploads\/2021\/07\/PA15-768x733.jpg 768w, https:\/\/www.cm-evora.pt\/wp-content\/uploads\/2021\/07\/PA15-1536x1466.jpg 1536w, https:\/\/www.cm-evora.pt\/wp-content\/uploads\/2021\/07\/PA15-1320x1260.jpg 1320w\" sizes=\"auto, (max-width: 1920px) 100vw, 1920px\" \/><\/a>\n\t\t\t<\/dt><\/dl><dl class='gallery-item'>\n\t\t\t<dt class='gallery-icon landscape'>\n\t\t\t\t<a href='https:\/\/www.cm-evora.pt\/wp-content\/uploads\/2021\/07\/PAAMBacelo1.jpg'><img loading=\"lazy\" decoding=\"async\" width=\"1920\" height=\"1280\" src=\"https:\/\/www.cm-evora.pt\/wp-content\/uploads\/2021\/07\/PAAMBacelo1.jpg\" class=\"attachment-full size-full\" alt=\"\" srcset=\"https:\/\/www.cm-evora.pt\/wp-content\/uploads\/2021\/07\/PAAMBacelo1.jpg 1920w, https:\/\/www.cm-evora.pt\/wp-content\/uploads\/2021\/07\/PAAMBacelo1-300x200.jpg 300w, https:\/\/www.cm-evora.pt\/wp-content\/uploads\/2021\/07\/PAAMBacelo1-1024x683.jpg 1024w, https:\/\/www.cm-evora.pt\/wp-content\/uploads\/2021\/07\/PAAMBacelo1-768x512.jpg 768w, https:\/\/www.cm-evora.pt\/wp-content\/uploads\/2021\/07\/PAAMBacelo1-1536x1024.jpg 1536w, https:\/\/www.cm-evora.pt\/wp-content\/uploads\/2021\/07\/PAAMBacelo1-1320x880.jpg 1320w\" sizes=\"auto, (max-width: 1920px) 100vw, 1920px\" \/><\/a>\n\t\t\t<\/dt><\/dl><dl class='gallery-item'>\n\t\t\t<dt class='gallery-icon landscape'>\n\t\t\t\t<a href='https:\/\/www.cm-evora.pt\/wp-content\/uploads\/2021\/07\/PAAMBacelo3.jpg'><img loading=\"lazy\" decoding=\"async\" width=\"1920\" height=\"1280\" src=\"https:\/\/www.cm-evora.pt\/wp-content\/uploads\/2021\/07\/PAAMBacelo3.jpg\" class=\"attachment-full size-full\" alt=\"\" srcset=\"https:\/\/www.cm-evora.pt\/wp-content\/uploads\/2021\/07\/PAAMBacelo3.jpg 1920w, https:\/\/www.cm-evora.pt\/wp-content\/uploads\/2021\/07\/PAAMBacelo3-300x200.jpg 300w, https:\/\/www.cm-evora.pt\/wp-content\/uploads\/2021\/07\/PAAMBacelo3-1024x683.jpg 1024w, https:\/\/www.cm-evora.pt\/wp-content\/uploads\/2021\/07\/PAAMBacelo3-768x512.jpg 768w, https:\/\/www.cm-evora.pt\/wp-content\/uploads\/2021\/07\/PAAMBacelo3-1536x1024.jpg 1536w, https:\/\/www.cm-evora.pt\/wp-content\/uploads\/2021\/07\/PAAMBacelo3-1320x880.jpg 1320w\" sizes=\"auto, (max-width: 1920px) 100vw, 1920px\" \/><\/a>\n\t\t\t<\/dt><\/dl><dl class='gallery-item'>\n\t\t\t<dt class='gallery-icon landscape'>\n\t\t\t\t<a href='https:\/\/www.cm-evora.pt\/wp-content\/uploads\/2021\/07\/PASAMBacelo2.jpg'><img loading=\"lazy\" decoding=\"async\" width=\"1920\" height=\"1280\" src=\"https:\/\/www.cm-evora.pt\/wp-content\/uploads\/2021\/07\/PASAMBacelo2.jpg\" class=\"attachment-full size-full\" alt=\"\" srcset=\"https:\/\/www.cm-evora.pt\/wp-content\/uploads\/2021\/07\/PASAMBacelo2.jpg 1920w, https:\/\/www.cm-evora.pt\/wp-content\/uploads\/2021\/07\/PASAMBacelo2-300x200.jpg 300w, https:\/\/www.cm-evora.pt\/wp-content\/uploads\/2021\/07\/PASAMBacelo2-1024x683.jpg 1024w, https:\/\/www.cm-evora.pt\/wp-content\/uploads\/2021\/07\/PASAMBacelo2-768x512.jpg 768w, https:\/\/www.cm-evora.pt\/wp-content\/uploads\/2021\/07\/PASAMBacelo2-1536x1024.jpg 1536w, https:\/\/www.cm-evora.pt\/wp-content\/uploads\/2021\/07\/PASAMBacelo2-1320x880.jpg 1320w\" sizes=\"auto, (max-width: 1920px) 100vw, 1920px\" \/><\/a>\n\t\t\t<\/dt><\/dl><br style=\"clear: both\" \/><dl class='gallery-item'>\n\t\t\t<dt class='gallery-icon landscape'>\n\t\t\t\t<a href='https:\/\/www.cm-evora.pt\/wp-content\/uploads\/2021\/07\/PASMM1.jpg'><img loading=\"lazy\" decoding=\"async\" width=\"1920\" height=\"1090\" src=\"https:\/\/www.cm-evora.pt\/wp-content\/uploads\/2021\/07\/PASMM1.jpg\" class=\"attachment-full size-full\" alt=\"\" srcset=\"https:\/\/www.cm-evora.pt\/wp-content\/uploads\/2021\/07\/PASMM1.jpg 1920w, https:\/\/www.cm-evora.pt\/wp-content\/uploads\/2021\/07\/PASMM1-300x170.jpg 300w, https:\/\/www.cm-evora.pt\/wp-content\/uploads\/2021\/07\/PASMM1-1024x581.jpg 1024w, https:\/\/www.cm-evora.pt\/wp-content\/uploads\/2021\/07\/PASMM1-768x436.jpg 768w, https:\/\/www.cm-evora.pt\/wp-content\/uploads\/2021\/07\/PASMM1-1536x872.jpg 1536w, https:\/\/www.cm-evora.pt\/wp-content\/uploads\/2021\/07\/PASMM1-1320x749.jpg 1320w\" sizes=\"auto, (max-width: 1920px) 100vw, 1920px\" \/><\/a>\n\t\t\t<\/dt><\/dl><dl class='gallery-item'>\n\t\t\t<dt class='gallery-icon portrait'>\n\t\t\t\t<a href='https:\/\/www.cm-evora.pt\/wp-content\/uploads\/2021\/07\/PASMM2.jpg'><img loading=\"lazy\" decoding=\"async\" width=\"1280\" height=\"1920\" src=\"https:\/\/www.cm-evora.pt\/wp-content\/uploads\/2021\/07\/PASMM2.jpg\" class=\"attachment-full size-full\" alt=\"\" srcset=\"https:\/\/www.cm-evora.pt\/wp-content\/uploads\/2021\/07\/PASMM2.jpg 1280w, https:\/\/www.cm-evora.pt\/wp-content\/uploads\/2021\/07\/PASMM2-200x300.jpg 200w, https:\/\/www.cm-evora.pt\/wp-content\/uploads\/2021\/07\/PASMM2-683x1024.jpg 683w, https:\/\/www.cm-evora.pt\/wp-content\/uploads\/2021\/07\/PASMM2-768x1152.jpg 768w, https:\/\/www.cm-evora.pt\/wp-content\/uploads\/2021\/07\/PASMM2-1024x1536.jpg 1024w\" sizes=\"auto, (max-width: 1280px) 100vw, 1280px\" \/><\/a>\n\t\t\t<\/dt><\/dl><dl class='gallery-item'>\n\t\t\t<dt class='gallery-icon landscape'>\n\t\t\t\t<a href='https:\/\/www.cm-evora.pt\/wp-content\/uploads\/2021\/07\/PASMM3.jpg'><img loading=\"lazy\" decoding=\"async\" width=\"1920\" height=\"1280\" src=\"https:\/\/www.cm-evora.pt\/wp-content\/uploads\/2021\/07\/PASMM3.jpg\" class=\"attachment-full size-full\" alt=\"\" srcset=\"https:\/\/www.cm-evora.pt\/wp-content\/uploads\/2021\/07\/PASMM3.jpg 1920w, https:\/\/www.cm-evora.pt\/wp-content\/uploads\/2021\/07\/PASMM3-300x200.jpg 300w, https:\/\/www.cm-evora.pt\/wp-content\/uploads\/2021\/07\/PASMM3-1024x683.jpg 1024w, https:\/\/www.cm-evora.pt\/wp-content\/uploads\/2021\/07\/PASMM3-768x512.jpg 768w, https:\/\/www.cm-evora.pt\/wp-content\/uploads\/2021\/07\/PASMM3-1536x1024.jpg 1536w, https:\/\/www.cm-evora.pt\/wp-content\/uploads\/2021\/07\/PASMM3-1320x880.jpg 1320w\" sizes=\"auto, (max-width: 1920px) 100vw, 1920px\" \/><\/a>\n\t\t\t<\/dt><\/dl><dl class='gallery-item'>\n\t\t\t<dt class='gallery-icon landscape'>\n\t\t\t\t<a href='https:\/\/www.cm-evora.pt\/wp-content\/uploads\/2021\/07\/PASMM4.jpg'><img loading=\"lazy\" decoding=\"async\" width=\"1920\" height=\"1402\" src=\"https:\/\/www.cm-evora.pt\/wp-content\/uploads\/2021\/07\/PASMM4.jpg\" class=\"attachment-full size-full\" alt=\"\" srcset=\"https:\/\/www.cm-evora.pt\/wp-content\/uploads\/2021\/07\/PASMM4.jpg 1920w, https:\/\/www.cm-evora.pt\/wp-content\/uploads\/2021\/07\/PASMM4-300x219.jpg 300w, https:\/\/www.cm-evora.pt\/wp-content\/uploads\/2021\/07\/PASMM4-1024x748.jpg 1024w, https:\/\/www.cm-evora.pt\/wp-content\/uploads\/2021\/07\/PASMM4-768x561.jpg 768w, https:\/\/www.cm-evora.pt\/wp-content\/uploads\/2021\/07\/PASMM4-1536x1122.jpg 1536w, https:\/\/www.cm-evora.pt\/wp-content\/uploads\/2021\/07\/PASMM4-1320x964.jpg 1320w\" sizes=\"auto, (max-width: 1920px) 100vw, 1920px\" \/><\/a>\n\t\t\t<\/dt><\/dl><br style=\"clear: both\" \/><dl class='gallery-item'>\n\t\t\t<dt class='gallery-icon landscape'>\n\t\t\t\t<a href='https:\/\/www.cm-evora.pt\/wp-content\/uploads\/2021\/07\/PASMM5.jpg'><img loading=\"lazy\" decoding=\"async\" width=\"1920\" height=\"1241\" src=\"https:\/\/www.cm-evora.pt\/wp-content\/uploads\/2021\/07\/PASMM5.jpg\" class=\"attachment-full size-full\" alt=\"\" srcset=\"https:\/\/www.cm-evora.pt\/wp-content\/uploads\/2021\/07\/PASMM5.jpg 1920w, https:\/\/www.cm-evora.pt\/wp-content\/uploads\/2021\/07\/PASMM5-300x194.jpg 300w, https:\/\/www.cm-evora.pt\/wp-content\/uploads\/2021\/07\/PASMM5-1024x662.jpg 1024w, https:\/\/www.cm-evora.pt\/wp-content\/uploads\/2021\/07\/PASMM5-768x496.jpg 768w, https:\/\/www.cm-evora.pt\/wp-content\/uploads\/2021\/07\/PASMM5-1536x993.jpg 1536w, https:\/\/www.cm-evora.pt\/wp-content\/uploads\/2021\/07\/PASMM5-1320x853.jpg 1320w\" sizes=\"auto, (max-width: 1920px) 100vw, 1920px\" \/><\/a>\n\t\t\t<\/dt><\/dl><dl class='gallery-item'>\n\t\t\t<dt class='gallery-icon landscape'>\n\t\t\t\t<a href='https:\/\/www.cm-evora.pt\/wp-content\/uploads\/2021\/07\/PASMM6-1.jpg'><img loading=\"lazy\" decoding=\"async\" width=\"1920\" height=\"1080\" src=\"https:\/\/www.cm-evora.pt\/wp-content\/uploads\/2021\/07\/PASMM6-1.jpg\" class=\"attachment-full size-full\" alt=\"\" srcset=\"https:\/\/www.cm-evora.pt\/wp-content\/uploads\/2021\/07\/PASMM6-1.jpg 1920w, https:\/\/www.cm-evora.pt\/wp-content\/uploads\/2021\/07\/PASMM6-1-300x169.jpg 300w, https:\/\/www.cm-evora.pt\/wp-content\/uploads\/2021\/07\/PASMM6-1-1024x576.jpg 1024w, https:\/\/www.cm-evora.pt\/wp-content\/uploads\/2021\/07\/PASMM6-1-768x432.jpg 768w, https:\/\/www.cm-evora.pt\/wp-content\/uploads\/2021\/07\/PASMM6-1-1536x864.jpg 1536w, https:\/\/www.cm-evora.pt\/wp-content\/uploads\/2021\/07\/PASMM6-1-1320x743.jpg 1320w\" sizes=\"auto, (max-width: 1920px) 100vw, 1920px\" \/><\/a>\n\t\t\t<\/dt><\/dl><dl class='gallery-item'>\n\t\t\t<dt class='gallery-icon landscape'>\n\t\t\t\t<a href='https:\/\/www.cm-evora.pt\/wp-content\/uploads\/2021\/07\/PASMM7.jpg'><img loading=\"lazy\" decoding=\"async\" width=\"1920\" height=\"1280\" src=\"https:\/\/www.cm-evora.pt\/wp-content\/uploads\/2021\/07\/PASMM7.jpg\" class=\"attachment-full size-full\" alt=\"\" srcset=\"https:\/\/www.cm-evora.pt\/wp-content\/uploads\/2021\/07\/PASMM7.jpg 1920w, https:\/\/www.cm-evora.pt\/wp-content\/uploads\/2021\/07\/PASMM7-300x200.jpg 300w, https:\/\/www.cm-evora.pt\/wp-content\/uploads\/2021\/07\/PASMM7-1024x683.jpg 1024w, https:\/\/www.cm-evora.pt\/wp-content\/uploads\/2021\/07\/PASMM7-768x512.jpg 768w, https:\/\/www.cm-evora.pt\/wp-content\/uploads\/2021\/07\/PASMM7-1536x1024.jpg 1536w, https:\/\/www.cm-evora.pt\/wp-content\/uploads\/2021\/07\/PASMM7-1320x880.jpg 1320w\" sizes=\"auto, (max-width: 1920px) 100vw, 1920px\" \/><\/a>\n\t\t\t<\/dt><\/dl><dl class='gallery-item'>\n\t\t\t<dt class='gallery-icon portrait'>\n\t\t\t\t<a href='https:\/\/www.cm-evora.pt\/wp-content\/uploads\/2021\/07\/PASMM8.jpg'><img loading=\"lazy\" decoding=\"async\" width=\"1280\" height=\"1920\" src=\"https:\/\/www.cm-evora.pt\/wp-content\/uploads\/2021\/07\/PASMM8.jpg\" class=\"attachment-full size-full\" alt=\"\" srcset=\"https:\/\/www.cm-evora.pt\/wp-content\/uploads\/2021\/07\/PASMM8.jpg 1280w, https:\/\/www.cm-evora.pt\/wp-content\/uploads\/2021\/07\/PASMM8-200x300.jpg 200w, https:\/\/www.cm-evora.pt\/wp-content\/uploads\/2021\/07\/PASMM8-683x1024.jpg 683w, https:\/\/www.cm-evora.pt\/wp-content\/uploads\/2021\/07\/PASMM8-768x1152.jpg 768w, https:\/\/www.cm-evora.pt\/wp-content\/uploads\/2021\/07\/PASMM8-1024x1536.jpg 1024w\" sizes=\"auto, (max-width: 1280px) 100vw, 1280px\" \/><\/a>\n\t\t\t<\/dt><\/dl><br style=\"clear: both\" \/>\n\t\t<\/div>\n<\/p>","protected":false},"excerpt":{"rendered":"<p>Sorry, this entry is only available in Portugu\u00eas.23 portadores de arte de diversas \u00e1reas criativas e art\u00edsticas v\u00e3o este Ver\u00e3o \u00e0s freguesias eborenses recolher hist\u00f3rias, mem\u00f3rias e saberes junto da comunidade, nomeadamente dos seniores, ouvindo, convivendo e estimulando posteriormente a cria\u00e7\u00e3o de trabalhos art\u00edsticos pelos pr\u00f3prios habitantes do Concelho. Muitas destas pessoas, pela primeira vez [&hellip;]<\/p>\n","protected":false},"author":45,"featured_media":24896,"comment_status":"closed","ping_status":"closed","sticky":false,"template":"","format":"standard","meta":{"_acf_changed":false,"footnotes":""},"categories":[2110],"tags":[],"class_list":["post-24895","post","type-post","status-publish","format-standard","has-post-thumbnail","hentry","category-noticias"],"acf":{"imagens":"","destaq_image":24896,"titulo_docs_seccao":"","documentos":""},"_links":{"self":[{"href":"https:\/\/www.cm-evora.pt\/en\/wp-json\/wp\/v2\/posts\/24895","targetHints":{"allow":["GET"]}}],"collection":[{"href":"https:\/\/www.cm-evora.pt\/en\/wp-json\/wp\/v2\/posts"}],"about":[{"href":"https:\/\/www.cm-evora.pt\/en\/wp-json\/wp\/v2\/types\/post"}],"author":[{"embeddable":true,"href":"https:\/\/www.cm-evora.pt\/en\/wp-json\/wp\/v2\/users\/45"}],"replies":[{"embeddable":true,"href":"https:\/\/www.cm-evora.pt\/en\/wp-json\/wp\/v2\/comments?post=24895"}],"version-history":[{"count":2,"href":"https:\/\/www.cm-evora.pt\/en\/wp-json\/wp\/v2\/posts\/24895\/revisions"}],"predecessor-version":[{"id":24927,"href":"https:\/\/www.cm-evora.pt\/en\/wp-json\/wp\/v2\/posts\/24895\/revisions\/24927"}],"wp:featuredmedia":[{"embeddable":true,"href":"https:\/\/www.cm-evora.pt\/en\/wp-json\/wp\/v2\/media\/24896"}],"wp:attachment":[{"href":"https:\/\/www.cm-evora.pt\/en\/wp-json\/wp\/v2\/media?parent=24895"}],"wp:term":[{"taxonomy":"category","embeddable":true,"href":"https:\/\/www.cm-evora.pt\/en\/wp-json\/wp\/v2\/categories?post=24895"},{"taxonomy":"post_tag","embeddable":true,"href":"https:\/\/www.cm-evora.pt\/en\/wp-json\/wp\/v2\/tags?post=24895"}],"curies":[{"name":"wp","href":"https:\/\/api.w.org\/{rel}","templated":true}]}}