{"id":25289,"date":"2021-07-30T15:46:22","date_gmt":"2021-07-30T14:46:22","guid":{"rendered":"https:\/\/www.cm-evora.pt\/?p=25289"},"modified":"2021-08-26T15:58:01","modified_gmt":"2021-08-26T14:58:01","slug":"em-reuniao-publica-de-28-julho-de-2021-camara-municipal-de-evora-aprovou-plano-municipal-da-juventude","status":"publish","type":"post","link":"https:\/\/www.cm-evora.pt\/en\/em-reuniao-publica-de-28-julho-de-2021-camara-municipal-de-evora-aprovou-plano-municipal-da-juventude\/","title":{"rendered":"(Portugu\u00eas) Em reuni\u00e3o p\u00fablica de 28 Julho de 2021: C\u00e2mara Municipal de \u00c9vora aprovou Plano Municipal da Juventude"},"content":{"rendered":"<p class=\"qtranxs-available-languages-message qtranxs-available-languages-message-en\">Sorry, this entry is only available in <a href=\"https:\/\/www.cm-evora.pt\/pt\/wp-json\/wp\/v2\/posts\/25289\" class=\"qtranxs-available-language-link qtranxs-available-language-link-pt\" title=\"Portugu\u00eas\">Portugu\u00eas<\/a>.<\/p><p><strong>A C\u00e2mara Municipal de \u00c9vora aprovou por unanimidade o Plano Municipal da Juventude 2021\/2025. Trata-se de um documento estrat\u00e9gico que permite planear o desenvolvimento e implementa\u00e7\u00e3o das pol\u00edticas de caracter global e transversal, que respondem aos desafios colocados, facilitam recursos e servi\u00e7os que possibilitam aos jovens alcan\u00e7ar plena cidadania. <\/strong><\/p>\n<p>Este Plano teve por base a elabora\u00e7\u00e3o do Diagn\u00f3stico Juvenil do Concelho de \u00c9vora e consolidou-se com a abertura de diversos canais de participa\u00e7\u00e3o juvenil, os quais tiveram ampla resposta por parte dos jovens do Concelho, num processo bastante rico, tanto na diversidade de entidades intervenientes como nos contributos recolhidos.<\/p>\n<p>\u00c9 um documento em permanente transforma\u00e7\u00e3o, estando sempre aberto \u00e0 introdu\u00e7\u00e3o de novas medidas, programas ou projectos, podendo e devendo ser actualizado para acompanhar as mudan\u00e7as da realidade e a exist\u00eancia de novos desafios, preocupa\u00e7\u00f5es e constrangimentos.<\/p>\n<p>O plano est\u00e1 assente em quatro eixos estrat\u00e9gicos: \u00c9vora Participativa (Comunica\u00e7\u00e3o &amp; Novas Tecnologias\/Participa\u00e7\u00e3o &amp; Associativismo\/Equipamentos Municipais), \u00c9vora Criativa (Emprego &amp; Inova\u00e7\u00e3o\/Cultura &amp; Cria\u00e7\u00e3o), \u00c9vora Solid\u00e1ria (Educa\u00e7\u00e3o &amp; Forma\u00e7\u00e3o\/Habita\u00e7\u00e3o\/Cidadania &amp; Igualdade) e \u00c9vora Sustent\u00e1vel (Ambiente, Patrim\u00f3nio\/Territ\u00f3rio &amp; espa\u00e7o P\u00fablico\/Desporto, Lazer &amp; Vida Sustent\u00e1vel). Eixos que cont\u00eam diversos objectivos operacionais alcan\u00e7ados atrav\u00e9s de um vasto conjunto de Medidas\/A\u00e7\u00f5es concretas, contendo refer\u00eancia a programas, projectos e iniciativas j\u00e1 implementadas ou a implementar pelo munic\u00edpio.<\/p>\n<p>Mereceu tamb\u00e9m aprova\u00e7\u00e3o por unanimidade a proposta \u201cConcurso P\u00fablico para Concess\u00e3o de Servi\u00e7o de Transportes P\u00fablicos de Passageiros\/Relat\u00f3rio Final, Minuta de contrato e adjudica\u00e7\u00e3o de assun\u00e7\u00e3o de compromisso.<\/p>\n<p>O apoio financeiro aos clubes e associa\u00e7\u00f5es desportivas sem fins lucrativos do concelho, assim como o Documento T\u00e9cnico de Pondera\u00e7\u00e3o para atribui\u00e7\u00e3o de apoio \u00e0s associa\u00e7\u00f5es desportivas obtiveram aprova\u00e7\u00e3o un\u00e2nime.<\/p>\n<p>A Vereadora Sara Dimas Fernandes felicitou a atleta eborense Adelaide Silva que conquistou a medalha de bronze na s\u00e9tima edi\u00e7\u00e3o do PT281 + Ultramaraton Portugal, que decorreu na Beira Baixa, de <strong>21 a 25 de Julho de 2021. <\/strong>Assinalou tamb\u00e9m a passagem por \u00c9vora, no dia 28 de Julho, do ultramaratonista Jo\u00e3o Paulo F\u00e9lix, que est\u00e1 a fazer uma Volta a Portugal pelos direitos das crian\u00e7as. Em \u00c9vora, o atleta recebeu a companhia de diversos corredores e, nas Piscinas Municipais, foi recebido por v\u00e1rias dezenas de crian\u00e7as (do programa municipal Ocupa-te), pela Vice-Presidente da C\u00e2mara Municipal de \u00c9vora, pela Presidente da Comiss\u00e3o de Prote\u00e7\u00e3o de Crian\u00e7as e Jovens de \u00c9vora e outras representantes desta Comiss\u00e3o, assim como da Santa Casa da Miseric\u00f3rdia de \u00c9vora.<\/p>\n<p>O Vereador Eduardo Luciano leu um voto de pesar, proposto pela CDU, pelo falecimento do Capit\u00e3o de Abril, Coronel Otelo Saraiva de Carvalho, Coordenador operacional do Movimento das For\u00e7as Armadas, que, no dia 25 de Abril de 1974, derrubou o regime do Estado Novo, pondo fim \u00e0 mais longa ditadura do s\u00e9culo XX na Europa. \u201cExpressamos a nossa profunda gratid\u00e3o a um dos Capit\u00e3es de Abril que contribuiu de forma decisiva para o derrube da ditadura e instaura\u00e7\u00e3o da democracia\u201d, salientou este voto, que foi aprovado por maioria com a absten\u00e7\u00e3o do Vereador do PSD.<\/p>\n\n\t\t<style type=\"text\/css\">\n\t\t\t#gallery-1 {\n\t\t\t\tmargin: auto;\n\t\t\t}\n\t\t\t#gallery-1 .gallery-item {\n\t\t\t\tfloat: left;\n\t\t\t\tmargin-top: 10px;\n\t\t\t\ttext-align: center;\n\t\t\t\twidth: 100%;\n\t\t\t}\n\t\t\t#gallery-1 img {\n\t\t\t\tborder: 2px solid #cfcfcf;\n\t\t\t}\n\t\t\t#gallery-1 .gallery-caption {\n\t\t\t\tmargin-left: 0;\n\t\t\t}\n\t\t\t\/* see gallery_shortcode() in wp-includes\/media.php *\/\n\t\t<\/style>\n\t\t<div id='gallery-1' class='gallery galleryid-25289 gallery-columns-1 gallery-size-full'><dl class='gallery-item'>\n\t\t\t<dt class='gallery-icon landscape'>\n\t\t\t\t<a href='https:\/\/www.cm-evora.pt\/wp-content\/uploads\/2021\/08\/2021-07-28-RPC-1.jpg'><img loading=\"lazy\" decoding=\"async\" width=\"1920\" height=\"1280\" src=\"https:\/\/www.cm-evora.pt\/wp-content\/uploads\/2021\/08\/2021-07-28-RPC-1.jpg\" class=\"attachment-full size-full\" alt=\"\" srcset=\"https:\/\/www.cm-evora.pt\/wp-content\/uploads\/2021\/08\/2021-07-28-RPC-1.jpg 1920w, https:\/\/www.cm-evora.pt\/wp-content\/uploads\/2021\/08\/2021-07-28-RPC-1-300x200.jpg 300w, https:\/\/www.cm-evora.pt\/wp-content\/uploads\/2021\/08\/2021-07-28-RPC-1-1024x683.jpg 1024w, https:\/\/www.cm-evora.pt\/wp-content\/uploads\/2021\/08\/2021-07-28-RPC-1-768x512.jpg 768w, https:\/\/www.cm-evora.pt\/wp-content\/uploads\/2021\/08\/2021-07-28-RPC-1-1536x1024.jpg 1536w, https:\/\/www.cm-evora.pt\/wp-content\/uploads\/2021\/08\/2021-07-28-RPC-1-1320x880.jpg 1320w\" sizes=\"auto, (max-width: 1920px) 100vw, 1920px\" \/><\/a>\n\t\t\t<\/dt><\/dl><br style=\"clear: both\" \/>\n\t\t<\/div>\n\n<p>&nbsp;<\/p>\n<p>&nbsp;<\/p>","protected":false},"excerpt":{"rendered":"<p>Sorry, this entry is only available in Portugu\u00eas.A C\u00e2mara Municipal de \u00c9vora aprovou por unanimidade o Plano Municipal da Juventude 2021\/2025. Trata-se de um documento estrat\u00e9gico que permite planear o desenvolvimento e implementa\u00e7\u00e3o das pol\u00edticas de caracter global e transversal, que respondem aos desafios colocados, facilitam recursos e servi\u00e7os que possibilitam aos jovens alcan\u00e7ar plena [&hellip;]<\/p>\n","protected":false},"author":57,"featured_media":25290,"comment_status":"closed","ping_status":"closed","sticky":false,"template":"","format":"standard","meta":{"_acf_changed":false,"footnotes":""},"categories":[2110],"tags":[],"class_list":["post-25289","post","type-post","status-publish","format-standard","has-post-thumbnail","hentry","category-noticias"],"acf":{"imagens":"","destaq_image":25290,"titulo_docs_seccao":"","documentos":""},"_links":{"self":[{"href":"https:\/\/www.cm-evora.pt\/en\/wp-json\/wp\/v2\/posts\/25289","targetHints":{"allow":["GET"]}}],"collection":[{"href":"https:\/\/www.cm-evora.pt\/en\/wp-json\/wp\/v2\/posts"}],"about":[{"href":"https:\/\/www.cm-evora.pt\/en\/wp-json\/wp\/v2\/types\/post"}],"author":[{"embeddable":true,"href":"https:\/\/www.cm-evora.pt\/en\/wp-json\/wp\/v2\/users\/57"}],"replies":[{"embeddable":true,"href":"https:\/\/www.cm-evora.pt\/en\/wp-json\/wp\/v2\/comments?post=25289"}],"version-history":[{"count":1,"href":"https:\/\/www.cm-evora.pt\/en\/wp-json\/wp\/v2\/posts\/25289\/revisions"}],"predecessor-version":[{"id":25291,"href":"https:\/\/www.cm-evora.pt\/en\/wp-json\/wp\/v2\/posts\/25289\/revisions\/25291"}],"wp:featuredmedia":[{"embeddable":true,"href":"https:\/\/www.cm-evora.pt\/en\/wp-json\/wp\/v2\/media\/25290"}],"wp:attachment":[{"href":"https:\/\/www.cm-evora.pt\/en\/wp-json\/wp\/v2\/media?parent=25289"}],"wp:term":[{"taxonomy":"category","embeddable":true,"href":"https:\/\/www.cm-evora.pt\/en\/wp-json\/wp\/v2\/categories?post=25289"},{"taxonomy":"post_tag","embeddable":true,"href":"https:\/\/www.cm-evora.pt\/en\/wp-json\/wp\/v2\/tags?post=25289"}],"curies":[{"name":"wp","href":"https:\/\/api.w.org\/{rel}","templated":true}]}}