{"id":25989,"date":"2021-08-26T15:24:44","date_gmt":"2021-08-26T14:24:44","guid":{"rendered":"https:\/\/www.cm-evora.pt\/?p=25989"},"modified":"2021-08-31T11:42:01","modified_gmt":"2021-08-31T10:42:01","slug":"em-reuniao-publica-de-25-de-agosto-de-2021-camara-de-evora-aprova-criacao-de-equipa-de-intervencao-permanente-de-bombeiros-no-concelho","status":"publish","type":"post","link":"https:\/\/www.cm-evora.pt\/en\/em-reuniao-publica-de-25-de-agosto-de-2021-camara-de-evora-aprova-criacao-de-equipa-de-intervencao-permanente-de-bombeiros-no-concelho\/","title":{"rendered":"(Portugu\u00eas) Em reuni\u00e3o p\u00fablica de 25 de Agosto de 2021: C\u00e2mara de \u00c9vora aprova cria\u00e7\u00e3o de Equipa de Interven\u00e7\u00e3o Permanente de Bombeiros no Concelho"},"content":{"rendered":"<p class=\"qtranxs-available-languages-message qtranxs-available-languages-message-en\">Sorry, this entry is only available in <a href=\"https:\/\/www.cm-evora.pt\/pt\/wp-json\/wp\/v2\/posts\/25989\" class=\"qtranxs-available-language-link qtranxs-available-language-link-pt\" title=\"Portugu\u00eas\">Portugu\u00eas<\/a>.<\/p><p>A C\u00e2mara Municipal de \u00c9vora aprovou por unanimidade um protocolo que regula as condi\u00e7\u00f5es de contrata\u00e7\u00e3o e regras de funcionamento de uma Equipa de Interven\u00e7\u00e3o Permanente (EPI) para o Concelho de \u00c9vora. Este protocolo ser\u00e1 estabelecido entre o Munic\u00edpio de \u00c9vora, a Autoridade Nacional de Emerg\u00eancia e Prote\u00e7\u00e3o Civil e a Associa\u00e7\u00e3o Humanit\u00e1ria dos Bombeiros de \u00c9vora.<\/p>\n<p>O Munic\u00edpio de \u00c9vora, no \u00e2mbito do seu objectivo de &#8220;Refor\u00e7ar a Prote\u00e7\u00e3o Civil&#8221;, sublinha que a Associa\u00e7\u00e3o Humanit\u00e1ria dos Bombeiros Volunt\u00e1rios de \u00c9vora desempenha um papel essencial e determinante no sistema de prote\u00e7\u00e3o civil concelhio e regional pelo que \u00e9 fundamental aumentar a sua capacidade operacional e efic\u00e1cia de resposta. Deste modo, o Munic\u00edpio considera que a cria\u00e7\u00e3o desta EIP, s\u00f3 poss\u00edvel pela recupera\u00e7\u00e3o das Contas Municipais, \u00e9 um passo importante no caminho em curso para que sejam asseguradas as condi\u00e7\u00f5es de estabilidade necess\u00e1rias \u00e0 associa\u00e7\u00e3o.<\/p>\n<p>Mereceu tamb\u00e9m aprova\u00e7\u00e3o un\u00e2nime o in\u00edcio formal do processo de elabora\u00e7\u00e3o do Plano de Pormenor de Salvaguarda do Centro Hist\u00f3rico de \u00c9vora, tendo sido definido o prazo de 24 meses para a sua conclus\u00e3o (sendo suspenso apenas durante o prazo de aprecia\u00e7\u00e3o pelas entidades).<\/p>\n<p>Foram tamb\u00e9m definidos o prazo de participa\u00e7\u00e3o p\u00fablica e os termos de refer\u00eancia de elabora\u00e7\u00e3o do Plano e de n\u00e3o sujei\u00e7\u00e3o a Plano de Avalia\u00e7\u00e3o Ambiental Estrat\u00e9gica e elaborada uma proposta para futuro protocolo de colabora\u00e7\u00e3o a estabelecer entre o Munic\u00edpio de \u00c9vora, a Dire\u00e7\u00e3o Regional de Cultura do Alentejo e a Dire\u00e7\u00e3o-Geral do Patrim\u00f3nio Cultural.<\/p>\n<p>Este trabalho de prepara\u00e7\u00e3o feito pelos t\u00e9cnicos &#8211; que n\u00e3o \u00e9 vis\u00edvel, mas \u00e9 vasto e de uma significativa complexidade &#8211; foi reconhecido por todo o Executivo Municipal, estando agora reunidas as condi\u00e7\u00f5es para o avan\u00e7o do referido Plano. Este instrumento \u00e9 essencial para a salvaguarda do patrim\u00f3nio hist\u00f3rico, arqueol\u00f3gico, arquitect\u00f3nico e urban\u00edstico do Centro Hist\u00f3rico, promovendo sua a requalifica\u00e7\u00e3o, a reabilita\u00e7\u00e3o e a conserva\u00e7\u00e3o.<\/p>\n<p>O Projecto de Acessibilidades da Escola EB1 do Bairro da C\u00e2mara mereceu tamb\u00e9m aprova\u00e7\u00e3o un\u00e2nime. Contempla interven\u00e7\u00f5es no espa\u00e7o de recreio, tendo como base os seguintes aspectos: criar condi\u00e7\u00f5es para as pessoas com mobilidade reduzida (constru\u00e7\u00e3o de rampas); seguran\u00e7a (elimina\u00e7\u00e3o de degraus do espa\u00e7o escolar); conforto (constru\u00e7\u00e3o de bancos) e melhoria do ensombramento do recreio (planta\u00e7\u00e3o de \u00e1rvores). A estimativa or\u00e7amental \u00e9 de 38,058,78 euros (acrescidos de IVA \u00e0 taxa em vigor).<\/p>\n<p>No que concerne, \u00e0 pandemia de Covid19, o Presidente da C\u00e2mara Municipal, Carlos Pinto de S\u00e1, fez o habitual ponto de situa\u00e7\u00e3o, tendo informado que se regista novamente uma consider\u00e1vel actividade do v\u00edrus, apesar de n\u00e3o apresentar a gravidade de outras ocasi\u00f5es. Deve-se nomeadamente a ajuntamentos, mas registam-se tamb\u00e9m casos em seio familiar. Informou que a Autoridade de Sa\u00fade P\u00fablica n\u00e3o divulga os dados dos recuperados desde o dia 17 de Agosto pelo que \u00e9 imposs\u00edvel saber com exactid\u00e3o o n\u00famero destes, o que n\u00e3o ajuda \u00e0 concreta avalia\u00e7\u00e3o da situa\u00e7\u00e3o real.<\/p>\n<p>Tem-se registado uma ades\u00e3o significativa concelhia \u00e0s vacinas e o Vice-Almirante (respons\u00e1vel pela sua coordena\u00e7\u00e3o) apontou a possibilidade de, no m\u00eas de Setembro, se desactivar o Centro de Vacina\u00e7\u00e3o, passando este trabalho a ser feito nos Centros de Sa\u00fade. Apesar desta previs\u00e3o, o autarca sublinha que torna-se necess\u00e1rio que a popula\u00e7\u00e3o continue alerta, a ter os devidos cuidados, cumprindo as regras sanit\u00e1rias em vigor.<\/p>\n<p>Foi aprovada por unanimidade a atribui\u00e7\u00e3o de apoio log\u00edstico e isen\u00e7\u00e3o de pagamento de taxa de ocupa\u00e7\u00e3o de espa\u00e7o p\u00fablico para realiza\u00e7\u00e3o da Feira Medieval de 2021, em \u00c9vora, promovida pela Associa\u00e7\u00e3o Velha Lamparina. Prev\u00ea-se a realiza\u00e7\u00e3o deste evento de 21 a 24 de Outubro, na Horta das Laranjeiras, se as condi\u00e7\u00f5es sanit\u00e1rias nessa ocasi\u00e3o assim o permitirem.<\/p>\n<p>A C\u00e2mara Municipal de \u00c9vora felicitou ainda o atleta Francisco Laranjeira (e o seu treinador Jo\u00e3o Ferr\u00e3o), do Grupo Desportivo Diana, convocado para o Campeonato do Mundo de Atletismo para Surdos (Pol\u00f3nia), a realizar no final deste m\u00eas. O atleta fez m\u00ednimos de participa\u00e7\u00e3o para os 10000m e 5000m e \u00e9 nesta \u00faltima dist\u00e2ncia que participa.<\/p>\n\n\t\t<style type=\"text\/css\">\n\t\t\t#gallery-1 {\n\t\t\t\tmargin: auto;\n\t\t\t}\n\t\t\t#gallery-1 .gallery-item {\n\t\t\t\tfloat: left;\n\t\t\t\tmargin-top: 10px;\n\t\t\t\ttext-align: center;\n\t\t\t\twidth: 100%;\n\t\t\t}\n\t\t\t#gallery-1 img {\n\t\t\t\tborder: 2px solid #cfcfcf;\n\t\t\t}\n\t\t\t#gallery-1 .gallery-caption {\n\t\t\t\tmargin-left: 0;\n\t\t\t}\n\t\t\t\/* see gallery_shortcode() in wp-includes\/media.php *\/\n\t\t<\/style>\n\t\t<div id='gallery-1' class='gallery galleryid-25989 gallery-columns-1 gallery-size-full'><dl class='gallery-item'>\n\t\t\t<dt class='gallery-icon portrait'>\n\t\t\t\t<a href='https:\/\/www.cm-evora.pt\/wp-content\/uploads\/2021\/08\/RPC-25-08-2021-scaled.jpg'><img loading=\"lazy\" decoding=\"async\" width=\"1707\" height=\"2560\" src=\"https:\/\/www.cm-evora.pt\/wp-content\/uploads\/2021\/08\/RPC-25-08-2021-scaled.jpg\" class=\"attachment-full size-full\" alt=\"\" srcset=\"https:\/\/www.cm-evora.pt\/wp-content\/uploads\/2021\/08\/RPC-25-08-2021-scaled.jpg 1707w, https:\/\/www.cm-evora.pt\/wp-content\/uploads\/2021\/08\/RPC-25-08-2021-200x300.jpg 200w, https:\/\/www.cm-evora.pt\/wp-content\/uploads\/2021\/08\/RPC-25-08-2021-683x1024.jpg 683w, https:\/\/www.cm-evora.pt\/wp-content\/uploads\/2021\/08\/RPC-25-08-2021-768x1152.jpg 768w, https:\/\/www.cm-evora.pt\/wp-content\/uploads\/2021\/08\/RPC-25-08-2021-1024x1536.jpg 1024w, https:\/\/www.cm-evora.pt\/wp-content\/uploads\/2021\/08\/RPC-25-08-2021-1365x2048.jpg 1365w, https:\/\/www.cm-evora.pt\/wp-content\/uploads\/2021\/08\/RPC-25-08-2021-1320x1980.jpg 1320w\" sizes=\"auto, (max-width: 1707px) 100vw, 1707px\" \/><\/a>\n\t\t\t<\/dt><\/dl><br style=\"clear: both\" \/>\n\t\t<\/div>\n\n<p>&nbsp;<\/p>\n<p><strong>\u00a0<\/strong><\/p>\n<p><strong>\u00a0<\/strong><\/p>\n<p><strong>\u00a0<\/strong><\/p>","protected":false},"excerpt":{"rendered":"<p>Sorry, this entry is only available in Portugu\u00eas.A C\u00e2mara Municipal de \u00c9vora aprovou por unanimidade um protocolo que regula as condi\u00e7\u00f5es de contrata\u00e7\u00e3o e regras de funcionamento de uma Equipa de Interven\u00e7\u00e3o Permanente (EPI) para o Concelho de \u00c9vora. Este protocolo ser\u00e1 estabelecido entre o Munic\u00edpio de \u00c9vora, a Autoridade Nacional de Emerg\u00eancia e Prote\u00e7\u00e3o [&hellip;]<\/p>\n","protected":false},"author":57,"featured_media":25990,"comment_status":"closed","ping_status":"closed","sticky":false,"template":"","format":"standard","meta":{"_acf_changed":false,"footnotes":""},"categories":[2110],"tags":[],"class_list":["post-25989","post","type-post","status-publish","format-standard","has-post-thumbnail","hentry","category-noticias"],"acf":{"imagens":"","destaq_image":25990,"titulo_docs_seccao":"","documentos":""},"_links":{"self":[{"href":"https:\/\/www.cm-evora.pt\/en\/wp-json\/wp\/v2\/posts\/25989","targetHints":{"allow":["GET"]}}],"collection":[{"href":"https:\/\/www.cm-evora.pt\/en\/wp-json\/wp\/v2\/posts"}],"about":[{"href":"https:\/\/www.cm-evora.pt\/en\/wp-json\/wp\/v2\/types\/post"}],"author":[{"embeddable":true,"href":"https:\/\/www.cm-evora.pt\/en\/wp-json\/wp\/v2\/users\/57"}],"replies":[{"embeddable":true,"href":"https:\/\/www.cm-evora.pt\/en\/wp-json\/wp\/v2\/comments?post=25989"}],"version-history":[{"count":1,"href":"https:\/\/www.cm-evora.pt\/en\/wp-json\/wp\/v2\/posts\/25989\/revisions"}],"predecessor-version":[{"id":25996,"href":"https:\/\/www.cm-evora.pt\/en\/wp-json\/wp\/v2\/posts\/25989\/revisions\/25996"}],"wp:featuredmedia":[{"embeddable":true,"href":"https:\/\/www.cm-evora.pt\/en\/wp-json\/wp\/v2\/media\/25990"}],"wp:attachment":[{"href":"https:\/\/www.cm-evora.pt\/en\/wp-json\/wp\/v2\/media?parent=25989"}],"wp:term":[{"taxonomy":"category","embeddable":true,"href":"https:\/\/www.cm-evora.pt\/en\/wp-json\/wp\/v2\/categories?post=25989"},{"taxonomy":"post_tag","embeddable":true,"href":"https:\/\/www.cm-evora.pt\/en\/wp-json\/wp\/v2\/tags?post=25989"}],"curies":[{"name":"wp","href":"https:\/\/api.w.org\/{rel}","templated":true}]}}