{"id":26645,"date":"2021-09-16T10:13:40","date_gmt":"2021-09-16T09:13:40","guid":{"rendered":"https:\/\/www.cm-evora.pt\/?p=26645"},"modified":"2021-09-16T11:17:51","modified_gmt":"2021-09-16T10:17:51","slug":"portadores-de-arte-mostraram-trabalho-com-a-populacao-do-bacelo","status":"publish","type":"post","link":"https:\/\/www.cm-evora.pt\/en\/portadores-de-arte-mostraram-trabalho-com-a-populacao-do-bacelo\/","title":{"rendered":"(Portugu\u00eas) Portadores de Arte mostraram trabalho com a popula\u00e7\u00e3o do Bacelo"},"content":{"rendered":"<p class=\"qtranxs-available-languages-message qtranxs-available-languages-message-en\">Sorry, this entry is only available in <a href=\"https:\/\/www.cm-evora.pt\/pt\/wp-json\/wp\/v2\/posts\/26645\" class=\"qtranxs-available-language-link qtranxs-available-language-link-pt\" title=\"Portugu\u00eas\">Portugu\u00eas<\/a>.<\/p><p><strong>No \u00e2mbito do projecto Portadores de Arte, a equipa que trabalhou na Uni\u00e3o de Freguesias do Bacelo e Senhora da Sa\u00fade produziu um Mural Art\u00edstico de Comunidade na parede exterior do Polivalente do Bacelo, depois de j\u00e1 terem pintado um mural no interior da Associa\u00e7\u00e3o de Moradores. O trabalho aliou tamb\u00e9m um momento de conv\u00edvio que teve lugar ao final da tarde do dia 9 de Setembro.<\/strong><\/p>\n<p>Recorde-se que o Mural Art\u00edstico de Comunidade \u00e9 o culminar de 3 meses de trabalho das Oficinas de Desenho e Pintura no Bacelo e foi desenvolvido pelos artistas Gabriel Richieiri, Laura Correia e Rui Serra.<\/p>\n<p>Portadores de Arte deixa assim uma marca nesta freguesia atrav\u00e9s da pintura deste mural no Polivalente do Bacelo\/Associa\u00e7\u00e3o de Moradores &#8211; que t\u00e3o bem acolheu o projecto deste o seu in\u00edcio. Deste modo, levam a arte de rua ao encontro da comunidade, estreitando a rela\u00e7\u00e3o entre a comunidade art\u00edstica, o territ\u00f3rio e os seus habitantes.<\/p>\n<p>O projecto Portadores de Arte no Bacelo contou com o apoio da Uni\u00e3o de Freguesias do Bacelo e Senhora da Sa\u00fade e Polivalente do Bacelo\/Associa\u00e7\u00e3o de Moradores do Bacelo. \u00c9 um projecto de media\u00e7\u00e3o art\u00edstica e de comunidade da Capote &#8211; Associa\u00e7\u00e3o Cultural em coorganiza\u00e7\u00e3o com a C\u00e2mara Municipal de \u00c9vora.<\/p>\n<p>Conhe\u00e7a mais em pormenor este trabalho dinamizado pelos Portadores de Arte em <a href=\"http:\/\/www.facebook.com\/portadoresdearte\">www.facebook.com\/portadoresdearte<\/a> e <a href=\"http:\/\/instagram.com\/portadoresdearte\">instagram.com\/portadoresdearte<\/a><\/p>\n<p><a href=\"https:\/\/www.cm-evora.pt\/wp-content\/uploads\/2021\/09\/PABF20.jpg\"><img loading=\"lazy\" decoding=\"async\" class=\"alignnone size-medium wp-image-26644\" src=\"https:\/\/www.cm-evora.pt\/wp-content\/uploads\/2021\/09\/PABF20-300x167.jpg\" alt=\"\" width=\"300\" height=\"167\" srcset=\"https:\/\/www.cm-evora.pt\/wp-content\/uploads\/2021\/09\/PABF20-300x167.jpg 300w, https:\/\/www.cm-evora.pt\/wp-content\/uploads\/2021\/09\/PABF20-1024x571.jpg 1024w, https:\/\/www.cm-evora.pt\/wp-content\/uploads\/2021\/09\/PABF20-768x428.jpg 768w, https:\/\/www.cm-evora.pt\/wp-content\/uploads\/2021\/09\/PABF20-1536x857.jpg 1536w, https:\/\/www.cm-evora.pt\/wp-content\/uploads\/2021\/09\/PABF20-1320x736.jpg 1320w, https:\/\/www.cm-evora.pt\/wp-content\/uploads\/2021\/09\/PABF20.jpg 1920w\" sizes=\"auto, (max-width: 300px) 100vw, 300px\" \/><\/a> <a href=\"https:\/\/www.cm-evora.pt\/wp-content\/uploads\/2021\/09\/PABF19.jpg\"><img loading=\"lazy\" decoding=\"async\" class=\"alignnone size-medium wp-image-26643\" src=\"https:\/\/www.cm-evora.pt\/wp-content\/uploads\/2021\/09\/PABF19-300x200.jpg\" alt=\"\" width=\"300\" height=\"200\" srcset=\"https:\/\/www.cm-evora.pt\/wp-content\/uploads\/2021\/09\/PABF19-300x200.jpg 300w, https:\/\/www.cm-evora.pt\/wp-content\/uploads\/2021\/09\/PABF19-1024x683.jpg 1024w, https:\/\/www.cm-evora.pt\/wp-content\/uploads\/2021\/09\/PABF19-768x512.jpg 768w, https:\/\/www.cm-evora.pt\/wp-content\/uploads\/2021\/09\/PABF19-1536x1024.jpg 1536w, https:\/\/www.cm-evora.pt\/wp-content\/uploads\/2021\/09\/PABF19-1320x880.jpg 1320w, https:\/\/www.cm-evora.pt\/wp-content\/uploads\/2021\/09\/PABF19.jpg 1920w\" sizes=\"auto, (max-width: 300px) 100vw, 300px\" \/><\/a> <a href=\"https:\/\/www.cm-evora.pt\/wp-content\/uploads\/2021\/09\/PABF18.jpg\"><img loading=\"lazy\" decoding=\"async\" class=\"alignnone size-medium wp-image-26642\" src=\"https:\/\/www.cm-evora.pt\/wp-content\/uploads\/2021\/09\/PABF18-300x200.jpg\" alt=\"\" width=\"300\" height=\"200\" srcset=\"https:\/\/www.cm-evora.pt\/wp-content\/uploads\/2021\/09\/PABF18-300x200.jpg 300w, https:\/\/www.cm-evora.pt\/wp-content\/uploads\/2021\/09\/PABF18-1024x683.jpg 1024w, https:\/\/www.cm-evora.pt\/wp-content\/uploads\/2021\/09\/PABF18-768x512.jpg 768w, https:\/\/www.cm-evora.pt\/wp-content\/uploads\/2021\/09\/PABF18-1536x1024.jpg 1536w, https:\/\/www.cm-evora.pt\/wp-content\/uploads\/2021\/09\/PABF18-1320x880.jpg 1320w, https:\/\/www.cm-evora.pt\/wp-content\/uploads\/2021\/09\/PABF18.jpg 1920w\" sizes=\"auto, (max-width: 300px) 100vw, 300px\" \/><\/a> <a href=\"https:\/\/www.cm-evora.pt\/wp-content\/uploads\/2021\/09\/PABF17.jpg\"><img loading=\"lazy\" decoding=\"async\" class=\"alignnone size-medium wp-image-26641\" src=\"https:\/\/www.cm-evora.pt\/wp-content\/uploads\/2021\/09\/PABF17-300x200.jpg\" alt=\"\" width=\"300\" height=\"200\" srcset=\"https:\/\/www.cm-evora.pt\/wp-content\/uploads\/2021\/09\/PABF17-300x200.jpg 300w, https:\/\/www.cm-evora.pt\/wp-content\/uploads\/2021\/09\/PABF17-1024x683.jpg 1024w, https:\/\/www.cm-evora.pt\/wp-content\/uploads\/2021\/09\/PABF17-768x512.jpg 768w, https:\/\/www.cm-evora.pt\/wp-content\/uploads\/2021\/09\/PABF17-1536x1024.jpg 1536w, https:\/\/www.cm-evora.pt\/wp-content\/uploads\/2021\/09\/PABF17-1320x880.jpg 1320w, https:\/\/www.cm-evora.pt\/wp-content\/uploads\/2021\/09\/PABF17.jpg 1920w\" sizes=\"auto, (max-width: 300px) 100vw, 300px\" \/><\/a> <a href=\"https:\/\/www.cm-evora.pt\/wp-content\/uploads\/2021\/09\/PABF16.jpg\"><img loading=\"lazy\" decoding=\"async\" class=\"alignnone size-medium wp-image-26640\" src=\"https:\/\/www.cm-evora.pt\/wp-content\/uploads\/2021\/09\/PABF16-300x200.jpg\" alt=\"\" width=\"300\" height=\"200\" srcset=\"https:\/\/www.cm-evora.pt\/wp-content\/uploads\/2021\/09\/PABF16-300x200.jpg 300w, https:\/\/www.cm-evora.pt\/wp-content\/uploads\/2021\/09\/PABF16-1024x683.jpg 1024w, https:\/\/www.cm-evora.pt\/wp-content\/uploads\/2021\/09\/PABF16-768x512.jpg 768w, https:\/\/www.cm-evora.pt\/wp-content\/uploads\/2021\/09\/PABF16-1536x1024.jpg 1536w, https:\/\/www.cm-evora.pt\/wp-content\/uploads\/2021\/09\/PABF16-1320x880.jpg 1320w, https:\/\/www.cm-evora.pt\/wp-content\/uploads\/2021\/09\/PABF16.jpg 1920w\" sizes=\"auto, (max-width: 300px) 100vw, 300px\" \/><\/a> <a href=\"https:\/\/www.cm-evora.pt\/wp-content\/uploads\/2021\/09\/PABF15.jpg\"><img loading=\"lazy\" decoding=\"async\" class=\"alignnone size-medium wp-image-26639\" src=\"https:\/\/www.cm-evora.pt\/wp-content\/uploads\/2021\/09\/PABF15-300x200.jpg\" alt=\"\" width=\"300\" height=\"200\" srcset=\"https:\/\/www.cm-evora.pt\/wp-content\/uploads\/2021\/09\/PABF15-300x200.jpg 300w, https:\/\/www.cm-evora.pt\/wp-content\/uploads\/2021\/09\/PABF15-1024x683.jpg 1024w, https:\/\/www.cm-evora.pt\/wp-content\/uploads\/2021\/09\/PABF15-768x512.jpg 768w, https:\/\/www.cm-evora.pt\/wp-content\/uploads\/2021\/09\/PABF15-1536x1024.jpg 1536w, https:\/\/www.cm-evora.pt\/wp-content\/uploads\/2021\/09\/PABF15-1320x880.jpg 1320w, https:\/\/www.cm-evora.pt\/wp-content\/uploads\/2021\/09\/PABF15.jpg 1920w\" sizes=\"auto, (max-width: 300px) 100vw, 300px\" \/><\/a> <a href=\"https:\/\/www.cm-evora.pt\/wp-content\/uploads\/2021\/09\/PABF14.jpg\"><img loading=\"lazy\" decoding=\"async\" class=\"alignnone size-medium wp-image-26638\" src=\"https:\/\/www.cm-evora.pt\/wp-content\/uploads\/2021\/09\/PABF14-300x200.jpg\" alt=\"\" width=\"300\" height=\"200\" srcset=\"https:\/\/www.cm-evora.pt\/wp-content\/uploads\/2021\/09\/PABF14-300x200.jpg 300w, https:\/\/www.cm-evora.pt\/wp-content\/uploads\/2021\/09\/PABF14-1024x683.jpg 1024w, https:\/\/www.cm-evora.pt\/wp-content\/uploads\/2021\/09\/PABF14-768x512.jpg 768w, https:\/\/www.cm-evora.pt\/wp-content\/uploads\/2021\/09\/PABF14-1536x1024.jpg 1536w, https:\/\/www.cm-evora.pt\/wp-content\/uploads\/2021\/09\/PABF14-1320x880.jpg 1320w, https:\/\/www.cm-evora.pt\/wp-content\/uploads\/2021\/09\/PABF14.jpg 1920w\" sizes=\"auto, (max-width: 300px) 100vw, 300px\" \/><\/a> <a href=\"https:\/\/www.cm-evora.pt\/wp-content\/uploads\/2021\/09\/PABF13.jpg\"><img loading=\"lazy\" decoding=\"async\" class=\"alignnone size-medium wp-image-26637\" src=\"https:\/\/www.cm-evora.pt\/wp-content\/uploads\/2021\/09\/PABF13-200x300.jpg\" alt=\"\" width=\"200\" height=\"300\" srcset=\"https:\/\/www.cm-evora.pt\/wp-content\/uploads\/2021\/09\/PABF13-200x300.jpg 200w, https:\/\/www.cm-evora.pt\/wp-content\/uploads\/2021\/09\/PABF13-683x1024.jpg 683w, https:\/\/www.cm-evora.pt\/wp-content\/uploads\/2021\/09\/PABF13-768x1152.jpg 768w, https:\/\/www.cm-evora.pt\/wp-content\/uploads\/2021\/09\/PABF13-1024x1536.jpg 1024w, https:\/\/www.cm-evora.pt\/wp-content\/uploads\/2021\/09\/PABF13.jpg 1280w\" sizes=\"auto, (max-width: 200px) 100vw, 200px\" \/><\/a> <a href=\"https:\/\/www.cm-evora.pt\/wp-content\/uploads\/2021\/09\/PABF12.jpg\"><img loading=\"lazy\" decoding=\"async\" class=\"alignnone size-medium wp-image-26636\" src=\"https:\/\/www.cm-evora.pt\/wp-content\/uploads\/2021\/09\/PABF12-300x200.jpg\" alt=\"\" width=\"300\" height=\"200\" srcset=\"https:\/\/www.cm-evora.pt\/wp-content\/uploads\/2021\/09\/PABF12-300x200.jpg 300w, https:\/\/www.cm-evora.pt\/wp-content\/uploads\/2021\/09\/PABF12-1024x683.jpg 1024w, https:\/\/www.cm-evora.pt\/wp-content\/uploads\/2021\/09\/PABF12-768x512.jpg 768w, https:\/\/www.cm-evora.pt\/wp-content\/uploads\/2021\/09\/PABF12-1536x1024.jpg 1536w, https:\/\/www.cm-evora.pt\/wp-content\/uploads\/2021\/09\/PABF12-1320x880.jpg 1320w, https:\/\/www.cm-evora.pt\/wp-content\/uploads\/2021\/09\/PABF12.jpg 1920w\" sizes=\"auto, (max-width: 300px) 100vw, 300px\" \/><\/a> <a href=\"https:\/\/www.cm-evora.pt\/wp-content\/uploads\/2021\/09\/PABF11.jpg\"><img loading=\"lazy\" decoding=\"async\" class=\"alignnone size-medium wp-image-26635\" src=\"https:\/\/www.cm-evora.pt\/wp-content\/uploads\/2021\/09\/PABF11-300x200.jpg\" alt=\"\" width=\"300\" height=\"200\" srcset=\"https:\/\/www.cm-evora.pt\/wp-content\/uploads\/2021\/09\/PABF11-300x200.jpg 300w, https:\/\/www.cm-evora.pt\/wp-content\/uploads\/2021\/09\/PABF11-1024x683.jpg 1024w, https:\/\/www.cm-evora.pt\/wp-content\/uploads\/2021\/09\/PABF11-768x512.jpg 768w, https:\/\/www.cm-evora.pt\/wp-content\/uploads\/2021\/09\/PABF11-1536x1024.jpg 1536w, https:\/\/www.cm-evora.pt\/wp-content\/uploads\/2021\/09\/PABF11-1320x880.jpg 1320w, https:\/\/www.cm-evora.pt\/wp-content\/uploads\/2021\/09\/PABF11.jpg 1920w\" sizes=\"auto, (max-width: 300px) 100vw, 300px\" \/><\/a> <a href=\"https:\/\/www.cm-evora.pt\/wp-content\/uploads\/2021\/09\/PABF10.jpg\"><img loading=\"lazy\" decoding=\"async\" class=\"alignnone size-medium wp-image-26634\" src=\"https:\/\/www.cm-evora.pt\/wp-content\/uploads\/2021\/09\/PABF10-200x300.jpg\" alt=\"\" width=\"200\" height=\"300\" srcset=\"https:\/\/www.cm-evora.pt\/wp-content\/uploads\/2021\/09\/PABF10-200x300.jpg 200w, https:\/\/www.cm-evora.pt\/wp-content\/uploads\/2021\/09\/PABF10-683x1024.jpg 683w, https:\/\/www.cm-evora.pt\/wp-content\/uploads\/2021\/09\/PABF10-768x1152.jpg 768w, https:\/\/www.cm-evora.pt\/wp-content\/uploads\/2021\/09\/PABF10-1024x1536.jpg 1024w, https:\/\/www.cm-evora.pt\/wp-content\/uploads\/2021\/09\/PABF10.jpg 1280w\" sizes=\"auto, (max-width: 200px) 100vw, 200px\" \/><\/a> <a href=\"https:\/\/www.cm-evora.pt\/wp-content\/uploads\/2021\/09\/PABF8.jpg\"><img loading=\"lazy\" decoding=\"async\" class=\"alignnone size-medium wp-image-26632\" src=\"https:\/\/www.cm-evora.pt\/wp-content\/uploads\/2021\/09\/PABF8-300x200.jpg\" alt=\"\" width=\"300\" height=\"200\" srcset=\"https:\/\/www.cm-evora.pt\/wp-content\/uploads\/2021\/09\/PABF8-300x200.jpg 300w, https:\/\/www.cm-evora.pt\/wp-content\/uploads\/2021\/09\/PABF8-1024x683.jpg 1024w, https:\/\/www.cm-evora.pt\/wp-content\/uploads\/2021\/09\/PABF8-768x512.jpg 768w, https:\/\/www.cm-evora.pt\/wp-content\/uploads\/2021\/09\/PABF8-1536x1024.jpg 1536w, https:\/\/www.cm-evora.pt\/wp-content\/uploads\/2021\/09\/PABF8-1320x880.jpg 1320w, https:\/\/www.cm-evora.pt\/wp-content\/uploads\/2021\/09\/PABF8.jpg 1920w\" sizes=\"auto, (max-width: 300px) 100vw, 300px\" \/><\/a> <a href=\"https:\/\/www.cm-evora.pt\/wp-content\/uploads\/2021\/09\/PABF7.jpg\"><img loading=\"lazy\" decoding=\"async\" class=\"alignnone size-medium wp-image-26631\" src=\"https:\/\/www.cm-evora.pt\/wp-content\/uploads\/2021\/09\/PABF7-300x198.jpg\" alt=\"\" width=\"300\" height=\"198\" srcset=\"https:\/\/www.cm-evora.pt\/wp-content\/uploads\/2021\/09\/PABF7-300x198.jpg 300w, https:\/\/www.cm-evora.pt\/wp-content\/uploads\/2021\/09\/PABF7-1024x676.jpg 1024w, https:\/\/www.cm-evora.pt\/wp-content\/uploads\/2021\/09\/PABF7-768x507.jpg 768w, https:\/\/www.cm-evora.pt\/wp-content\/uploads\/2021\/09\/PABF7-1536x1014.jpg 1536w, https:\/\/www.cm-evora.pt\/wp-content\/uploads\/2021\/09\/PABF7-1320x871.jpg 1320w, https:\/\/www.cm-evora.pt\/wp-content\/uploads\/2021\/09\/PABF7.jpg 1920w\" sizes=\"auto, (max-width: 300px) 100vw, 300px\" \/><\/a> <a href=\"https:\/\/www.cm-evora.pt\/wp-content\/uploads\/2021\/09\/PABF6.jpg\"><img loading=\"lazy\" decoding=\"async\" class=\"alignnone size-medium wp-image-26630\" src=\"https:\/\/www.cm-evora.pt\/wp-content\/uploads\/2021\/09\/PABF6-300x191.jpg\" alt=\"\" width=\"300\" height=\"191\" srcset=\"https:\/\/www.cm-evora.pt\/wp-content\/uploads\/2021\/09\/PABF6-300x191.jpg 300w, https:\/\/www.cm-evora.pt\/wp-content\/uploads\/2021\/09\/PABF6-1024x651.jpg 1024w, https:\/\/www.cm-evora.pt\/wp-content\/uploads\/2021\/09\/PABF6-768x488.jpg 768w, https:\/\/www.cm-evora.pt\/wp-content\/uploads\/2021\/09\/PABF6-1536x976.jpg 1536w, https:\/\/www.cm-evora.pt\/wp-content\/uploads\/2021\/09\/PABF6-1320x839.jpg 1320w, https:\/\/www.cm-evora.pt\/wp-content\/uploads\/2021\/09\/PABF6.jpg 1920w\" sizes=\"auto, (max-width: 300px) 100vw, 300px\" \/><\/a> <a href=\"https:\/\/www.cm-evora.pt\/wp-content\/uploads\/2021\/09\/PABF4.jpg\"><img loading=\"lazy\" decoding=\"async\" class=\"alignnone size-medium wp-image-26628\" src=\"https:\/\/www.cm-evora.pt\/wp-content\/uploads\/2021\/09\/PABF4-300x200.jpg\" alt=\"\" width=\"300\" height=\"200\" srcset=\"https:\/\/www.cm-evora.pt\/wp-content\/uploads\/2021\/09\/PABF4-300x200.jpg 300w, https:\/\/www.cm-evora.pt\/wp-content\/uploads\/2021\/09\/PABF4-1024x683.jpg 1024w, https:\/\/www.cm-evora.pt\/wp-content\/uploads\/2021\/09\/PABF4-768x512.jpg 768w, https:\/\/www.cm-evora.pt\/wp-content\/uploads\/2021\/09\/PABF4-1536x1024.jpg 1536w, https:\/\/www.cm-evora.pt\/wp-content\/uploads\/2021\/09\/PABF4-1320x880.jpg 1320w, https:\/\/www.cm-evora.pt\/wp-content\/uploads\/2021\/09\/PABF4.jpg 1920w\" sizes=\"auto, (max-width: 300px) 100vw, 300px\" \/><\/a> \u00a0<a href=\"https:\/\/www.cm-evora.pt\/wp-content\/uploads\/2021\/09\/PABF1.jpg\"><img loading=\"lazy\" decoding=\"async\" class=\"alignnone size-medium wp-image-26625\" src=\"https:\/\/www.cm-evora.pt\/wp-content\/uploads\/2021\/09\/PABF1-300x200.jpg\" alt=\"\" width=\"300\" height=\"200\" srcset=\"https:\/\/www.cm-evora.pt\/wp-content\/uploads\/2021\/09\/PABF1-300x200.jpg 300w, https:\/\/www.cm-evora.pt\/wp-content\/uploads\/2021\/09\/PABF1-1024x683.jpg 1024w, https:\/\/www.cm-evora.pt\/wp-content\/uploads\/2021\/09\/PABF1-768x512.jpg 768w, https:\/\/www.cm-evora.pt\/wp-content\/uploads\/2021\/09\/PABF1-1536x1024.jpg 1536w, https:\/\/www.cm-evora.pt\/wp-content\/uploads\/2021\/09\/PABF1-1320x880.jpg 1320w, https:\/\/www.cm-evora.pt\/wp-content\/uploads\/2021\/09\/PABF1.jpg 1920w\" sizes=\"auto, (max-width: 300px) 100vw, 300px\" \/><\/a> <a href=\"https:\/\/www.cm-evora.pt\/wp-content\/uploads\/2021\/09\/PABF.jpg\"><img loading=\"lazy\" decoding=\"async\" class=\"alignnone size-medium wp-image-26624\" src=\"https:\/\/www.cm-evora.pt\/wp-content\/uploads\/2021\/09\/PABF-300x168.jpg\" alt=\"\" width=\"300\" height=\"168\" srcset=\"https:\/\/www.cm-evora.pt\/wp-content\/uploads\/2021\/09\/PABF-300x168.jpg 300w, https:\/\/www.cm-evora.pt\/wp-content\/uploads\/2021\/09\/PABF-1024x572.jpg 1024w, https:\/\/www.cm-evora.pt\/wp-content\/uploads\/2021\/09\/PABF-768x429.jpg 768w, https:\/\/www.cm-evora.pt\/wp-content\/uploads\/2021\/09\/PABF-1536x858.jpg 1536w, https:\/\/www.cm-evora.pt\/wp-content\/uploads\/2021\/09\/PABF-1320x737.jpg 1320w, https:\/\/www.cm-evora.pt\/wp-content\/uploads\/2021\/09\/PABF.jpg 1920w\" sizes=\"auto, (max-width: 300px) 100vw, 300px\" \/><\/a><\/p>\n<p>&nbsp;<\/p>","protected":false},"excerpt":{"rendered":"<p>Sorry, this entry is only available in Portugu\u00eas.No \u00e2mbito do projecto Portadores de Arte, a equipa que trabalhou na Uni\u00e3o de Freguesias do Bacelo e Senhora da Sa\u00fade produziu um Mural Art\u00edstico de Comunidade na parede exterior do Polivalente do Bacelo, depois de j\u00e1 terem pintado um mural no interior da Associa\u00e7\u00e3o de Moradores. O [&hellip;]<\/p>\n","protected":false},"author":57,"featured_media":26624,"comment_status":"closed","ping_status":"closed","sticky":false,"template":"","format":"standard","meta":{"_acf_changed":false,"footnotes":""},"categories":[2110],"tags":[],"class_list":["post-26645","post","type-post","status-publish","format-standard","has-post-thumbnail","hentry","category-noticias"],"acf":{"imagens":"","destaq_image":26624,"titulo_docs_seccao":"","documentos":""},"_links":{"self":[{"href":"https:\/\/www.cm-evora.pt\/en\/wp-json\/wp\/v2\/posts\/26645","targetHints":{"allow":["GET"]}}],"collection":[{"href":"https:\/\/www.cm-evora.pt\/en\/wp-json\/wp\/v2\/posts"}],"about":[{"href":"https:\/\/www.cm-evora.pt\/en\/wp-json\/wp\/v2\/types\/post"}],"author":[{"embeddable":true,"href":"https:\/\/www.cm-evora.pt\/en\/wp-json\/wp\/v2\/users\/57"}],"replies":[{"embeddable":true,"href":"https:\/\/www.cm-evora.pt\/en\/wp-json\/wp\/v2\/comments?post=26645"}],"version-history":[{"count":2,"href":"https:\/\/www.cm-evora.pt\/en\/wp-json\/wp\/v2\/posts\/26645\/revisions"}],"predecessor-version":[{"id":26649,"href":"https:\/\/www.cm-evora.pt\/en\/wp-json\/wp\/v2\/posts\/26645\/revisions\/26649"}],"wp:featuredmedia":[{"embeddable":true,"href":"https:\/\/www.cm-evora.pt\/en\/wp-json\/wp\/v2\/media\/26624"}],"wp:attachment":[{"href":"https:\/\/www.cm-evora.pt\/en\/wp-json\/wp\/v2\/media?parent=26645"}],"wp:term":[{"taxonomy":"category","embeddable":true,"href":"https:\/\/www.cm-evora.pt\/en\/wp-json\/wp\/v2\/categories?post=26645"},{"taxonomy":"post_tag","embeddable":true,"href":"https:\/\/www.cm-evora.pt\/en\/wp-json\/wp\/v2\/tags?post=26645"}],"curies":[{"name":"wp","href":"https:\/\/api.w.org\/{rel}","templated":true}]}}