{"id":26657,"date":"2021-09-16T15:33:19","date_gmt":"2021-09-16T14:33:19","guid":{"rendered":"https:\/\/www.cm-evora.pt\/?p=26657"},"modified":"2021-09-16T15:33:19","modified_gmt":"2021-09-16T14:33:19","slug":"a-noite-europeia-dos-investigadores-esta-de-regresso-a-evora","status":"publish","type":"post","link":"https:\/\/www.cm-evora.pt\/en\/a-noite-europeia-dos-investigadores-esta-de-regresso-a-evora\/","title":{"rendered":"(Portugu\u00eas) A Noite Europeia dos Investigadores est\u00e1 de regresso a \u00c9vora"},"content":{"rendered":"<p class=\"qtranxs-available-languages-message qtranxs-available-languages-message-en\">Sorry, this entry is only available in <a href=\"https:\/\/www.cm-evora.pt\/pt\/wp-json\/wp\/v2\/posts\/26657\" class=\"qtranxs-available-language-link qtranxs-available-language-link-pt\" title=\"Portugu\u00eas\">Portugu\u00eas<\/a>.<\/p><p>A iniciativa ter\u00e1 lugar no dia 24 de setembro, entre as 16h e \u00e0s 23h, com um programa on-line nacional e atividades na Pra\u00e7a do Giraldo, na Associa\u00e7\u00e3o Comercial (ACDE), na Torre do Sert\u00f3rio e, ainda, na Herdade da Mitra, destinadas a todas as faixas et\u00e1rias. Ci\u00eancia para o Clima \u00e9 o mote desta edi\u00e7\u00e3o!<\/p>\n<p>A Noite Europeia dos Investigadores (NEI) \u00e9 um evento que ocorre desde 2005 e tem o intuito de aproximar a ci\u00eancia dos cidad\u00e3os, atrav\u00e9s de demonstra\u00e7\u00f5es pr\u00e1ticas de como a investiga\u00e7\u00e3o cient\u00edfica contribui para a resolu\u00e7\u00e3o de quest\u00f5es importantes para a nossa sociedade. Ao todo, s\u00e3o implementados 55 projetos NEI, que decorrem em 433 cidades de 27 pa\u00edses, maioritariamente Europeus. Neste evento multinacional, participam mais de 36.000 investigadores, cada ano, e esperam-se mais de 1,6 milh\u00f5es de visitantes. A Universidade de \u00c9vora realizou a sua primeira edi\u00e7\u00e3o em 2019, em parceria com a C\u00e2mara Municipal, com 39 atividades educativas em plena Pra\u00e7a do Giraldo. Devido \u00e0s restri\u00e7\u00f5es impostas pela pandemia da Covid-19, no \u00faltimo ano, a NEI aconteceu apenas em formato virtual. Em 2021, o tema da NEI \u00e9 Ci\u00eancia para o Clima (SCICLI \u2013 Science for Climate), centrando-se nas suas dimens\u00f5es social, econ\u00f3mica e ambiental e, em particular, no seu contributo para a sustentabilidade planet\u00e1ria e neutralidade clim\u00e1tica. Neste sentido, o evento nacional alinha-se de forma clara com o Pacto Ecol\u00f3gico Europeu, que prop\u00f5e que o impacto no clima seja neutro at\u00e9 2050, atrav\u00e9s da promo\u00e7\u00e3o de iniciativas que protegem o meio ambiente e impulsionam a economia verde, reduzindo a polui\u00e7\u00e3o. A iniciativa ter\u00e1 lugar no dia 24 de setembro, entre as 16h e \u00e0s 23h, com um programa on-line nacional e atividades presenciais concomitantes em Lisboa, Braga, Coimbra e \u00c9vora.<br \/>\nPrograma\u00e7\u00e3o de \u00c9vora Em \u00c9vora, a NEI concentra-se na Pra\u00e7a do Giraldo e tem como objetivo aproximar investigadores e cidad\u00e3os. Este evento procura sensibilizar a sociedade para a import\u00e2ncia da investiga\u00e7\u00e3o cient\u00edfica atrav\u00e9s da intera\u00e7\u00e3o direta entre os investigadores e a sociedade civil. As artes, humanidades e ci\u00eancias s\u00e3o apresentadas a crian\u00e7as, jovens e adultos de forma din\u00e2mica e criativa.<br \/>\nPara al\u00e9m das atividades a decorrer na Pra\u00e7a do Giraldo, a NEI em \u00c9vora tamb\u00e9m contar\u00e1 com a proje\u00e7\u00e3o de v\u00eddeos na Associa\u00e7\u00e3o Comercial do Distrito de \u00c9vora (ACDE), conversas com ci\u00eancia na Adega Ervideira, utiliza\u00e7\u00e3o de equipamentos tecnol\u00f3gicos reativados recentemente, na esta\u00e7\u00e3o meteorol\u00f3gica da Torre do Sert\u00f3rio, e ainda, um Passeio ao luar (das 20h30 \u00e0s 22h30), \u00e0 descoberta da fauna noturna na Herdade da Mitra.<br \/>\nAo todo s\u00e3o 23 projetos interativos destinados a todas as faixas et\u00e1rias, com foco nos jovens, encorajando-os a contribuir ativamente com solu\u00e7\u00f5es, atrav\u00e9s da escolha de carreiras cient\u00edficas. As atividades s\u00e3o coordenadas pela Universidade de \u00c9vora, e contar\u00e3o com o apoio de aproximadamente 70 investigadores e volunt\u00e1rios, pertencentes \u00e0s diferentes Unidades de Investiga\u00e7\u00e3o desta universidade.<br \/>\nToda a programa\u00e7\u00e3o est\u00e1 dispon\u00edvel no site: https:\/\/noitedosinvestigadores.org\/programa-evora\/ e atrav\u00e9s do Facebook (@noitedosinvestigadorespt) e Instagram (@neinvestigadores).<\/p>\n<p>A ci\u00eancia veio para a cidade e \u00c9vora \u00e9 o nosso espa\u00e7o. Participe!<\/p>\n<p><a href=\"https:\/\/www.cm-evora.pt\/wp-content\/uploads\/2021\/09\/Noite-Investigadores.jpg\"><img loading=\"lazy\" decoding=\"async\" class=\"alignnone wp-image-26658 size-full\" src=\"https:\/\/www.cm-evora.pt\/wp-content\/uploads\/2021\/09\/Noite-Investigadores.jpg\" alt=\"\" width=\"1093\" height=\"1541\" srcset=\"https:\/\/www.cm-evora.pt\/wp-content\/uploads\/2021\/09\/Noite-Investigadores.jpg 1093w, https:\/\/www.cm-evora.pt\/wp-content\/uploads\/2021\/09\/Noite-Investigadores-213x300.jpg 213w, https:\/\/www.cm-evora.pt\/wp-content\/uploads\/2021\/09\/Noite-Investigadores-726x1024.jpg 726w, https:\/\/www.cm-evora.pt\/wp-content\/uploads\/2021\/09\/Noite-Investigadores-768x1083.jpg 768w, https:\/\/www.cm-evora.pt\/wp-content\/uploads\/2021\/09\/Noite-Investigadores-1089x1536.jpg 1089w\" sizes=\"auto, (max-width: 1093px) 100vw, 1093px\" \/><\/a><\/p>","protected":false},"excerpt":{"rendered":"<p>Sorry, this entry is only available in Portugu\u00eas.A iniciativa ter\u00e1 lugar no dia 24 de setembro, entre as 16h e \u00e0s 23h, com um programa on-line nacional e atividades na Pra\u00e7a do Giraldo, na Associa\u00e7\u00e3o Comercial (ACDE), na Torre do Sert\u00f3rio e, ainda, na Herdade da Mitra, destinadas a todas as faixas et\u00e1rias. Ci\u00eancia para [&hellip;]<\/p>\n","protected":false},"author":37,"featured_media":26659,"comment_status":"closed","ping_status":"closed","sticky":false,"template":"","format":"standard","meta":{"_acf_changed":false,"footnotes":""},"categories":[64],"tags":[],"class_list":["post-26657","post","type-post","status-publish","format-standard","has-post-thumbnail","hentry","category-cultura"],"acf":{"imagens":"","destaq_image":26659,"titulo_docs_seccao":"","documentos":""},"_links":{"self":[{"href":"https:\/\/www.cm-evora.pt\/en\/wp-json\/wp\/v2\/posts\/26657","targetHints":{"allow":["GET"]}}],"collection":[{"href":"https:\/\/www.cm-evora.pt\/en\/wp-json\/wp\/v2\/posts"}],"about":[{"href":"https:\/\/www.cm-evora.pt\/en\/wp-json\/wp\/v2\/types\/post"}],"author":[{"embeddable":true,"href":"https:\/\/www.cm-evora.pt\/en\/wp-json\/wp\/v2\/users\/37"}],"replies":[{"embeddable":true,"href":"https:\/\/www.cm-evora.pt\/en\/wp-json\/wp\/v2\/comments?post=26657"}],"version-history":[{"count":1,"href":"https:\/\/www.cm-evora.pt\/en\/wp-json\/wp\/v2\/posts\/26657\/revisions"}],"predecessor-version":[{"id":26660,"href":"https:\/\/www.cm-evora.pt\/en\/wp-json\/wp\/v2\/posts\/26657\/revisions\/26660"}],"wp:featuredmedia":[{"embeddable":true,"href":"https:\/\/www.cm-evora.pt\/en\/wp-json\/wp\/v2\/media\/26659"}],"wp:attachment":[{"href":"https:\/\/www.cm-evora.pt\/en\/wp-json\/wp\/v2\/media?parent=26657"}],"wp:term":[{"taxonomy":"category","embeddable":true,"href":"https:\/\/www.cm-evora.pt\/en\/wp-json\/wp\/v2\/categories?post=26657"},{"taxonomy":"post_tag","embeddable":true,"href":"https:\/\/www.cm-evora.pt\/en\/wp-json\/wp\/v2\/tags?post=26657"}],"curies":[{"name":"wp","href":"https:\/\/api.w.org\/{rel}","templated":true}]}}