{"id":26807,"date":"2021-09-17T14:36:25","date_gmt":"2021-09-17T13:36:25","guid":{"rendered":"https:\/\/www.cm-evora.pt\/?p=26807"},"modified":"2021-09-17T14:36:25","modified_gmt":"2021-09-17T13:36:25","slug":"unidade-de-rede-da-saude-mental-realiza-video-conferencia-suicidio-conhecer-para-prevenir","status":"publish","type":"post","link":"https:\/\/www.cm-evora.pt\/en\/unidade-de-rede-da-saude-mental-realiza-video-conferencia-suicidio-conhecer-para-prevenir\/","title":{"rendered":"(Portugu\u00eas) Unidade de Rede da Sa\u00fade Mental realiza v\u00eddeo-confer\u00eancia \u201cSuic\u00eddio: conhecer para prevenir\u201d"},"content":{"rendered":"<p class=\"qtranxs-available-languages-message qtranxs-available-languages-message-en\">Sorry, this entry is only available in <a href=\"https:\/\/www.cm-evora.pt\/pt\/wp-json\/wp\/v2\/posts\/26807\" class=\"qtranxs-available-language-link qtranxs-available-language-link-pt\" title=\"Portugu\u00eas\">Portugu\u00eas<\/a>.<\/p><p>A Unidade de Rede da Sa\u00fade Mental realiza no dia 28 de setembro, pelas 15:00 horas, uma v\u00eddeo-confer\u00eancia proferida pela psic\u00f3loga Sara Santos, subordinada ao tema \u201cSuic\u00eddio: conhecer para prevenir\u201d.<\/p>\n<p>Este evento integra-se no Plano de Atividades da Unidade de Rede da Sa\u00fade Mental e foi proposto pelo N\u00facleo de \u00c9vora da Liga dos Combatentes, parceiro desta Unidade de Rede. Pretende contribuir para a preven\u00e7\u00e3o do suic\u00eddio, cujo Dia Mundial se comemorou no dia 10 de setembro.<\/p>\n<p>A \u00a0atividade \u00e9 dirigida ao p\u00fablico em geral, para o qual se divulgam as necess\u00e1rias informa\u00e7\u00f5es de acesso:<\/p>\n<p><strong>Entrar na reuni\u00e3o Zoom<br \/>\n<a href=\"https:\/\/us04web.zoom.us\/j\/4457356467?pwd=SGhXeFdjeGZjbXNjdElNUU1PTTgyQT09\">https:\/\/us04web.zoom.us\/j\/4457356467?pwd=SGhXeFdjeGZjbXNjdElNUU1PTTgyQT09<\/a><\/p>\n<p>ID da reuni\u00e3o: 445 735 6467<br \/>\nSenha de acesso: W1sghf\u00a0 \u00a0<\/strong><\/p>\n\n\t\t<style type=\"text\/css\">\n\t\t\t#gallery-1 {\n\t\t\t\tmargin: auto;\n\t\t\t}\n\t\t\t#gallery-1 .gallery-item {\n\t\t\t\tfloat: left;\n\t\t\t\tmargin-top: 10px;\n\t\t\t\ttext-align: center;\n\t\t\t\twidth: 100%;\n\t\t\t}\n\t\t\t#gallery-1 img {\n\t\t\t\tborder: 2px solid #cfcfcf;\n\t\t\t}\n\t\t\t#gallery-1 .gallery-caption {\n\t\t\t\tmargin-left: 0;\n\t\t\t}\n\t\t\t\/* see gallery_shortcode() in wp-includes\/media.php *\/\n\t\t<\/style>\n\t\t<div id='gallery-1' class='gallery galleryid-26807 gallery-columns-1 gallery-size-full'><dl class='gallery-item'>\n\t\t\t<dt class='gallery-icon landscape'>\n\t\t\t\t<a href='https:\/\/www.cm-evora.pt\/wp-content\/uploads\/2021\/09\/URSM.jpg'><img loading=\"lazy\" decoding=\"async\" width=\"1920\" height=\"1088\" src=\"https:\/\/www.cm-evora.pt\/wp-content\/uploads\/2021\/09\/URSM.jpg\" class=\"attachment-full size-full\" alt=\"\" srcset=\"https:\/\/www.cm-evora.pt\/wp-content\/uploads\/2021\/09\/URSM.jpg 1920w, https:\/\/www.cm-evora.pt\/wp-content\/uploads\/2021\/09\/URSM-300x170.jpg 300w, https:\/\/www.cm-evora.pt\/wp-content\/uploads\/2021\/09\/URSM-1024x580.jpg 1024w, https:\/\/www.cm-evora.pt\/wp-content\/uploads\/2021\/09\/URSM-768x435.jpg 768w, https:\/\/www.cm-evora.pt\/wp-content\/uploads\/2021\/09\/URSM-1536x870.jpg 1536w, https:\/\/www.cm-evora.pt\/wp-content\/uploads\/2021\/09\/URSM-1320x748.jpg 1320w\" sizes=\"auto, (max-width: 1920px) 100vw, 1920px\" \/><\/a>\n\t\t\t<\/dt><\/dl><br style=\"clear: both\" \/>\n\t\t<\/div>\n\n<p>&nbsp;<\/p>\n<p>&nbsp;<\/p>\n<p>&nbsp;<\/p>\n<p>&nbsp;<\/p>","protected":false},"excerpt":{"rendered":"<p>Sorry, this entry is only available in Portugu\u00eas.A Unidade de Rede da Sa\u00fade Mental realiza no dia 28 de setembro, pelas 15:00 horas, uma v\u00eddeo-confer\u00eancia proferida pela psic\u00f3loga Sara Santos, subordinada ao tema \u201cSuic\u00eddio: conhecer para prevenir\u201d. Este evento integra-se no Plano de Atividades da Unidade de Rede da Sa\u00fade Mental e foi proposto pelo [&hellip;]<\/p>\n","protected":false},"author":57,"featured_media":26808,"comment_status":"closed","ping_status":"closed","sticky":false,"template":"","format":"standard","meta":{"_acf_changed":false,"footnotes":""},"categories":[2110],"tags":[],"class_list":["post-26807","post","type-post","status-publish","format-standard","has-post-thumbnail","hentry","category-noticias"],"acf":{"imagens":"","destaq_image":26808,"titulo_docs_seccao":"","documentos":""},"_links":{"self":[{"href":"https:\/\/www.cm-evora.pt\/en\/wp-json\/wp\/v2\/posts\/26807","targetHints":{"allow":["GET"]}}],"collection":[{"href":"https:\/\/www.cm-evora.pt\/en\/wp-json\/wp\/v2\/posts"}],"about":[{"href":"https:\/\/www.cm-evora.pt\/en\/wp-json\/wp\/v2\/types\/post"}],"author":[{"embeddable":true,"href":"https:\/\/www.cm-evora.pt\/en\/wp-json\/wp\/v2\/users\/57"}],"replies":[{"embeddable":true,"href":"https:\/\/www.cm-evora.pt\/en\/wp-json\/wp\/v2\/comments?post=26807"}],"version-history":[{"count":1,"href":"https:\/\/www.cm-evora.pt\/en\/wp-json\/wp\/v2\/posts\/26807\/revisions"}],"predecessor-version":[{"id":26810,"href":"https:\/\/www.cm-evora.pt\/en\/wp-json\/wp\/v2\/posts\/26807\/revisions\/26810"}],"wp:featuredmedia":[{"embeddable":true,"href":"https:\/\/www.cm-evora.pt\/en\/wp-json\/wp\/v2\/media\/26808"}],"wp:attachment":[{"href":"https:\/\/www.cm-evora.pt\/en\/wp-json\/wp\/v2\/media?parent=26807"}],"wp:term":[{"taxonomy":"category","embeddable":true,"href":"https:\/\/www.cm-evora.pt\/en\/wp-json\/wp\/v2\/categories?post=26807"},{"taxonomy":"post_tag","embeddable":true,"href":"https:\/\/www.cm-evora.pt\/en\/wp-json\/wp\/v2\/tags?post=26807"}],"curies":[{"name":"wp","href":"https:\/\/api.w.org\/{rel}","templated":true}]}}