{"id":26934,"date":"2021-09-24T09:29:38","date_gmt":"2021-09-24T08:29:38","guid":{"rendered":"https:\/\/www.cm-evora.pt\/?p=26934"},"modified":"2021-09-24T09:29:54","modified_gmt":"2021-09-24T08:29:54","slug":"exposicao-de-fotografia-fica-vidas-caninas-interrompidas","status":"publish","type":"post","link":"https:\/\/www.cm-evora.pt\/en\/exposicao-de-fotografia-fica-vidas-caninas-interrompidas\/","title":{"rendered":"(Portugu\u00eas) EXPOSI\u00c7\u00c3O DE FOTOGRAFIA \u201cFICA \u2013 VIDAS CANINAS INTERROMPIDAS\u201d"},"content":{"rendered":"<p class=\"qtranxs-available-languages-message qtranxs-available-languages-message-en\">Sorry, this entry is only available in <a href=\"https:\/\/www.cm-evora.pt\/pt\/wp-json\/wp\/v2\/posts\/26934\" class=\"qtranxs-available-language-link qtranxs-available-language-link-pt\" title=\"Portugu\u00eas\">Portugu\u00eas<\/a>.<\/p><p><strong>Foi inaugurada ontem, 23\/09\/2021, na Pra\u00e7a do Sert\u00f3rio, a exposi\u00e7\u00e3o de fotografia \u201cFICA \u2013 Vidas Caninas Interrompidas\u201d<\/strong><\/p>\n<p>A exposi\u00e7\u00e3o resultou de um trabalho efetuado pela empresa \u201cStory Colectors\u201d &#8211; Bruno Cardoso e F\u00e1bio Calisto, para a C\u00e2mara Municipal de \u00c9vora. S\u00e3o cerca de duas dezenas de fotografias de grande formato que retratam alguns c\u00e3es abandonados que est\u00e3o alojados no Centro de Recolha Oficial \u2013 Canil Gatil Municipal de \u00c9vora.<\/p>\n<p>Para al\u00e9m de divulgar a atividade do Centro de Recolha Oficial, a exposi\u00e7\u00e3o cumpre o objetivo de chamar a aten\u00e7\u00e3o para a problem\u00e1tica do abandono dos animais, sensibilizando ao mesmo tempo os mun\u00edcipes para a ado\u00e7\u00e3o respons\u00e1vel.<\/p>\n<p>Na inaugura\u00e7\u00e3o, em representa\u00e7\u00e3o da C\u00e2mara Municipal de \u00c9vora, estiveram presentes o Presidente da C\u00e2mara Municipal de \u00c9vora, Carlos Pinto de S\u00e1, e o Vereador Alexandre Varela.<\/p>\n<p>A exposi\u00e7\u00e3o est\u00e1 patente na Pra\u00e7a do Sert\u00f3rio, em \u00c9vora, podendo ser visitada at\u00e9 ao dia 24 de outubro.<\/p>\n<p>\n\t\t<style type=\"text\/css\">\n\t\t\t#gallery-1 {\n\t\t\t\tmargin: auto;\n\t\t\t}\n\t\t\t#gallery-1 .gallery-item {\n\t\t\t\tfloat: left;\n\t\t\t\tmargin-top: 10px;\n\t\t\t\ttext-align: center;\n\t\t\t\twidth: 33%;\n\t\t\t}\n\t\t\t#gallery-1 img {\n\t\t\t\tborder: 2px solid #cfcfcf;\n\t\t\t}\n\t\t\t#gallery-1 .gallery-caption {\n\t\t\t\tmargin-left: 0;\n\t\t\t}\n\t\t\t\/* see gallery_shortcode() in wp-includes\/media.php *\/\n\t\t<\/style>\n\t\t<div id='gallery-1' class='gallery galleryid-26934 gallery-columns-3 gallery-size-large'><dl class='gallery-item'>\n\t\t\t<dt class='gallery-icon landscape'>\n\t\t\t\t<a href='https:\/\/www.cm-evora.pt\/wp-content\/uploads\/2021\/09\/2021_09_Exposicao-Caes-Abandonados-2.jpg'><img loading=\"lazy\" decoding=\"async\" width=\"1024\" height=\"683\" src=\"https:\/\/www.cm-evora.pt\/wp-content\/uploads\/2021\/09\/2021_09_Exposicao-Caes-Abandonados-2-1024x683.jpg\" class=\"attachment-large size-large\" alt=\"\" srcset=\"https:\/\/www.cm-evora.pt\/wp-content\/uploads\/2021\/09\/2021_09_Exposicao-Caes-Abandonados-2-1024x683.jpg 1024w, https:\/\/www.cm-evora.pt\/wp-content\/uploads\/2021\/09\/2021_09_Exposicao-Caes-Abandonados-2-300x200.jpg 300w, https:\/\/www.cm-evora.pt\/wp-content\/uploads\/2021\/09\/2021_09_Exposicao-Caes-Abandonados-2-768x512.jpg 768w, https:\/\/www.cm-evora.pt\/wp-content\/uploads\/2021\/09\/2021_09_Exposicao-Caes-Abandonados-2-1536x1024.jpg 1536w, https:\/\/www.cm-evora.pt\/wp-content\/uploads\/2021\/09\/2021_09_Exposicao-Caes-Abandonados-2-1320x880.jpg 1320w, https:\/\/www.cm-evora.pt\/wp-content\/uploads\/2021\/09\/2021_09_Exposicao-Caes-Abandonados-2.jpg 1920w\" sizes=\"auto, (max-width: 1024px) 100vw, 1024px\" \/><\/a>\n\t\t\t<\/dt><\/dl><dl class='gallery-item'>\n\t\t\t<dt class='gallery-icon landscape'>\n\t\t\t\t<a href='https:\/\/www.cm-evora.pt\/wp-content\/uploads\/2021\/09\/2021_09_Exposicao-Caes-Abandonados-5.jpg'><img loading=\"lazy\" decoding=\"async\" width=\"1024\" height=\"683\" src=\"https:\/\/www.cm-evora.pt\/wp-content\/uploads\/2021\/09\/2021_09_Exposicao-Caes-Abandonados-5-1024x683.jpg\" class=\"attachment-large size-large\" alt=\"\" srcset=\"https:\/\/www.cm-evora.pt\/wp-content\/uploads\/2021\/09\/2021_09_Exposicao-Caes-Abandonados-5-1024x683.jpg 1024w, https:\/\/www.cm-evora.pt\/wp-content\/uploads\/2021\/09\/2021_09_Exposicao-Caes-Abandonados-5-300x200.jpg 300w, https:\/\/www.cm-evora.pt\/wp-content\/uploads\/2021\/09\/2021_09_Exposicao-Caes-Abandonados-5-768x512.jpg 768w, https:\/\/www.cm-evora.pt\/wp-content\/uploads\/2021\/09\/2021_09_Exposicao-Caes-Abandonados-5-1536x1024.jpg 1536w, https:\/\/www.cm-evora.pt\/wp-content\/uploads\/2021\/09\/2021_09_Exposicao-Caes-Abandonados-5-1320x880.jpg 1320w, https:\/\/www.cm-evora.pt\/wp-content\/uploads\/2021\/09\/2021_09_Exposicao-Caes-Abandonados-5.jpg 1920w\" sizes=\"auto, (max-width: 1024px) 100vw, 1024px\" \/><\/a>\n\t\t\t<\/dt><\/dl><dl class='gallery-item'>\n\t\t\t<dt class='gallery-icon landscape'>\n\t\t\t\t<a href='https:\/\/www.cm-evora.pt\/wp-content\/uploads\/2021\/09\/2021_09_Exposicao-Caes-Abandonados-3.jpg'><img loading=\"lazy\" decoding=\"async\" width=\"1024\" height=\"727\" src=\"https:\/\/www.cm-evora.pt\/wp-content\/uploads\/2021\/09\/2021_09_Exposicao-Caes-Abandonados-3-1024x727.jpg\" class=\"attachment-large size-large\" alt=\"\" srcset=\"https:\/\/www.cm-evora.pt\/wp-content\/uploads\/2021\/09\/2021_09_Exposicao-Caes-Abandonados-3-1024x727.jpg 1024w, https:\/\/www.cm-evora.pt\/wp-content\/uploads\/2021\/09\/2021_09_Exposicao-Caes-Abandonados-3-300x213.jpg 300w, https:\/\/www.cm-evora.pt\/wp-content\/uploads\/2021\/09\/2021_09_Exposicao-Caes-Abandonados-3-768x545.jpg 768w, https:\/\/www.cm-evora.pt\/wp-content\/uploads\/2021\/09\/2021_09_Exposicao-Caes-Abandonados-3-1536x1090.jpg 1536w, https:\/\/www.cm-evora.pt\/wp-content\/uploads\/2021\/09\/2021_09_Exposicao-Caes-Abandonados-3-1320x937.jpg 1320w, https:\/\/www.cm-evora.pt\/wp-content\/uploads\/2021\/09\/2021_09_Exposicao-Caes-Abandonados-3.jpg 1920w\" sizes=\"auto, (max-width: 1024px) 100vw, 1024px\" \/><\/a>\n\t\t\t<\/dt><\/dl><br style=\"clear: both\" \/><dl class='gallery-item'>\n\t\t\t<dt class='gallery-icon landscape'>\n\t\t\t\t<a href='https:\/\/www.cm-evora.pt\/wp-content\/uploads\/2021\/09\/2021_09_Exposicao-Caes-Abandonados-6.jpg'><img loading=\"lazy\" decoding=\"async\" width=\"1024\" height=\"694\" src=\"https:\/\/www.cm-evora.pt\/wp-content\/uploads\/2021\/09\/2021_09_Exposicao-Caes-Abandonados-6-1024x694.jpg\" class=\"attachment-large size-large\" alt=\"\" srcset=\"https:\/\/www.cm-evora.pt\/wp-content\/uploads\/2021\/09\/2021_09_Exposicao-Caes-Abandonados-6-1024x694.jpg 1024w, https:\/\/www.cm-evora.pt\/wp-content\/uploads\/2021\/09\/2021_09_Exposicao-Caes-Abandonados-6-300x203.jpg 300w, https:\/\/www.cm-evora.pt\/wp-content\/uploads\/2021\/09\/2021_09_Exposicao-Caes-Abandonados-6-768x521.jpg 768w, https:\/\/www.cm-evora.pt\/wp-content\/uploads\/2021\/09\/2021_09_Exposicao-Caes-Abandonados-6-1536x1042.jpg 1536w, https:\/\/www.cm-evora.pt\/wp-content\/uploads\/2021\/09\/2021_09_Exposicao-Caes-Abandonados-6-1320x895.jpg 1320w, https:\/\/www.cm-evora.pt\/wp-content\/uploads\/2021\/09\/2021_09_Exposicao-Caes-Abandonados-6.jpg 1920w\" sizes=\"auto, (max-width: 1024px) 100vw, 1024px\" \/><\/a>\n\t\t\t<\/dt><\/dl><dl class='gallery-item'>\n\t\t\t<dt class='gallery-icon landscape'>\n\t\t\t\t<a href='https:\/\/www.cm-evora.pt\/wp-content\/uploads\/2021\/09\/2021_09_Exposicao-Caes-Abandonados-4.jpg'><img loading=\"lazy\" decoding=\"async\" width=\"1024\" height=\"683\" src=\"https:\/\/www.cm-evora.pt\/wp-content\/uploads\/2021\/09\/2021_09_Exposicao-Caes-Abandonados-4-1024x683.jpg\" class=\"attachment-large size-large\" alt=\"\" srcset=\"https:\/\/www.cm-evora.pt\/wp-content\/uploads\/2021\/09\/2021_09_Exposicao-Caes-Abandonados-4-1024x683.jpg 1024w, https:\/\/www.cm-evora.pt\/wp-content\/uploads\/2021\/09\/2021_09_Exposicao-Caes-Abandonados-4-300x200.jpg 300w, https:\/\/www.cm-evora.pt\/wp-content\/uploads\/2021\/09\/2021_09_Exposicao-Caes-Abandonados-4-768x512.jpg 768w, https:\/\/www.cm-evora.pt\/wp-content\/uploads\/2021\/09\/2021_09_Exposicao-Caes-Abandonados-4-1536x1024.jpg 1536w, https:\/\/www.cm-evora.pt\/wp-content\/uploads\/2021\/09\/2021_09_Exposicao-Caes-Abandonados-4-1320x880.jpg 1320w, https:\/\/www.cm-evora.pt\/wp-content\/uploads\/2021\/09\/2021_09_Exposicao-Caes-Abandonados-4.jpg 1920w\" sizes=\"auto, (max-width: 1024px) 100vw, 1024px\" \/><\/a>\n\t\t\t<\/dt><\/dl><dl class='gallery-item'>\n\t\t\t<dt class='gallery-icon landscape'>\n\t\t\t\t<a href='https:\/\/www.cm-evora.pt\/wp-content\/uploads\/2021\/09\/2021_09_Exposicao-Caes-Abandonados.jpg'><img loading=\"lazy\" decoding=\"async\" width=\"1024\" height=\"688\" src=\"https:\/\/www.cm-evora.pt\/wp-content\/uploads\/2021\/09\/2021_09_Exposicao-Caes-Abandonados-1024x688.jpg\" class=\"attachment-large size-large\" alt=\"\" srcset=\"https:\/\/www.cm-evora.pt\/wp-content\/uploads\/2021\/09\/2021_09_Exposicao-Caes-Abandonados-1024x688.jpg 1024w, https:\/\/www.cm-evora.pt\/wp-content\/uploads\/2021\/09\/2021_09_Exposicao-Caes-Abandonados-300x202.jpg 300w, https:\/\/www.cm-evora.pt\/wp-content\/uploads\/2021\/09\/2021_09_Exposicao-Caes-Abandonados-768x516.jpg 768w, https:\/\/www.cm-evora.pt\/wp-content\/uploads\/2021\/09\/2021_09_Exposicao-Caes-Abandonados-1536x1032.jpg 1536w, https:\/\/www.cm-evora.pt\/wp-content\/uploads\/2021\/09\/2021_09_Exposicao-Caes-Abandonados-1320x887.jpg 1320w, https:\/\/www.cm-evora.pt\/wp-content\/uploads\/2021\/09\/2021_09_Exposicao-Caes-Abandonados.jpg 1919w\" sizes=\"auto, (max-width: 1024px) 100vw, 1024px\" \/><\/a>\n\t\t\t<\/dt><\/dl><br style=\"clear: both\" \/>\n\t\t<\/div>\n<\/p>","protected":false},"excerpt":{"rendered":"<p>Sorry, this entry is only available in Portugu\u00eas.Foi inaugurada ontem, 23\/09\/2021, na Pra\u00e7a do Sert\u00f3rio, a exposi\u00e7\u00e3o de fotografia \u201cFICA \u2013 Vidas Caninas Interrompidas\u201d A exposi\u00e7\u00e3o resultou de um trabalho efetuado pela empresa \u201cStory Colectors\u201d &#8211; Bruno Cardoso e F\u00e1bio Calisto, para a C\u00e2mara Municipal de \u00c9vora. S\u00e3o cerca de duas dezenas de fotografias de [&hellip;]<\/p>\n","protected":false},"author":37,"featured_media":26936,"comment_status":"closed","ping_status":"closed","sticky":false,"template":"","format":"standard","meta":{"_acf_changed":false,"footnotes":""},"categories":[2110],"tags":[],"class_list":["post-26934","post","type-post","status-publish","format-standard","has-post-thumbnail","hentry","category-noticias"],"acf":{"imagens":"","destaq_image":26936,"titulo_docs_seccao":"","documentos":""},"_links":{"self":[{"href":"https:\/\/www.cm-evora.pt\/en\/wp-json\/wp\/v2\/posts\/26934","targetHints":{"allow":["GET"]}}],"collection":[{"href":"https:\/\/www.cm-evora.pt\/en\/wp-json\/wp\/v2\/posts"}],"about":[{"href":"https:\/\/www.cm-evora.pt\/en\/wp-json\/wp\/v2\/types\/post"}],"author":[{"embeddable":true,"href":"https:\/\/www.cm-evora.pt\/en\/wp-json\/wp\/v2\/users\/37"}],"replies":[{"embeddable":true,"href":"https:\/\/www.cm-evora.pt\/en\/wp-json\/wp\/v2\/comments?post=26934"}],"version-history":[{"count":1,"href":"https:\/\/www.cm-evora.pt\/en\/wp-json\/wp\/v2\/posts\/26934\/revisions"}],"predecessor-version":[{"id":26941,"href":"https:\/\/www.cm-evora.pt\/en\/wp-json\/wp\/v2\/posts\/26934\/revisions\/26941"}],"wp:featuredmedia":[{"embeddable":true,"href":"https:\/\/www.cm-evora.pt\/en\/wp-json\/wp\/v2\/media\/26936"}],"wp:attachment":[{"href":"https:\/\/www.cm-evora.pt\/en\/wp-json\/wp\/v2\/media?parent=26934"}],"wp:term":[{"taxonomy":"category","embeddable":true,"href":"https:\/\/www.cm-evora.pt\/en\/wp-json\/wp\/v2\/categories?post=26934"},{"taxonomy":"post_tag","embeddable":true,"href":"https:\/\/www.cm-evora.pt\/en\/wp-json\/wp\/v2\/tags?post=26934"}],"curies":[{"name":"wp","href":"https:\/\/api.w.org\/{rel}","templated":true}]}}