{"id":27284,"date":"2021-10-04T11:47:52","date_gmt":"2021-10-04T10:47:52","guid":{"rendered":"https:\/\/www.cm-evora.pt\/?p=27284"},"modified":"2021-10-06T09:39:39","modified_gmt":"2021-10-06T08:39:39","slug":"camara-municipal-reforca-seguranca-na-circulacao-pedonal","status":"publish","type":"post","link":"https:\/\/www.cm-evora.pt\/en\/camara-municipal-reforca-seguranca-na-circulacao-pedonal\/","title":{"rendered":"(Portugu\u00eas) C\u00c2MARA MUNICIPAL REFOR\u00c7A SEGURAN\u00c7A NA CIRCULA\u00c7\u00c3O PEDONAL"},"content":{"rendered":"<p class=\"qtranxs-available-languages-message qtranxs-available-languages-message-en\">Sorry, this entry is only available in <a href=\"https:\/\/www.cm-evora.pt\/pt\/wp-json\/wp\/v2\/posts\/27284\" class=\"qtranxs-available-language-link qtranxs-available-language-link-pt\" title=\"Portugu\u00eas\">Portugu\u00eas<\/a>.<\/p><p><\/p>\n<div dir=\"auto\">Atrav\u00e9s da instala\u00e7\u00e3o de pilaretes, a C\u00e2mara Municipal de \u00c9vora refor\u00e7ou a prote\u00e7\u00e3o dos pe\u00f5es que atravessam a rua do Raimundo junto \u00e0 muralha.<\/div>\n<div dir=\"auto\">Os novos pilaretes, constru\u00eddos em material flex\u00edvel para evitar danos em viaturas, vieram criar um corredor de seguran\u00e7a que permite aos pe\u00f5es ter mais visibilidade ao iniciar o atravessamento da rua.<\/div>\n<div dir=\"auto\">Esta iniciativa, realizada na sequ\u00eancia de outras recentemente conclu\u00eddas de nivelamento de passadeiras, constru\u00e7\u00e3o de corredores de circula\u00e7\u00e3o pedonal e rebaixamento de passeios, representa mais uma etapa no cumprimento do objetivo do Munic\u00edpio de tornar o Centro Hist\u00f3rico de \u00c9vora mais seguro e atrativo para a circula\u00e7\u00e3o pedonal.<\/div>\n<div dir=\"auto\">\n\n\t\t<style type=\"text\/css\">\n\t\t\t#gallery-1 {\n\t\t\t\tmargin: auto;\n\t\t\t}\n\t\t\t#gallery-1 .gallery-item {\n\t\t\t\tfloat: left;\n\t\t\t\tmargin-top: 10px;\n\t\t\t\ttext-align: center;\n\t\t\t\twidth: 50%;\n\t\t\t}\n\t\t\t#gallery-1 img {\n\t\t\t\tborder: 2px solid #cfcfcf;\n\t\t\t}\n\t\t\t#gallery-1 .gallery-caption {\n\t\t\t\tmargin-left: 0;\n\t\t\t}\n\t\t\t\/* see gallery_shortcode() in wp-includes\/media.php *\/\n\t\t<\/style>\n\t\t<div id='gallery-1' class='gallery galleryid-27284 gallery-columns-2 gallery-size-full'><dl class='gallery-item'>\n\t\t\t<dt class='gallery-icon landscape'>\n\t\t\t\t<a href='https:\/\/www.cm-evora.pt\/wp-content\/uploads\/2021\/10\/CMEreforcaSegCircPedonal_01.jpeg'><img loading=\"lazy\" decoding=\"async\" width=\"1920\" height=\"1280\" src=\"https:\/\/www.cm-evora.pt\/wp-content\/uploads\/2021\/10\/CMEreforcaSegCircPedonal_01.jpeg\" class=\"attachment-full size-full\" alt=\"\" srcset=\"https:\/\/www.cm-evora.pt\/wp-content\/uploads\/2021\/10\/CMEreforcaSegCircPedonal_01.jpeg 1920w, https:\/\/www.cm-evora.pt\/wp-content\/uploads\/2021\/10\/CMEreforcaSegCircPedonal_01-300x200.jpeg 300w, https:\/\/www.cm-evora.pt\/wp-content\/uploads\/2021\/10\/CMEreforcaSegCircPedonal_01-1024x683.jpeg 1024w, https:\/\/www.cm-evora.pt\/wp-content\/uploads\/2021\/10\/CMEreforcaSegCircPedonal_01-768x512.jpeg 768w, https:\/\/www.cm-evora.pt\/wp-content\/uploads\/2021\/10\/CMEreforcaSegCircPedonal_01-1536x1024.jpeg 1536w, https:\/\/www.cm-evora.pt\/wp-content\/uploads\/2021\/10\/CMEreforcaSegCircPedonal_01-1320x880.jpeg 1320w\" sizes=\"auto, (max-width: 1920px) 100vw, 1920px\" \/><\/a>\n\t\t\t<\/dt><\/dl><dl class='gallery-item'>\n\t\t\t<dt class='gallery-icon landscape'>\n\t\t\t\t<a href='https:\/\/www.cm-evora.pt\/wp-content\/uploads\/2021\/10\/CMEreforcaSegCircPedonal_02.jpeg'><img loading=\"lazy\" decoding=\"async\" width=\"1920\" height=\"1258\" src=\"https:\/\/www.cm-evora.pt\/wp-content\/uploads\/2021\/10\/CMEreforcaSegCircPedonal_02.jpeg\" class=\"attachment-full size-full\" alt=\"\" srcset=\"https:\/\/www.cm-evora.pt\/wp-content\/uploads\/2021\/10\/CMEreforcaSegCircPedonal_02.jpeg 1920w, https:\/\/www.cm-evora.pt\/wp-content\/uploads\/2021\/10\/CMEreforcaSegCircPedonal_02-300x197.jpeg 300w, https:\/\/www.cm-evora.pt\/wp-content\/uploads\/2021\/10\/CMEreforcaSegCircPedonal_02-1024x671.jpeg 1024w, https:\/\/www.cm-evora.pt\/wp-content\/uploads\/2021\/10\/CMEreforcaSegCircPedonal_02-768x503.jpeg 768w, https:\/\/www.cm-evora.pt\/wp-content\/uploads\/2021\/10\/CMEreforcaSegCircPedonal_02-1536x1006.jpeg 1536w, https:\/\/www.cm-evora.pt\/wp-content\/uploads\/2021\/10\/CMEreforcaSegCircPedonal_02-1320x865.jpeg 1320w\" sizes=\"auto, (max-width: 1920px) 100vw, 1920px\" \/><\/a>\n\t\t\t<\/dt><\/dl><br style=\"clear: both\" \/>\n\t\t<\/div>\n\n<\/div>\n<p><\/p>","protected":false},"excerpt":{"rendered":"<p>Sorry, this entry is only available in Portugu\u00eas. Atrav\u00e9s da instala\u00e7\u00e3o de pilaretes, a C\u00e2mara Municipal de \u00c9vora refor\u00e7ou a prote\u00e7\u00e3o dos pe\u00f5es que atravessam a rua do Raimundo junto \u00e0 muralha. Os novos pilaretes, constru\u00eddos em material flex\u00edvel para evitar danos em viaturas, vieram criar um corredor de seguran\u00e7a que permite aos pe\u00f5es ter [&hellip;]<\/p>\n","protected":false},"author":45,"featured_media":27286,"comment_status":"closed","ping_status":"closed","sticky":false,"template":"","format":"standard","meta":{"_acf_changed":false,"footnotes":""},"categories":[2110],"tags":[],"class_list":["post-27284","post","type-post","status-publish","format-standard","has-post-thumbnail","hentry","category-noticias"],"acf":{"imagens":"","destaq_image":27286,"titulo_docs_seccao":"","documentos":""},"_links":{"self":[{"href":"https:\/\/www.cm-evora.pt\/en\/wp-json\/wp\/v2\/posts\/27284","targetHints":{"allow":["GET"]}}],"collection":[{"href":"https:\/\/www.cm-evora.pt\/en\/wp-json\/wp\/v2\/posts"}],"about":[{"href":"https:\/\/www.cm-evora.pt\/en\/wp-json\/wp\/v2\/types\/post"}],"author":[{"embeddable":true,"href":"https:\/\/www.cm-evora.pt\/en\/wp-json\/wp\/v2\/users\/45"}],"replies":[{"embeddable":true,"href":"https:\/\/www.cm-evora.pt\/en\/wp-json\/wp\/v2\/comments?post=27284"}],"version-history":[{"count":1,"href":"https:\/\/www.cm-evora.pt\/en\/wp-json\/wp\/v2\/posts\/27284\/revisions"}],"predecessor-version":[{"id":27288,"href":"https:\/\/www.cm-evora.pt\/en\/wp-json\/wp\/v2\/posts\/27284\/revisions\/27288"}],"wp:featuredmedia":[{"embeddable":true,"href":"https:\/\/www.cm-evora.pt\/en\/wp-json\/wp\/v2\/media\/27286"}],"wp:attachment":[{"href":"https:\/\/www.cm-evora.pt\/en\/wp-json\/wp\/v2\/media?parent=27284"}],"wp:term":[{"taxonomy":"category","embeddable":true,"href":"https:\/\/www.cm-evora.pt\/en\/wp-json\/wp\/v2\/categories?post=27284"},{"taxonomy":"post_tag","embeddable":true,"href":"https:\/\/www.cm-evora.pt\/en\/wp-json\/wp\/v2\/tags?post=27284"}],"curies":[{"name":"wp","href":"https:\/\/api.w.org\/{rel}","templated":true}]}}