{"id":27335,"date":"2021-10-06T16:22:37","date_gmt":"2021-10-06T15:22:37","guid":{"rendered":"https:\/\/www.cm-evora.pt\/?p=27335"},"modified":"2021-10-07T11:41:23","modified_gmt":"2021-10-07T10:41:23","slug":"com-as-maos-se-faz-a-paz-projeto-criativo-da-escola-secundaria-gabriel-pereira-culmina-em-exposicao-de-ceramica","status":"publish","type":"post","link":"https:\/\/www.cm-evora.pt\/en\/com-as-maos-se-faz-a-paz-projeto-criativo-da-escola-secundaria-gabriel-pereira-culmina-em-exposicao-de-ceramica\/","title":{"rendered":"(Portugu\u00eas) &#8221;Com as M\u00e3os se Faz a Paz&#8221; &#8211; Projeto Criativo da Escola Secund\u00e1ria Gabriel Pereira Culmina em Exposi\u00e7\u00e3o de Cer\u00e2mica"},"content":{"rendered":"<p class=\"qtranxs-available-languages-message qtranxs-available-languages-message-en\">Sorry, this entry is only available in <a href=\"https:\/\/www.cm-evora.pt\/pt\/wp-json\/wp\/v2\/posts\/27335\" class=\"qtranxs-available-language-link qtranxs-available-language-link-pt\" title=\"Portugu\u00eas\">Portugu\u00eas<\/a>.<\/p><p><strong>Em articula\u00e7\u00e3o com a exposi\u00e7\u00e3o \u201cOs Bombardeamentos At\u00f3micos de Hiroshima e Nagasaki\u201d promovida pela C\u00e2mara Municipal de \u00c9vora no \u00e2mbito da organiza\u00e7\u00e3o \u201cMayors for Peace\u201d, associada ao Dia Internacional da Paz que se comemorou a 21 de setembro, foi inaugurada na Escola Secund\u00e1ria Gabriel Pereira (ESGP), no passado dia 4 de outubro, a exposi\u00e7\u00e3o de pe\u00e7as de cer\u00e2mica \u201cCom as m\u00e3os se faz a paz\u201d.<\/strong><\/p>\n<p>A exposi\u00e7\u00e3o resultou de um projeto promovido pelo Agrupamento de Escolas Gabriel Pereira, que envolveu, para al\u00e9m de alunos e professores, tamb\u00e9m artes\u00e3os de olaria de Redondo. Em torno da Paz, e adotando a figura da pomba e de outros s\u00edmbolos associados ao mesmo tema, foram apresentados trabalhos executados em materiais cer\u00e2micos: azulejos e pe\u00e7as escult\u00f3ricas trabalhadas manualmente e com utiliza\u00e7\u00e3o de torno de oleiro.<\/p>\n<p>Na cerim\u00f3nia de inaugura\u00e7\u00e3o, que decorreu no local com a presen\u00e7a do Vereador Alexandre Varela em representa\u00e7\u00e3o da C\u00e2mara Municipal de \u00c9vora, do Diretor do Agrupamento ESGP, professor Fernando Farinha Martins, de diversos professores ligados ao projeto, e tamb\u00e9m do mestre oleiro Chico Tarefa, foi real\u00e7ada pelos intervenientes a import\u00e2ncia deste projeto como meio de produ\u00e7\u00e3o individual de experi\u00eancias de cria\u00e7\u00e3o art\u00edstica, permitindo aos jovens e aos adultos refletir neste tema, em que os valores \u00e9ticos e morais associados \u00e0 paz no mundo assumem uma import\u00e2ncia crescente num contexto em que a n\u00edvel global se intensificam os conflitos entre povos e na\u00e7\u00f5es.<\/p>\n<p>A C\u00e2mara Municipal de \u00c9vora apoiou a iniciativa atrav\u00e9s da aquisi\u00e7\u00e3o de alguns materiais necess\u00e1rios \u00e0s atividades e no transporte para uma visita de Estudo ao Museu de Cer\u00e2mica e \u00e0s Olarias de Redondo.<\/p>\n<p>A exposi\u00e7\u00e3o \u201cOs Bombardeamentos At\u00f3micos de Hiroshima e Nagasaki\u201d, que atualmente se encontra na Escola Gabriel Pereira, passou pela Escola Secund\u00e1ria Andr\u00e9 de Gouveia, onde estar\u00e1 patente at\u00e9 18 de outubro, seguindo depois para a Escola Secund\u00e1ria Severim de Faria. Associada a esta exposi\u00e7\u00e3o encontra-se uma banca de recolha de assinaturas para uma peti\u00e7\u00e3o contra a prolifera\u00e7\u00e3o de armas nucleares. Esta peti\u00e7\u00e3o no final ser\u00e1 enviada para Hiroshima, cidade onde se localiza a sede da organiza\u00e7\u00e3o \u201cMayors For Peace\u201d, da qual a C\u00e2mara Municipal de \u00c9vora faz parte desde o ano de 2007.<\/p>\n<p>\n\t\t<style type=\"text\/css\">\n\t\t\t#gallery-1 {\n\t\t\t\tmargin: auto;\n\t\t\t}\n\t\t\t#gallery-1 .gallery-item {\n\t\t\t\tfloat: left;\n\t\t\t\tmargin-top: 10px;\n\t\t\t\ttext-align: center;\n\t\t\t\twidth: 33%;\n\t\t\t}\n\t\t\t#gallery-1 img {\n\t\t\t\tborder: 2px solid #cfcfcf;\n\t\t\t}\n\t\t\t#gallery-1 .gallery-caption {\n\t\t\t\tmargin-left: 0;\n\t\t\t}\n\t\t\t\/* see gallery_shortcode() in wp-includes\/media.php *\/\n\t\t<\/style>\n\t\t<div id='gallery-1' class='gallery galleryid-27335 gallery-columns-3 gallery-size-full'><dl class='gallery-item'>\n\t\t\t<dt class='gallery-icon landscape'>\n\t\t\t\t<a href='https:\/\/www.cm-evora.pt\/wp-content\/uploads\/2021\/10\/2021_10_04_Exposicao-Paz-ESGP-4.jpg'><img loading=\"lazy\" decoding=\"async\" width=\"1920\" height=\"1293\" src=\"https:\/\/www.cm-evora.pt\/wp-content\/uploads\/2021\/10\/2021_10_04_Exposicao-Paz-ESGP-4.jpg\" class=\"attachment-full size-full\" alt=\"\" srcset=\"https:\/\/www.cm-evora.pt\/wp-content\/uploads\/2021\/10\/2021_10_04_Exposicao-Paz-ESGP-4.jpg 1920w, https:\/\/www.cm-evora.pt\/wp-content\/uploads\/2021\/10\/2021_10_04_Exposicao-Paz-ESGP-4-300x202.jpg 300w, https:\/\/www.cm-evora.pt\/wp-content\/uploads\/2021\/10\/2021_10_04_Exposicao-Paz-ESGP-4-1024x690.jpg 1024w, https:\/\/www.cm-evora.pt\/wp-content\/uploads\/2021\/10\/2021_10_04_Exposicao-Paz-ESGP-4-768x517.jpg 768w, https:\/\/www.cm-evora.pt\/wp-content\/uploads\/2021\/10\/2021_10_04_Exposicao-Paz-ESGP-4-1536x1034.jpg 1536w, https:\/\/www.cm-evora.pt\/wp-content\/uploads\/2021\/10\/2021_10_04_Exposicao-Paz-ESGP-4-1320x889.jpg 1320w\" sizes=\"auto, (max-width: 1920px) 100vw, 1920px\" \/><\/a>\n\t\t\t<\/dt><\/dl><dl class='gallery-item'>\n\t\t\t<dt class='gallery-icon landscape'>\n\t\t\t\t<a href='https:\/\/www.cm-evora.pt\/wp-content\/uploads\/2021\/10\/2021_10_04_Exposicao-Paz-ESGP-2.jpg'><img loading=\"lazy\" decoding=\"async\" width=\"1920\" height=\"1327\" src=\"https:\/\/www.cm-evora.pt\/wp-content\/uploads\/2021\/10\/2021_10_04_Exposicao-Paz-ESGP-2.jpg\" class=\"attachment-full size-full\" alt=\"\" srcset=\"https:\/\/www.cm-evora.pt\/wp-content\/uploads\/2021\/10\/2021_10_04_Exposicao-Paz-ESGP-2.jpg 1920w, https:\/\/www.cm-evora.pt\/wp-content\/uploads\/2021\/10\/2021_10_04_Exposicao-Paz-ESGP-2-300x207.jpg 300w, https:\/\/www.cm-evora.pt\/wp-content\/uploads\/2021\/10\/2021_10_04_Exposicao-Paz-ESGP-2-1024x708.jpg 1024w, https:\/\/www.cm-evora.pt\/wp-content\/uploads\/2021\/10\/2021_10_04_Exposicao-Paz-ESGP-2-768x531.jpg 768w, https:\/\/www.cm-evora.pt\/wp-content\/uploads\/2021\/10\/2021_10_04_Exposicao-Paz-ESGP-2-1536x1062.jpg 1536w, https:\/\/www.cm-evora.pt\/wp-content\/uploads\/2021\/10\/2021_10_04_Exposicao-Paz-ESGP-2-1320x912.jpg 1320w\" sizes=\"auto, (max-width: 1920px) 100vw, 1920px\" \/><\/a>\n\t\t\t<\/dt><\/dl><dl class='gallery-item'>\n\t\t\t<dt class='gallery-icon landscape'>\n\t\t\t\t<a href='https:\/\/www.cm-evora.pt\/wp-content\/uploads\/2021\/10\/2021_10_04_Exposicao-Paz-ESGP.jpg'><img loading=\"lazy\" decoding=\"async\" width=\"1920\" height=\"1280\" src=\"https:\/\/www.cm-evora.pt\/wp-content\/uploads\/2021\/10\/2021_10_04_Exposicao-Paz-ESGP.jpg\" class=\"attachment-full size-full\" alt=\"\" srcset=\"https:\/\/www.cm-evora.pt\/wp-content\/uploads\/2021\/10\/2021_10_04_Exposicao-Paz-ESGP.jpg 1920w, https:\/\/www.cm-evora.pt\/wp-content\/uploads\/2021\/10\/2021_10_04_Exposicao-Paz-ESGP-300x200.jpg 300w, https:\/\/www.cm-evora.pt\/wp-content\/uploads\/2021\/10\/2021_10_04_Exposicao-Paz-ESGP-1024x683.jpg 1024w, https:\/\/www.cm-evora.pt\/wp-content\/uploads\/2021\/10\/2021_10_04_Exposicao-Paz-ESGP-768x512.jpg 768w, https:\/\/www.cm-evora.pt\/wp-content\/uploads\/2021\/10\/2021_10_04_Exposicao-Paz-ESGP-1536x1024.jpg 1536w, https:\/\/www.cm-evora.pt\/wp-content\/uploads\/2021\/10\/2021_10_04_Exposicao-Paz-ESGP-1320x880.jpg 1320w\" sizes=\"auto, (max-width: 1920px) 100vw, 1920px\" \/><\/a>\n\t\t\t<\/dt><\/dl><br style=\"clear: both\" \/><dl class='gallery-item'>\n\t\t\t<dt class='gallery-icon landscape'>\n\t\t\t\t<a href='https:\/\/www.cm-evora.pt\/wp-content\/uploads\/2021\/10\/2021_10_04_Exposicao-Paz-ESGP-3.jpg'><img loading=\"lazy\" decoding=\"async\" width=\"1919\" height=\"1221\" src=\"https:\/\/www.cm-evora.pt\/wp-content\/uploads\/2021\/10\/2021_10_04_Exposicao-Paz-ESGP-3.jpg\" class=\"attachment-full size-full\" alt=\"\" srcset=\"https:\/\/www.cm-evora.pt\/wp-content\/uploads\/2021\/10\/2021_10_04_Exposicao-Paz-ESGP-3.jpg 1919w, https:\/\/www.cm-evora.pt\/wp-content\/uploads\/2021\/10\/2021_10_04_Exposicao-Paz-ESGP-3-300x191.jpg 300w, https:\/\/www.cm-evora.pt\/wp-content\/uploads\/2021\/10\/2021_10_04_Exposicao-Paz-ESGP-3-1024x652.jpg 1024w, https:\/\/www.cm-evora.pt\/wp-content\/uploads\/2021\/10\/2021_10_04_Exposicao-Paz-ESGP-3-768x489.jpg 768w, https:\/\/www.cm-evora.pt\/wp-content\/uploads\/2021\/10\/2021_10_04_Exposicao-Paz-ESGP-3-1536x977.jpg 1536w, https:\/\/www.cm-evora.pt\/wp-content\/uploads\/2021\/10\/2021_10_04_Exposicao-Paz-ESGP-3-1320x840.jpg 1320w\" sizes=\"auto, (max-width: 1919px) 100vw, 1919px\" \/><\/a>\n\t\t\t<\/dt><\/dl><dl class='gallery-item'>\n\t\t\t<dt class='gallery-icon landscape'>\n\t\t\t\t<a href='https:\/\/www.cm-evora.pt\/wp-content\/uploads\/2021\/10\/2021_10_04_Exposicao-Paz-ESGP-5.jpg'><img loading=\"lazy\" decoding=\"async\" width=\"1920\" height=\"1280\" src=\"https:\/\/www.cm-evora.pt\/wp-content\/uploads\/2021\/10\/2021_10_04_Exposicao-Paz-ESGP-5.jpg\" class=\"attachment-full size-full\" alt=\"\" srcset=\"https:\/\/www.cm-evora.pt\/wp-content\/uploads\/2021\/10\/2021_10_04_Exposicao-Paz-ESGP-5.jpg 1920w, https:\/\/www.cm-evora.pt\/wp-content\/uploads\/2021\/10\/2021_10_04_Exposicao-Paz-ESGP-5-300x200.jpg 300w, https:\/\/www.cm-evora.pt\/wp-content\/uploads\/2021\/10\/2021_10_04_Exposicao-Paz-ESGP-5-1024x683.jpg 1024w, https:\/\/www.cm-evora.pt\/wp-content\/uploads\/2021\/10\/2021_10_04_Exposicao-Paz-ESGP-5-768x512.jpg 768w, https:\/\/www.cm-evora.pt\/wp-content\/uploads\/2021\/10\/2021_10_04_Exposicao-Paz-ESGP-5-1536x1024.jpg 1536w, https:\/\/www.cm-evora.pt\/wp-content\/uploads\/2021\/10\/2021_10_04_Exposicao-Paz-ESGP-5-1320x880.jpg 1320w\" sizes=\"auto, (max-width: 1920px) 100vw, 1920px\" \/><\/a>\n\t\t\t<\/dt><\/dl><dl class='gallery-item'>\n\t\t\t<dt class='gallery-icon landscape'>\n\t\t\t\t<a href='https:\/\/www.cm-evora.pt\/wp-content\/uploads\/2021\/10\/2021_10_04_Exposicao-Paz-ESGP-6.jpg'><img loading=\"lazy\" decoding=\"async\" width=\"1920\" height=\"1280\" src=\"https:\/\/www.cm-evora.pt\/wp-content\/uploads\/2021\/10\/2021_10_04_Exposicao-Paz-ESGP-6.jpg\" class=\"attachment-full size-full\" alt=\"\" srcset=\"https:\/\/www.cm-evora.pt\/wp-content\/uploads\/2021\/10\/2021_10_04_Exposicao-Paz-ESGP-6.jpg 1920w, https:\/\/www.cm-evora.pt\/wp-content\/uploads\/2021\/10\/2021_10_04_Exposicao-Paz-ESGP-6-300x200.jpg 300w, https:\/\/www.cm-evora.pt\/wp-content\/uploads\/2021\/10\/2021_10_04_Exposicao-Paz-ESGP-6-1024x683.jpg 1024w, https:\/\/www.cm-evora.pt\/wp-content\/uploads\/2021\/10\/2021_10_04_Exposicao-Paz-ESGP-6-768x512.jpg 768w, https:\/\/www.cm-evora.pt\/wp-content\/uploads\/2021\/10\/2021_10_04_Exposicao-Paz-ESGP-6-1536x1024.jpg 1536w, https:\/\/www.cm-evora.pt\/wp-content\/uploads\/2021\/10\/2021_10_04_Exposicao-Paz-ESGP-6-1320x880.jpg 1320w\" sizes=\"auto, (max-width: 1920px) 100vw, 1920px\" \/><\/a>\n\t\t\t<\/dt><\/dl><br style=\"clear: both\" \/><dl class='gallery-item'>\n\t\t\t<dt class='gallery-icon landscape'>\n\t\t\t\t<a href='https:\/\/www.cm-evora.pt\/wp-content\/uploads\/2021\/10\/2021_10_04_Exposicao-Paz-ESGP-7.jpg'><img loading=\"lazy\" decoding=\"async\" width=\"1920\" height=\"1280\" src=\"https:\/\/www.cm-evora.pt\/wp-content\/uploads\/2021\/10\/2021_10_04_Exposicao-Paz-ESGP-7.jpg\" class=\"attachment-full size-full\" alt=\"\" srcset=\"https:\/\/www.cm-evora.pt\/wp-content\/uploads\/2021\/10\/2021_10_04_Exposicao-Paz-ESGP-7.jpg 1920w, https:\/\/www.cm-evora.pt\/wp-content\/uploads\/2021\/10\/2021_10_04_Exposicao-Paz-ESGP-7-300x200.jpg 300w, https:\/\/www.cm-evora.pt\/wp-content\/uploads\/2021\/10\/2021_10_04_Exposicao-Paz-ESGP-7-1024x683.jpg 1024w, https:\/\/www.cm-evora.pt\/wp-content\/uploads\/2021\/10\/2021_10_04_Exposicao-Paz-ESGP-7-768x512.jpg 768w, https:\/\/www.cm-evora.pt\/wp-content\/uploads\/2021\/10\/2021_10_04_Exposicao-Paz-ESGP-7-1536x1024.jpg 1536w, https:\/\/www.cm-evora.pt\/wp-content\/uploads\/2021\/10\/2021_10_04_Exposicao-Paz-ESGP-7-1320x880.jpg 1320w\" sizes=\"auto, (max-width: 1920px) 100vw, 1920px\" \/><\/a>\n\t\t\t<\/dt><\/dl><dl class='gallery-item'>\n\t\t\t<dt class='gallery-icon landscape'>\n\t\t\t\t<a href='https:\/\/www.cm-evora.pt\/wp-content\/uploads\/2021\/10\/2021_10_04_Exposicao-Paz-ESGP-8.jpg'><img loading=\"lazy\" decoding=\"async\" width=\"1920\" height=\"1269\" src=\"https:\/\/www.cm-evora.pt\/wp-content\/uploads\/2021\/10\/2021_10_04_Exposicao-Paz-ESGP-8.jpg\" class=\"attachment-full size-full\" alt=\"\" srcset=\"https:\/\/www.cm-evora.pt\/wp-content\/uploads\/2021\/10\/2021_10_04_Exposicao-Paz-ESGP-8.jpg 1920w, https:\/\/www.cm-evora.pt\/wp-content\/uploads\/2021\/10\/2021_10_04_Exposicao-Paz-ESGP-8-300x198.jpg 300w, https:\/\/www.cm-evora.pt\/wp-content\/uploads\/2021\/10\/2021_10_04_Exposicao-Paz-ESGP-8-1024x677.jpg 1024w, https:\/\/www.cm-evora.pt\/wp-content\/uploads\/2021\/10\/2021_10_04_Exposicao-Paz-ESGP-8-768x508.jpg 768w, https:\/\/www.cm-evora.pt\/wp-content\/uploads\/2021\/10\/2021_10_04_Exposicao-Paz-ESGP-8-1536x1015.jpg 1536w, https:\/\/www.cm-evora.pt\/wp-content\/uploads\/2021\/10\/2021_10_04_Exposicao-Paz-ESGP-8-1320x872.jpg 1320w\" sizes=\"auto, (max-width: 1920px) 100vw, 1920px\" \/><\/a>\n\t\t\t<\/dt><\/dl><dl class='gallery-item'>\n\t\t\t<dt class='gallery-icon landscape'>\n\t\t\t\t<a href='https:\/\/www.cm-evora.pt\/wp-content\/uploads\/2021\/10\/2021_10_04_Exposicao-Paz-ESGP-9.jpg'><img loading=\"lazy\" decoding=\"async\" width=\"1919\" height=\"1162\" src=\"https:\/\/www.cm-evora.pt\/wp-content\/uploads\/2021\/10\/2021_10_04_Exposicao-Paz-ESGP-9.jpg\" class=\"attachment-full size-full\" alt=\"\" srcset=\"https:\/\/www.cm-evora.pt\/wp-content\/uploads\/2021\/10\/2021_10_04_Exposicao-Paz-ESGP-9.jpg 1919w, https:\/\/www.cm-evora.pt\/wp-content\/uploads\/2021\/10\/2021_10_04_Exposicao-Paz-ESGP-9-300x182.jpg 300w, https:\/\/www.cm-evora.pt\/wp-content\/uploads\/2021\/10\/2021_10_04_Exposicao-Paz-ESGP-9-1024x620.jpg 1024w, https:\/\/www.cm-evora.pt\/wp-content\/uploads\/2021\/10\/2021_10_04_Exposicao-Paz-ESGP-9-768x465.jpg 768w, https:\/\/www.cm-evora.pt\/wp-content\/uploads\/2021\/10\/2021_10_04_Exposicao-Paz-ESGP-9-1536x930.jpg 1536w, https:\/\/www.cm-evora.pt\/wp-content\/uploads\/2021\/10\/2021_10_04_Exposicao-Paz-ESGP-9-1320x799.jpg 1320w\" sizes=\"auto, (max-width: 1919px) 100vw, 1919px\" \/><\/a>\n\t\t\t<\/dt><\/dl><br style=\"clear: both\" \/>\n\t\t<\/div>\n<\/p>","protected":false},"excerpt":{"rendered":"<p>Sorry, this entry is only available in Portugu\u00eas.Em articula\u00e7\u00e3o com a exposi\u00e7\u00e3o \u201cOs Bombardeamentos At\u00f3micos de Hiroshima e Nagasaki\u201d promovida pela C\u00e2mara Municipal de \u00c9vora no \u00e2mbito da organiza\u00e7\u00e3o \u201cMayors for Peace\u201d, associada ao Dia Internacional da Paz que se comemorou a 21 de setembro, foi inaugurada na Escola Secund\u00e1ria Gabriel Pereira (ESGP), no passado [&hellip;]<\/p>\n","protected":false},"author":37,"featured_media":27343,"comment_status":"closed","ping_status":"closed","sticky":false,"template":"","format":"standard","meta":{"_acf_changed":false,"footnotes":""},"categories":[2110],"tags":[],"class_list":["post-27335","post","type-post","status-publish","format-standard","has-post-thumbnail","hentry","category-noticias"],"acf":{"imagens":"","destaq_image":27343,"titulo_docs_seccao":"","documentos":""},"_links":{"self":[{"href":"https:\/\/www.cm-evora.pt\/en\/wp-json\/wp\/v2\/posts\/27335","targetHints":{"allow":["GET"]}}],"collection":[{"href":"https:\/\/www.cm-evora.pt\/en\/wp-json\/wp\/v2\/posts"}],"about":[{"href":"https:\/\/www.cm-evora.pt\/en\/wp-json\/wp\/v2\/types\/post"}],"author":[{"embeddable":true,"href":"https:\/\/www.cm-evora.pt\/en\/wp-json\/wp\/v2\/users\/37"}],"replies":[{"embeddable":true,"href":"https:\/\/www.cm-evora.pt\/en\/wp-json\/wp\/v2\/comments?post=27335"}],"version-history":[{"count":2,"href":"https:\/\/www.cm-evora.pt\/en\/wp-json\/wp\/v2\/posts\/27335\/revisions"}],"predecessor-version":[{"id":27372,"href":"https:\/\/www.cm-evora.pt\/en\/wp-json\/wp\/v2\/posts\/27335\/revisions\/27372"}],"wp:featuredmedia":[{"embeddable":true,"href":"https:\/\/www.cm-evora.pt\/en\/wp-json\/wp\/v2\/media\/27343"}],"wp:attachment":[{"href":"https:\/\/www.cm-evora.pt\/en\/wp-json\/wp\/v2\/media?parent=27335"}],"wp:term":[{"taxonomy":"category","embeddable":true,"href":"https:\/\/www.cm-evora.pt\/en\/wp-json\/wp\/v2\/categories?post=27335"},{"taxonomy":"post_tag","embeddable":true,"href":"https:\/\/www.cm-evora.pt\/en\/wp-json\/wp\/v2\/tags?post=27335"}],"curies":[{"name":"wp","href":"https:\/\/api.w.org\/{rel}","templated":true}]}}