{"id":27539,"date":"2021-10-11T16:37:52","date_gmt":"2021-10-11T15:37:52","guid":{"rendered":"https:\/\/www.cm-evora.pt\/?p=27539"},"modified":"2021-10-20T09:15:49","modified_gmt":"2021-10-20T08:15:49","slug":"22-encontro-internacional-de-arte-jovem-regressa-a-evora","status":"publish","type":"post","link":"https:\/\/www.cm-evora.pt\/en\/22-encontro-internacional-de-arte-jovem-regressa-a-evora\/","title":{"rendered":"(Portugu\u00eas) 22\u00b0 Encontro Internacional de Arte Jovem regressa a \u00c9vora"},"content":{"rendered":"<p class=\"qtranxs-available-languages-message qtranxs-available-languages-message-en\">Sorry, this entry is only available in <a href=\"https:\/\/www.cm-evora.pt\/pt\/wp-json\/wp\/v2\/posts\/27539\" class=\"qtranxs-available-language-link qtranxs-available-language-link-pt\" title=\"Portugu\u00eas\">Portugu\u00eas<\/a>.<\/p><p>Os participantes do 22\u00ba Encontro Internacional de Arte Jovem, da Eslov\u00e9nia e Rom\u00e9nia, foram recebidos hoje, no Sal\u00e3o Nobre dos Pa\u00e7os do Concelho, pelo Presidente da C\u00e2mara Municipal de \u00c9vora, Carlos Pinto de S\u00e1.<\/p>\n<p>Em representa\u00e7\u00e3o das escolas premiadas, um docente e dois alunos de cada uma participam num atelier aberto de uma semana em \u00c9vora que teve in\u00edcio no dia de hoje, 11 de outubro. Durante este per\u00edodo, os alunos, orientados pelos professores, desenham e pintam pelas ruas, expressando a sua criatividade tendo como tema a cidade de \u00c9vora.<\/p>\n<p>O projeto Encontro Internacional de Arte Jovem destina-se a crian\u00e7as e jovens de todo o mundo e tem como base um concurso aberto a alunos de escolas e centros de arte com idades entre os 7 e os 18 anos.<\/p>\n<p>Entre os grandes objetivos do Encontro real\u00e7amos a aproxima\u00e7\u00e3o e encontro de culturas, a dinamiza\u00e7\u00e3o art\u00edstica dos jovens, o interc\u00e2mbio de ideias, correntes e t\u00e9cnicas, a divulga\u00e7\u00e3o e dinamiza\u00e7\u00e3o, por este meio, da cidade de \u00c9vora e o envolver da popula\u00e7\u00e3o escolar de \u00c9vora num processo criativo.<\/p>\n<p>O Encontro \u00e9 organizado pela TEOARTIS, com mais de 38 anos de atividade, e com o apoio de entidades da cidade, com destaque para a C\u00e2mara Municipal de \u00c9vora, a Dire\u00e7\u00e3o Regional de Cultura do Alentejo, o Museu Nacional Frei Manuel do Cen\u00e1culo (Museu de \u00c9vora) e a Funda\u00e7\u00e3o Eug\u00e9nio de Almeida. As exposi\u00e7\u00f5es integradas no Encontro est\u00e3o patentes de 10 de outubro a 10 novembro, na Igreja de S. Vicente, Igreja do Salvador, Museu Nacional Frei Manuel do Cen\u00e1culo (Museu de \u00c9vora) e Teoartis Galeria.<\/p>\n<p>\n\t\t<style type=\"text\/css\">\n\t\t\t#gallery-1 {\n\t\t\t\tmargin: auto;\n\t\t\t}\n\t\t\t#gallery-1 .gallery-item {\n\t\t\t\tfloat: left;\n\t\t\t\tmargin-top: 10px;\n\t\t\t\ttext-align: center;\n\t\t\t\twidth: 50%;\n\t\t\t}\n\t\t\t#gallery-1 img {\n\t\t\t\tborder: 2px solid #cfcfcf;\n\t\t\t}\n\t\t\t#gallery-1 .gallery-caption {\n\t\t\t\tmargin-left: 0;\n\t\t\t}\n\t\t\t\/* see gallery_shortcode() in wp-includes\/media.php *\/\n\t\t<\/style>\n\t\t<div id='gallery-1' class='gallery galleryid-27539 gallery-columns-2 gallery-size-full'><dl class='gallery-item'>\n\t\t\t<dt class='gallery-icon landscape'>\n\t\t\t\t<a href='https:\/\/www.cm-evora.pt\/wp-content\/uploads\/2021\/10\/DSC_0102_site.jpg'><img loading=\"lazy\" decoding=\"async\" width=\"1920\" height=\"1280\" src=\"https:\/\/www.cm-evora.pt\/wp-content\/uploads\/2021\/10\/DSC_0102_site.jpg\" class=\"attachment-full size-full\" alt=\"\" srcset=\"https:\/\/www.cm-evora.pt\/wp-content\/uploads\/2021\/10\/DSC_0102_site.jpg 1920w, https:\/\/www.cm-evora.pt\/wp-content\/uploads\/2021\/10\/DSC_0102_site-300x200.jpg 300w, https:\/\/www.cm-evora.pt\/wp-content\/uploads\/2021\/10\/DSC_0102_site-1024x683.jpg 1024w, https:\/\/www.cm-evora.pt\/wp-content\/uploads\/2021\/10\/DSC_0102_site-768x512.jpg 768w, https:\/\/www.cm-evora.pt\/wp-content\/uploads\/2021\/10\/DSC_0102_site-1536x1024.jpg 1536w, https:\/\/www.cm-evora.pt\/wp-content\/uploads\/2021\/10\/DSC_0102_site-1320x880.jpg 1320w\" sizes=\"auto, (max-width: 1920px) 100vw, 1920px\" \/><\/a>\n\t\t\t<\/dt><\/dl><dl class='gallery-item'>\n\t\t\t<dt class='gallery-icon landscape'>\n\t\t\t\t<a href='https:\/\/www.cm-evora.pt\/wp-content\/uploads\/2021\/10\/DSC_0100_site.jpg'><img loading=\"lazy\" decoding=\"async\" width=\"1920\" height=\"1280\" src=\"https:\/\/www.cm-evora.pt\/wp-content\/uploads\/2021\/10\/DSC_0100_site.jpg\" class=\"attachment-full size-full\" alt=\"\" srcset=\"https:\/\/www.cm-evora.pt\/wp-content\/uploads\/2021\/10\/DSC_0100_site.jpg 1920w, https:\/\/www.cm-evora.pt\/wp-content\/uploads\/2021\/10\/DSC_0100_site-300x200.jpg 300w, https:\/\/www.cm-evora.pt\/wp-content\/uploads\/2021\/10\/DSC_0100_site-1024x683.jpg 1024w, https:\/\/www.cm-evora.pt\/wp-content\/uploads\/2021\/10\/DSC_0100_site-768x512.jpg 768w, https:\/\/www.cm-evora.pt\/wp-content\/uploads\/2021\/10\/DSC_0100_site-1536x1024.jpg 1536w, https:\/\/www.cm-evora.pt\/wp-content\/uploads\/2021\/10\/DSC_0100_site-1320x880.jpg 1320w\" sizes=\"auto, (max-width: 1920px) 100vw, 1920px\" \/><\/a>\n\t\t\t<\/dt><\/dl><br style=\"clear: both\" \/><dl class='gallery-item'>\n\t\t\t<dt class='gallery-icon landscape'>\n\t\t\t\t<a href='https:\/\/www.cm-evora.pt\/wp-content\/uploads\/2021\/10\/DSC_0082_site.jpg'><img loading=\"lazy\" decoding=\"async\" width=\"1920\" height=\"1280\" src=\"https:\/\/www.cm-evora.pt\/wp-content\/uploads\/2021\/10\/DSC_0082_site.jpg\" class=\"attachment-full size-full\" alt=\"\" srcset=\"https:\/\/www.cm-evora.pt\/wp-content\/uploads\/2021\/10\/DSC_0082_site.jpg 1920w, https:\/\/www.cm-evora.pt\/wp-content\/uploads\/2021\/10\/DSC_0082_site-300x200.jpg 300w, https:\/\/www.cm-evora.pt\/wp-content\/uploads\/2021\/10\/DSC_0082_site-1024x683.jpg 1024w, https:\/\/www.cm-evora.pt\/wp-content\/uploads\/2021\/10\/DSC_0082_site-768x512.jpg 768w, https:\/\/www.cm-evora.pt\/wp-content\/uploads\/2021\/10\/DSC_0082_site-1536x1024.jpg 1536w, https:\/\/www.cm-evora.pt\/wp-content\/uploads\/2021\/10\/DSC_0082_site-1320x880.jpg 1320w\" sizes=\"auto, (max-width: 1920px) 100vw, 1920px\" \/><\/a>\n\t\t\t<\/dt><\/dl><dl class='gallery-item'>\n\t\t\t<dt class='gallery-icon landscape'>\n\t\t\t\t<a href='https:\/\/www.cm-evora.pt\/wp-content\/uploads\/2021\/10\/2021_10_11_Monica-11.jpg'><img loading=\"lazy\" decoding=\"async\" width=\"1920\" height=\"1280\" src=\"https:\/\/www.cm-evora.pt\/wp-content\/uploads\/2021\/10\/2021_10_11_Monica-11.jpg\" class=\"attachment-full size-full\" alt=\"\" srcset=\"https:\/\/www.cm-evora.pt\/wp-content\/uploads\/2021\/10\/2021_10_11_Monica-11.jpg 1920w, https:\/\/www.cm-evora.pt\/wp-content\/uploads\/2021\/10\/2021_10_11_Monica-11-300x200.jpg 300w, https:\/\/www.cm-evora.pt\/wp-content\/uploads\/2021\/10\/2021_10_11_Monica-11-1024x683.jpg 1024w, https:\/\/www.cm-evora.pt\/wp-content\/uploads\/2021\/10\/2021_10_11_Monica-11-768x512.jpg 768w, https:\/\/www.cm-evora.pt\/wp-content\/uploads\/2021\/10\/2021_10_11_Monica-11-1536x1024.jpg 1536w, https:\/\/www.cm-evora.pt\/wp-content\/uploads\/2021\/10\/2021_10_11_Monica-11-1320x880.jpg 1320w\" sizes=\"auto, (max-width: 1920px) 100vw, 1920px\" \/><\/a>\n\t\t\t<\/dt><\/dl><br style=\"clear: both\" \/><dl class='gallery-item'>\n\t\t\t<dt class='gallery-icon landscape'>\n\t\t\t\t<a href='https:\/\/www.cm-evora.pt\/wp-content\/uploads\/2021\/10\/2021_10_11_Monica-9.jpg'><img loading=\"lazy\" decoding=\"async\" width=\"1920\" height=\"1280\" src=\"https:\/\/www.cm-evora.pt\/wp-content\/uploads\/2021\/10\/2021_10_11_Monica-9.jpg\" class=\"attachment-full size-full\" alt=\"\" srcset=\"https:\/\/www.cm-evora.pt\/wp-content\/uploads\/2021\/10\/2021_10_11_Monica-9.jpg 1920w, https:\/\/www.cm-evora.pt\/wp-content\/uploads\/2021\/10\/2021_10_11_Monica-9-300x200.jpg 300w, https:\/\/www.cm-evora.pt\/wp-content\/uploads\/2021\/10\/2021_10_11_Monica-9-1024x683.jpg 1024w, https:\/\/www.cm-evora.pt\/wp-content\/uploads\/2021\/10\/2021_10_11_Monica-9-768x512.jpg 768w, https:\/\/www.cm-evora.pt\/wp-content\/uploads\/2021\/10\/2021_10_11_Monica-9-1536x1024.jpg 1536w, https:\/\/www.cm-evora.pt\/wp-content\/uploads\/2021\/10\/2021_10_11_Monica-9-1320x880.jpg 1320w\" sizes=\"auto, (max-width: 1920px) 100vw, 1920px\" \/><\/a>\n\t\t\t<\/dt><\/dl><dl class='gallery-item'>\n\t\t\t<dt class='gallery-icon landscape'>\n\t\t\t\t<a href='https:\/\/www.cm-evora.pt\/wp-content\/uploads\/2021\/10\/2021_10_11_Monica-8.jpg'><img loading=\"lazy\" decoding=\"async\" width=\"1920\" height=\"1280\" src=\"https:\/\/www.cm-evora.pt\/wp-content\/uploads\/2021\/10\/2021_10_11_Monica-8.jpg\" class=\"attachment-full size-full\" alt=\"\" srcset=\"https:\/\/www.cm-evora.pt\/wp-content\/uploads\/2021\/10\/2021_10_11_Monica-8.jpg 1920w, https:\/\/www.cm-evora.pt\/wp-content\/uploads\/2021\/10\/2021_10_11_Monica-8-300x200.jpg 300w, https:\/\/www.cm-evora.pt\/wp-content\/uploads\/2021\/10\/2021_10_11_Monica-8-1024x683.jpg 1024w, https:\/\/www.cm-evora.pt\/wp-content\/uploads\/2021\/10\/2021_10_11_Monica-8-768x512.jpg 768w, https:\/\/www.cm-evora.pt\/wp-content\/uploads\/2021\/10\/2021_10_11_Monica-8-1536x1024.jpg 1536w, https:\/\/www.cm-evora.pt\/wp-content\/uploads\/2021\/10\/2021_10_11_Monica-8-1320x880.jpg 1320w\" sizes=\"auto, (max-width: 1920px) 100vw, 1920px\" \/><\/a>\n\t\t\t<\/dt><\/dl><br style=\"clear: both\" \/><dl class='gallery-item'>\n\t\t\t<dt class='gallery-icon landscape'>\n\t\t\t\t<a href='https:\/\/www.cm-evora.pt\/wp-content\/uploads\/2021\/10\/2021_10_11_Monica-3.jpg'><img loading=\"lazy\" decoding=\"async\" width=\"1920\" height=\"1280\" src=\"https:\/\/www.cm-evora.pt\/wp-content\/uploads\/2021\/10\/2021_10_11_Monica-3.jpg\" class=\"attachment-full size-full\" alt=\"\" srcset=\"https:\/\/www.cm-evora.pt\/wp-content\/uploads\/2021\/10\/2021_10_11_Monica-3.jpg 1920w, https:\/\/www.cm-evora.pt\/wp-content\/uploads\/2021\/10\/2021_10_11_Monica-3-300x200.jpg 300w, https:\/\/www.cm-evora.pt\/wp-content\/uploads\/2021\/10\/2021_10_11_Monica-3-1024x683.jpg 1024w, https:\/\/www.cm-evora.pt\/wp-content\/uploads\/2021\/10\/2021_10_11_Monica-3-768x512.jpg 768w, https:\/\/www.cm-evora.pt\/wp-content\/uploads\/2021\/10\/2021_10_11_Monica-3-1536x1024.jpg 1536w, https:\/\/www.cm-evora.pt\/wp-content\/uploads\/2021\/10\/2021_10_11_Monica-3-1320x880.jpg 1320w\" sizes=\"auto, (max-width: 1920px) 100vw, 1920px\" \/><\/a>\n\t\t\t<\/dt><\/dl><dl class='gallery-item'>\n\t\t\t<dt class='gallery-icon landscape'>\n\t\t\t\t<a href='https:\/\/www.cm-evora.pt\/wp-content\/uploads\/2021\/10\/2021_10_11_Monica-2.jpg'><img loading=\"lazy\" decoding=\"async\" width=\"1920\" height=\"1280\" src=\"https:\/\/www.cm-evora.pt\/wp-content\/uploads\/2021\/10\/2021_10_11_Monica-2.jpg\" class=\"attachment-full size-full\" alt=\"\" srcset=\"https:\/\/www.cm-evora.pt\/wp-content\/uploads\/2021\/10\/2021_10_11_Monica-2.jpg 1920w, https:\/\/www.cm-evora.pt\/wp-content\/uploads\/2021\/10\/2021_10_11_Monica-2-300x200.jpg 300w, https:\/\/www.cm-evora.pt\/wp-content\/uploads\/2021\/10\/2021_10_11_Monica-2-1024x683.jpg 1024w, https:\/\/www.cm-evora.pt\/wp-content\/uploads\/2021\/10\/2021_10_11_Monica-2-768x512.jpg 768w, https:\/\/www.cm-evora.pt\/wp-content\/uploads\/2021\/10\/2021_10_11_Monica-2-1536x1024.jpg 1536w, https:\/\/www.cm-evora.pt\/wp-content\/uploads\/2021\/10\/2021_10_11_Monica-2-1320x880.jpg 1320w\" sizes=\"auto, (max-width: 1920px) 100vw, 1920px\" \/><\/a>\n\t\t\t<\/dt><\/dl><br style=\"clear: both\" \/><dl class='gallery-item'>\n\t\t\t<dt class='gallery-icon landscape'>\n\t\t\t\t<a href='https:\/\/www.cm-evora.pt\/wp-content\/uploads\/2021\/10\/2021_10_11_Monica.jpg'><img loading=\"lazy\" decoding=\"async\" width=\"1920\" height=\"1280\" src=\"https:\/\/www.cm-evora.pt\/wp-content\/uploads\/2021\/10\/2021_10_11_Monica.jpg\" class=\"attachment-full size-full\" alt=\"\" srcset=\"https:\/\/www.cm-evora.pt\/wp-content\/uploads\/2021\/10\/2021_10_11_Monica.jpg 1920w, https:\/\/www.cm-evora.pt\/wp-content\/uploads\/2021\/10\/2021_10_11_Monica-300x200.jpg 300w, https:\/\/www.cm-evora.pt\/wp-content\/uploads\/2021\/10\/2021_10_11_Monica-1024x683.jpg 1024w, https:\/\/www.cm-evora.pt\/wp-content\/uploads\/2021\/10\/2021_10_11_Monica-768x512.jpg 768w, https:\/\/www.cm-evora.pt\/wp-content\/uploads\/2021\/10\/2021_10_11_Monica-1536x1024.jpg 1536w, https:\/\/www.cm-evora.pt\/wp-content\/uploads\/2021\/10\/2021_10_11_Monica-1320x880.jpg 1320w\" sizes=\"auto, (max-width: 1920px) 100vw, 1920px\" \/><\/a>\n\t\t\t<\/dt><\/dl><dl class='gallery-item'>\n\t\t\t<dt class='gallery-icon landscape'>\n\t\t\t\t<a href='https:\/\/www.cm-evora.pt\/wp-content\/uploads\/2021\/10\/2021_10_11_Monica-4.jpg'><img loading=\"lazy\" decoding=\"async\" width=\"1920\" height=\"1280\" src=\"https:\/\/www.cm-evora.pt\/wp-content\/uploads\/2021\/10\/2021_10_11_Monica-4.jpg\" class=\"attachment-full size-full\" alt=\"\" srcset=\"https:\/\/www.cm-evora.pt\/wp-content\/uploads\/2021\/10\/2021_10_11_Monica-4.jpg 1920w, https:\/\/www.cm-evora.pt\/wp-content\/uploads\/2021\/10\/2021_10_11_Monica-4-300x200.jpg 300w, https:\/\/www.cm-evora.pt\/wp-content\/uploads\/2021\/10\/2021_10_11_Monica-4-1024x683.jpg 1024w, https:\/\/www.cm-evora.pt\/wp-content\/uploads\/2021\/10\/2021_10_11_Monica-4-768x512.jpg 768w, https:\/\/www.cm-evora.pt\/wp-content\/uploads\/2021\/10\/2021_10_11_Monica-4-1536x1024.jpg 1536w, https:\/\/www.cm-evora.pt\/wp-content\/uploads\/2021\/10\/2021_10_11_Monica-4-1320x880.jpg 1320w\" sizes=\"auto, (max-width: 1920px) 100vw, 1920px\" \/><\/a>\n\t\t\t<\/dt><\/dl><br style=\"clear: both\" \/><dl class='gallery-item'>\n\t\t\t<dt class='gallery-icon landscape'>\n\t\t\t\t<a href='https:\/\/www.cm-evora.pt\/wp-content\/uploads\/2021\/10\/2021_10_11_Monica-5.jpg'><img loading=\"lazy\" decoding=\"async\" width=\"1920\" height=\"1280\" src=\"https:\/\/www.cm-evora.pt\/wp-content\/uploads\/2021\/10\/2021_10_11_Monica-5.jpg\" class=\"attachment-full size-full\" alt=\"\" srcset=\"https:\/\/www.cm-evora.pt\/wp-content\/uploads\/2021\/10\/2021_10_11_Monica-5.jpg 1920w, https:\/\/www.cm-evora.pt\/wp-content\/uploads\/2021\/10\/2021_10_11_Monica-5-300x200.jpg 300w, https:\/\/www.cm-evora.pt\/wp-content\/uploads\/2021\/10\/2021_10_11_Monica-5-1024x683.jpg 1024w, https:\/\/www.cm-evora.pt\/wp-content\/uploads\/2021\/10\/2021_10_11_Monica-5-768x512.jpg 768w, https:\/\/www.cm-evora.pt\/wp-content\/uploads\/2021\/10\/2021_10_11_Monica-5-1536x1024.jpg 1536w, https:\/\/www.cm-evora.pt\/wp-content\/uploads\/2021\/10\/2021_10_11_Monica-5-1320x880.jpg 1320w\" sizes=\"auto, (max-width: 1920px) 100vw, 1920px\" \/><\/a>\n\t\t\t<\/dt><\/dl><dl class='gallery-item'>\n\t\t\t<dt class='gallery-icon landscape'>\n\t\t\t\t<a href='https:\/\/www.cm-evora.pt\/wp-content\/uploads\/2021\/10\/2021_10_11_Monica-6.jpg'><img loading=\"lazy\" decoding=\"async\" width=\"1920\" height=\"1312\" src=\"https:\/\/www.cm-evora.pt\/wp-content\/uploads\/2021\/10\/2021_10_11_Monica-6.jpg\" class=\"attachment-full size-full\" alt=\"\" srcset=\"https:\/\/www.cm-evora.pt\/wp-content\/uploads\/2021\/10\/2021_10_11_Monica-6.jpg 1920w, https:\/\/www.cm-evora.pt\/wp-content\/uploads\/2021\/10\/2021_10_11_Monica-6-300x205.jpg 300w, https:\/\/www.cm-evora.pt\/wp-content\/uploads\/2021\/10\/2021_10_11_Monica-6-1024x700.jpg 1024w, https:\/\/www.cm-evora.pt\/wp-content\/uploads\/2021\/10\/2021_10_11_Monica-6-768x525.jpg 768w, https:\/\/www.cm-evora.pt\/wp-content\/uploads\/2021\/10\/2021_10_11_Monica-6-1536x1050.jpg 1536w, https:\/\/www.cm-evora.pt\/wp-content\/uploads\/2021\/10\/2021_10_11_Monica-6-1320x902.jpg 1320w\" sizes=\"auto, (max-width: 1920px) 100vw, 1920px\" \/><\/a>\n\t\t\t<\/dt><\/dl><br style=\"clear: both\" \/><dl class='gallery-item'>\n\t\t\t<dt class='gallery-icon landscape'>\n\t\t\t\t<a href='https:\/\/www.cm-evora.pt\/wp-content\/uploads\/2021\/10\/2021_10_11_Monica-7.jpg'><img loading=\"lazy\" decoding=\"async\" width=\"1920\" height=\"1280\" src=\"https:\/\/www.cm-evora.pt\/wp-content\/uploads\/2021\/10\/2021_10_11_Monica-7.jpg\" class=\"attachment-full size-full\" alt=\"\" srcset=\"https:\/\/www.cm-evora.pt\/wp-content\/uploads\/2021\/10\/2021_10_11_Monica-7.jpg 1920w, https:\/\/www.cm-evora.pt\/wp-content\/uploads\/2021\/10\/2021_10_11_Monica-7-300x200.jpg 300w, https:\/\/www.cm-evora.pt\/wp-content\/uploads\/2021\/10\/2021_10_11_Monica-7-1024x683.jpg 1024w, https:\/\/www.cm-evora.pt\/wp-content\/uploads\/2021\/10\/2021_10_11_Monica-7-768x512.jpg 768w, https:\/\/www.cm-evora.pt\/wp-content\/uploads\/2021\/10\/2021_10_11_Monica-7-1536x1024.jpg 1536w, https:\/\/www.cm-evora.pt\/wp-content\/uploads\/2021\/10\/2021_10_11_Monica-7-1320x880.jpg 1320w\" sizes=\"auto, (max-width: 1920px) 100vw, 1920px\" \/><\/a>\n\t\t\t<\/dt><\/dl><dl class='gallery-item'>\n\t\t\t<dt class='gallery-icon landscape'>\n\t\t\t\t<a href='https:\/\/www.cm-evora.pt\/wp-content\/uploads\/2021\/10\/DSC_0085_site.jpg'><img loading=\"lazy\" decoding=\"async\" width=\"1920\" height=\"1280\" src=\"https:\/\/www.cm-evora.pt\/wp-content\/uploads\/2021\/10\/DSC_0085_site.jpg\" class=\"attachment-full size-full\" alt=\"\" srcset=\"https:\/\/www.cm-evora.pt\/wp-content\/uploads\/2021\/10\/DSC_0085_site.jpg 1920w, https:\/\/www.cm-evora.pt\/wp-content\/uploads\/2021\/10\/DSC_0085_site-300x200.jpg 300w, https:\/\/www.cm-evora.pt\/wp-content\/uploads\/2021\/10\/DSC_0085_site-1024x683.jpg 1024w, https:\/\/www.cm-evora.pt\/wp-content\/uploads\/2021\/10\/DSC_0085_site-768x512.jpg 768w, https:\/\/www.cm-evora.pt\/wp-content\/uploads\/2021\/10\/DSC_0085_site-1536x1024.jpg 1536w, https:\/\/www.cm-evora.pt\/wp-content\/uploads\/2021\/10\/DSC_0085_site-1320x880.jpg 1320w\" sizes=\"auto, (max-width: 1920px) 100vw, 1920px\" \/><\/a>\n\t\t\t<\/dt><\/dl><br style=\"clear: both\" \/>\n\t\t<\/div>\n<\/p>","protected":false},"excerpt":{"rendered":"<p>Sorry, this entry is only available in Portugu\u00eas.Os participantes do 22\u00ba Encontro Internacional de Arte Jovem, da Eslov\u00e9nia e Rom\u00e9nia, foram recebidos hoje, no Sal\u00e3o Nobre dos Pa\u00e7os do Concelho, pelo Presidente da C\u00e2mara Municipal de \u00c9vora, Carlos Pinto de S\u00e1. Em representa\u00e7\u00e3o das escolas premiadas, um docente e dois alunos de cada uma participam [&hellip;]<\/p>\n","protected":false},"author":59,"featured_media":27563,"comment_status":"closed","ping_status":"closed","sticky":false,"template":"","format":"standard","meta":{"_acf_changed":false,"footnotes":""},"categories":[2110],"tags":[],"class_list":["post-27539","post","type-post","status-publish","format-standard","has-post-thumbnail","hentry","category-noticias"],"acf":{"imagens":"","destaq_image":27563,"titulo_docs_seccao":"","documentos":""},"_links":{"self":[{"href":"https:\/\/www.cm-evora.pt\/en\/wp-json\/wp\/v2\/posts\/27539","targetHints":{"allow":["GET"]}}],"collection":[{"href":"https:\/\/www.cm-evora.pt\/en\/wp-json\/wp\/v2\/posts"}],"about":[{"href":"https:\/\/www.cm-evora.pt\/en\/wp-json\/wp\/v2\/types\/post"}],"author":[{"embeddable":true,"href":"https:\/\/www.cm-evora.pt\/en\/wp-json\/wp\/v2\/users\/59"}],"replies":[{"embeddable":true,"href":"https:\/\/www.cm-evora.pt\/en\/wp-json\/wp\/v2\/comments?post=27539"}],"version-history":[{"count":3,"href":"https:\/\/www.cm-evora.pt\/en\/wp-json\/wp\/v2\/posts\/27539\/revisions"}],"predecessor-version":[{"id":27564,"href":"https:\/\/www.cm-evora.pt\/en\/wp-json\/wp\/v2\/posts\/27539\/revisions\/27564"}],"wp:featuredmedia":[{"embeddable":true,"href":"https:\/\/www.cm-evora.pt\/en\/wp-json\/wp\/v2\/media\/27563"}],"wp:attachment":[{"href":"https:\/\/www.cm-evora.pt\/en\/wp-json\/wp\/v2\/media?parent=27539"}],"wp:term":[{"taxonomy":"category","embeddable":true,"href":"https:\/\/www.cm-evora.pt\/en\/wp-json\/wp\/v2\/categories?post=27539"},{"taxonomy":"post_tag","embeddable":true,"href":"https:\/\/www.cm-evora.pt\/en\/wp-json\/wp\/v2\/tags?post=27539"}],"curies":[{"name":"wp","href":"https:\/\/api.w.org\/{rel}","templated":true}]}}