{"id":28176,"date":"2021-10-22T13:06:52","date_gmt":"2021-10-22T12:06:52","guid":{"rendered":"https:\/\/www.cm-evora.pt\/?p=28176"},"modified":"2021-10-22T13:06:52","modified_gmt":"2021-10-22T12:06:52","slug":"camara-de-evora-participou-na-cerimonia-de-entrega-do-galardao-eco-escolas-2021","status":"publish","type":"post","link":"https:\/\/www.cm-evora.pt\/en\/camara-de-evora-participou-na-cerimonia-de-entrega-do-galardao-eco-escolas-2021\/","title":{"rendered":"(Portugu\u00eas) C\u00e2mara de \u00c9vora participou na cerim\u00f3nia de entrega do Galard\u00e3o Eco-Escolas 2021"},"content":{"rendered":"<p class=\"qtranxs-available-languages-message qtranxs-available-languages-message-en\">Sorry, this entry is only available in <a href=\"https:\/\/www.cm-evora.pt\/pt\/wp-json\/wp\/v2\/posts\/28176\" class=\"qtranxs-available-language-link qtranxs-available-language-link-pt\" title=\"Portugu\u00eas\">Portugu\u00eas<\/a>.<\/p><p>A C\u00e2mara Municipal de \u00c9vora participou, a convite da Associa\u00e7\u00e3o Bandeira Azul da Europa (ABAE), na cerim\u00f3nia de entrega de galard\u00f5es e pr\u00e9mios no \u00e2mbito do Programa Eco Escolas que decorreu este m\u00eas de Outubro em Sintra, onde os representantes de munic\u00edpios parceiros receberam o certificado de parceiros e colaboradores na implementa\u00e7\u00e3o do Programa Eco Escolas e os materiais das escolas do seu concelho.<\/p>\n<p>Recorde-se que o Galard\u00e3o Eco-Escolas visa divulgar, reconhecer e premiar o trabalho as Eco-Escolas durante o ano letivo 2020\/21, assinalando-se tamb\u00e9m nesta sess\u00e3o o Dia das Bandeiras Verdes.<\/p>\n<p>Do Distrito de \u00c9vora, 8 munic\u00edpios foram parceiros no referido Programa participaram 36 Eco Escolas 30 Eco Escolas foram galardoadas.<\/p>\n<p>No concelho de \u00c9vora, com 23 Eco Escolas inscritas, 20 foram galardoadas e 6 Eco Escolas receberam pr\u00e9mios nacionais dos desafios\/projetos que desenvolveram, nomeadamente:<\/p>\n<p>&#8211; O Centro de Atividade Infantil de \u00c9vora, que ficou em 2\u00ba lugar no desafio Roupas usadas, com a atividade Criar com Estilo | Aves em tecido.<\/p>\n<p>&#8211; A Escola B\u00e1sica Andr\u00e9 de Resende ganhou o pr\u00e9mio do Desafio UHU com a atividade Painel da Biodiversidade da Minha Terra.<\/p>\n<p>&#8211; A Escola B\u00e1sica do Chafariz D\u2019El Rei ganhou o pr\u00e9mio Gera\u00e7\u00e3o Depositr\u00e3o com a atividade Hino: Porque devemos recolher pilhas.<\/p>\n<p>&#8211; A Escola B\u00e1sica do Rossio de S. Br\u00e1s que recebeu uma men\u00e7\u00e3o honrosa no desafio Hortas Bio, com a atividade Hortas Bio nas Eco Escolas.<\/p>\n<p>&#8211; A Escola Secund\u00e1ria Gabriel Pereira atrav\u00e9s da atividade <em>Collage<\/em> de um ODS ganhou um pr\u00e9mio no \u00e2mbito do Desafio UHU. E, tamb\u00e9m um pr\u00e9mio no desafio <em>Tetrapack<\/em>, com a atividade Este natal, os enfeites est\u00e3o por tua conta.<\/p>\n<p>O Agrupamento de Escolas Gabriel Pereira recebeu tamb\u00e9m o certificado de Eco Agrupamento, por ter 100\u20ac de Eco Escolas.<\/p>\n<p>\u00c9vora est\u00e1 entre os munic\u00edpios com mais Eco Escolas inscritas.<\/p>\n<p>Eco-Escolas \u00e9 um programa internacional da \u201c<em>Foundation for Environmental Education<\/em>\u201d que existe em Portugal desde 1996, dinamizado pela ABAE \u2013 Associa\u00e7\u00e3o Bandeira Azul da Europa. Pretende encorajar a\u00e7\u00f5es e reconhecer o trabalho de qualidade desenvolvido pelos estabelecimentos de educa\u00e7\u00e3o e de ensino, no \u00e2mbito da Educa\u00e7\u00e3o Ambiental para a Sustentabilidade. O programa \u00e9 coordenado a n\u00edvel internacional, nacional, regional e de escola e pode conhecer mais pormenores sobre ele em <a href=\"https:\/\/ecoescolas.abae.pt\">https:\/\/ecoescolas.abae.pt<\/a><\/p>\n\n\t\t<style type=\"text\/css\">\n\t\t\t#gallery-1 {\n\t\t\t\tmargin: auto;\n\t\t\t}\n\t\t\t#gallery-1 .gallery-item {\n\t\t\t\tfloat: left;\n\t\t\t\tmargin-top: 10px;\n\t\t\t\ttext-align: center;\n\t\t\t\twidth: 100%;\n\t\t\t}\n\t\t\t#gallery-1 img {\n\t\t\t\tborder: 2px solid #cfcfcf;\n\t\t\t}\n\t\t\t#gallery-1 .gallery-caption {\n\t\t\t\tmargin-left: 0;\n\t\t\t}\n\t\t\t\/* see gallery_shortcode() in wp-includes\/media.php *\/\n\t\t<\/style>\n\t\t<div id='gallery-1' class='gallery galleryid-28176 gallery-columns-1 gallery-size-full'><dl class='gallery-item'>\n\t\t\t<dt class='gallery-icon portrait'>\n\t\t\t\t<a href='https:\/\/www.cm-evora.pt\/wp-content\/uploads\/2021\/10\/Coruja1.jpg'><img loading=\"lazy\" decoding=\"async\" width=\"360\" height=\"480\" src=\"https:\/\/www.cm-evora.pt\/wp-content\/uploads\/2021\/10\/Coruja1.jpg\" class=\"attachment-full size-full\" alt=\"\" srcset=\"https:\/\/www.cm-evora.pt\/wp-content\/uploads\/2021\/10\/Coruja1.jpg 360w, https:\/\/www.cm-evora.pt\/wp-content\/uploads\/2021\/10\/Coruja1-225x300.jpg 225w\" sizes=\"auto, (max-width: 360px) 100vw, 360px\" \/><\/a>\n\t\t\t<\/dt><\/dl><br style=\"clear: both\" \/>\n\t\t<\/div>\n\n<p>&nbsp;<\/p>\n<p>&nbsp;<\/p>\n<p>&nbsp;<\/p>\n<p>&nbsp;<\/p>\n<p>&nbsp;<\/p>\n<p>&nbsp;<\/p>\n<p>&nbsp;<\/p>\n<p>&nbsp;<\/p>\n<p>&nbsp;<\/p>","protected":false},"excerpt":{"rendered":"<p>Sorry, this entry is only available in Portugu\u00eas.A C\u00e2mara Municipal de \u00c9vora participou, a convite da Associa\u00e7\u00e3o Bandeira Azul da Europa (ABAE), na cerim\u00f3nia de entrega de galard\u00f5es e pr\u00e9mios no \u00e2mbito do Programa Eco Escolas que decorreu este m\u00eas de Outubro em Sintra, onde os representantes de munic\u00edpios parceiros receberam o certificado de parceiros [&hellip;]<\/p>\n","protected":false},"author":57,"featured_media":0,"comment_status":"closed","ping_status":"closed","sticky":false,"template":"","format":"standard","meta":{"_acf_changed":false,"footnotes":""},"categories":[2110],"tags":[],"class_list":["post-28176","post","type-post","status-publish","format-standard","hentry","category-noticias"],"acf":{"imagens":"","destaq_image":28177,"titulo_docs_seccao":"","documentos":""},"_links":{"self":[{"href":"https:\/\/www.cm-evora.pt\/en\/wp-json\/wp\/v2\/posts\/28176","targetHints":{"allow":["GET"]}}],"collection":[{"href":"https:\/\/www.cm-evora.pt\/en\/wp-json\/wp\/v2\/posts"}],"about":[{"href":"https:\/\/www.cm-evora.pt\/en\/wp-json\/wp\/v2\/types\/post"}],"author":[{"embeddable":true,"href":"https:\/\/www.cm-evora.pt\/en\/wp-json\/wp\/v2\/users\/57"}],"replies":[{"embeddable":true,"href":"https:\/\/www.cm-evora.pt\/en\/wp-json\/wp\/v2\/comments?post=28176"}],"version-history":[{"count":1,"href":"https:\/\/www.cm-evora.pt\/en\/wp-json\/wp\/v2\/posts\/28176\/revisions"}],"predecessor-version":[{"id":28178,"href":"https:\/\/www.cm-evora.pt\/en\/wp-json\/wp\/v2\/posts\/28176\/revisions\/28178"}],"wp:attachment":[{"href":"https:\/\/www.cm-evora.pt\/en\/wp-json\/wp\/v2\/media?parent=28176"}],"wp:term":[{"taxonomy":"category","embeddable":true,"href":"https:\/\/www.cm-evora.pt\/en\/wp-json\/wp\/v2\/categories?post=28176"},{"taxonomy":"post_tag","embeddable":true,"href":"https:\/\/www.cm-evora.pt\/en\/wp-json\/wp\/v2\/tags?post=28176"}],"curies":[{"name":"wp","href":"https:\/\/api.w.org\/{rel}","templated":true}]}}