{"id":28232,"date":"2021-10-25T15:13:20","date_gmt":"2021-10-25T14:13:20","guid":{"rendered":"https:\/\/www.cm-evora.pt\/?p=28232"},"modified":"2021-10-25T15:13:57","modified_gmt":"2021-10-25T14:13:57","slug":"obra-de-requalificacao-do-centro-de-convivio-de-s-miguel-de-machede-entra-na-reta-final","status":"publish","type":"post","link":"https:\/\/www.cm-evora.pt\/en\/obra-de-requalificacao-do-centro-de-convivio-de-s-miguel-de-machede-entra-na-reta-final\/","title":{"rendered":"(Portugu\u00eas) Obra de Requalifica\u00e7\u00e3o do Centro de Conv\u00edvio de S. Miguel de Machede entra na reta final"},"content":{"rendered":"<p class=\"qtranxs-available-languages-message qtranxs-available-languages-message-en\">Sorry, this entry is only available in <a href=\"https:\/\/www.cm-evora.pt\/pt\/wp-json\/wp\/v2\/posts\/28232\" class=\"qtranxs-available-language-link qtranxs-available-language-link-pt\" title=\"Portugu\u00eas\">Portugu\u00eas<\/a>.<\/p><p><strong>Aproximadamente um ano ap\u00f3s o in\u00edcio das obras de requalifica\u00e7\u00e3o, o Centro de Conv\u00edvio de S\u00e3o Miguel de Machede est\u00e1 quase conclu\u00eddo. A bom ritmo decorrem tamb\u00e9m as empreitadas de requalifica\u00e7\u00e3o dos centros de conv\u00edvio do Bairro de Santo Ant\u00f3nio e Horta das Figueiras.<\/strong><\/p>\n<p>Esta obra, cujo investimento importou em 422.780,23 euros (+ IVA), procurou aproveitar, tanto quanto poss\u00edvel, a constru\u00e7\u00e3o pr\u00e9-existente. Permitiu, no entanto dotar o edif\u00edcio de uma ampla sala de conv\u00edvio e toda uma estrutura projetada no sentido de servir v\u00e1rios grupos et\u00e1rios, com bar e apoio de cozinha, espa\u00e7o de cabeleireiro\/barbearia, instala\u00e7\u00f5es sanit\u00e1rias, salas de apoio, gabinete de enfermagem e lavandaria, bem como o tratamento da \u00e1rea exterior.<\/p>\n<p>Brevemente estar\u00e1 conclu\u00edda a instala\u00e7\u00e3o de mobili\u00e1rio e equipamento inform\u00e1tico, prevendo-se a entrada em funcionamento logo que o PT \u2013 Posta de Transforma\u00e7\u00e3o de Energia El\u00e9trica, esteja instalado. Assim, ficar\u00e1 cumprida uma aspira\u00e7\u00e3o antiga da popula\u00e7\u00e3o de S. Miguel de Machede.<\/p>\n<p>Na mesma linha decorrem as obras de requalifica\u00e7\u00e3o do Centro de Conv\u00edvio do Bairro de St\u00ba. Ant\u00f3nio, com um or\u00e7amento da mesma ordem de valor. Estas tiveram in\u00edcio no passado m\u00eas de abril, com um prazo de execu\u00e7\u00e3o de 180 dias.<\/p>\n<p>Mais recentemente, em setembro, teve in\u00edcio a obra de requalifica\u00e7\u00e3o do Centro de Conv\u00edvio da Horta das Figueiras, cujo montante global de investimento totaliza 182.307,64 (+ IVA).<\/p>\n<p>Em conjunto, estas tr\u00eas interven\u00e7\u00f5es representam um investimento superior a 1 milh\u00e3o de euros e ir\u00e3o dotar as Freguesias de equipamentos sociais que proporcionar\u00e3o melhores respostas na \u00e1rea do \u201cenvelhecimento ativo\u201d, um dos cinco eixos estrat\u00e9gicos do Plano de Desenvolvimento Social 2019\/2021 do Concelho de \u00c9vora, mas tamb\u00e9m, pelo seu car\u00e1cter multifacetado, capazes de responder \u00e0s necessidades de toda a popula\u00e7\u00e3o, bem como das suas estruturas representativas.<\/p>\n<p>\n\t\t<style type=\"text\/css\">\n\t\t\t#gallery-1 {\n\t\t\t\tmargin: auto;\n\t\t\t}\n\t\t\t#gallery-1 .gallery-item {\n\t\t\t\tfloat: left;\n\t\t\t\tmargin-top: 10px;\n\t\t\t\ttext-align: center;\n\t\t\t\twidth: 33%;\n\t\t\t}\n\t\t\t#gallery-1 img {\n\t\t\t\tborder: 2px solid #cfcfcf;\n\t\t\t}\n\t\t\t#gallery-1 .gallery-caption {\n\t\t\t\tmargin-left: 0;\n\t\t\t}\n\t\t\t\/* see gallery_shortcode() in wp-includes\/media.php *\/\n\t\t<\/style>\n\t\t<div id='gallery-1' class='gallery galleryid-28232 gallery-columns-3 gallery-size-full'><dl class='gallery-item'>\n\t\t\t<dt class='gallery-icon landscape'>\n\t\t\t\t<a href='https:\/\/www.cm-evora.pt\/wp-content\/uploads\/2021\/10\/1_1920.jpg'><img loading=\"lazy\" decoding=\"async\" width=\"1920\" height=\"1280\" src=\"https:\/\/www.cm-evora.pt\/wp-content\/uploads\/2021\/10\/1_1920.jpg\" class=\"attachment-full size-full\" alt=\"\" srcset=\"https:\/\/www.cm-evora.pt\/wp-content\/uploads\/2021\/10\/1_1920.jpg 1920w, https:\/\/www.cm-evora.pt\/wp-content\/uploads\/2021\/10\/1_1920-300x200.jpg 300w, https:\/\/www.cm-evora.pt\/wp-content\/uploads\/2021\/10\/1_1920-1024x683.jpg 1024w, https:\/\/www.cm-evora.pt\/wp-content\/uploads\/2021\/10\/1_1920-768x512.jpg 768w, https:\/\/www.cm-evora.pt\/wp-content\/uploads\/2021\/10\/1_1920-1536x1024.jpg 1536w, https:\/\/www.cm-evora.pt\/wp-content\/uploads\/2021\/10\/1_1920-1320x880.jpg 1320w\" sizes=\"auto, (max-width: 1920px) 100vw, 1920px\" \/><\/a>\n\t\t\t<\/dt><\/dl><dl class='gallery-item'>\n\t\t\t<dt class='gallery-icon landscape'>\n\t\t\t\t<a href='https:\/\/www.cm-evora.pt\/wp-content\/uploads\/2021\/10\/2_1920.jpg'><img loading=\"lazy\" decoding=\"async\" width=\"1920\" height=\"1280\" src=\"https:\/\/www.cm-evora.pt\/wp-content\/uploads\/2021\/10\/2_1920.jpg\" class=\"attachment-full size-full\" alt=\"\" srcset=\"https:\/\/www.cm-evora.pt\/wp-content\/uploads\/2021\/10\/2_1920.jpg 1920w, https:\/\/www.cm-evora.pt\/wp-content\/uploads\/2021\/10\/2_1920-300x200.jpg 300w, https:\/\/www.cm-evora.pt\/wp-content\/uploads\/2021\/10\/2_1920-1024x683.jpg 1024w, https:\/\/www.cm-evora.pt\/wp-content\/uploads\/2021\/10\/2_1920-768x512.jpg 768w, https:\/\/www.cm-evora.pt\/wp-content\/uploads\/2021\/10\/2_1920-1536x1024.jpg 1536w, https:\/\/www.cm-evora.pt\/wp-content\/uploads\/2021\/10\/2_1920-1320x880.jpg 1320w\" sizes=\"auto, (max-width: 1920px) 100vw, 1920px\" \/><\/a>\n\t\t\t<\/dt><\/dl><dl class='gallery-item'>\n\t\t\t<dt class='gallery-icon landscape'>\n\t\t\t\t<a href='https:\/\/www.cm-evora.pt\/wp-content\/uploads\/2021\/10\/3_1920.jpg'><img loading=\"lazy\" decoding=\"async\" width=\"1920\" height=\"1280\" src=\"https:\/\/www.cm-evora.pt\/wp-content\/uploads\/2021\/10\/3_1920.jpg\" class=\"attachment-full size-full\" alt=\"\" srcset=\"https:\/\/www.cm-evora.pt\/wp-content\/uploads\/2021\/10\/3_1920.jpg 1920w, https:\/\/www.cm-evora.pt\/wp-content\/uploads\/2021\/10\/3_1920-300x200.jpg 300w, https:\/\/www.cm-evora.pt\/wp-content\/uploads\/2021\/10\/3_1920-1024x683.jpg 1024w, https:\/\/www.cm-evora.pt\/wp-content\/uploads\/2021\/10\/3_1920-768x512.jpg 768w, https:\/\/www.cm-evora.pt\/wp-content\/uploads\/2021\/10\/3_1920-1536x1024.jpg 1536w, https:\/\/www.cm-evora.pt\/wp-content\/uploads\/2021\/10\/3_1920-1320x880.jpg 1320w\" sizes=\"auto, (max-width: 1920px) 100vw, 1920px\" \/><\/a>\n\t\t\t<\/dt><\/dl><br style=\"clear: both\" \/><dl class='gallery-item'>\n\t\t\t<dt class='gallery-icon landscape'>\n\t\t\t\t<a href='https:\/\/www.cm-evora.pt\/wp-content\/uploads\/2021\/10\/4_1920.jpg'><img loading=\"lazy\" decoding=\"async\" width=\"1920\" height=\"1280\" src=\"https:\/\/www.cm-evora.pt\/wp-content\/uploads\/2021\/10\/4_1920.jpg\" class=\"attachment-full size-full\" alt=\"\" srcset=\"https:\/\/www.cm-evora.pt\/wp-content\/uploads\/2021\/10\/4_1920.jpg 1920w, https:\/\/www.cm-evora.pt\/wp-content\/uploads\/2021\/10\/4_1920-300x200.jpg 300w, https:\/\/www.cm-evora.pt\/wp-content\/uploads\/2021\/10\/4_1920-1024x683.jpg 1024w, https:\/\/www.cm-evora.pt\/wp-content\/uploads\/2021\/10\/4_1920-768x512.jpg 768w, https:\/\/www.cm-evora.pt\/wp-content\/uploads\/2021\/10\/4_1920-1536x1024.jpg 1536w, https:\/\/www.cm-evora.pt\/wp-content\/uploads\/2021\/10\/4_1920-1320x880.jpg 1320w\" sizes=\"auto, (max-width: 1920px) 100vw, 1920px\" \/><\/a>\n\t\t\t<\/dt><\/dl><dl class='gallery-item'>\n\t\t\t<dt class='gallery-icon landscape'>\n\t\t\t\t<a href='https:\/\/www.cm-evora.pt\/wp-content\/uploads\/2021\/10\/5_1920.jpg'><img loading=\"lazy\" decoding=\"async\" width=\"1920\" height=\"1280\" src=\"https:\/\/www.cm-evora.pt\/wp-content\/uploads\/2021\/10\/5_1920.jpg\" class=\"attachment-full size-full\" alt=\"\" srcset=\"https:\/\/www.cm-evora.pt\/wp-content\/uploads\/2021\/10\/5_1920.jpg 1920w, https:\/\/www.cm-evora.pt\/wp-content\/uploads\/2021\/10\/5_1920-300x200.jpg 300w, https:\/\/www.cm-evora.pt\/wp-content\/uploads\/2021\/10\/5_1920-1024x683.jpg 1024w, https:\/\/www.cm-evora.pt\/wp-content\/uploads\/2021\/10\/5_1920-768x512.jpg 768w, https:\/\/www.cm-evora.pt\/wp-content\/uploads\/2021\/10\/5_1920-1536x1024.jpg 1536w, https:\/\/www.cm-evora.pt\/wp-content\/uploads\/2021\/10\/5_1920-1320x880.jpg 1320w\" sizes=\"auto, (max-width: 1920px) 100vw, 1920px\" \/><\/a>\n\t\t\t<\/dt><\/dl><dl class='gallery-item'>\n\t\t\t<dt class='gallery-icon landscape'>\n\t\t\t\t<a href='https:\/\/www.cm-evora.pt\/wp-content\/uploads\/2021\/10\/8_1920.jpg'><img loading=\"lazy\" decoding=\"async\" width=\"1920\" height=\"1280\" src=\"https:\/\/www.cm-evora.pt\/wp-content\/uploads\/2021\/10\/8_1920.jpg\" class=\"attachment-full size-full\" alt=\"\" srcset=\"https:\/\/www.cm-evora.pt\/wp-content\/uploads\/2021\/10\/8_1920.jpg 1920w, https:\/\/www.cm-evora.pt\/wp-content\/uploads\/2021\/10\/8_1920-300x200.jpg 300w, https:\/\/www.cm-evora.pt\/wp-content\/uploads\/2021\/10\/8_1920-1024x683.jpg 1024w, https:\/\/www.cm-evora.pt\/wp-content\/uploads\/2021\/10\/8_1920-768x512.jpg 768w, https:\/\/www.cm-evora.pt\/wp-content\/uploads\/2021\/10\/8_1920-1536x1024.jpg 1536w, https:\/\/www.cm-evora.pt\/wp-content\/uploads\/2021\/10\/8_1920-1320x880.jpg 1320w\" sizes=\"auto, (max-width: 1920px) 100vw, 1920px\" \/><\/a>\n\t\t\t<\/dt><\/dl><br style=\"clear: both\" \/>\n\t\t<\/div>\n<\/p>","protected":false},"excerpt":{"rendered":"<p>Sorry, this entry is only available in Portugu\u00eas.Aproximadamente um ano ap\u00f3s o in\u00edcio das obras de requalifica\u00e7\u00e3o, o Centro de Conv\u00edvio de S\u00e3o Miguel de Machede est\u00e1 quase conclu\u00eddo. A bom ritmo decorrem tamb\u00e9m as empreitadas de requalifica\u00e7\u00e3o dos centros de conv\u00edvio do Bairro de Santo Ant\u00f3nio e Horta das Figueiras. Esta obra, cujo investimento [&hellip;]<\/p>\n","protected":false},"author":37,"featured_media":28234,"comment_status":"closed","ping_status":"closed","sticky":false,"template":"","format":"standard","meta":{"_acf_changed":false,"footnotes":""},"categories":[2110],"tags":[],"class_list":["post-28232","post","type-post","status-publish","format-standard","has-post-thumbnail","hentry","category-noticias"],"acf":{"imagens":"","destaq_image":28234,"titulo_docs_seccao":"","documentos":""},"_links":{"self":[{"href":"https:\/\/www.cm-evora.pt\/en\/wp-json\/wp\/v2\/posts\/28232","targetHints":{"allow":["GET"]}}],"collection":[{"href":"https:\/\/www.cm-evora.pt\/en\/wp-json\/wp\/v2\/posts"}],"about":[{"href":"https:\/\/www.cm-evora.pt\/en\/wp-json\/wp\/v2\/types\/post"}],"author":[{"embeddable":true,"href":"https:\/\/www.cm-evora.pt\/en\/wp-json\/wp\/v2\/users\/37"}],"replies":[{"embeddable":true,"href":"https:\/\/www.cm-evora.pt\/en\/wp-json\/wp\/v2\/comments?post=28232"}],"version-history":[{"count":2,"href":"https:\/\/www.cm-evora.pt\/en\/wp-json\/wp\/v2\/posts\/28232\/revisions"}],"predecessor-version":[{"id":28240,"href":"https:\/\/www.cm-evora.pt\/en\/wp-json\/wp\/v2\/posts\/28232\/revisions\/28240"}],"wp:featuredmedia":[{"embeddable":true,"href":"https:\/\/www.cm-evora.pt\/en\/wp-json\/wp\/v2\/media\/28234"}],"wp:attachment":[{"href":"https:\/\/www.cm-evora.pt\/en\/wp-json\/wp\/v2\/media?parent=28232"}],"wp:term":[{"taxonomy":"category","embeddable":true,"href":"https:\/\/www.cm-evora.pt\/en\/wp-json\/wp\/v2\/categories?post=28232"},{"taxonomy":"post_tag","embeddable":true,"href":"https:\/\/www.cm-evora.pt\/en\/wp-json\/wp\/v2\/tags?post=28232"}],"curies":[{"name":"wp","href":"https:\/\/api.w.org\/{rel}","templated":true}]}}