{"id":28422,"date":"2021-11-02T11:18:44","date_gmt":"2021-11-02T11:18:44","guid":{"rendered":"https:\/\/www.cm-evora.pt\/?p=28422"},"modified":"2021-11-22T14:01:56","modified_gmt":"2021-11-22T14:01:56","slug":"artes-a-escola-recupera-sessoes-interrompidas-pela-pandemia","status":"publish","type":"post","link":"https:\/\/www.cm-evora.pt\/en\/artes-a-escola-recupera-sessoes-interrompidas-pela-pandemia\/","title":{"rendered":"(Portugu\u00eas) Artes \u00e0 Escola recupera sess\u00f5es interrompidas pela pandemia"},"content":{"rendered":"<p class=\"qtranxs-available-languages-message qtranxs-available-languages-message-en\">Sorry, this entry is only available in <a href=\"https:\/\/www.cm-evora.pt\/pt\/wp-json\/wp\/v2\/posts\/28422\" class=\"qtranxs-available-language-link qtranxs-available-language-link-pt\" title=\"Portugu\u00eas\">Portugu\u00eas<\/a>.<\/p><p>O projeto municipal \u201cArtes \u00e0 Escola\u201d est\u00e1 retomar as sess\u00f5es que foram interrompidas devido \u00e0 pandemia e a preparar a nova edi\u00e7\u00e3o com os parceiros.<\/p>\n<p>Neste sentido, decorreu esta manh\u00e3 (29 de outubro) a terceira de tr\u00eas sess\u00f5es da iniciativa \u201cBeatriz e o Peixe Palha\u00e7o\u201d (Espet\u00e1culo de teatro dirigido ao 1\u00ba Ciclo) no espa\u00e7o da Bruxa Teatro (Antigos Celeiros EPAC). Na pe\u00e7a \u201c Beatriz procura respostas \u00e0s suas perguntas, sa\u00eddas para as suas buscas. Mas a pe\u00e7a n\u00e3o apresenta as solu\u00e7\u00f5es que gostar\u00edamos de escutar, apenas nos convence de que elas n\u00e3o existem e assim prop\u00f5e-se como met\u00e1fora. Beatriz e o Peixe Palha\u00e7o \u00e9 um livro de esperan\u00e7a e de confian\u00e7a na condi\u00e7\u00e3o humana que h\u00e1-de vir\u201d. A Cria\u00e7\u00e3o e Interpreta\u00e7\u00e3o \u00e9 de Elsa Pinho, com texto e dire\u00e7\u00e3o de Moncho Rodriguez e m\u00fasica de Narciso Fernandes.<\/p>\n<p>Moncho Rodriguez \u00e9 o nome art\u00edstico de Ramon Rodriguez Guisande. De nacionalidade espanhola, vive em Portugal h\u00e1 mais de trinta anos. \u00c9 encenador, e director de actores, cen\u00f3grafo, figurinista, aderecista, m\u00fasico, dramaturgo e formador de actores.<\/p>\n<p>\u201cE todos os Her\u00f3is Morrem\u201d- (Espet\u00e1culo de teatro dirigido ao Secund\u00e1rio) ter\u00e1 lugar no dia 23 novembro, \u00e0s 15 horas, na Escola Secund\u00e1ria Andr\u00e9 de Gouveia. Visa olhar um trajecto de guerras e lutas entre estados, passando pela hist\u00f3ria do s\u00e9culo XX da Europa, tendo em conta os momentos conturbados que vivemos. A apresenta\u00e7\u00e3o contar\u00e1 com um espet\u00e1culo de teatro, seguido de conversa, assente nas diversas narrativas pela qual a Europa \u00e9 composta. Com Hugo Miguel Coelho \/Projeto coisasdocorpo.<\/p>\n<p>\u201cLevantei-me do Ch\u00e3o \u2013 Lado B\u201d (Concerto-teatral, dirigido ao Secund\u00e1rio) \u00e9 a proposta feita pela Associa\u00e7\u00e3o Trimagisto, com a interpreta\u00e7\u00e3o de Carlos Marques (para a manh\u00e3) de 24 de novembro, 2 sess\u00f5es \u00e0s 9H30 e \u00e0s 11H30 na Escola Secund\u00e1ria Severim de Faria. Para al\u00e9m do espect\u00e1culo os alunos e os professores ser\u00e3o convidados a participar numa conversa informal em torno da tem\u00e1tica inspirada na obra de Jos\u00e9 Saramago \u201cLevantado do Ch\u00e3o\u201d. Uma sess\u00e3o que tem como convidados o Professor Jo\u00e3o Simas, Silvina Miranda (filha de Dinis Miranda \u2013 antigo preso pol\u00edtico) e um membro da URAP (Uni\u00e3o de Resistentes Antifascistas Portugueses).<\/p>\n<p>Artes \u00e0 Escola \u00e9 um projeto educativo municipal criado numa articula\u00e7\u00e3o entre a Divis\u00e3o de Educa\u00e7\u00e3o e Interven\u00e7\u00e3o Social e a Divis\u00e3o de Cultura e Patrim\u00f3nio da C\u00e2mara Municipal de \u00c9vora. Teve a sua 1\u00aa Edi\u00e7\u00e3o em 2018-2019 e uma 2\u00aa edi\u00e7\u00e3o em 2019-2020, que est\u00e1 ainda a decorrer, devido aos constrangimentos associadas \u00e0 Pandemia da COViD19.<\/p>\n<p>\u00c9 concebido com a inten\u00e7\u00e3o de disponibilizar \u00e0 comunidade educativa do Concelho de \u00c9vora um programa cultural e art\u00edstico que engloba um conjunto diversificado de \u00e1reas e que contribui para enriquecer o contacto com as Artes e a Cultura, numa aproxima\u00e7\u00e3o entre a comunidade escolar e a esfera cultural.<\/p>\n<p>O principal objetivo \u00e9 proporcionar \u00e0s crian\u00e7as e jovens o acesso a v\u00e1rias \u00e1reas e express\u00f5es art\u00edsticas, estimulando a sua aprendizagem, forma\u00e7\u00e3o e conhecimento, promovendo uma maior proximidade com os espa\u00e7os e atividades culturais locais.<\/p>\n<p>\u00c9 seguindo esta premissa que o Artes \u00e0 Escola tem a inten\u00e7\u00e3o de continuar a consolidar os seus objetivos, encontrando formas para desenvolver e promover um novo programa, numa 3\u00aa edi\u00e7\u00e3o pensada para o ano de 2022.<\/p>\n\n\t\t<style type=\"text\/css\">\n\t\t\t#gallery-1 {\n\t\t\t\tmargin: auto;\n\t\t\t}\n\t\t\t#gallery-1 .gallery-item {\n\t\t\t\tfloat: left;\n\t\t\t\tmargin-top: 10px;\n\t\t\t\ttext-align: center;\n\t\t\t\twidth: 20%;\n\t\t\t}\n\t\t\t#gallery-1 img {\n\t\t\t\tborder: 2px solid #cfcfcf;\n\t\t\t}\n\t\t\t#gallery-1 .gallery-caption {\n\t\t\t\tmargin-left: 0;\n\t\t\t}\n\t\t\t\/* see gallery_shortcode() in wp-includes\/media.php *\/\n\t\t<\/style>\n\t\t<div id='gallery-1' class='gallery galleryid-28422 gallery-columns-5 gallery-size-full'><dl class='gallery-item'>\n\t\t\t<dt class='gallery-icon landscape'>\n\t\t\t\t<a href='https:\/\/www.cm-evora.pt\/wp-content\/uploads\/2021\/11\/AE1.jpg'><img loading=\"lazy\" decoding=\"async\" width=\"1920\" height=\"1310\" src=\"https:\/\/www.cm-evora.pt\/wp-content\/uploads\/2021\/11\/AE1.jpg\" class=\"attachment-full size-full\" alt=\"\" srcset=\"https:\/\/www.cm-evora.pt\/wp-content\/uploads\/2021\/11\/AE1.jpg 1920w, https:\/\/www.cm-evora.pt\/wp-content\/uploads\/2021\/11\/AE1-300x205.jpg 300w, https:\/\/www.cm-evora.pt\/wp-content\/uploads\/2021\/11\/AE1-1024x699.jpg 1024w, https:\/\/www.cm-evora.pt\/wp-content\/uploads\/2021\/11\/AE1-768x524.jpg 768w, https:\/\/www.cm-evora.pt\/wp-content\/uploads\/2021\/11\/AE1-1536x1048.jpg 1536w, https:\/\/www.cm-evora.pt\/wp-content\/uploads\/2021\/11\/AE1-1320x901.jpg 1320w\" sizes=\"auto, (max-width: 1920px) 100vw, 1920px\" \/><\/a>\n\t\t\t<\/dt><\/dl><dl class='gallery-item'>\n\t\t\t<dt class='gallery-icon landscape'>\n\t\t\t\t<a href='https:\/\/www.cm-evora.pt\/wp-content\/uploads\/2021\/11\/AE2.jpg'><img loading=\"lazy\" decoding=\"async\" width=\"1920\" height=\"1241\" src=\"https:\/\/www.cm-evora.pt\/wp-content\/uploads\/2021\/11\/AE2.jpg\" class=\"attachment-full size-full\" alt=\"\" srcset=\"https:\/\/www.cm-evora.pt\/wp-content\/uploads\/2021\/11\/AE2.jpg 1920w, https:\/\/www.cm-evora.pt\/wp-content\/uploads\/2021\/11\/AE2-300x194.jpg 300w, https:\/\/www.cm-evora.pt\/wp-content\/uploads\/2021\/11\/AE2-1024x662.jpg 1024w, https:\/\/www.cm-evora.pt\/wp-content\/uploads\/2021\/11\/AE2-768x496.jpg 768w, https:\/\/www.cm-evora.pt\/wp-content\/uploads\/2021\/11\/AE2-1536x993.jpg 1536w, https:\/\/www.cm-evora.pt\/wp-content\/uploads\/2021\/11\/AE2-1320x853.jpg 1320w\" sizes=\"auto, (max-width: 1920px) 100vw, 1920px\" \/><\/a>\n\t\t\t<\/dt><\/dl><dl class='gallery-item'>\n\t\t\t<dt class='gallery-icon landscape'>\n\t\t\t\t<a href='https:\/\/www.cm-evora.pt\/wp-content\/uploads\/2021\/11\/AE3.jpg'><img loading=\"lazy\" decoding=\"async\" width=\"1920\" height=\"1148\" src=\"https:\/\/www.cm-evora.pt\/wp-content\/uploads\/2021\/11\/AE3.jpg\" class=\"attachment-full size-full\" alt=\"\" srcset=\"https:\/\/www.cm-evora.pt\/wp-content\/uploads\/2021\/11\/AE3.jpg 1920w, https:\/\/www.cm-evora.pt\/wp-content\/uploads\/2021\/11\/AE3-300x179.jpg 300w, https:\/\/www.cm-evora.pt\/wp-content\/uploads\/2021\/11\/AE3-1024x612.jpg 1024w, https:\/\/www.cm-evora.pt\/wp-content\/uploads\/2021\/11\/AE3-768x459.jpg 768w, https:\/\/www.cm-evora.pt\/wp-content\/uploads\/2021\/11\/AE3-1536x918.jpg 1536w, https:\/\/www.cm-evora.pt\/wp-content\/uploads\/2021\/11\/AE3-1320x789.jpg 1320w\" sizes=\"auto, (max-width: 1920px) 100vw, 1920px\" \/><\/a>\n\t\t\t<\/dt><\/dl><dl class='gallery-item'>\n\t\t\t<dt class='gallery-icon portrait'>\n\t\t\t\t<a href='https:\/\/www.cm-evora.pt\/wp-content\/uploads\/2021\/11\/AE4.jpg'><img loading=\"lazy\" decoding=\"async\" width=\"1280\" height=\"1920\" src=\"https:\/\/www.cm-evora.pt\/wp-content\/uploads\/2021\/11\/AE4.jpg\" class=\"attachment-full size-full\" alt=\"\" srcset=\"https:\/\/www.cm-evora.pt\/wp-content\/uploads\/2021\/11\/AE4.jpg 1280w, https:\/\/www.cm-evora.pt\/wp-content\/uploads\/2021\/11\/AE4-200x300.jpg 200w, https:\/\/www.cm-evora.pt\/wp-content\/uploads\/2021\/11\/AE4-683x1024.jpg 683w, https:\/\/www.cm-evora.pt\/wp-content\/uploads\/2021\/11\/AE4-768x1152.jpg 768w, https:\/\/www.cm-evora.pt\/wp-content\/uploads\/2021\/11\/AE4-1024x1536.jpg 1024w\" sizes=\"auto, (max-width: 1280px) 100vw, 1280px\" \/><\/a>\n\t\t\t<\/dt><\/dl><dl class='gallery-item'>\n\t\t\t<dt class='gallery-icon landscape'>\n\t\t\t\t<a href='https:\/\/www.cm-evora.pt\/wp-content\/uploads\/2021\/11\/AE5.jpg'><img loading=\"lazy\" decoding=\"async\" width=\"1920\" height=\"1139\" src=\"https:\/\/www.cm-evora.pt\/wp-content\/uploads\/2021\/11\/AE5.jpg\" class=\"attachment-full size-full\" alt=\"\" srcset=\"https:\/\/www.cm-evora.pt\/wp-content\/uploads\/2021\/11\/AE5.jpg 1920w, https:\/\/www.cm-evora.pt\/wp-content\/uploads\/2021\/11\/AE5-300x178.jpg 300w, https:\/\/www.cm-evora.pt\/wp-content\/uploads\/2021\/11\/AE5-1024x607.jpg 1024w, https:\/\/www.cm-evora.pt\/wp-content\/uploads\/2021\/11\/AE5-768x456.jpg 768w, https:\/\/www.cm-evora.pt\/wp-content\/uploads\/2021\/11\/AE5-1536x911.jpg 1536w, https:\/\/www.cm-evora.pt\/wp-content\/uploads\/2021\/11\/AE5-1320x783.jpg 1320w\" sizes=\"auto, (max-width: 1920px) 100vw, 1920px\" \/><\/a>\n\t\t\t<\/dt><\/dl><br style=\"clear: both\" \/><dl class='gallery-item'>\n\t\t\t<dt class='gallery-icon portrait'>\n\t\t\t\t<a href='https:\/\/www.cm-evora.pt\/wp-content\/uploads\/2021\/11\/AE6.jpg'><img loading=\"lazy\" decoding=\"async\" width=\"1280\" height=\"1920\" src=\"https:\/\/www.cm-evora.pt\/wp-content\/uploads\/2021\/11\/AE6.jpg\" class=\"attachment-full size-full\" alt=\"\" srcset=\"https:\/\/www.cm-evora.pt\/wp-content\/uploads\/2021\/11\/AE6.jpg 1280w, https:\/\/www.cm-evora.pt\/wp-content\/uploads\/2021\/11\/AE6-200x300.jpg 200w, https:\/\/www.cm-evora.pt\/wp-content\/uploads\/2021\/11\/AE6-683x1024.jpg 683w, https:\/\/www.cm-evora.pt\/wp-content\/uploads\/2021\/11\/AE6-768x1152.jpg 768w, https:\/\/www.cm-evora.pt\/wp-content\/uploads\/2021\/11\/AE6-1024x1536.jpg 1024w\" sizes=\"auto, (max-width: 1280px) 100vw, 1280px\" \/><\/a>\n\t\t\t<\/dt><\/dl><dl class='gallery-item'>\n\t\t\t<dt class='gallery-icon landscape'>\n\t\t\t\t<a href='https:\/\/www.cm-evora.pt\/wp-content\/uploads\/2021\/11\/AE7.jpg'><img loading=\"lazy\" decoding=\"async\" width=\"1920\" height=\"1280\" src=\"https:\/\/www.cm-evora.pt\/wp-content\/uploads\/2021\/11\/AE7.jpg\" class=\"attachment-full size-full\" alt=\"\" srcset=\"https:\/\/www.cm-evora.pt\/wp-content\/uploads\/2021\/11\/AE7.jpg 1920w, https:\/\/www.cm-evora.pt\/wp-content\/uploads\/2021\/11\/AE7-300x200.jpg 300w, https:\/\/www.cm-evora.pt\/wp-content\/uploads\/2021\/11\/AE7-1024x683.jpg 1024w, https:\/\/www.cm-evora.pt\/wp-content\/uploads\/2021\/11\/AE7-768x512.jpg 768w, https:\/\/www.cm-evora.pt\/wp-content\/uploads\/2021\/11\/AE7-1536x1024.jpg 1536w, https:\/\/www.cm-evora.pt\/wp-content\/uploads\/2021\/11\/AE7-1320x880.jpg 1320w\" sizes=\"auto, (max-width: 1920px) 100vw, 1920px\" \/><\/a>\n\t\t\t<\/dt><\/dl><dl class='gallery-item'>\n\t\t\t<dt class='gallery-icon landscape'>\n\t\t\t\t<a href='https:\/\/www.cm-evora.pt\/wp-content\/uploads\/2021\/11\/AE8.jpg'><img loading=\"lazy\" decoding=\"async\" width=\"1920\" height=\"1440\" src=\"https:\/\/www.cm-evora.pt\/wp-content\/uploads\/2021\/11\/AE8.jpg\" class=\"attachment-full size-full\" alt=\"\" srcset=\"https:\/\/www.cm-evora.pt\/wp-content\/uploads\/2021\/11\/AE8.jpg 1920w, https:\/\/www.cm-evora.pt\/wp-content\/uploads\/2021\/11\/AE8-300x225.jpg 300w, https:\/\/www.cm-evora.pt\/wp-content\/uploads\/2021\/11\/AE8-1024x768.jpg 1024w, https:\/\/www.cm-evora.pt\/wp-content\/uploads\/2021\/11\/AE8-768x576.jpg 768w, https:\/\/www.cm-evora.pt\/wp-content\/uploads\/2021\/11\/AE8-1536x1152.jpg 1536w, https:\/\/www.cm-evora.pt\/wp-content\/uploads\/2021\/11\/AE8-1320x990.jpg 1320w\" sizes=\"auto, (max-width: 1920px) 100vw, 1920px\" \/><\/a>\n\t\t\t<\/dt><\/dl><dl class='gallery-item'>\n\t\t\t<dt class='gallery-icon portrait'>\n\t\t\t\t<a href='https:\/\/www.cm-evora.pt\/wp-content\/uploads\/2021\/11\/AE9.jpg'><img loading=\"lazy\" decoding=\"async\" width=\"1280\" height=\"1920\" src=\"https:\/\/www.cm-evora.pt\/wp-content\/uploads\/2021\/11\/AE9.jpg\" class=\"attachment-full size-full\" alt=\"\" srcset=\"https:\/\/www.cm-evora.pt\/wp-content\/uploads\/2021\/11\/AE9.jpg 1280w, https:\/\/www.cm-evora.pt\/wp-content\/uploads\/2021\/11\/AE9-200x300.jpg 200w, https:\/\/www.cm-evora.pt\/wp-content\/uploads\/2021\/11\/AE9-683x1024.jpg 683w, https:\/\/www.cm-evora.pt\/wp-content\/uploads\/2021\/11\/AE9-768x1152.jpg 768w, https:\/\/www.cm-evora.pt\/wp-content\/uploads\/2021\/11\/AE9-1024x1536.jpg 1024w\" sizes=\"auto, (max-width: 1280px) 100vw, 1280px\" \/><\/a>\n\t\t\t<\/dt><\/dl>\n\t\t\t<br style='clear: both' \/>\n\t\t<\/div>\n\n<p>&nbsp;<\/p>","protected":false},"excerpt":{"rendered":"<p>Sorry, this entry is only available in Portugu\u00eas.O projeto municipal \u201cArtes \u00e0 Escola\u201d est\u00e1 retomar as sess\u00f5es que foram interrompidas devido \u00e0 pandemia e a preparar a nova edi\u00e7\u00e3o com os parceiros. Neste sentido, decorreu esta manh\u00e3 (29 de outubro) a terceira de tr\u00eas sess\u00f5es da iniciativa \u201cBeatriz e o Peixe Palha\u00e7o\u201d (Espet\u00e1culo de teatro [&hellip;]<\/p>\n","protected":false},"author":57,"featured_media":28433,"comment_status":"closed","ping_status":"closed","sticky":false,"template":"","format":"standard","meta":{"_acf_changed":false,"footnotes":""},"categories":[2110],"tags":[],"class_list":["post-28422","post","type-post","status-publish","format-standard","has-post-thumbnail","hentry","category-noticias"],"acf":{"imagens":"","destaq_image":28433,"titulo_docs_seccao":"","documentos":""},"_links":{"self":[{"href":"https:\/\/www.cm-evora.pt\/en\/wp-json\/wp\/v2\/posts\/28422","targetHints":{"allow":["GET"]}}],"collection":[{"href":"https:\/\/www.cm-evora.pt\/en\/wp-json\/wp\/v2\/posts"}],"about":[{"href":"https:\/\/www.cm-evora.pt\/en\/wp-json\/wp\/v2\/types\/post"}],"author":[{"embeddable":true,"href":"https:\/\/www.cm-evora.pt\/en\/wp-json\/wp\/v2\/users\/57"}],"replies":[{"embeddable":true,"href":"https:\/\/www.cm-evora.pt\/en\/wp-json\/wp\/v2\/comments?post=28422"}],"version-history":[{"count":3,"href":"https:\/\/www.cm-evora.pt\/en\/wp-json\/wp\/v2\/posts\/28422\/revisions"}],"predecessor-version":[{"id":28469,"href":"https:\/\/www.cm-evora.pt\/en\/wp-json\/wp\/v2\/posts\/28422\/revisions\/28469"}],"wp:featuredmedia":[{"embeddable":true,"href":"https:\/\/www.cm-evora.pt\/en\/wp-json\/wp\/v2\/media\/28433"}],"wp:attachment":[{"href":"https:\/\/www.cm-evora.pt\/en\/wp-json\/wp\/v2\/media?parent=28422"}],"wp:term":[{"taxonomy":"category","embeddable":true,"href":"https:\/\/www.cm-evora.pt\/en\/wp-json\/wp\/v2\/categories?post=28422"},{"taxonomy":"post_tag","embeddable":true,"href":"https:\/\/www.cm-evora.pt\/en\/wp-json\/wp\/v2\/tags?post=28422"}],"curies":[{"name":"wp","href":"https:\/\/api.w.org\/{rel}","templated":true}]}}