{"id":28501,"date":"2021-11-03T11:27:25","date_gmt":"2021-11-03T11:27:25","guid":{"rendered":"https:\/\/www.cm-evora.pt\/?p=28501"},"modified":"2021-11-22T13:59:06","modified_gmt":"2021-11-22T13:59:06","slug":"noite-das-criaturas-das-trevas-decorreu-no-alto-de-s-bento","status":"publish","type":"post","link":"https:\/\/www.cm-evora.pt\/en\/noite-das-criaturas-das-trevas-decorreu-no-alto-de-s-bento\/","title":{"rendered":"Noite das Criaturas das Trevas decorreu no Alto de S. Bento"},"content":{"rendered":"<p class=\"qtranxs-available-languages-message qtranxs-available-languages-message-en\">Sorry, this entry is only available in <a href=\"https:\/\/www.cm-evora.pt\/pt\/wp-json\/wp\/v2\/posts\/28501\" class=\"qtranxs-available-language-link qtranxs-available-language-link-pt\" title=\"Portugu\u00eas\">Portugu\u00eas<\/a>.<\/p><p>A \u201cNoite das Criaturas das Trevas\u201d decorreu no ser\u00e3o de dia 29 de Outubro, no Alto de S. Bento e permitiu aos participantes encontrar animais noturnos e conhec\u00ea-los melhor com as explica\u00e7\u00f5es fornecidas pelos investigadores Andr\u00e9 Oliveira e Marco Caetano, do N\u00facleo Herpetol\u00f3gico HerpEbora. Esta mesma atividade foi igualmente realizada no dia 30, no percurso pedestre &#8220;Da Vila \u00e0 Ponte Velha&#8221;, em Lavre, e no dia 31, na Herdade da Mitra, perto de Valverde.<\/p>\n<p>Tal a\u00e7\u00e3o visou a divulga\u00e7\u00e3o da ci\u00eancia, desmistificando ideias que existem em torno destas esp\u00e9cies de animais e sensibilizando para a import\u00e2ncia destes na conserva\u00e7\u00e3o dos ecossistemas e no desenvolvimento sustent\u00e1vel.<\/p>\n<p>Apesar da chuva e do vento, a atividade contou com mais participantes do que o esperado e, no percurso o grupo encontrou v\u00e1rios animais, desde sapos-corredores a sapos-de-unha-negra, algumas salamandras-de-pintas-amarelas, at\u00e9 uma cobra-de-capuz e um sapo-comum.<\/p>\n<p>Os investigadores satisfazeram a curiosidade dos participantes, fazendo notar algumas caracter\u00edsticas das esp\u00e9cies encontradas e como elas se adaptam e vivem. Tratou-se de uma forma diferente de descobrir a natureza e de despertar os nossos sentidos, mas tamb\u00e9m de observar no local o impacto da atividade humana na vida destas criaturas da noite, pois com a passagem dos ve\u00edculos, foram aparecendo alguns sapos atropelados.<\/p>\n<p>Esta iniciativa partiu do HerpEbora que, em parceria com a C\u00e2mara Municipal de \u00c9vora, o MED &#8211; Instituto Mediterr\u00e2neo para a Agricultura, Ambiente e Desenvolvimento da Universidade de \u00c9vora e a Uni\u00e3o de Freguesias de Corti\u00e7adas de Lavre e Lavre, realizou a atividade em diferentes locais do distrito.<\/p>\n<p>Trata-se da continuidade de uma parceria no Alto de S. Bento que se tem estreitado nos \u00faltimos anos em torno da divulga\u00e7\u00e3o da ci\u00eancia e da valoriza\u00e7\u00e3o do patrim\u00f3nio natural.<\/p>\n<p>\n\t\t<style type=\"text\/css\">\n\t\t\t#gallery-1 {\n\t\t\t\tmargin: auto;\n\t\t\t}\n\t\t\t#gallery-1 .gallery-item {\n\t\t\t\tfloat: left;\n\t\t\t\tmargin-top: 10px;\n\t\t\t\ttext-align: center;\n\t\t\t\twidth: 33%;\n\t\t\t}\n\t\t\t#gallery-1 img {\n\t\t\t\tborder: 2px solid #cfcfcf;\n\t\t\t}\n\t\t\t#gallery-1 .gallery-caption {\n\t\t\t\tmargin-left: 0;\n\t\t\t}\n\t\t\t\/* see gallery_shortcode() in wp-includes\/media.php *\/\n\t\t<\/style>\n\t\t<div id='gallery-1' class='gallery galleryid-28501 gallery-columns-3 gallery-size-full'><dl class='gallery-item'>\n\t\t\t<dt class='gallery-icon landscape'>\n\t\t\t\t<a href='https:\/\/www.cm-evora.pt\/wp-content\/uploads\/2021\/11\/NCT1.jpg'><img loading=\"lazy\" decoding=\"async\" width=\"1920\" height=\"1440\" src=\"https:\/\/www.cm-evora.pt\/wp-content\/uploads\/2021\/11\/NCT1.jpg\" class=\"attachment-full size-full\" alt=\"\" srcset=\"https:\/\/www.cm-evora.pt\/wp-content\/uploads\/2021\/11\/NCT1.jpg 1920w, https:\/\/www.cm-evora.pt\/wp-content\/uploads\/2021\/11\/NCT1-300x225.jpg 300w, https:\/\/www.cm-evora.pt\/wp-content\/uploads\/2021\/11\/NCT1-1024x768.jpg 1024w, https:\/\/www.cm-evora.pt\/wp-content\/uploads\/2021\/11\/NCT1-768x576.jpg 768w, https:\/\/www.cm-evora.pt\/wp-content\/uploads\/2021\/11\/NCT1-1536x1152.jpg 1536w, https:\/\/www.cm-evora.pt\/wp-content\/uploads\/2021\/11\/NCT1-1320x990.jpg 1320w\" sizes=\"auto, (max-width: 1920px) 100vw, 1920px\" \/><\/a>\n\t\t\t<\/dt><\/dl><dl class='gallery-item'>\n\t\t\t<dt class='gallery-icon landscape'>\n\t\t\t\t<a href='https:\/\/www.cm-evora.pt\/wp-content\/uploads\/2021\/11\/NCT2.jpg'><img loading=\"lazy\" decoding=\"async\" width=\"1920\" height=\"1440\" src=\"https:\/\/www.cm-evora.pt\/wp-content\/uploads\/2021\/11\/NCT2.jpg\" class=\"attachment-full size-full\" alt=\"\" srcset=\"https:\/\/www.cm-evora.pt\/wp-content\/uploads\/2021\/11\/NCT2.jpg 1920w, https:\/\/www.cm-evora.pt\/wp-content\/uploads\/2021\/11\/NCT2-300x225.jpg 300w, https:\/\/www.cm-evora.pt\/wp-content\/uploads\/2021\/11\/NCT2-1024x768.jpg 1024w, https:\/\/www.cm-evora.pt\/wp-content\/uploads\/2021\/11\/NCT2-768x576.jpg 768w, https:\/\/www.cm-evora.pt\/wp-content\/uploads\/2021\/11\/NCT2-1536x1152.jpg 1536w, https:\/\/www.cm-evora.pt\/wp-content\/uploads\/2021\/11\/NCT2-1320x990.jpg 1320w\" sizes=\"auto, (max-width: 1920px) 100vw, 1920px\" \/><\/a>\n\t\t\t<\/dt><\/dl><dl class='gallery-item'>\n\t\t\t<dt class='gallery-icon landscape'>\n\t\t\t\t<a href='https:\/\/www.cm-evora.pt\/wp-content\/uploads\/2021\/11\/NCT3.jpg'><img loading=\"lazy\" decoding=\"async\" width=\"1920\" height=\"1440\" src=\"https:\/\/www.cm-evora.pt\/wp-content\/uploads\/2021\/11\/NCT3.jpg\" class=\"attachment-full size-full\" alt=\"\" srcset=\"https:\/\/www.cm-evora.pt\/wp-content\/uploads\/2021\/11\/NCT3.jpg 1920w, https:\/\/www.cm-evora.pt\/wp-content\/uploads\/2021\/11\/NCT3-300x225.jpg 300w, https:\/\/www.cm-evora.pt\/wp-content\/uploads\/2021\/11\/NCT3-1024x768.jpg 1024w, https:\/\/www.cm-evora.pt\/wp-content\/uploads\/2021\/11\/NCT3-768x576.jpg 768w, https:\/\/www.cm-evora.pt\/wp-content\/uploads\/2021\/11\/NCT3-1536x1152.jpg 1536w, https:\/\/www.cm-evora.pt\/wp-content\/uploads\/2021\/11\/NCT3-1320x990.jpg 1320w\" sizes=\"auto, (max-width: 1920px) 100vw, 1920px\" \/><\/a>\n\t\t\t<\/dt><\/dl><br style=\"clear: both\" \/>\n\t\t<\/div>\n<\/p>","protected":false},"excerpt":{"rendered":"<p>Sorry, this entry is only available in Portugu\u00eas.A \u201cNoite das Criaturas das Trevas\u201d decorreu no ser\u00e3o de dia 29 de Outubro, no Alto de S. Bento e permitiu aos participantes encontrar animais noturnos e conhec\u00ea-los melhor com as explica\u00e7\u00f5es fornecidas pelos investigadores Andr\u00e9 Oliveira e Marco Caetano, do N\u00facleo Herpetol\u00f3gico HerpEbora. Esta mesma atividade foi [&hellip;]<\/p>\n","protected":false},"author":57,"featured_media":28504,"comment_status":"closed","ping_status":"closed","sticky":false,"template":"","format":"standard","meta":{"_acf_changed":false,"footnotes":""},"categories":[2110],"tags":[],"class_list":["post-28501","post","type-post","status-publish","format-standard","has-post-thumbnail","hentry","category-noticias"],"acf":{"imagens":"","destaq_image":28504,"titulo_docs_seccao":"","documentos":""},"_links":{"self":[{"href":"https:\/\/www.cm-evora.pt\/en\/wp-json\/wp\/v2\/posts\/28501","targetHints":{"allow":["GET"]}}],"collection":[{"href":"https:\/\/www.cm-evora.pt\/en\/wp-json\/wp\/v2\/posts"}],"about":[{"href":"https:\/\/www.cm-evora.pt\/en\/wp-json\/wp\/v2\/types\/post"}],"author":[{"embeddable":true,"href":"https:\/\/www.cm-evora.pt\/en\/wp-json\/wp\/v2\/users\/57"}],"replies":[{"embeddable":true,"href":"https:\/\/www.cm-evora.pt\/en\/wp-json\/wp\/v2\/comments?post=28501"}],"version-history":[{"count":1,"href":"https:\/\/www.cm-evora.pt\/en\/wp-json\/wp\/v2\/posts\/28501\/revisions"}],"predecessor-version":[{"id":28505,"href":"https:\/\/www.cm-evora.pt\/en\/wp-json\/wp\/v2\/posts\/28501\/revisions\/28505"}],"wp:featuredmedia":[{"embeddable":true,"href":"https:\/\/www.cm-evora.pt\/en\/wp-json\/wp\/v2\/media\/28504"}],"wp:attachment":[{"href":"https:\/\/www.cm-evora.pt\/en\/wp-json\/wp\/v2\/media?parent=28501"}],"wp:term":[{"taxonomy":"category","embeddable":true,"href":"https:\/\/www.cm-evora.pt\/en\/wp-json\/wp\/v2\/categories?post=28501"},{"taxonomy":"post_tag","embeddable":true,"href":"https:\/\/www.cm-evora.pt\/en\/wp-json\/wp\/v2\/tags?post=28501"}],"curies":[{"name":"wp","href":"https:\/\/api.w.org\/{rel}","templated":true}]}}