{"id":29296,"date":"2021-11-23T08:54:16","date_gmt":"2021-11-23T08:54:16","guid":{"rendered":"https:\/\/www.cm-evora.pt\/?p=29296"},"modified":"2021-11-23T08:54:16","modified_gmt":"2021-11-23T08:54:16","slug":"assembleia-municipal-de-evora-realiza-sessao-no-dia-26-de-novembro","status":"publish","type":"post","link":"https:\/\/www.cm-evora.pt\/en\/assembleia-municipal-de-evora-realiza-sessao-no-dia-26-de-novembro\/","title":{"rendered":"(Portugu\u00eas) Assembleia Municipal de \u00c9vora realiza sess\u00e3o no dia 26 de Novembro"},"content":{"rendered":"<p class=\"qtranxs-available-languages-message qtranxs-available-languages-message-en\">Sorry, this entry is only available in <a href=\"https:\/\/www.cm-evora.pt\/pt\/wp-json\/wp\/v2\/posts\/29296\" class=\"qtranxs-available-language-link qtranxs-available-language-link-pt\" title=\"Portugu\u00eas\">Portugu\u00eas<\/a>.<\/p><p><strong>A Assembleia Municipal de \u00c9vora realiza uma sess\u00e3o extraordin\u00e1ria no dia 26 de novembro de 2021, \u00e0s 21 horas, no Sal\u00e3o Nobre do Edif\u00edcio dos Pa\u00e7os do Concelho. <\/strong><\/p>\n<p>Fazem parte da Ordem do Dia os seguintes pontos: <em>Informa\u00e7\u00f5es; Elei\u00e7\u00e3o de um Presidente de Junta para representar as Juntas de Freguesia ou Uni\u00f5es de Freguesias do concelho no XXV Congresso da Associa\u00e7\u00e3o Nacional de Munic\u00edpios Portugueses; Representa\u00e7\u00e3o da AME no Conselho Municipal da Juventude de \u00c9vora; e Representa\u00e7\u00e3o da AME <\/em><em>a Assembleia Intermunicipal da CIMAC \u2013 Comunidade Intermunicipal do Alentejo Central.<\/em><\/p>\n<p><em>\u00a0<\/em><\/p>\n<p><em>\u00a0<\/em><\/p>\n<p>\n\t\t<style type=\"text\/css\">\n\t\t\t#gallery-1 {\n\t\t\t\tmargin: auto;\n\t\t\t}\n\t\t\t#gallery-1 .gallery-item {\n\t\t\t\tfloat: left;\n\t\t\t\tmargin-top: 10px;\n\t\t\t\ttext-align: center;\n\t\t\t\twidth: 100%;\n\t\t\t}\n\t\t\t#gallery-1 img {\n\t\t\t\tborder: 2px solid #cfcfcf;\n\t\t\t}\n\t\t\t#gallery-1 .gallery-caption {\n\t\t\t\tmargin-left: 0;\n\t\t\t}\n\t\t\t\/* see gallery_shortcode() in wp-includes\/media.php *\/\n\t\t<\/style>\n\t\t<div id='gallery-1' class='gallery galleryid-29296 gallery-columns-1 gallery-size-full'><dl class='gallery-item'>\n\t\t\t<dt class='gallery-icon landscape'>\n\t\t\t\t<a href='https:\/\/www.cm-evora.pt\/wp-content\/uploads\/2021\/11\/AMELogo1920.jpg'><img loading=\"lazy\" decoding=\"async\" width=\"1920\" height=\"1088\" src=\"https:\/\/www.cm-evora.pt\/wp-content\/uploads\/2021\/11\/AMELogo1920.jpg\" class=\"attachment-full size-full\" alt=\"\" srcset=\"https:\/\/www.cm-evora.pt\/wp-content\/uploads\/2021\/11\/AMELogo1920.jpg 1920w, https:\/\/www.cm-evora.pt\/wp-content\/uploads\/2021\/11\/AMELogo1920-300x170.jpg 300w, https:\/\/www.cm-evora.pt\/wp-content\/uploads\/2021\/11\/AMELogo1920-1024x580.jpg 1024w, https:\/\/www.cm-evora.pt\/wp-content\/uploads\/2021\/11\/AMELogo1920-768x435.jpg 768w, https:\/\/www.cm-evora.pt\/wp-content\/uploads\/2021\/11\/AMELogo1920-1536x870.jpg 1536w, https:\/\/www.cm-evora.pt\/wp-content\/uploads\/2021\/11\/AMELogo1920-1320x748.jpg 1320w\" sizes=\"auto, (max-width: 1920px) 100vw, 1920px\" \/><\/a>\n\t\t\t<\/dt><\/dl><br style=\"clear: both\" \/>\n\t\t<\/div>\n<\/p>","protected":false},"excerpt":{"rendered":"<p>Sorry, this entry is only available in Portugu\u00eas.A Assembleia Municipal de \u00c9vora realiza uma sess\u00e3o extraordin\u00e1ria no dia 26 de novembro de 2021, \u00e0s 21 horas, no Sal\u00e3o Nobre do Edif\u00edcio dos Pa\u00e7os do Concelho. Fazem parte da Ordem do Dia os seguintes pontos: Informa\u00e7\u00f5es; Elei\u00e7\u00e3o de um Presidente de Junta para representar as Juntas [&hellip;]<\/p>\n","protected":false},"author":57,"featured_media":29298,"comment_status":"closed","ping_status":"closed","sticky":false,"template":"","format":"standard","meta":{"_acf_changed":false,"footnotes":""},"categories":[2110],"tags":[],"class_list":["post-29296","post","type-post","status-publish","format-standard","has-post-thumbnail","hentry","category-noticias"],"acf":{"imagens":"","destaq_image":29298,"titulo_docs_seccao":"","documentos":""},"_links":{"self":[{"href":"https:\/\/www.cm-evora.pt\/en\/wp-json\/wp\/v2\/posts\/29296","targetHints":{"allow":["GET"]}}],"collection":[{"href":"https:\/\/www.cm-evora.pt\/en\/wp-json\/wp\/v2\/posts"}],"about":[{"href":"https:\/\/www.cm-evora.pt\/en\/wp-json\/wp\/v2\/types\/post"}],"author":[{"embeddable":true,"href":"https:\/\/www.cm-evora.pt\/en\/wp-json\/wp\/v2\/users\/57"}],"replies":[{"embeddable":true,"href":"https:\/\/www.cm-evora.pt\/en\/wp-json\/wp\/v2\/comments?post=29296"}],"version-history":[{"count":1,"href":"https:\/\/www.cm-evora.pt\/en\/wp-json\/wp\/v2\/posts\/29296\/revisions"}],"predecessor-version":[{"id":29299,"href":"https:\/\/www.cm-evora.pt\/en\/wp-json\/wp\/v2\/posts\/29296\/revisions\/29299"}],"wp:featuredmedia":[{"embeddable":true,"href":"https:\/\/www.cm-evora.pt\/en\/wp-json\/wp\/v2\/media\/29298"}],"wp:attachment":[{"href":"https:\/\/www.cm-evora.pt\/en\/wp-json\/wp\/v2\/media?parent=29296"}],"wp:term":[{"taxonomy":"category","embeddable":true,"href":"https:\/\/www.cm-evora.pt\/en\/wp-json\/wp\/v2\/categories?post=29296"},{"taxonomy":"post_tag","embeddable":true,"href":"https:\/\/www.cm-evora.pt\/en\/wp-json\/wp\/v2\/tags?post=29296"}],"curies":[{"name":"wp","href":"https:\/\/api.w.org\/{rel}","templated":true}]}}