{"id":29486,"date":"2021-11-26T08:55:38","date_gmt":"2021-11-26T08:55:38","guid":{"rendered":"https:\/\/www.cm-evora.pt\/?p=29486"},"modified":"2021-11-26T08:57:31","modified_gmt":"2021-11-26T08:57:31","slug":"hortas-urbanas-de-evora-ja-dispoem-de-iluminacao-publica-alimentada-100-a-energia-solar","status":"publish","type":"post","link":"https:\/\/www.cm-evora.pt\/en\/hortas-urbanas-de-evora-ja-dispoem-de-iluminacao-publica-alimentada-100-a-energia-solar\/","title":{"rendered":"(Portugu\u00eas) Hortas Urbanas de \u00c9vora j\u00e1 disp\u00f5em de ilumina\u00e7\u00e3o p\u00fablica 100% a energia solar"},"content":{"rendered":"<p class=\"qtranxs-available-languages-message qtranxs-available-languages-message-en\">Sorry, this entry is only available in <a href=\"https:\/\/www.cm-evora.pt\/pt\/wp-json\/wp\/v2\/posts\/29486\" class=\"qtranxs-available-language-link qtranxs-available-language-link-pt\" title=\"Portugu\u00eas\">Portugu\u00eas<\/a>.<\/p><p><strong>As hortas urbanas de \u00c9vora, Horta do Monte de Santo Ant\u00f3nio e Horta Comunit\u00e1ria do Forte de Santo Ant\u00f3nio, est\u00e3o agora iluminadas atrav\u00e9s de um sistema autossuficiente de abastecimento de energia el\u00e9trica, com fonte na capta\u00e7\u00e3o e aproveitamento da radia\u00e7\u00e3o solar.<\/strong><\/p>\n<p>Correspondendo positivamente a um desejo que vinha sendo manifestado pelos utilizadores das hortas urbanas, a C\u00e2mara Municipal de \u00c9vora concluiu na passada semana a instala\u00e7\u00e3o de ilumina\u00e7\u00e3o p\u00fablica nestes dois espa\u00e7os comunit\u00e1rios. Foram instaladas no total seis colunas de bra\u00e7o duplo, o que corresponde a uma d\u00fazia de lumin\u00e1rias, consideradas suficientes para permitir a circula\u00e7\u00e3o e a opera\u00e7\u00e3o dos utilizadores em condi\u00e7\u00f5es de visibilidade e seguran\u00e7a.<\/p>\n<p>Neste projeto merece destaque o facto de que a fonte de energia prov\u00e9m exclusivamente da capta\u00e7\u00e3o de radia\u00e7\u00e3o solar atrav\u00e9s de pain\u00e9is instalados em cada uma das colunas de ilumina\u00e7\u00e3o. Utilizando a radia\u00e7\u00e3o captada durante o dia e transformada em energia guardada em baterias, o sistema tem capacidade para iluminar o espa\u00e7o em perman\u00eancia durante as primeiras cinco horas do per\u00edodo noturno. Durante o tempo restante at\u00e9 ao nascimento dia, o sistema desliga a ilumina\u00e7\u00e3o em perman\u00eancia, mas liga-se automaticamente quando acionados os sensores de movimento.<\/p>\n<p>A instala\u00e7\u00e3o de ilumina\u00e7\u00e3o p\u00fablica nas hortas urbanas de \u00c9vora tem origem no processo de gest\u00e3o participada que tem vindo a ser implementado pela C\u00e2mara Municipal em conjunto com a popula\u00e7\u00e3o do Munic\u00edpio, e representou um investimento total que rondou os 15.000,00 euros. Recorde-se a este prop\u00f3sito que a Autarquia, atrav\u00e9s de um programa desenvolvido no \u00e2mbito da CIMAC, procedeu recentemente \u00e0 substitui\u00e7\u00e3o das lumin\u00e1rias da ilumina\u00e7\u00e3o p\u00fablica da cidade por tecnologia LED, o que representou uma redu\u00e7\u00e3o no consumo de energia superior a 70%.<\/p>","protected":false},"excerpt":{"rendered":"<p>Sorry, this entry is only available in Portugu\u00eas.As hortas urbanas de \u00c9vora, Horta do Monte de Santo Ant\u00f3nio e Horta Comunit\u00e1ria do Forte de Santo Ant\u00f3nio, est\u00e3o agora iluminadas atrav\u00e9s de um sistema autossuficiente de abastecimento de energia el\u00e9trica, com fonte na capta\u00e7\u00e3o e aproveitamento da radia\u00e7\u00e3o solar. Correspondendo positivamente a um desejo que vinha [&hellip;]<\/p>\n","protected":false},"author":37,"featured_media":29488,"comment_status":"closed","ping_status":"closed","sticky":false,"template":"","format":"standard","meta":{"_acf_changed":false,"footnotes":""},"categories":[2110],"tags":[],"class_list":["post-29486","post","type-post","status-publish","format-standard","has-post-thumbnail","hentry","category-noticias"],"acf":{"imagens":"","destaq_image":29488,"titulo_docs_seccao":"","documentos":""},"_links":{"self":[{"href":"https:\/\/www.cm-evora.pt\/en\/wp-json\/wp\/v2\/posts\/29486","targetHints":{"allow":["GET"]}}],"collection":[{"href":"https:\/\/www.cm-evora.pt\/en\/wp-json\/wp\/v2\/posts"}],"about":[{"href":"https:\/\/www.cm-evora.pt\/en\/wp-json\/wp\/v2\/types\/post"}],"author":[{"embeddable":true,"href":"https:\/\/www.cm-evora.pt\/en\/wp-json\/wp\/v2\/users\/37"}],"replies":[{"embeddable":true,"href":"https:\/\/www.cm-evora.pt\/en\/wp-json\/wp\/v2\/comments?post=29486"}],"version-history":[{"count":2,"href":"https:\/\/www.cm-evora.pt\/en\/wp-json\/wp\/v2\/posts\/29486\/revisions"}],"predecessor-version":[{"id":29492,"href":"https:\/\/www.cm-evora.pt\/en\/wp-json\/wp\/v2\/posts\/29486\/revisions\/29492"}],"wp:featuredmedia":[{"embeddable":true,"href":"https:\/\/www.cm-evora.pt\/en\/wp-json\/wp\/v2\/media\/29488"}],"wp:attachment":[{"href":"https:\/\/www.cm-evora.pt\/en\/wp-json\/wp\/v2\/media?parent=29486"}],"wp:term":[{"taxonomy":"category","embeddable":true,"href":"https:\/\/www.cm-evora.pt\/en\/wp-json\/wp\/v2\/categories?post=29486"},{"taxonomy":"post_tag","embeddable":true,"href":"https:\/\/www.cm-evora.pt\/en\/wp-json\/wp\/v2\/tags?post=29486"}],"curies":[{"name":"wp","href":"https:\/\/api.w.org\/{rel}","templated":true}]}}