{"id":29554,"date":"2021-11-29T11:19:38","date_gmt":"2021-11-29T11:19:38","guid":{"rendered":"https:\/\/www.cm-evora.pt\/?p=29554"},"modified":"2021-11-29T11:19:38","modified_gmt":"2021-11-29T11:19:38","slug":"21-27-meia-maratona-cabaco-e-rivera-vencem-em-evora","status":"publish","type":"post","link":"https:\/\/www.cm-evora.pt\/en\/21-27-meia-maratona-cabaco-e-rivera-vencem-em-evora\/","title":{"rendered":"(Portugu\u00eas) 21.27 \u2013 Meia Maratona | Caba\u00e7o e Rivera vencem em \u00c9vora"},"content":{"rendered":"<p class=\"qtranxs-available-languages-message qtranxs-available-languages-message-en\">Sorry, this entry is only available in <a href=\"https:\/\/www.cm-evora.pt\/pt\/wp-json\/wp\/v2\/posts\/29554\" class=\"qtranxs-available-language-link qtranxs-available-language-link-pt\" title=\"Portugu\u00eas\">Portugu\u00eas<\/a>.<\/p><p>Raquel Caba\u00e7o, em representa\u00e7\u00e3o do seu clube, e o espanhol Jorge Rivera, foram os grandes vencedores da \u00c9vora 21.27 \u2013 Meia Maratona que, este domingo, se disputou na cidade classificada Patrim\u00f3nio Mundial, com a eborense a completar os 21 quil\u00f3metros em 01;24;58 horas e o atleta extremenho em 01;08;25h. Coletivamente, em masculinos, venceu o Clube Raquel Caba\u00e7o e em femininos o grupo Correr em \u00c9vora.<\/p>\n<p>O atleta que viajou desde Espanha ficou \u00e0 frente do portalegrense Bruno Paix\u00e3o, que representa o Beja Atl\u00e9tico Clube, e de Jos\u00e9 Gaspar, que cortou a meta em terceiro lugar respetivamente. Nas senhoras, o segundo lugar foi ocupado por Liliana Ver\u00edssimo (01;25;28h) e In\u00eas Pinto (01;30;09h Greca Vagos), respetivamente.<\/p>\n<p>Para a eborense Raquel Caba\u00e7o a vit\u00f3ria na terra natal tem \u201cum sabor especial, principalmente porque hoje o meu pai faz anos a quem, naturalmente dedico esta vit\u00f3ria, ele que \u00e9 o meu melhor amigo\u201d. Sobre a prova, Caba\u00e7o salientou o facto de conhecer o percurso o que \u201cde alguma forma ajuda bastante, pese embora o forte vento que se fez sentir, principalmente na Estrada de Viana e depois na subida da Rua da Rep\u00fablica\u201d.<\/p>\n<p>Jorge Rivera, por seu turno, destacou a beleza monumental da cidade, salientando o prazer que foi correr numa cidade classificada pela Unesco, em que \u201co percurso seguia pelos principais monumentos da cidade. De resto, a prova correu-me muito bem e tudo estava muito bem organizado. Outro aspeto positivo da corrida foi a anima\u00e7\u00e3o. Havia in\u00fameros momentos musicais o que para quem vai a correr funciona como uma dose extra de cafe\u00edna. Est\u00e3o todos de parab\u00e9ns\u201d.<\/p>\n<p>Nos 10 quil\u00f3metros, a vit\u00f3ria, em cavalheiros, pertenceu a Carlos Papacinza, que ficou \u00e0 frente de Jo\u00e3o Baioa e de Tiago Gra\u00e7a, respectivamente. Nas senhoras, a mais r\u00e1pida nos 10 mil metros foi Raquel Trabuco, enquanto que Carla Almeida e Cl\u00e1udia Batuca ocuparam o segundo e terceiro lugar do p\u00f3dio. Coletivamente, a Casa de Benfica de Reguengos de Monsaraz venceu nos dois g\u00e9neros.<\/p>\n<p>Paulo Guerra, tetra campe\u00e3o da Europa de Corta-Mato, antigo atleta do Grupo Desportivo Diana, clube com sede em \u00c9vora, foi um dos 1700 participantes na iniciativa e no final da mesma mostrava-se extremamente orgulhoso com a ades\u00e3o dos eborenses e dos alentejanos em geral. \u201c\u00c9 bom que as pessoas percebam a import\u00e2ncia da atividade desportiva para o seu bem-estar. At\u00e9 nesta altura, com as conting\u00eancias que todos n\u00f3s sabemos, se praticarmos desporto aumentamos a nossa imunidade\u201d.<\/p>\n<p>Sobre a sua presen\u00e7a em \u00c9vora, onde foi aluno e atleta, Paulo Guerra salientou que no Mundo h\u00e1 dois s\u00edtios onde se sente em casa: \u201cSevilha, onde ganhei por duas vezes um dos crosses mais importantes, e \u00c9vora. Passados 31 anos regressei a esta linda cidade que teve um papel preponderante antes de rumar ao Sporting Clube de Portugal. Vesti a camisola dos Diana e do Arraiolense e foi esta gente do Alentejo que teve um contributo fundamental para o meu sucesso desportivo\u201d.<\/p>\n<p>A \u00c9vora 21.27 \u2013 Meia Maratona, que procura assinalar a data da classifica\u00e7\u00e3o do Centro Hist\u00f3rico como Patrim\u00f3nio da Humanidade e a Candidatura da cidade a Capital Europeia da Cultura, \u00e9 uma organiza\u00e7\u00e3o da C\u00e2mara Municipal de \u00c9vora. Para o edil eborense, Carlos Pinto de S\u00e1, a concretiza\u00e7\u00e3o desta iniciativa \u00e9 uma grande vit\u00f3ria. \u201cConseguimos ganhar de novo o espa\u00e7o p\u00fablico, trazer as pessoas para a rua, e dizer que podemos viver com a pandemia desde que respeitemos as regras\u201d.<\/p>\n<p>\u201c\u00c9 uma alegria imensa ter esta gente toda aqui, atletas e familiares, grupos de anima\u00e7\u00e3o, e todo o pessoal da organiza\u00e7\u00e3o, que foi inexced\u00edvel na forma como trabalhou no sentido de garantir todas as condi\u00e7\u00f5es para demonstrar que \u00e9 poss\u00edvel viver com a pandemia. Julgo que pr\u00f3 ano conseguiremos ter muitos mais participantes\u201d.<\/p>\n<p>\n\t\t<style type=\"text\/css\">\n\t\t\t#gallery-1 {\n\t\t\t\tmargin: auto;\n\t\t\t}\n\t\t\t#gallery-1 .gallery-item {\n\t\t\t\tfloat: left;\n\t\t\t\tmargin-top: 10px;\n\t\t\t\ttext-align: center;\n\t\t\t\twidth: 50%;\n\t\t\t}\n\t\t\t#gallery-1 img {\n\t\t\t\tborder: 2px solid #cfcfcf;\n\t\t\t}\n\t\t\t#gallery-1 .gallery-caption {\n\t\t\t\tmargin-left: 0;\n\t\t\t}\n\t\t\t\/* see gallery_shortcode() in wp-includes\/media.php *\/\n\t\t<\/style>\n\t\t<div id='gallery-1' class='gallery galleryid-29554 gallery-columns-2 gallery-size-full'><dl class='gallery-item'>\n\t\t\t<dt class='gallery-icon landscape'>\n\t\t\t\t<a href='https:\/\/www.cm-evora.pt\/wp-content\/uploads\/2021\/11\/JorgeRivera.jpg'><img loading=\"lazy\" decoding=\"async\" width=\"1825\" height=\"1379\" src=\"https:\/\/www.cm-evora.pt\/wp-content\/uploads\/2021\/11\/JorgeRivera.jpg\" class=\"attachment-full size-full\" alt=\"\" srcset=\"https:\/\/www.cm-evora.pt\/wp-content\/uploads\/2021\/11\/JorgeRivera.jpg 1825w, https:\/\/www.cm-evora.pt\/wp-content\/uploads\/2021\/11\/JorgeRivera-300x227.jpg 300w, https:\/\/www.cm-evora.pt\/wp-content\/uploads\/2021\/11\/JorgeRivera-1024x774.jpg 1024w, https:\/\/www.cm-evora.pt\/wp-content\/uploads\/2021\/11\/JorgeRivera-768x580.jpg 768w, https:\/\/www.cm-evora.pt\/wp-content\/uploads\/2021\/11\/JorgeRivera-1536x1161.jpg 1536w, https:\/\/www.cm-evora.pt\/wp-content\/uploads\/2021\/11\/JorgeRivera-1320x997.jpg 1320w\" sizes=\"auto, (max-width: 1825px) 100vw, 1825px\" \/><\/a>\n\t\t\t<\/dt><\/dl><dl class='gallery-item'>\n\t\t\t<dt class='gallery-icon landscape'>\n\t\t\t\t<a href='https:\/\/www.cm-evora.pt\/wp-content\/uploads\/2021\/11\/Raquel-Cabaco.jpg'><img loading=\"lazy\" decoding=\"async\" width=\"1825\" height=\"1359\" src=\"https:\/\/www.cm-evora.pt\/wp-content\/uploads\/2021\/11\/Raquel-Cabaco.jpg\" class=\"attachment-full size-full\" alt=\"\" srcset=\"https:\/\/www.cm-evora.pt\/wp-content\/uploads\/2021\/11\/Raquel-Cabaco.jpg 1825w, https:\/\/www.cm-evora.pt\/wp-content\/uploads\/2021\/11\/Raquel-Cabaco-300x223.jpg 300w, https:\/\/www.cm-evora.pt\/wp-content\/uploads\/2021\/11\/Raquel-Cabaco-1024x763.jpg 1024w, https:\/\/www.cm-evora.pt\/wp-content\/uploads\/2021\/11\/Raquel-Cabaco-768x572.jpg 768w, https:\/\/www.cm-evora.pt\/wp-content\/uploads\/2021\/11\/Raquel-Cabaco-1536x1144.jpg 1536w, https:\/\/www.cm-evora.pt\/wp-content\/uploads\/2021\/11\/Raquel-Cabaco-1320x983.jpg 1320w\" sizes=\"auto, (max-width: 1825px) 100vw, 1825px\" \/><\/a>\n\t\t\t<\/dt><\/dl><br style=\"clear: both\" \/><dl class='gallery-item'>\n\t\t\t<dt class='gallery-icon landscape'>\n\t\t\t\t<a href='https:\/\/www.cm-evora.pt\/wp-content\/uploads\/2021\/11\/ClubeRaquelCabaco.jpg'><img loading=\"lazy\" decoding=\"async\" width=\"1825\" height=\"1217\" src=\"https:\/\/www.cm-evora.pt\/wp-content\/uploads\/2021\/11\/ClubeRaquelCabaco.jpg\" class=\"attachment-full size-full\" alt=\"\" srcset=\"https:\/\/www.cm-evora.pt\/wp-content\/uploads\/2021\/11\/ClubeRaquelCabaco.jpg 1825w, https:\/\/www.cm-evora.pt\/wp-content\/uploads\/2021\/11\/ClubeRaquelCabaco-300x200.jpg 300w, https:\/\/www.cm-evora.pt\/wp-content\/uploads\/2021\/11\/ClubeRaquelCabaco-1024x683.jpg 1024w, https:\/\/www.cm-evora.pt\/wp-content\/uploads\/2021\/11\/ClubeRaquelCabaco-768x512.jpg 768w, https:\/\/www.cm-evora.pt\/wp-content\/uploads\/2021\/11\/ClubeRaquelCabaco-1536x1024.jpg 1536w, https:\/\/www.cm-evora.pt\/wp-content\/uploads\/2021\/11\/ClubeRaquelCabaco-1320x880.jpg 1320w\" sizes=\"auto, (max-width: 1825px) 100vw, 1825px\" \/><\/a>\n\t\t\t<\/dt><\/dl><dl class='gallery-item'>\n\t\t\t<dt class='gallery-icon landscape'>\n\t\t\t\t<a href='https:\/\/www.cm-evora.pt\/wp-content\/uploads\/2021\/11\/CorrerEmEvora.jpg'><img loading=\"lazy\" decoding=\"async\" width=\"1825\" height=\"1217\" src=\"https:\/\/www.cm-evora.pt\/wp-content\/uploads\/2021\/11\/CorrerEmEvora.jpg\" class=\"attachment-full size-full\" alt=\"\" srcset=\"https:\/\/www.cm-evora.pt\/wp-content\/uploads\/2021\/11\/CorrerEmEvora.jpg 1825w, https:\/\/www.cm-evora.pt\/wp-content\/uploads\/2021\/11\/CorrerEmEvora-300x200.jpg 300w, https:\/\/www.cm-evora.pt\/wp-content\/uploads\/2021\/11\/CorrerEmEvora-1024x683.jpg 1024w, https:\/\/www.cm-evora.pt\/wp-content\/uploads\/2021\/11\/CorrerEmEvora-768x512.jpg 768w, https:\/\/www.cm-evora.pt\/wp-content\/uploads\/2021\/11\/CorrerEmEvora-1536x1024.jpg 1536w, https:\/\/www.cm-evora.pt\/wp-content\/uploads\/2021\/11\/CorrerEmEvora-1320x880.jpg 1320w\" sizes=\"auto, (max-width: 1825px) 100vw, 1825px\" \/><\/a>\n\t\t\t<\/dt><\/dl><br style=\"clear: both\" \/>\n\t\t<\/div>\n<\/p>","protected":false},"excerpt":{"rendered":"<p>Sorry, this entry is only available in Portugu\u00eas.Raquel Caba\u00e7o, em representa\u00e7\u00e3o do seu clube, e o espanhol Jorge Rivera, foram os grandes vencedores da \u00c9vora 21.27 \u2013 Meia Maratona que, este domingo, se disputou na cidade classificada Patrim\u00f3nio Mundial, com a eborense a completar os 21 quil\u00f3metros em 01;24;58 horas e o atleta extremenho em [&hellip;]<\/p>\n","protected":false},"author":45,"featured_media":29559,"comment_status":"closed","ping_status":"closed","sticky":false,"template":"","format":"standard","meta":{"_acf_changed":false,"footnotes":""},"categories":[2110],"tags":[],"class_list":["post-29554","post","type-post","status-publish","format-standard","has-post-thumbnail","hentry","category-noticias"],"acf":{"imagens":"","destaq_image":29559,"titulo_docs_seccao":"","documentos":""},"_links":{"self":[{"href":"https:\/\/www.cm-evora.pt\/en\/wp-json\/wp\/v2\/posts\/29554","targetHints":{"allow":["GET"]}}],"collection":[{"href":"https:\/\/www.cm-evora.pt\/en\/wp-json\/wp\/v2\/posts"}],"about":[{"href":"https:\/\/www.cm-evora.pt\/en\/wp-json\/wp\/v2\/types\/post"}],"author":[{"embeddable":true,"href":"https:\/\/www.cm-evora.pt\/en\/wp-json\/wp\/v2\/users\/45"}],"replies":[{"embeddable":true,"href":"https:\/\/www.cm-evora.pt\/en\/wp-json\/wp\/v2\/comments?post=29554"}],"version-history":[{"count":1,"href":"https:\/\/www.cm-evora.pt\/en\/wp-json\/wp\/v2\/posts\/29554\/revisions"}],"predecessor-version":[{"id":29560,"href":"https:\/\/www.cm-evora.pt\/en\/wp-json\/wp\/v2\/posts\/29554\/revisions\/29560"}],"wp:featuredmedia":[{"embeddable":true,"href":"https:\/\/www.cm-evora.pt\/en\/wp-json\/wp\/v2\/media\/29559"}],"wp:attachment":[{"href":"https:\/\/www.cm-evora.pt\/en\/wp-json\/wp\/v2\/media?parent=29554"}],"wp:term":[{"taxonomy":"category","embeddable":true,"href":"https:\/\/www.cm-evora.pt\/en\/wp-json\/wp\/v2\/categories?post=29554"},{"taxonomy":"post_tag","embeddable":true,"href":"https:\/\/www.cm-evora.pt\/en\/wp-json\/wp\/v2\/tags?post=29554"}],"curies":[{"name":"wp","href":"https:\/\/api.w.org\/{rel}","templated":true}]}}