{"id":29580,"date":"2021-11-29T16:13:07","date_gmt":"2021-11-29T16:13:07","guid":{"rendered":"https:\/\/www.cm-evora.pt\/?p=29580"},"modified":"2021-11-29T16:13:07","modified_gmt":"2021-11-29T16:13:07","slug":"artes-a-escola-despertou-jovens-para-ler-saramago-e-conhecer-a-historia-dos-antifascistas-portugueses","status":"publish","type":"post","link":"https:\/\/www.cm-evora.pt\/en\/artes-a-escola-despertou-jovens-para-ler-saramago-e-conhecer-a-historia-dos-antifascistas-portugueses\/","title":{"rendered":"(Portugu\u00eas) Artes \u00e0 Escola despertou jovens para ler Saramago e conhecer a hist\u00f3ria dos antifascistas portugueses"},"content":{"rendered":"<p class=\"qtranxs-available-languages-message qtranxs-available-languages-message-en\">Sorry, this entry is only available in <a href=\"https:\/\/www.cm-evora.pt\/pt\/wp-json\/wp\/v2\/posts\/29580\" class=\"qtranxs-available-language-link qtranxs-available-language-link-pt\" title=\"Portugu\u00eas\">Portugu\u00eas<\/a>.<\/p><p>O projecto educativo municipal \u201cArtes \u00e0 Escola\u201d levou, no dia 24 de Novembro, ao Audit\u00f3rio da Escola Secund\u00e1ria Severim de Faria (ESSF) o espect\u00e1culo \u201cLado B Levantei-me do Ch\u00e3o\u201d, inspirado na obra de Jos\u00e9 Saramago <a href=\"https:\/\/www.josesaramago.org\">https:\/\/www.josesaramago.org<\/a><\/p>\n<p>Trata-se de uma vers\u00e3o reduzida e simplificada est\u00e9tica e tecnicamente do espect\u00e1culo \u201cLevantei-me do Ch\u00e3o\u201d, estreado em 2021, criado e interpretado por Carlos Marques e produzido pela Cooperativa Cultural Trimagisto \u00a0<a href=\"https:\/\/www.trimagisto.pt\">https:\/\/www.trimagisto.pt<\/a><\/p>\n<p>Ap\u00f3s o espect\u00e1culo seguiu-se uma conversa com o ator Carlos Marques, tendo o professor de Hist\u00f3ria, Jo\u00e3o Simas (ESSF), feito a apresenta\u00e7\u00e3o dos convidados: Silvina Miranda (filha de Dinis Miranda, preso pol\u00edtico do regime de Salazar) e Clemente Alves (preso pol\u00edtico e membro do conselho nacional da URAP &#8211; Uni\u00e3o Resistentes Antifascistas Portugueses. O Presidente da C\u00e2mara Municipal de \u00c9vora, Carlos Pinto de S\u00e1 tamb\u00e9m fez quest\u00e3o de assistir ao espect\u00e1culo e cumprimentar os dois resistentes antifascistas.<\/p>\n<p>Uma manh\u00e3 que incluiu a realiza\u00e7\u00e3o de duas sess\u00f5es em que os jovens assistiram a um concerto teatral que os despertou para a literatura do escritor Jos\u00e9 Saramago, nomeadamente para o livro \u201cLevantado do Ch\u00e3o\u201d. Nele, o escritor descreve a vida de tr\u00eas gera\u00e7\u00f5es de trabalhadores alentejanos oprimidos pela ditadura fascista e v\u00edtimas das injusti\u00e7as cometidas pelos grandes latifundi\u00e1rios que mandavam na terra e no pa\u00eds, para quem trabalhavam num regime de semi-escravatura. Gradualmente o povo toma consci\u00eancia, revolta-se e luta por condi\u00e7\u00f5es mais dignas de vida e trabalho.<\/p>\n<p>Foi tamb\u00e9m para falar deste sofrimento em que vivia o povo e desta luta que vieram \u00e0 escola para conversar com os jovens Silvina Miranda e Clemente Alves. Dois portugueses que sofreram directamente na pele, desde muito cedo, as consequ\u00eancias da ditadura. Silvina Miranda falou da vida da sua fam\u00edlia, do sofrimento constante com ambos os pais presos &#8211; ainda ela e a irm\u00e3 eram crian\u00e7as &#8211; apenas por ousarem contestar a mis\u00e9ria e explora\u00e7\u00e3o laboral de que eram v\u00edtimas.<\/p>\n<p>Recordou tamb\u00e9m as invas\u00f5es da casa pela PIDE, as visitas \u00e0s diversas cadeias onde, por vezes, mal reconhecia o pai que era v\u00edtima de torturas, da vida em clandestinidade, da discrimina\u00e7\u00e3o de que era alvo apenas por ser filha de antifascistas, do trabalho di\u00e1rio numa f\u00e1brica assim que terminou a 4\u00aa classe e do seu desejo de aprender mais que a levou a estudar \u00e0 noite.<\/p>\n<p>Clemente Alves foi preso com 18 anos, na v\u00e9spera do seu casamento. Falou da tortura de que foi alvo na pris\u00e3o, nomeadamente a do sono, apenas por pensar diferente e por ter a coragem de n\u00e3o denunciar os amigos que pensavam como ele. Por pensar pela sua cabe\u00e7a e apontar as injusti\u00e7as, entre elas os sal\u00e1rios miser\u00e1veis e a fome que os atormentava. Por se revoltar contra as injusti\u00e7as existentes em Portugal e a falta de futuro para os jovens que com 18 anos eram obrigados a ir para a tropa durante quatro anos, a maioria para a guerra nas col\u00f3nias portuguesas. Como o irm\u00e3o dele, que foi para Timor onde enlouqueceu e nunca ultrapassou os traumas da guerra que Salazar mantinha em Africa e na Asia para continuar a oprimir tamb\u00e9m aqueles povos.<\/p>\n<p>No final, ambos deixaram um apelo aos jovens: \u201cA liberdade nunca \u00e9 um bem adquirido e se n\u00e3o souberem pensar pela vossa cabe\u00e7a o fascismo vir\u00e1, tomar\u00e1 conta das vossas vidas e do vosso futuro. O futuro do nosso pa\u00eds s\u00e3o voc\u00eas e esta p\u00e1gina negra da nossa hist\u00f3ria n\u00e3o est\u00e1 ainda contada. Escolas e universidade t\u00eam de explicar aos jovens o que foi o fascismo, o mal que causou \u00e0s pessoas e a necessidade de estar alerta para que as ditaduras n\u00e3o retornem\u201d.<\/p>\n<p>Tamb\u00e9m o actor Carlos Marques chamou a aten\u00e7\u00e3o para o estado de excep\u00e7\u00e3o imposto pela pandemia e o grande perigo que corre a democracia: \u201cEm prol de uma doen\u00e7a ou de altera\u00e7\u00f5es clim\u00e1ticas, por exemplo, os pol\u00edticos podem criar estados de excep\u00e7\u00e3o que rompem a nossa liberdade e temos de estar atentos\u201d.<\/p>\n<p>&nbsp;<\/p>","protected":false},"excerpt":{"rendered":"<p>Sorry, this entry is only available in Portugu\u00eas.O projecto educativo municipal \u201cArtes \u00e0 Escola\u201d levou, no dia 24 de Novembro, ao Audit\u00f3rio da Escola Secund\u00e1ria Severim de Faria (ESSF) o espect\u00e1culo \u201cLado B Levantei-me do Ch\u00e3o\u201d, inspirado na obra de Jos\u00e9 Saramago https:\/\/www.josesaramago.org Trata-se de uma vers\u00e3o reduzida e simplificada est\u00e9tica e tecnicamente do espect\u00e1culo [&hellip;]<\/p>\n","protected":false},"author":57,"featured_media":29595,"comment_status":"closed","ping_status":"closed","sticky":false,"template":"","format":"standard","meta":{"_acf_changed":false,"footnotes":""},"categories":[2110],"tags":[],"class_list":["post-29580","post","type-post","status-publish","format-standard","has-post-thumbnail","hentry","category-noticias"],"acf":{"imagens":"","destaq_image":29595,"titulo_docs_seccao":"","documentos":""},"_links":{"self":[{"href":"https:\/\/www.cm-evora.pt\/en\/wp-json\/wp\/v2\/posts\/29580","targetHints":{"allow":["GET"]}}],"collection":[{"href":"https:\/\/www.cm-evora.pt\/en\/wp-json\/wp\/v2\/posts"}],"about":[{"href":"https:\/\/www.cm-evora.pt\/en\/wp-json\/wp\/v2\/types\/post"}],"author":[{"embeddable":true,"href":"https:\/\/www.cm-evora.pt\/en\/wp-json\/wp\/v2\/users\/57"}],"replies":[{"embeddable":true,"href":"https:\/\/www.cm-evora.pt\/en\/wp-json\/wp\/v2\/comments?post=29580"}],"version-history":[{"count":1,"href":"https:\/\/www.cm-evora.pt\/en\/wp-json\/wp\/v2\/posts\/29580\/revisions"}],"predecessor-version":[{"id":29629,"href":"https:\/\/www.cm-evora.pt\/en\/wp-json\/wp\/v2\/posts\/29580\/revisions\/29629"}],"wp:featuredmedia":[{"embeddable":true,"href":"https:\/\/www.cm-evora.pt\/en\/wp-json\/wp\/v2\/media\/29595"}],"wp:attachment":[{"href":"https:\/\/www.cm-evora.pt\/en\/wp-json\/wp\/v2\/media?parent=29580"}],"wp:term":[{"taxonomy":"category","embeddable":true,"href":"https:\/\/www.cm-evora.pt\/en\/wp-json\/wp\/v2\/categories?post=29580"},{"taxonomy":"post_tag","embeddable":true,"href":"https:\/\/www.cm-evora.pt\/en\/wp-json\/wp\/v2\/tags?post=29580"}],"curies":[{"name":"wp","href":"https:\/\/api.w.org\/{rel}","templated":true}]}}