{"id":30371,"date":"2021-12-21T16:37:28","date_gmt":"2021-12-21T16:37:28","guid":{"rendered":"https:\/\/www.cm-evora.pt\/?p=30371"},"modified":"2021-12-21T16:37:28","modified_gmt":"2021-12-21T16:37:28","slug":"sessao-da-assembleia-municipal-de-evora-agendada-para-28-de-dezembro","status":"publish","type":"post","link":"https:\/\/www.cm-evora.pt\/en\/sessao-da-assembleia-municipal-de-evora-agendada-para-28-de-dezembro\/","title":{"rendered":"Sess\u00e3o da Assembleia Municipal de \u00c9vora agendada para 28 de dezembro"},"content":{"rendered":"<p class=\"qtranxs-available-languages-message qtranxs-available-languages-message-en\">Sorry, this entry is only available in <a href=\"https:\/\/www.cm-evora.pt\/pt\/wp-json\/wp\/v2\/posts\/30371\" class=\"qtranxs-available-language-link qtranxs-available-language-link-pt\" title=\"Portugu\u00eas\">Portugu\u00eas<\/a>.<\/p><p>A Assembleia Municipal de \u00c9vora convoca uma Sess\u00e3o Ordin\u00e1ria para o dia 28 de dezembro de 2021, a partir das 21 horas, no Teatro Garcia de Resende. Pode consultar a ordem de trabalhos completa em <a href=\"https:\/\/www.cm-evora.pt\/municipe\/assembleia-municipal\/\">https:\/\/www.cm-evora.pt\/municipe\/assembleia-municipal\/<\/a><\/p>\n<p>Recorda-se que os cidad\u00e3os que pretendam usar da palavra, ou assistir presencialmente \u00e0 sess\u00e3o, devem vir munidos de m\u00e1scara e respeitar o distanciamento social aconselhado pela DGS.<\/p>\n<p>Todos os mun\u00edcipes poder\u00e3o tamb\u00e9m acompanhar a sess\u00e3o via &#8220;youtube&#8221; pelo <em>link<\/em>: <a href=\"https:\/\/youtu.be\/xTLTanw7yYY\">https:\/\/youtu.be\/xTLTanw7yYY<\/a><\/p>\n\n\t\t<style type=\"text\/css\">\n\t\t\t#gallery-1 {\n\t\t\t\tmargin: auto;\n\t\t\t}\n\t\t\t#gallery-1 .gallery-item {\n\t\t\t\tfloat: left;\n\t\t\t\tmargin-top: 10px;\n\t\t\t\ttext-align: center;\n\t\t\t\twidth: 33%;\n\t\t\t}\n\t\t\t#gallery-1 img {\n\t\t\t\tborder: 2px solid #cfcfcf;\n\t\t\t}\n\t\t\t#gallery-1 .gallery-caption {\n\t\t\t\tmargin-left: 0;\n\t\t\t}\n\t\t\t\/* see gallery_shortcode() in wp-includes\/media.php *\/\n\t\t<\/style>\n\t\t<div id='gallery-1' class='gallery galleryid-30371 gallery-columns-3 gallery-size-full'><dl class='gallery-item'>\n\t\t\t<dt class='gallery-icon portrait'>\n\t\t\t\t<a href='https:\/\/www.cm-evora.pt\/wp-content\/uploads\/2021\/12\/AME-1_2021_12_28.jpg'><img loading=\"lazy\" decoding=\"async\" width=\"826\" height=\"1169\" src=\"https:\/\/www.cm-evora.pt\/wp-content\/uploads\/2021\/12\/AME-1_2021_12_28.jpg\" class=\"attachment-full size-full\" alt=\"\" srcset=\"https:\/\/www.cm-evora.pt\/wp-content\/uploads\/2021\/12\/AME-1_2021_12_28.jpg 826w, https:\/\/www.cm-evora.pt\/wp-content\/uploads\/2021\/12\/AME-1_2021_12_28-212x300.jpg 212w, https:\/\/www.cm-evora.pt\/wp-content\/uploads\/2021\/12\/AME-1_2021_12_28-724x1024.jpg 724w, https:\/\/www.cm-evora.pt\/wp-content\/uploads\/2021\/12\/AME-1_2021_12_28-768x1087.jpg 768w\" sizes=\"auto, (max-width: 826px) 100vw, 826px\" \/><\/a>\n\t\t\t<\/dt><\/dl><dl class='gallery-item'>\n\t\t\t<dt class='gallery-icon portrait'>\n\t\t\t\t<a href='https:\/\/www.cm-evora.pt\/wp-content\/uploads\/2021\/12\/AME-2_2021_12_28.jpg'><img loading=\"lazy\" decoding=\"async\" width=\"826\" height=\"1169\" src=\"https:\/\/www.cm-evora.pt\/wp-content\/uploads\/2021\/12\/AME-2_2021_12_28.jpg\" class=\"attachment-full size-full\" alt=\"\" srcset=\"https:\/\/www.cm-evora.pt\/wp-content\/uploads\/2021\/12\/AME-2_2021_12_28.jpg 826w, https:\/\/www.cm-evora.pt\/wp-content\/uploads\/2021\/12\/AME-2_2021_12_28-212x300.jpg 212w, https:\/\/www.cm-evora.pt\/wp-content\/uploads\/2021\/12\/AME-2_2021_12_28-724x1024.jpg 724w, https:\/\/www.cm-evora.pt\/wp-content\/uploads\/2021\/12\/AME-2_2021_12_28-768x1087.jpg 768w\" sizes=\"auto, (max-width: 826px) 100vw, 826px\" \/><\/a>\n\t\t\t<\/dt><\/dl><dl class='gallery-item'>\n\t\t\t<dt class='gallery-icon landscape'>\n\t\t\t\t<a href='https:\/\/www.cm-evora.pt\/wp-content\/uploads\/2021\/12\/AMELogo.jpg'><img loading=\"lazy\" decoding=\"async\" width=\"639\" height=\"362\" src=\"https:\/\/www.cm-evora.pt\/wp-content\/uploads\/2021\/12\/AMELogo.jpg\" class=\"attachment-full size-full\" alt=\"\" srcset=\"https:\/\/www.cm-evora.pt\/wp-content\/uploads\/2021\/12\/AMELogo.jpg 639w, https:\/\/www.cm-evora.pt\/wp-content\/uploads\/2021\/12\/AMELogo-300x170.jpg 300w\" sizes=\"auto, (max-width: 639px) 100vw, 639px\" \/><\/a>\n\t\t\t<\/dt><\/dl><br style=\"clear: both\" \/>\n\t\t<\/div>\n\n<p>&nbsp;<\/p>\n<p>&nbsp;<\/p>","protected":false},"excerpt":{"rendered":"<p>Sorry, this entry is only available in Portugu\u00eas.A Assembleia Municipal de \u00c9vora convoca uma Sess\u00e3o Ordin\u00e1ria para o dia 28 de dezembro de 2021, a partir das 21 horas, no Teatro Garcia de Resende. Pode consultar a ordem de trabalhos completa em https:\/\/www.cm-evora.pt\/municipe\/assembleia-municipal\/ Recorda-se que os cidad\u00e3os que pretendam usar da palavra, ou assistir presencialmente [&hellip;]<\/p>\n","protected":false},"author":57,"featured_media":30377,"comment_status":"closed","ping_status":"closed","sticky":false,"template":"","format":"standard","meta":{"_acf_changed":false,"footnotes":""},"categories":[2110],"tags":[],"class_list":["post-30371","post","type-post","status-publish","format-standard","has-post-thumbnail","hentry","category-noticias"],"acf":{"imagens":"","destaq_image":30377,"titulo_docs_seccao":"","documentos":""},"_links":{"self":[{"href":"https:\/\/www.cm-evora.pt\/en\/wp-json\/wp\/v2\/posts\/30371","targetHints":{"allow":["GET"]}}],"collection":[{"href":"https:\/\/www.cm-evora.pt\/en\/wp-json\/wp\/v2\/posts"}],"about":[{"href":"https:\/\/www.cm-evora.pt\/en\/wp-json\/wp\/v2\/types\/post"}],"author":[{"embeddable":true,"href":"https:\/\/www.cm-evora.pt\/en\/wp-json\/wp\/v2\/users\/57"}],"replies":[{"embeddable":true,"href":"https:\/\/www.cm-evora.pt\/en\/wp-json\/wp\/v2\/comments?post=30371"}],"version-history":[{"count":1,"href":"https:\/\/www.cm-evora.pt\/en\/wp-json\/wp\/v2\/posts\/30371\/revisions"}],"predecessor-version":[{"id":30378,"href":"https:\/\/www.cm-evora.pt\/en\/wp-json\/wp\/v2\/posts\/30371\/revisions\/30378"}],"wp:featuredmedia":[{"embeddable":true,"href":"https:\/\/www.cm-evora.pt\/en\/wp-json\/wp\/v2\/media\/30377"}],"wp:attachment":[{"href":"https:\/\/www.cm-evora.pt\/en\/wp-json\/wp\/v2\/media?parent=30371"}],"wp:term":[{"taxonomy":"category","embeddable":true,"href":"https:\/\/www.cm-evora.pt\/en\/wp-json\/wp\/v2\/categories?post=30371"},{"taxonomy":"post_tag","embeddable":true,"href":"https:\/\/www.cm-evora.pt\/en\/wp-json\/wp\/v2\/tags?post=30371"}],"curies":[{"name":"wp","href":"https:\/\/api.w.org\/{rel}","templated":true}]}}