{"id":30510,"date":"2021-12-30T10:39:59","date_gmt":"2021-12-30T10:39:59","guid":{"rendered":"https:\/\/www.cm-evora.pt\/?p=30510"},"modified":"2021-12-30T10:44:40","modified_gmt":"2021-12-30T10:44:40","slug":"submissao-de-artigos-para-o-boletim-a-cidade-de-evora-aberta-ate-31-de-marco-de-2022","status":"publish","type":"post","link":"https:\/\/www.cm-evora.pt\/en\/submissao-de-artigos-para-o-boletim-a-cidade-de-evora-aberta-ate-31-de-marco-de-2022\/","title":{"rendered":"(Portugu\u00eas) Submiss\u00e3o de artigos para o Boletim A Cidade de \u00c9vora aberta at\u00e9 31 de Mar\u00e7o de 2022"},"content":{"rendered":"<p class=\"qtranxs-available-languages-message qtranxs-available-languages-message-en\">Sorry, this entry is only available in <a href=\"https:\/\/www.cm-evora.pt\/pt\/wp-json\/wp\/v2\/posts\/30510\" class=\"qtranxs-available-language-link qtranxs-available-language-link-pt\" title=\"Portugu\u00eas\">Portugu\u00eas<\/a>.<\/p><p><\/p>\n<p class=\"p2\"><b>Encontra-se aberto, at\u00e9 ao pr\u00f3ximo dia 31 de mar\u00e7o, o per\u00edodo para submiss\u00e3o de artigos a integrar o Boletim <i>A Cidade de \u00c9vora<\/i>, III\u00aa S\u00e9rie, n\u00ba4.<span class=\"Apple-converted-space\">\u00a0<\/span><\/b><\/p>\n<p class=\"p3\">Todos os artigos ser\u00e3o apreciados previamente pelo Conselho Cient\u00edfico que decidir\u00e1 sobre as respetivas condi\u00e7\u00f5es de publica\u00e7\u00e3o (a III\u00aa s\u00e9rie do Boletim encontra-se creditada no Cat\u00e1logo Latindex).<span class=\"Apple-converted-space\">\u00a0<\/span><\/p>\n<p class=\"p3\">Publicado pela primeira vez em dezembro de 1942 (tendo ent\u00e3o Ant\u00f3nio Bartolomeu Gromicho como Diretor e T\u00falio Espanca como Editor) o Boletim <i>A Cidade de \u00c9vora <\/i>tem-se assumido como uma publica\u00e7\u00e3o cujos princ\u00edpios orientadores assentam no estudo e divulga\u00e7\u00e3o do patrim\u00f3nio hist\u00f3rico, cultural e edificado de \u00c9vora, contribuindo para o conhecimento, reflex\u00e3o e preserva\u00e7\u00e3o da identidade cultural da cidade e da regi\u00e3o.<span class=\"Apple-converted-space\">\u00a0<\/span><\/p>\n<p class=\"p3\">Para o presente n\u00famero ser\u00e1 dada prioridade \u00e0 publica\u00e7\u00e3o de artigos que versem tem\u00e1ticas relacionadas com o Patrim\u00f3nio Material e Patrim\u00f3nio Imaterial no \u00e2mbito do urbanismo, hist\u00f3ria, hist\u00f3ria da arte, arqueologia, sociologia e turismo, bem como a artigos versando estudos biogr\u00e1ficos. Os trabalhos dever\u00e3o abordar, preferencialmente, assuntos relacionados com \u00c9vora e a sua regi\u00e3o envolvente, bem como tem\u00e1ticas relacionadas com o Alentejo e o Sul Ib\u00e9rico.<span class=\"Apple-converted-space\">\u00a0<\/span><\/p>\n<p class=\"p3\">A informa\u00e7\u00e3o relativa ao processo de submiss\u00e3o dos artigos, bem como o acesso \u00e0s <b>normas de publica\u00e7\u00e3o<\/b>, poder\u00e1 ser consultada em:<span class=\"Apple-converted-space\">\u00a0<\/span><\/p>\n<p class=\"p2\"><a href=\"https:\/\/www.cm-evora.pt\/municipe\/areas-de-acao\/cultura\/boletim-cidade-de-evora-convite-a-submissao-de-artigos\/\" target=\"_blank\" rel=\"noopener\">https:\/\/www.cm-evora.pt\/municipe\/areas-de-acao\/cultura\/boletim-cidade-de-evora-convite-a-submissao-de-artigos\/<\/a><\/p>\n<p><\/p>","protected":false},"excerpt":{"rendered":"<p>Sorry, this entry is only available in Portugu\u00eas. Encontra-se aberto, at\u00e9 ao pr\u00f3ximo dia 31 de mar\u00e7o, o per\u00edodo para submiss\u00e3o de artigos a integrar o Boletim A Cidade de \u00c9vora, III\u00aa S\u00e9rie, n\u00ba4.\u00a0 Todos os artigos ser\u00e3o apreciados previamente pelo Conselho Cient\u00edfico que decidir\u00e1 sobre as respetivas condi\u00e7\u00f5es de publica\u00e7\u00e3o (a III\u00aa s\u00e9rie do [&hellip;]<\/p>\n","protected":false},"author":45,"featured_media":30512,"comment_status":"closed","ping_status":"closed","sticky":false,"template":"","format":"standard","meta":{"_acf_changed":false,"footnotes":""},"categories":[2110],"tags":[],"class_list":["post-30510","post","type-post","status-publish","format-standard","has-post-thumbnail","hentry","category-noticias"],"acf":{"imagens":"","destaq_image":30511,"titulo_docs_seccao":"","documentos":""},"_links":{"self":[{"href":"https:\/\/www.cm-evora.pt\/en\/wp-json\/wp\/v2\/posts\/30510","targetHints":{"allow":["GET"]}}],"collection":[{"href":"https:\/\/www.cm-evora.pt\/en\/wp-json\/wp\/v2\/posts"}],"about":[{"href":"https:\/\/www.cm-evora.pt\/en\/wp-json\/wp\/v2\/types\/post"}],"author":[{"embeddable":true,"href":"https:\/\/www.cm-evora.pt\/en\/wp-json\/wp\/v2\/users\/45"}],"replies":[{"embeddable":true,"href":"https:\/\/www.cm-evora.pt\/en\/wp-json\/wp\/v2\/comments?post=30510"}],"version-history":[{"count":3,"href":"https:\/\/www.cm-evora.pt\/en\/wp-json\/wp\/v2\/posts\/30510\/revisions"}],"predecessor-version":[{"id":30517,"href":"https:\/\/www.cm-evora.pt\/en\/wp-json\/wp\/v2\/posts\/30510\/revisions\/30517"}],"wp:featuredmedia":[{"embeddable":true,"href":"https:\/\/www.cm-evora.pt\/en\/wp-json\/wp\/v2\/media\/30512"}],"wp:attachment":[{"href":"https:\/\/www.cm-evora.pt\/en\/wp-json\/wp\/v2\/media?parent=30510"}],"wp:term":[{"taxonomy":"category","embeddable":true,"href":"https:\/\/www.cm-evora.pt\/en\/wp-json\/wp\/v2\/categories?post=30510"},{"taxonomy":"post_tag","embeddable":true,"href":"https:\/\/www.cm-evora.pt\/en\/wp-json\/wp\/v2\/tags?post=30510"}],"curies":[{"name":"wp","href":"https:\/\/api.w.org\/{rel}","templated":true}]}}