{"id":30908,"date":"2022-01-13T15:08:30","date_gmt":"2022-01-13T15:08:30","guid":{"rendered":"https:\/\/www.cm-evora.pt\/?p=30908"},"modified":"2022-01-13T15:08:30","modified_gmt":"2022-01-13T15:08:30","slug":"principais-assuntos-em-destaque-na-reuniao-publica-de-camara-de-12-de-janeiro","status":"publish","type":"post","link":"https:\/\/www.cm-evora.pt\/en\/principais-assuntos-em-destaque-na-reuniao-publica-de-camara-de-12-de-janeiro\/","title":{"rendered":"(Portugu\u00eas) Principais assuntos em destaque na Reuni\u00e3o P\u00fablica de C\u00e2mara de 12 de janeiro"},"content":{"rendered":"<p class=\"qtranxs-available-languages-message qtranxs-available-languages-message-en\">Sorry, this entry is only available in <a href=\"https:\/\/www.cm-evora.pt\/pt\/wp-json\/wp\/v2\/posts\/30908\" class=\"qtranxs-available-language-link qtranxs-available-language-link-pt\" title=\"Portugu\u00eas\">Portugu\u00eas<\/a>.<\/p><p><\/p>\n<p align=\"justify\"><span style=\"color: #000000\"><span style=\"font-size: medium\">O Presidente da C\u00e2mara Municipal, Carlos Pinto de S\u00e1, informou que <\/span><\/span><span style=\"color: #000000\"><span style=\"font-size: medium\"><b>a \u201cEmbraer\u201d decidiu vender as f\u00e1bricas de \u00c9vora \u00e0 empresa espanhola \u201cAernnova\u201d<\/b><\/span><\/span><span style=\"color: #000000\"><span style=\"font-size: medium\">, processo que est\u00e1 a acompanhar de forma permanente dada a sua import\u00e2ncia para \u00c9vora. Os primeiros dados s\u00e3o positivos porque apontam para um aumento e para a diversifica\u00e7\u00e3o da produ\u00e7\u00e3o nas f\u00e1bricas e para a cria\u00e7\u00e3o de mais postos de trabalho, mantendo ao atuais. A \u201cAernnova\u201d, que j\u00e1 era fornecedora da \u201cEmbraer\u201d, tem como clientes outros construtores aeron\u00e1uticos como a Airbus, a Boeing ou a Bombardier. Carlos Pinto de S\u00e1 referiu que haver\u00e1, tamb\u00e9m, que ter em conta o acordo estabelecido com o Estado portugu\u00eas bem como os apoios financeiros concedidos atrav\u00e9s de fundos da Uni\u00e3o Europeia.<\/span><\/span><\/p>\n<p align=\"justify\"><span style=\"color: #000000\"><span style=\"font-size: medium\">O Vereador Alexandre Varela informou que j\u00e1 abriu o <\/span><\/span><span style=\"color: #000000\"><span style=\"font-size: medium\"><b>novo acesso rodovi\u00e1rio do Parque Industrial e Tecnol\u00f3gico<\/b><\/span><\/span><span style=\"color: #000000\"><span style=\"font-size: medium\"> que liga \u00e0 rotunda junto ao Bairro de Almeirim. Esta liga\u00e7\u00e3o garante uma maior seguran\u00e7a a quem usa o Parque, cria uma alternativa ao tr\u00e2nsito e permite acessos aos novos lotes a criar no terreno recentemente adquirido pela C\u00e2mara Municipal para ampliar o Parque Industrial.<\/span><\/span><\/p>\n<p align=\"justify\"><span style=\"font-size: medium\"><b>&#8211; <\/b><\/span><span style=\"font-size: medium\">Posi\u00e7\u00e3o para Exig\u00eancia ao Minist\u00e9rio da Educa\u00e7\u00e3o da Requalifica\u00e7\u00e3o da Escola de Santa Clara e Disponibilidade de Colabora\u00e7\u00e3o do Munic\u00edpio de \u00c9vora \u2013<\/span><b> <\/b><span style=\"font-size: medium\">Proposta apresentada pelos Eleitos da CDU, Carlos Pinto de S\u00e1 e Alexandre Varela<\/span><b> <\/b><span style=\"font-size: medium\">\u2013<\/span><span style=\"font-size: medium\"><b> Aprovada por unanimidade,<\/b><\/span><b> <\/b><span style=\"color: #000000\"><span style=\"font-size: medium\">com altera\u00e7\u00f5es consensualizadas.<\/span><\/span><\/p>\n<p align=\"justify\"><span style=\"font-size: medium\">&#8211; Celebra\u00e7\u00e3o de Acordo de Colabora\u00e7\u00e3o com o Minist\u00e9rio de Educa\u00e7\u00e3o para permitir candidatura a Financiamento para Reabilita\u00e7\u00e3o e Moderniza\u00e7\u00e3o da Escola B\u00e1sica Integrada Manuel Ferreira Patr\u00edcio \u2013<\/span><b> <\/b><span style=\"color: #000000\"><span style=\"font-size: medium\">Proposta apresentada pelo Vereador Alexandre Varela (CDU) \u2013<\/span><\/span> <span style=\"font-size: medium\"><b>Aprovada por unanimidade.<\/b><\/span><\/p>\n<p align=\"justify\"><span style=\"font-size: medium\">&#8211; Atribui\u00e7\u00e3o de Suplemento Remunerat\u00f3rio com fundamento no exerc\u00edcio de fun\u00e7\u00f5es de penosidade e insalubridade \u2013 <\/span><span style=\"color: #000000\"><span style=\"font-size: medium\">Proposta apresentada pelo Presidente da C\u00e2mara, Carlos Pinto de S\u00e1 (CDU) \u2013 <\/span><\/span><span style=\"font-size: medium\"><b>Aprovada por unanimidade.<\/b><\/span><\/p>\n<p align=\"justify\"><span style=\"font-size: medium\"><b>&#8211; <\/b><\/span><span style=\"font-size: medium\">Mais Investimento do PPR (Plano de Recupera\u00e7\u00e3o e Resili\u00eancia) para Cultura e Patrim\u00f3nio em \u00c9vora \u2013 Proposta apresentada pelos Vereadores do Mudar com Confian\u00e7a, Henrique Sim-Sim e Patr\u00edcia Raposinho \u2013 <\/span><span style=\"font-size: medium\"><b>Aprovada por unanimidade, <\/b><\/span><span style=\"color: #000000\"><span style=\"font-size: medium\">com altera\u00e7\u00f5es consensualizadas.<\/span><\/span><\/p>\n<p align=\"justify\"><span style=\"font-size: medium\">&#8211; Centen\u00e1rio da Travessia A\u00e9rea do Atl\u00e2ntico Sul \u2013<\/span><b> <\/b><span style=\"font-size: medium\">No \u00e2mbito destas comemora\u00e7\u00f5es &#8211; dinamizadas pela For\u00e7a A\u00e9rea e Marinha Portuguesa &#8211; trazer a \u00c9vora a exposi\u00e7\u00e3o itinerante alusiva a esta efem\u00e9ride, que estar\u00e1 patente ao p\u00fablico de 21 a 31 de janeiro, na sala de exposi\u00e7\u00f5es do Pal\u00e1cio de D. Manuel e realiza\u00e7\u00e3o de concerto comemorativo no dia 23 de janeiro, no Teatro Garcia de Resende, com a Banda da For\u00e7a A\u00e9rea<\/span><span style=\"font-size: medium\"><b> &#8211; Aprovado por unanimidade.<\/b><\/span><\/p>\n<p align=\"justify\"><span style=\"font-size: medium\">&#8211; Voto de sauda\u00e7\u00e3o ao Aeroclube de \u00c9vora que venceu a 22\u00aa Ta\u00e7a de Portugal de Paraquedismo <\/span><span style=\"font-size: medium\">(modalidade de Precis\u00e3o de Aterragem)<\/span><span style=\"font-size: medium\">, <\/span><span style=\"font-size: medium\">que decorreu nos dias 11 e 12 de dezembro, no Aer\u00f3dromo Municipal de \u00c9vora<\/span><span style=\"font-size: medium\"> \u2013 Apresentado pelos Vereadores do PS, Jos\u00e9 Calixto e Lurdes Pratas Nico \u2013 <\/span><span style=\"font-size: medium\"><b>Aprovado por unanimidade<\/b><\/span><\/p>\n<p align=\"justify\"><span style=\"font-size: medium\">&#8211; Voto de sauda\u00e7\u00e3o \u00e0 Diretora da Escola de Artes da Universidade de \u00c9vora, Ana Telles, agraciada com o Pr\u00e9mio Jos\u00e9 Carlos Belchior 2021, atribu\u00eddo pela Associa\u00e7\u00e3o dos Antigos Alunos do Col\u00e9gio S. Jo\u00e3o de Brito \u2013 Apresentado pelos Vereadores do PS, Jos\u00e9 Calixto e Lurdes Pratas Nico \u2013 <\/span><span style=\"font-size: medium\"><b>Aprovado por unanimidade<\/b><\/span><\/p>\n<p align=\"justify\"><span style=\"font-size: medium\">&#8211; Voto de sauda\u00e7\u00e3o a Bruno Gon\u00e7alves e Hugo Folgado, docentes do Departamento de Desporto e Sa\u00fade da Universidade de \u00c9vora e investigadores do Comprehensive Health Research Centre, em destaque nos Pr\u00e9mios Ci\u00eancias do Desporto, atribu\u00eddos pela COP e Funda\u00e7\u00e3o Millennium BCP (com a parceria da Revista Vis\u00e3o). Ambos os investigadores alcan\u00e7aram o primeiro lugar na categoria &#8220;Fisiologia e Biomec\u00e2nica&#8221; <\/span><span style=\"color: #000000\"><span style=\"font-size: medium\">daqueles<\/span><\/span> <span style=\"font-size: medium\">Pr\u00e9mios com o trabalho intitulado &#8220;Quantifica\u00e7\u00e3o da exposi\u00e7\u00e3o ao contacto interpessoal em desportos coletivos durante a pandemia de Covid-19 atrav\u00e9s de sistemas de rastreamento autom\u00e1tico&#8221;. Apresentado pelos Vereadores do PS, Lurdes Pratas Nico e Jos\u00e9 Calixto \u2013 <\/span><span style=\"font-size: medium\"><b>Aprovado por unanimidade.<\/b><\/span><\/p>\n<p align=\"justify\">\n<p>\n\t\t<style type=\"text\/css\">\n\t\t\t#gallery-1 {\n\t\t\t\tmargin: auto;\n\t\t\t}\n\t\t\t#gallery-1 .gallery-item {\n\t\t\t\tfloat: left;\n\t\t\t\tmargin-top: 10px;\n\t\t\t\ttext-align: center;\n\t\t\t\twidth: 100%;\n\t\t\t}\n\t\t\t#gallery-1 img {\n\t\t\t\tborder: 2px solid #cfcfcf;\n\t\t\t}\n\t\t\t#gallery-1 .gallery-caption {\n\t\t\t\tmargin-left: 0;\n\t\t\t}\n\t\t\t\/* see gallery_shortcode() in wp-includes\/media.php *\/\n\t\t<\/style>\n\t\t<div id='gallery-1' class='gallery galleryid-30908 gallery-columns-1 gallery-size-full'><dl class='gallery-item'>\n\t\t\t<dt class='gallery-icon landscape'>\n\t\t\t\t<a href='https:\/\/www.cm-evora.pt\/wp-content\/uploads\/2022\/01\/2022_01_13_Fachada-Camara-1.jpg'><img loading=\"lazy\" decoding=\"async\" width=\"1920\" height=\"1154\" src=\"https:\/\/www.cm-evora.pt\/wp-content\/uploads\/2022\/01\/2022_01_13_Fachada-Camara-1.jpg\" class=\"attachment-full size-full\" alt=\"\" srcset=\"https:\/\/www.cm-evora.pt\/wp-content\/uploads\/2022\/01\/2022_01_13_Fachada-Camara-1.jpg 1920w, https:\/\/www.cm-evora.pt\/wp-content\/uploads\/2022\/01\/2022_01_13_Fachada-Camara-1-300x180.jpg 300w, https:\/\/www.cm-evora.pt\/wp-content\/uploads\/2022\/01\/2022_01_13_Fachada-Camara-1-1024x615.jpg 1024w, https:\/\/www.cm-evora.pt\/wp-content\/uploads\/2022\/01\/2022_01_13_Fachada-Camara-1-768x462.jpg 768w, https:\/\/www.cm-evora.pt\/wp-content\/uploads\/2022\/01\/2022_01_13_Fachada-Camara-1-1536x923.jpg 1536w, https:\/\/www.cm-evora.pt\/wp-content\/uploads\/2022\/01\/2022_01_13_Fachada-Camara-1-1320x793.jpg 1320w\" sizes=\"auto, (max-width: 1920px) 100vw, 1920px\" \/><\/a>\n\t\t\t<\/dt><\/dl><br style=\"clear: both\" \/>\n\t\t<\/div>\n<\/p>","protected":false},"excerpt":{"rendered":"<p>Sorry, this entry is only available in Portugu\u00eas. O Presidente da C\u00e2mara Municipal, Carlos Pinto de S\u00e1, informou que a \u201cEmbraer\u201d decidiu vender as f\u00e1bricas de \u00c9vora \u00e0 empresa espanhola \u201cAernnova\u201d, processo que est\u00e1 a acompanhar de forma permanente dada a sua import\u00e2ncia para \u00c9vora. Os primeiros dados s\u00e3o positivos porque apontam para um aumento [&hellip;]<\/p>\n","protected":false},"author":57,"featured_media":30909,"comment_status":"closed","ping_status":"closed","sticky":false,"template":"","format":"standard","meta":{"_acf_changed":false,"footnotes":""},"categories":[2110],"tags":[],"class_list":["post-30908","post","type-post","status-publish","format-standard","has-post-thumbnail","hentry","category-noticias"],"acf":{"imagens":"","destaq_image":30909,"titulo_docs_seccao":"","documentos":""},"_links":{"self":[{"href":"https:\/\/www.cm-evora.pt\/en\/wp-json\/wp\/v2\/posts\/30908","targetHints":{"allow":["GET"]}}],"collection":[{"href":"https:\/\/www.cm-evora.pt\/en\/wp-json\/wp\/v2\/posts"}],"about":[{"href":"https:\/\/www.cm-evora.pt\/en\/wp-json\/wp\/v2\/types\/post"}],"author":[{"embeddable":true,"href":"https:\/\/www.cm-evora.pt\/en\/wp-json\/wp\/v2\/users\/57"}],"replies":[{"embeddable":true,"href":"https:\/\/www.cm-evora.pt\/en\/wp-json\/wp\/v2\/comments?post=30908"}],"version-history":[{"count":1,"href":"https:\/\/www.cm-evora.pt\/en\/wp-json\/wp\/v2\/posts\/30908\/revisions"}],"predecessor-version":[{"id":30910,"href":"https:\/\/www.cm-evora.pt\/en\/wp-json\/wp\/v2\/posts\/30908\/revisions\/30910"}],"wp:featuredmedia":[{"embeddable":true,"href":"https:\/\/www.cm-evora.pt\/en\/wp-json\/wp\/v2\/media\/30909"}],"wp:attachment":[{"href":"https:\/\/www.cm-evora.pt\/en\/wp-json\/wp\/v2\/media?parent=30908"}],"wp:term":[{"taxonomy":"category","embeddable":true,"href":"https:\/\/www.cm-evora.pt\/en\/wp-json\/wp\/v2\/categories?post=30908"},{"taxonomy":"post_tag","embeddable":true,"href":"https:\/\/www.cm-evora.pt\/en\/wp-json\/wp\/v2\/tags?post=30908"}],"curies":[{"name":"wp","href":"https:\/\/api.w.org\/{rel}","templated":true}]}}