{"id":31399,"date":"2022-02-04T14:33:48","date_gmt":"2022-02-04T14:33:48","guid":{"rendered":"https:\/\/www.cm-evora.pt\/?p=31399"},"modified":"2022-02-04T14:33:48","modified_gmt":"2022-02-04T14:33:48","slug":"camara-municipal-apoia-a-fixacao-de-trabalhadores-e-familias-no-concelho-de-evora","status":"publish","type":"post","link":"https:\/\/www.cm-evora.pt\/en\/camara-municipal-apoia-a-fixacao-de-trabalhadores-e-familias-no-concelho-de-evora\/","title":{"rendered":"(Portugu\u00eas) C\u00e2mara Municipal apoia a fixa\u00e7\u00e3o de trabalhadores e fam\u00edlias no Concelho de \u00c9vora"},"content":{"rendered":"<p class=\"qtranxs-available-languages-message qtranxs-available-languages-message-en\">Sorry, this entry is only available in <a href=\"https:\/\/www.cm-evora.pt\/pt\/wp-json\/wp\/v2\/posts\/31399\" class=\"qtranxs-available-language-link qtranxs-available-language-link-pt\" title=\"Portugu\u00eas\">Portugu\u00eas<\/a>.<\/p><p>Com base numa pol\u00edtica de incentivos \u00e0 Instala\u00e7\u00e3o de empresas e promo\u00e7\u00e3o de emprego, e com o objetivo de dar resposta imediata \u00e0s necessidades de alojamento neste quadro, a C\u00e2mara Municipal de \u00c9vora, sempre que necess\u00e1rio, tem assumido a implementa\u00e7\u00e3o de medidas de incentivo \u00e0 fixa\u00e7\u00e3o de trabalhadores deslocados e respetivas fam\u00edlias no Concelho de \u00c9vora.<\/p>\n<p>Neste \u00e2mbito, foram hoje assinados contratos de arrendamento com quatro fam\u00edlias de trabalhadores da empresa Mecachrome Aeron\u00e1utica, que deste modo garantem condi\u00e7\u00f5es de fixa\u00e7\u00e3o em \u00c9vora. Trata-se de contratos com a dura\u00e7\u00e3o de cinco anos, correspondentes a necessidades tempor\u00e1rias de trabalhadores em processo de transi\u00e7\u00e3o.<\/p>\n<p>Os contratos de arrendamento agora assinados consubstanciam a coopera\u00e7\u00e3o nesta \u00e1rea estabelecida entre a empresa municipal Hab\u00e9vora e a Mecachrome, que encontra justifica\u00e7\u00e3o na forte dimens\u00e3o estrat\u00e9gica que o setor aeron\u00e1utico j\u00e1 representa no desenvolvimento econ\u00f3mico do Concelho de \u00c9vora.<\/p>","protected":false},"excerpt":{"rendered":"<p>Sorry, this entry is only available in Portugu\u00eas.Com base numa pol\u00edtica de incentivos \u00e0 Instala\u00e7\u00e3o de empresas e promo\u00e7\u00e3o de emprego, e com o objetivo de dar resposta imediata \u00e0s necessidades de alojamento neste quadro, a C\u00e2mara Municipal de \u00c9vora, sempre que necess\u00e1rio, tem assumido a implementa\u00e7\u00e3o de medidas de incentivo \u00e0 fixa\u00e7\u00e3o de trabalhadores [&hellip;]<\/p>\n","protected":false},"author":37,"featured_media":31400,"comment_status":"closed","ping_status":"closed","sticky":false,"template":"","format":"standard","meta":{"_acf_changed":false,"footnotes":""},"categories":[2110],"tags":[],"class_list":["post-31399","post","type-post","status-publish","format-standard","has-post-thumbnail","hentry","category-noticias"],"acf":{"imagens":"","destaq_image":31400,"titulo_docs_seccao":"","documentos":""},"_links":{"self":[{"href":"https:\/\/www.cm-evora.pt\/en\/wp-json\/wp\/v2\/posts\/31399","targetHints":{"allow":["GET"]}}],"collection":[{"href":"https:\/\/www.cm-evora.pt\/en\/wp-json\/wp\/v2\/posts"}],"about":[{"href":"https:\/\/www.cm-evora.pt\/en\/wp-json\/wp\/v2\/types\/post"}],"author":[{"embeddable":true,"href":"https:\/\/www.cm-evora.pt\/en\/wp-json\/wp\/v2\/users\/37"}],"replies":[{"embeddable":true,"href":"https:\/\/www.cm-evora.pt\/en\/wp-json\/wp\/v2\/comments?post=31399"}],"version-history":[{"count":1,"href":"https:\/\/www.cm-evora.pt\/en\/wp-json\/wp\/v2\/posts\/31399\/revisions"}],"predecessor-version":[{"id":31401,"href":"https:\/\/www.cm-evora.pt\/en\/wp-json\/wp\/v2\/posts\/31399\/revisions\/31401"}],"wp:featuredmedia":[{"embeddable":true,"href":"https:\/\/www.cm-evora.pt\/en\/wp-json\/wp\/v2\/media\/31400"}],"wp:attachment":[{"href":"https:\/\/www.cm-evora.pt\/en\/wp-json\/wp\/v2\/media?parent=31399"}],"wp:term":[{"taxonomy":"category","embeddable":true,"href":"https:\/\/www.cm-evora.pt\/en\/wp-json\/wp\/v2\/categories?post=31399"},{"taxonomy":"post_tag","embeddable":true,"href":"https:\/\/www.cm-evora.pt\/en\/wp-json\/wp\/v2\/tags?post=31399"}],"curies":[{"name":"wp","href":"https:\/\/api.w.org\/{rel}","templated":true}]}}