{"id":31402,"date":"2022-02-04T15:16:19","date_gmt":"2022-02-04T15:16:19","guid":{"rendered":"https:\/\/www.cm-evora.pt\/?p=31402"},"modified":"2022-02-07T13:29:11","modified_gmt":"2022-02-07T13:29:11","slug":"evora-2027-apresenta-dossie-de-candidatura-em-sessao-publica-aberta-a-comunidade","status":"publish","type":"post","link":"https:\/\/www.cm-evora.pt\/en\/evora-2027-apresenta-dossie-de-candidatura-em-sessao-publica-aberta-a-comunidade\/","title":{"rendered":"(Portugu\u00eas) \u00c9vora 2027 apresenta dossi\u00ea de candidatura em sess\u00e3o p\u00fablica aberta \u00e0 comunidade"},"content":{"rendered":"<p class=\"qtranxs-available-languages-message qtranxs-available-languages-message-en\">Sorry, this entry is only available in <a href=\"https:\/\/www.cm-evora.pt\/pt\/wp-json\/wp\/v2\/posts\/31402\" class=\"qtranxs-available-language-link qtranxs-available-language-link-pt\" title=\"Portugu\u00eas\">Portugu\u00eas<\/a>.<\/p><p><\/p>\n<h2><strong>A apresenta\u00e7\u00e3o p\u00fablica do dossi\u00ea de candidatura (Bid Book) de \u00c9vora a Capital Europeia da Cultura em 2027 decorre no s\u00e1bado, dia 19 de fevereiro, no Mercado Municipal de \u00c9vora, num evento aberto \u00e0 comunidade.<\/strong><\/h2>\n<p>Depois de meses de prepara\u00e7\u00e3o, a candidatura de \u00c9vora a Capital Europeia da Cultura em 2027 ir\u00e1 apresentar \u00e0 popula\u00e7\u00e3o o dossi\u00ea de candidatura (Bid Book) documento que enquadra o conceito da candidatura, a estrat\u00e9gia para transformar a cidade atrav\u00e9s da cultura, e os principais eixos da programa\u00e7\u00e3o para o ano do evento.<\/p>\n<p>A sess\u00e3o p\u00fablica de apresenta\u00e7\u00e3o dos princ\u00edpios gerais do Bid Book \u00c9vora 2027, que contar\u00e1 com a presen\u00e7a do presidente da C\u00e2mara Municipal de \u00c9vora, em representa\u00e7\u00e3o da Comiss\u00e3o Executiva \u00c9vora 2027, Carlos Pinto de S\u00e1 e da coordenadora da Equipa de Miss\u00e3o, Paula Mota Garcia, decorrer\u00e1 no s\u00e1bado, dia 19 de fevereiro, a partir das 10h00, no Mercado Municipal de \u00c9vora, lugar de partilha, escolhido pela sua centralidade e contributo para a din\u00e2mica da cidade e a sua viv\u00eancia.<\/p>\n<p>O dossi\u00ea de candidatura, que foi formalmente entregue a 23 de novembro de 2021, est\u00e1 agora a ser avaliado pelo j\u00fari internacional que, ap\u00f3s audi\u00eancias pr\u00e9vias com todas as cidades candidatas portuguesas, ir\u00e1 anunciar uma lista restrita (shortlist) com as candidaturas que passam \u00e0 segunda fase da competi\u00e7\u00e3o. Ap\u00f3s a audi\u00eancia com o j\u00fari, agendada para a primeira semana de mar\u00e7o, o Bid Book \u00c9vora 2027 ser\u00e1 tamb\u00e9m disponibilizado online, nos canais digitais da candidatura.<\/p>\n<p>Paralelamente a este encontro aberto e alargado \u00e0 comunidade, est\u00e3o ainda programadas tr\u00eas sess\u00f5es de apresenta\u00e7\u00e3o do dossi\u00ea de candidatura, dirigidas a p\u00fablicos espec\u00edficos. A primeira, dirigida aos membros da Assembleia Municipal de \u00c9vora, acontece ainda hoje, 04 de fevereiro, pelas 17h30, no Pal\u00e1cio de D. Manuel, no Jardim P\u00fablico de \u00c9vora. Segue-se uma apresenta\u00e7\u00e3o destinada ao Setor Cultural e Criativo, com entrada livre mediante inscri\u00e7\u00e3o e de acordo com a lota\u00e7\u00e3o limitada da sala, marcada para as 11h00 do dia 07 de fevereiro, no mesmo espa\u00e7o emblem\u00e1tico da cidade de \u00c9vora. E, por fim, a 15 de fevereiro, decorrer\u00e1 uma apresenta\u00e7\u00e3o destinada ao Conselho Intermunicipal da CIMAC (Comunidade Intermunicipal do Alentejo Central).<\/p>\n<p><em>A candidatura de \u00c9vora a Capital Europeia da Cultura \u00e9 promovida pela Comiss\u00e3o Executiva \u00c9vora 2027, liderada pela C\u00e2mara Municipal de \u00c9vora. Esta Comiss\u00e3o Executiva \u00e9 ainda constitu\u00edda pela Dire\u00e7\u00e3o Regional de Cultura do Alentejo, Universidade de \u00c9vora, Comunidade Intermunicipal do Alentejo Central, Comiss\u00e3o de Coordena\u00e7\u00e3o de Desenvolvimento Regional do Alentejo, Turismo do Alentejo \u2013 ERT, Funda\u00e7\u00e3o Eug\u00e9nio de Almeida e Ag\u00eancia Regional de Promo\u00e7\u00e3o Tur\u00edstica do Alentejo \u2013 ARPTA.<\/em><\/p>","protected":false},"excerpt":{"rendered":"<p>Sorry, this entry is only available in Portugu\u00eas. A apresenta\u00e7\u00e3o p\u00fablica do dossi\u00ea de candidatura (Bid Book) de \u00c9vora a Capital Europeia da Cultura em 2027 decorre no s\u00e1bado, dia 19 de fevereiro, no Mercado Municipal de \u00c9vora, num evento aberto \u00e0 comunidade. Depois de meses de prepara\u00e7\u00e3o, a candidatura de \u00c9vora a Capital Europeia [&hellip;]<\/p>\n","protected":false},"author":58,"featured_media":31407,"comment_status":"closed","ping_status":"closed","sticky":false,"template":"","format":"standard","meta":{"_acf_changed":false,"footnotes":""},"categories":[2110],"tags":[],"class_list":["post-31402","post","type-post","status-publish","format-standard","has-post-thumbnail","hentry","category-noticias"],"acf":{"imagens":"","destaq_image":31448,"titulo_docs_seccao":"","documentos":""},"_links":{"self":[{"href":"https:\/\/www.cm-evora.pt\/en\/wp-json\/wp\/v2\/posts\/31402","targetHints":{"allow":["GET"]}}],"collection":[{"href":"https:\/\/www.cm-evora.pt\/en\/wp-json\/wp\/v2\/posts"}],"about":[{"href":"https:\/\/www.cm-evora.pt\/en\/wp-json\/wp\/v2\/types\/post"}],"author":[{"embeddable":true,"href":"https:\/\/www.cm-evora.pt\/en\/wp-json\/wp\/v2\/users\/58"}],"replies":[{"embeddable":true,"href":"https:\/\/www.cm-evora.pt\/en\/wp-json\/wp\/v2\/comments?post=31402"}],"version-history":[{"count":4,"href":"https:\/\/www.cm-evora.pt\/en\/wp-json\/wp\/v2\/posts\/31402\/revisions"}],"predecessor-version":[{"id":31449,"href":"https:\/\/www.cm-evora.pt\/en\/wp-json\/wp\/v2\/posts\/31402\/revisions\/31449"}],"wp:featuredmedia":[{"embeddable":true,"href":"https:\/\/www.cm-evora.pt\/en\/wp-json\/wp\/v2\/media\/31407"}],"wp:attachment":[{"href":"https:\/\/www.cm-evora.pt\/en\/wp-json\/wp\/v2\/media?parent=31402"}],"wp:term":[{"taxonomy":"category","embeddable":true,"href":"https:\/\/www.cm-evora.pt\/en\/wp-json\/wp\/v2\/categories?post=31402"},{"taxonomy":"post_tag","embeddable":true,"href":"https:\/\/www.cm-evora.pt\/en\/wp-json\/wp\/v2\/tags?post=31402"}],"curies":[{"name":"wp","href":"https:\/\/api.w.org\/{rel}","templated":true}]}}