{"id":31697,"date":"2022-02-14T14:53:38","date_gmt":"2022-02-14T14:53:38","guid":{"rendered":"https:\/\/www.cm-evora.pt\/?p=31697"},"modified":"2022-02-14T14:53:38","modified_gmt":"2022-02-14T14:53:38","slug":"laboratorio-vivo-p-descarbonizacao-evora-inquerito-a-circulacao-de-mercadorias","status":"publish","type":"post","link":"https:\/\/www.cm-evora.pt\/en\/laboratorio-vivo-p-descarbonizacao-evora-inquerito-a-circulacao-de-mercadorias\/","title":{"rendered":"(Portugu\u00eas) Laborat\u00f3rio Vivo p Descarboniza\u00e7\u00e3o \u00c9vora &#8211; INQU\u00c9RITO \u00c0 CIRCULA\u00c7\u00c3O DE MERCADORIAS"},"content":{"rendered":"<p class=\"qtranxs-available-languages-message qtranxs-available-languages-message-en\">Sorry, this entry is only available in <a href=\"https:\/\/www.cm-evora.pt\/pt\/wp-json\/wp\/v2\/posts\/31697\" class=\"qtranxs-available-language-link qtranxs-available-language-link-pt\" title=\"Portugu\u00eas\">Portugu\u00eas<\/a>.<\/p><p><strong>Dirigido aos agentes econ\u00f3micos: operadores de com\u00e9rcio e servi\u00e7os e tamb\u00e9m canal horeca e retalho alimentar, est\u00e1 em fase de conclus\u00e3o o per\u00edodo de preenchimento do \u201cInqu\u00e9rito \u00e0 Circula\u00e7\u00e3o de Mercadorias\u201d promovido pela C\u00e2mara Municipal de \u00c9vora no \u00e2mbito da implementa\u00e7\u00e3o do Laborat\u00f3rio Vivo para a Descarboniza\u00e7\u00e3o (LVpD\u00c9).<\/strong><\/p>\n<p>Os interessados poder\u00e3o ainda submeter as suas respostas e\/ou completar o preenchimento, acedendo \u00e0 p\u00e1gina <a href=\"http:\/\/www.evoralab.pt\">www.evoralab.pt<\/a>.<\/p>\n<p>A C\u00e2mara Municipal de \u00c9vora agradece desde j\u00e1 a todos os agentes econ\u00f3micos que aceitaram o desafio de integrar o processo de participa\u00e7\u00e3o no LVpD. O contributo de cada um ser\u00e1 tido em conta na ado\u00e7\u00e3o de novos modelos que levem a solu\u00e7\u00f5es inovadoras ao n\u00edvel da Mobilidade, da Economia Circular e do Ambiente, no sentido do cumprimento dos objetivos deste projeto: colocar \u00c9vora na lideran\u00e7a do combate aos efeitos nocivos das altera\u00e7\u00f5es clim\u00e1ticas.<\/p>\n<p>Poder\u00e1 obter mais informa\u00e7\u00e3o sobre o Laborat\u00f3rio Vivo para a Descarboniza\u00e7\u00e3o de \u00c9vora acedendo ao Portal da CME em <a href=\"https:\/\/www.cm-evora.pt\/municipe\/projetosmunicipais\/%20projetos-estruturantes\/evora-laboratorio-vivo-para-a-descarbonizacao-lvpd\/\">https:\/\/www.cm-evora.pt\/municipe\/projetosmunicipais\/ projetos-estruturantes\/evora-laboratorio-vivo-para-a-descarbonizacao-lvpd\/<\/a><\/p>","protected":false},"excerpt":{"rendered":"<p>Sorry, this entry is only available in Portugu\u00eas.Dirigido aos agentes econ\u00f3micos: operadores de com\u00e9rcio e servi\u00e7os e tamb\u00e9m canal horeca e retalho alimentar, est\u00e1 em fase de conclus\u00e3o o per\u00edodo de preenchimento do \u201cInqu\u00e9rito \u00e0 Circula\u00e7\u00e3o de Mercadorias\u201d promovido pela C\u00e2mara Municipal de \u00c9vora no \u00e2mbito da implementa\u00e7\u00e3o do Laborat\u00f3rio Vivo para a Descarboniza\u00e7\u00e3o (LVpD\u00c9). [&hellip;]<\/p>\n","protected":false},"author":37,"featured_media":31701,"comment_status":"closed","ping_status":"closed","sticky":false,"template":"","format":"standard","meta":{"_acf_changed":false,"footnotes":""},"categories":[2110],"tags":[],"class_list":["post-31697","post","type-post","status-publish","format-standard","has-post-thumbnail","hentry","category-noticias"],"acf":{"imagens":"","destaq_image":31701,"titulo_docs_seccao":"","documentos":""},"_links":{"self":[{"href":"https:\/\/www.cm-evora.pt\/en\/wp-json\/wp\/v2\/posts\/31697","targetHints":{"allow":["GET"]}}],"collection":[{"href":"https:\/\/www.cm-evora.pt\/en\/wp-json\/wp\/v2\/posts"}],"about":[{"href":"https:\/\/www.cm-evora.pt\/en\/wp-json\/wp\/v2\/types\/post"}],"author":[{"embeddable":true,"href":"https:\/\/www.cm-evora.pt\/en\/wp-json\/wp\/v2\/users\/37"}],"replies":[{"embeddable":true,"href":"https:\/\/www.cm-evora.pt\/en\/wp-json\/wp\/v2\/comments?post=31697"}],"version-history":[{"count":1,"href":"https:\/\/www.cm-evora.pt\/en\/wp-json\/wp\/v2\/posts\/31697\/revisions"}],"predecessor-version":[{"id":31702,"href":"https:\/\/www.cm-evora.pt\/en\/wp-json\/wp\/v2\/posts\/31697\/revisions\/31702"}],"wp:featuredmedia":[{"embeddable":true,"href":"https:\/\/www.cm-evora.pt\/en\/wp-json\/wp\/v2\/media\/31701"}],"wp:attachment":[{"href":"https:\/\/www.cm-evora.pt\/en\/wp-json\/wp\/v2\/media?parent=31697"}],"wp:term":[{"taxonomy":"category","embeddable":true,"href":"https:\/\/www.cm-evora.pt\/en\/wp-json\/wp\/v2\/categories?post=31697"},{"taxonomy":"post_tag","embeddable":true,"href":"https:\/\/www.cm-evora.pt\/en\/wp-json\/wp\/v2\/tags?post=31697"}],"curies":[{"name":"wp","href":"https:\/\/api.w.org\/{rel}","templated":true}]}}