{"id":31748,"date":"2022-02-15T12:19:25","date_gmt":"2022-02-15T12:19:25","guid":{"rendered":"https:\/\/www.cm-evora.pt\/?p=31748"},"modified":"2022-02-15T12:52:20","modified_gmt":"2022-02-15T12:52:20","slug":"pocityf-positive-energy-city-transformation-framework-chegou-o-tempo-de-pedir-a-sua-participacao","status":"publish","type":"post","link":"https:\/\/www.cm-evora.pt\/en\/pocityf-positive-energy-city-transformation-framework-chegou-o-tempo-de-pedir-a-sua-participacao\/","title":{"rendered":"(Portugu\u00eas) POCITYF &#8211; Positive Energy CITY Transformation Framework &#8211; Chegou o tempo de pedir a sua participa\u00e7\u00e3o"},"content":{"rendered":"<p class=\"qtranxs-available-languages-message qtranxs-available-languages-message-en\">Sorry, this entry is only available in <a href=\"https:\/\/www.cm-evora.pt\/pt\/wp-json\/wp\/v2\/posts\/31748\" class=\"qtranxs-available-language-link qtranxs-available-language-link-pt\" title=\"Portugu\u00eas\">Portugu\u00eas<\/a>.<\/p><p><\/p>\n<div class=\"kvgmc6g5 cxmmr5t8 oygrvhab hcukyx3x c1et5uql ii04i59q\">\n<div dir=\"auto\">\u00c9vora lidera um projeto europeu de comunidades inteligentes que visa tornar as cidades hist\u00f3ricas autossustent\u00e1veis em termos energ\u00e9ticos<\/div>\n<\/div>\n<div class=\"cxmmr5t8 oygrvhab hcukyx3x c1et5uql o9v6fnle ii04i59q\">\n<div dir=\"auto\"><strong>CARO MUN\u00cdCIPE CHEGOU O TEMPO DE PEDIR A SUA PARTICIPA\u00c7\u00c3O<\/strong><\/div>\n<\/div>\n<div class=\"cxmmr5t8 oygrvhab hcukyx3x c1et5uql o9v6fnle ii04i59q\">\n<div dir=\"auto\">O POCITYF \u00e9 um projeto inovador de cidades inteligentes financiado pela Uni\u00e3o Europeia, liderado pela EDP Labelec, e que conta com a C\u00e2mara Municipal de \u00c9vora e o INESCTEC como parceiros. O POCITYF ajudar\u00e1 as cidades hist\u00f3ricas a tornarem-se mais verdes, inteligentes e habit\u00e1veis, respeitando a sua heran\u00e7a cultural. Ao implementar e testar solu\u00e7\u00f5es tecnol\u00f3gicas inovadoras que garantem a preserva\u00e7\u00e3o do patrim\u00f3nio cultural da cidade, ser\u00e1 cumprido o objetivo principal de criar &#8220;Blocos Positivos de Energia&#8221;, em que a produ\u00e7\u00e3o local renov\u00e1vel ser\u00e1 superior ao consumo. O POCITYF impulsionar\u00e1 as cidades europeias hist\u00f3ricas na transi\u00e7\u00e3o energ\u00e9tica e apoiar\u00e1 a Europa na corrida para se tornar o primeiro continente neutro em carbono at\u00e9 2050.<\/div>\n<\/div>\n<div class=\"cxmmr5t8 oygrvhab hcukyx3x c1et5uql o9v6fnle ii04i59q\">\n<div dir=\"auto\">Para o sucesso deste projeto, \u00e9 fundamental ouvir os cidad\u00e3os na defini\u00e7\u00e3o e teste das solu\u00e7\u00f5es.<\/div>\n<div dir=\"auto\">Neste sentido, gostar\u00edamos de o\/a convidar a preencher o seguinte inqu\u00e9rito online (5 min.):<\/div>\n<div dir=\"auto\"><a class=\"oajrlxb2 g5ia77u1 qu0x051f esr5mh6w e9989ue4 r7d6kgcz rq0escxv nhd2j8a9 nc684nl6 p7hjln8o kvgmc6g5 cxmmr5t8 oygrvhab hcukyx3x jb3vyjys rz4wbd8a qt6c0cv9 a8nywdso i1ao9s8h esuyzwwr f1sip0of lzcic4wl gpro0wi8 py34i1dx\" role=\"link\" href=\"https:\/\/survey.inesctec.pt\/index.php\/438443?lang=pt&amp;fbclid=IwAR2Q-4j0pLd1UArttyKMU-YRf7wmDU396VEpFaWTfnxmaoXFXL3BiwCPEog\" target=\"_blank\" rel=\"nofollow noopener\">https:\/\/survey.inesctec.pt\/index.php\/438443?lang=pt<\/a><\/div>\n<\/div>\n<p><\/p>","protected":false},"excerpt":{"rendered":"<p>Sorry, this entry is only available in Portugu\u00eas. \u00c9vora lidera um projeto europeu de comunidades inteligentes que visa tornar as cidades hist\u00f3ricas autossustent\u00e1veis em termos energ\u00e9ticos CARO MUN\u00cdCIPE CHEGOU O TEMPO DE PEDIR A SUA PARTICIPA\u00c7\u00c3O O POCITYF \u00e9 um projeto inovador de cidades inteligentes financiado pela Uni\u00e3o Europeia, liderado pela EDP Labelec, e que [&hellip;]<\/p>\n","protected":false},"author":37,"featured_media":31743,"comment_status":"closed","ping_status":"closed","sticky":false,"template":"","format":"standard","meta":{"_acf_changed":false,"footnotes":""},"categories":[2110],"tags":[],"class_list":["post-31748","post","type-post","status-publish","format-standard","has-post-thumbnail","hentry","category-noticias"],"acf":{"imagens":"","destaq_image":31749,"titulo_docs_seccao":"","documentos":""},"_links":{"self":[{"href":"https:\/\/www.cm-evora.pt\/en\/wp-json\/wp\/v2\/posts\/31748","targetHints":{"allow":["GET"]}}],"collection":[{"href":"https:\/\/www.cm-evora.pt\/en\/wp-json\/wp\/v2\/posts"}],"about":[{"href":"https:\/\/www.cm-evora.pt\/en\/wp-json\/wp\/v2\/types\/post"}],"author":[{"embeddable":true,"href":"https:\/\/www.cm-evora.pt\/en\/wp-json\/wp\/v2\/users\/37"}],"replies":[{"embeddable":true,"href":"https:\/\/www.cm-evora.pt\/en\/wp-json\/wp\/v2\/comments?post=31748"}],"version-history":[{"count":3,"href":"https:\/\/www.cm-evora.pt\/en\/wp-json\/wp\/v2\/posts\/31748\/revisions"}],"predecessor-version":[{"id":31755,"href":"https:\/\/www.cm-evora.pt\/en\/wp-json\/wp\/v2\/posts\/31748\/revisions\/31755"}],"wp:featuredmedia":[{"embeddable":true,"href":"https:\/\/www.cm-evora.pt\/en\/wp-json\/wp\/v2\/media\/31743"}],"wp:attachment":[{"href":"https:\/\/www.cm-evora.pt\/en\/wp-json\/wp\/v2\/media?parent=31748"}],"wp:term":[{"taxonomy":"category","embeddable":true,"href":"https:\/\/www.cm-evora.pt\/en\/wp-json\/wp\/v2\/categories?post=31748"},{"taxonomy":"post_tag","embeddable":true,"href":"https:\/\/www.cm-evora.pt\/en\/wp-json\/wp\/v2\/tags?post=31748"}],"curies":[{"name":"wp","href":"https:\/\/api.w.org\/{rel}","templated":true}]}}