{"id":31992,"date":"2022-02-25T13:35:33","date_gmt":"2022-02-25T13:35:33","guid":{"rendered":"https:\/\/www.cm-evora.pt\/?p=31992"},"modified":"2022-02-27T19:58:57","modified_gmt":"2022-02-27T19:58:57","slug":"carnaval-chegou-a-evora","status":"publish","type":"post","link":"https:\/\/www.cm-evora.pt\/en\/carnaval-chegou-a-evora\/","title":{"rendered":"(Portugu\u00eas) Carnaval chegou a \u00c9vora"},"content":{"rendered":"<p class=\"qtranxs-available-languages-message qtranxs-available-languages-message-en\">Sorry, this entry is only available in <a href=\"https:\/\/www.cm-evora.pt\/pt\/wp-json\/wp\/v2\/posts\/31992\" class=\"qtranxs-available-language-link qtranxs-available-language-link-pt\" title=\"Portugu\u00eas\">Portugu\u00eas<\/a>.<\/p><p>Ontem, 24 de fevereiro, come\u00e7aram os festejos de Carnaval em \u00c9vora, com a participa\u00e7\u00e3o de 6 das 18 institui\u00e7\u00f5es que desfilam nas ruas ao longo destes 3 dias de festejos, com muita anima\u00e7\u00e3o e alegria.<\/p>\n<p>Ao longo da manh\u00e3, a Escola B\u00e1sica do Rossio e a Creche N.\u00aa Sra. da Visita\u00e7\u00e3o desfilaram desde o Rossio at\u00e9 ao Jardim P\u00fablico passando pela Rua da Rep\u00fablica e Pra\u00e7a 1.\u00ba de Maio, onde se juntou o Jardim Infantil N.\u00aa Sra. Da Piedade. De seguida, foi a vez da EB da Comenda e JI Sto. Ant\u00f3nio que percorreram as ruas do Bairro da Comenda e, \u00e0 tarde, a EB de S. Sebasti\u00e3o da Giesteira animou o seu espa\u00e7o.<\/p>\n<p>A acompanhar os v\u00e1rios desfiles estiveram os artistas SevenDixie, Rui (Neroca) e Miguel Bravo, sendo que, no final de cada desfile, houve tempo ainda para assistir ao espet\u00e1culo de Pitu, no Jardim P\u00fablico e na EB de S. Sebasti\u00e3o da Giesteira, e a dan\u00e7as de sal\u00e3o na EB da Comenda.<\/p>\n<p>Hoje, 25 de fevereiro, a parte da manh\u00e3 foi dedicada aos desfiles da Coopber\u00e7o, do Centro de Atividade Infantil de \u00c9vora, do Centro Infantil Obra S. Jos\u00e9 Oper\u00e1rio e da EB de S. Mamede, que percorreram v\u00e1rias art\u00e9rias do Centro Hist\u00f3rico. A EB e o JI de Canaviais realizaram o seu desfile pelas ruas Jos\u00e9 Sebasti\u00e3o Cebola, Rua das 5 Cepas e Rua da Paz, finalizando na Pra\u00e7a Joaquim Piteira, nos Canaviais. De tarde, a partir das 15h30 os festejos est\u00e3o agendados para a Casa do Sagrado Cora\u00e7\u00e3o de Jesus, na Quinta do Pio Rua de acesso \u00e0 institui\u00e7\u00e3o.<\/p>\n<p>No dia 28 de fevereiro, segunda, o programa est\u00e1 marcado para as 10h na EB Her\u00f3is de Ultramar e o desfile percorrer\u00e1 a Av. Her\u00f3is de Ultramar, Rua Dr. Manuel Carvalho Moniz, rotunda da Nau e regresso pela mesma rua at\u00e9 ao parque infantil atr\u00e1s da escola. A essa mesma hora, tamb\u00e9m o JI e EB da Azaruja e o JI de S. Miguel de Machede organizam o seu desfile, que ir\u00e1 percorrer o cruzamento da Rua da Escola, a Junta e o Jardim, na Azaruja.<\/p>\n<p>A EB Manuel Ferreira Patr\u00edcio e a Escola da Cruz da Picada desfilar\u00e3o pelas 11h entre a Avenida Eng. Arantes e Oliveira e as Piscinas Municipais. De tarde, a partir das 14h, \u00e9 a vez da EB de S. Man\u00e7os efetuar um percurso entre a Rua do Sol e a Rua Gouveia, Rua Nova do Rossio, voltando depois \u00e0 escola.<\/p>\n<p>Durante estes dois dias, pode-se ainda contar com a participa\u00e7\u00e3o de v\u00e1rios artistas para animar os percursos que inclui, para al\u00e9m dos SevenDixie, Rui (Neroca), Pitu (espet\u00e1culo) e Miguel Bravo, os Gigabombos, Grupo Puf Tict\u00e1, Ca\u00e7a Sorrisos e Jorge Bai\u00e3o.<\/p>\n<p>Esta edi\u00e7\u00e3o especial de carnaval conta com o apoio de diversas entidades, nomeadamente a PSP, GNR, Agrupamentos de Escolas e Juntas\/Uni\u00f5es de Freguesias de \u00c9vora, de Malagueira e Horta das Figueiras, de Bacelo e Sra. da Sa\u00fade, de Canaviais, de S. Sebasti\u00e3o da Giesteira e N.\u00aa Sr.\u00aa da Boa F\u00e9, de S. Man\u00e7os e S. Vicente do Pigeiro, de S. Bento do Mato (Azaruja) e S. Miguel de Machede.<\/p>\n<p>&nbsp;<\/p>\n<p>Para visualizar todas as fotografias dos festejos do Carnaval consulte o <a href=\"https:\/\/www.facebook.com\/media\/set\/?vanity=EvoraCidadeEducadora&amp;set=a.324058353095891\" target=\"_blank\" rel=\"noopener\">FB \u00c9vora Cidade Educadora<\/a>.<\/p>\n<p>\n\t\t<style type=\"text\/css\">\n\t\t\t#gallery-1 {\n\t\t\t\tmargin: auto;\n\t\t\t}\n\t\t\t#gallery-1 .gallery-item {\n\t\t\t\tfloat: left;\n\t\t\t\tmargin-top: 10px;\n\t\t\t\ttext-align: center;\n\t\t\t\twidth: 20%;\n\t\t\t}\n\t\t\t#gallery-1 img {\n\t\t\t\tborder: 2px solid #cfcfcf;\n\t\t\t}\n\t\t\t#gallery-1 .gallery-caption {\n\t\t\t\tmargin-left: 0;\n\t\t\t}\n\t\t\t\/* see gallery_shortcode() in wp-includes\/media.php *\/\n\t\t<\/style>\n\t\t<div id='gallery-1' class='gallery galleryid-31992 gallery-columns-5 gallery-size-full'><dl class='gallery-item'>\n\t\t\t<dt class='gallery-icon landscape'>\n\t\t\t\t<a href='https:\/\/www.cm-evora.pt\/wp-content\/uploads\/2022\/02\/2022022_CarnavalEscolas_08_ME.jpg'><img loading=\"lazy\" decoding=\"async\" width=\"1920\" height=\"1280\" src=\"https:\/\/www.cm-evora.pt\/wp-content\/uploads\/2022\/02\/2022022_CarnavalEscolas_08_ME.jpg\" class=\"attachment-full size-full\" alt=\"\" srcset=\"https:\/\/www.cm-evora.pt\/wp-content\/uploads\/2022\/02\/2022022_CarnavalEscolas_08_ME.jpg 1920w, https:\/\/www.cm-evora.pt\/wp-content\/uploads\/2022\/02\/2022022_CarnavalEscolas_08_ME-300x200.jpg 300w, https:\/\/www.cm-evora.pt\/wp-content\/uploads\/2022\/02\/2022022_CarnavalEscolas_08_ME-1024x683.jpg 1024w, https:\/\/www.cm-evora.pt\/wp-content\/uploads\/2022\/02\/2022022_CarnavalEscolas_08_ME-768x512.jpg 768w, https:\/\/www.cm-evora.pt\/wp-content\/uploads\/2022\/02\/2022022_CarnavalEscolas_08_ME-1536x1024.jpg 1536w, https:\/\/www.cm-evora.pt\/wp-content\/uploads\/2022\/02\/2022022_CarnavalEscolas_08_ME-1320x880.jpg 1320w\" sizes=\"auto, (max-width: 1920px) 100vw, 1920px\" \/><\/a>\n\t\t\t<\/dt><\/dl><dl class='gallery-item'>\n\t\t\t<dt class='gallery-icon landscape'>\n\t\t\t\t<a href='https:\/\/www.cm-evora.pt\/wp-content\/uploads\/2022\/02\/2022022_CarnavalEscolas_11_ME.jpg'><img loading=\"lazy\" decoding=\"async\" width=\"1920\" height=\"1146\" src=\"https:\/\/www.cm-evora.pt\/wp-content\/uploads\/2022\/02\/2022022_CarnavalEscolas_11_ME.jpg\" class=\"attachment-full size-full\" alt=\"\" srcset=\"https:\/\/www.cm-evora.pt\/wp-content\/uploads\/2022\/02\/2022022_CarnavalEscolas_11_ME.jpg 1920w, https:\/\/www.cm-evora.pt\/wp-content\/uploads\/2022\/02\/2022022_CarnavalEscolas_11_ME-300x179.jpg 300w, https:\/\/www.cm-evora.pt\/wp-content\/uploads\/2022\/02\/2022022_CarnavalEscolas_11_ME-1024x611.jpg 1024w, https:\/\/www.cm-evora.pt\/wp-content\/uploads\/2022\/02\/2022022_CarnavalEscolas_11_ME-768x458.jpg 768w, https:\/\/www.cm-evora.pt\/wp-content\/uploads\/2022\/02\/2022022_CarnavalEscolas_11_ME-1536x917.jpg 1536w, https:\/\/www.cm-evora.pt\/wp-content\/uploads\/2022\/02\/2022022_CarnavalEscolas_11_ME-1320x788.jpg 1320w\" sizes=\"auto, (max-width: 1920px) 100vw, 1920px\" \/><\/a>\n\t\t\t<\/dt><\/dl><dl class='gallery-item'>\n\t\t\t<dt class='gallery-icon landscape'>\n\t\t\t\t<a href='https:\/\/www.cm-evora.pt\/wp-content\/uploads\/2022\/02\/2022022_CarnavalEscolas_13_ME.jpg'><img loading=\"lazy\" decoding=\"async\" width=\"1920\" height=\"1280\" src=\"https:\/\/www.cm-evora.pt\/wp-content\/uploads\/2022\/02\/2022022_CarnavalEscolas_13_ME.jpg\" class=\"attachment-full size-full\" alt=\"\" srcset=\"https:\/\/www.cm-evora.pt\/wp-content\/uploads\/2022\/02\/2022022_CarnavalEscolas_13_ME.jpg 1920w, https:\/\/www.cm-evora.pt\/wp-content\/uploads\/2022\/02\/2022022_CarnavalEscolas_13_ME-300x200.jpg 300w, https:\/\/www.cm-evora.pt\/wp-content\/uploads\/2022\/02\/2022022_CarnavalEscolas_13_ME-1024x683.jpg 1024w, https:\/\/www.cm-evora.pt\/wp-content\/uploads\/2022\/02\/2022022_CarnavalEscolas_13_ME-768x512.jpg 768w, https:\/\/www.cm-evora.pt\/wp-content\/uploads\/2022\/02\/2022022_CarnavalEscolas_13_ME-1536x1024.jpg 1536w, https:\/\/www.cm-evora.pt\/wp-content\/uploads\/2022\/02\/2022022_CarnavalEscolas_13_ME-1320x880.jpg 1320w\" sizes=\"auto, (max-width: 1920px) 100vw, 1920px\" \/><\/a>\n\t\t\t<\/dt><\/dl><dl class='gallery-item'>\n\t\t\t<dt class='gallery-icon landscape'>\n\t\t\t\t<a href='https:\/\/www.cm-evora.pt\/wp-content\/uploads\/2022\/02\/2022022_CarnavalEscolas_17_ME.jpg'><img loading=\"lazy\" decoding=\"async\" width=\"1920\" height=\"1280\" src=\"https:\/\/www.cm-evora.pt\/wp-content\/uploads\/2022\/02\/2022022_CarnavalEscolas_17_ME.jpg\" class=\"attachment-full size-full\" alt=\"\" srcset=\"https:\/\/www.cm-evora.pt\/wp-content\/uploads\/2022\/02\/2022022_CarnavalEscolas_17_ME.jpg 1920w, https:\/\/www.cm-evora.pt\/wp-content\/uploads\/2022\/02\/2022022_CarnavalEscolas_17_ME-300x200.jpg 300w, https:\/\/www.cm-evora.pt\/wp-content\/uploads\/2022\/02\/2022022_CarnavalEscolas_17_ME-1024x683.jpg 1024w, https:\/\/www.cm-evora.pt\/wp-content\/uploads\/2022\/02\/2022022_CarnavalEscolas_17_ME-768x512.jpg 768w, https:\/\/www.cm-evora.pt\/wp-content\/uploads\/2022\/02\/2022022_CarnavalEscolas_17_ME-1536x1024.jpg 1536w, https:\/\/www.cm-evora.pt\/wp-content\/uploads\/2022\/02\/2022022_CarnavalEscolas_17_ME-1320x880.jpg 1320w\" sizes=\"auto, (max-width: 1920px) 100vw, 1920px\" \/><\/a>\n\t\t\t<\/dt><\/dl><dl class='gallery-item'>\n\t\t\t<dt class='gallery-icon landscape'>\n\t\t\t\t<a href='https:\/\/www.cm-evora.pt\/wp-content\/uploads\/2022\/02\/2022022_CarnavalEscolas_20_ME.jpg'><img loading=\"lazy\" decoding=\"async\" width=\"1920\" height=\"1247\" src=\"https:\/\/www.cm-evora.pt\/wp-content\/uploads\/2022\/02\/2022022_CarnavalEscolas_20_ME.jpg\" class=\"attachment-full size-full\" alt=\"\" srcset=\"https:\/\/www.cm-evora.pt\/wp-content\/uploads\/2022\/02\/2022022_CarnavalEscolas_20_ME.jpg 1920w, https:\/\/www.cm-evora.pt\/wp-content\/uploads\/2022\/02\/2022022_CarnavalEscolas_20_ME-300x195.jpg 300w, https:\/\/www.cm-evora.pt\/wp-content\/uploads\/2022\/02\/2022022_CarnavalEscolas_20_ME-1024x665.jpg 1024w, https:\/\/www.cm-evora.pt\/wp-content\/uploads\/2022\/02\/2022022_CarnavalEscolas_20_ME-768x499.jpg 768w, https:\/\/www.cm-evora.pt\/wp-content\/uploads\/2022\/02\/2022022_CarnavalEscolas_20_ME-1536x998.jpg 1536w, https:\/\/www.cm-evora.pt\/wp-content\/uploads\/2022\/02\/2022022_CarnavalEscolas_20_ME-1320x857.jpg 1320w\" sizes=\"auto, (max-width: 1920px) 100vw, 1920px\" \/><\/a>\n\t\t\t<\/dt><\/dl><br style=\"clear: both\" \/><dl class='gallery-item'>\n\t\t\t<dt class='gallery-icon landscape'>\n\t\t\t\t<a href='https:\/\/www.cm-evora.pt\/wp-content\/uploads\/2022\/02\/2022022_CarnavalEscolas_26_ME.jpg'><img loading=\"lazy\" decoding=\"async\" width=\"1920\" height=\"1278\" src=\"https:\/\/www.cm-evora.pt\/wp-content\/uploads\/2022\/02\/2022022_CarnavalEscolas_26_ME.jpg\" class=\"attachment-full size-full\" alt=\"\" srcset=\"https:\/\/www.cm-evora.pt\/wp-content\/uploads\/2022\/02\/2022022_CarnavalEscolas_26_ME.jpg 1920w, https:\/\/www.cm-evora.pt\/wp-content\/uploads\/2022\/02\/2022022_CarnavalEscolas_26_ME-300x200.jpg 300w, https:\/\/www.cm-evora.pt\/wp-content\/uploads\/2022\/02\/2022022_CarnavalEscolas_26_ME-1024x682.jpg 1024w, https:\/\/www.cm-evora.pt\/wp-content\/uploads\/2022\/02\/2022022_CarnavalEscolas_26_ME-768x511.jpg 768w, https:\/\/www.cm-evora.pt\/wp-content\/uploads\/2022\/02\/2022022_CarnavalEscolas_26_ME-1536x1022.jpg 1536w, https:\/\/www.cm-evora.pt\/wp-content\/uploads\/2022\/02\/2022022_CarnavalEscolas_26_ME-1320x879.jpg 1320w\" sizes=\"auto, (max-width: 1920px) 100vw, 1920px\" \/><\/a>\n\t\t\t<\/dt><\/dl><dl class='gallery-item'>\n\t\t\t<dt class='gallery-icon landscape'>\n\t\t\t\t<a href='https:\/\/www.cm-evora.pt\/wp-content\/uploads\/2022\/02\/2022022_CarnavalEscolas_29_ME.jpg'><img loading=\"lazy\" decoding=\"async\" width=\"1920\" height=\"1178\" src=\"https:\/\/www.cm-evora.pt\/wp-content\/uploads\/2022\/02\/2022022_CarnavalEscolas_29_ME.jpg\" class=\"attachment-full size-full\" alt=\"\" srcset=\"https:\/\/www.cm-evora.pt\/wp-content\/uploads\/2022\/02\/2022022_CarnavalEscolas_29_ME.jpg 1920w, https:\/\/www.cm-evora.pt\/wp-content\/uploads\/2022\/02\/2022022_CarnavalEscolas_29_ME-300x184.jpg 300w, https:\/\/www.cm-evora.pt\/wp-content\/uploads\/2022\/02\/2022022_CarnavalEscolas_29_ME-1024x628.jpg 1024w, https:\/\/www.cm-evora.pt\/wp-content\/uploads\/2022\/02\/2022022_CarnavalEscolas_29_ME-768x471.jpg 768w, https:\/\/www.cm-evora.pt\/wp-content\/uploads\/2022\/02\/2022022_CarnavalEscolas_29_ME-1536x942.jpg 1536w, https:\/\/www.cm-evora.pt\/wp-content\/uploads\/2022\/02\/2022022_CarnavalEscolas_29_ME-1320x810.jpg 1320w\" sizes=\"auto, (max-width: 1920px) 100vw, 1920px\" \/><\/a>\n\t\t\t<\/dt><\/dl><dl class='gallery-item'>\n\t\t\t<dt class='gallery-icon landscape'>\n\t\t\t\t<a href='https:\/\/www.cm-evora.pt\/wp-content\/uploads\/2022\/02\/2022022_CarnavalEscolas_30_ME.jpg'><img loading=\"lazy\" decoding=\"async\" width=\"1920\" height=\"1280\" src=\"https:\/\/www.cm-evora.pt\/wp-content\/uploads\/2022\/02\/2022022_CarnavalEscolas_30_ME.jpg\" class=\"attachment-full size-full\" alt=\"\" srcset=\"https:\/\/www.cm-evora.pt\/wp-content\/uploads\/2022\/02\/2022022_CarnavalEscolas_30_ME.jpg 1920w, https:\/\/www.cm-evora.pt\/wp-content\/uploads\/2022\/02\/2022022_CarnavalEscolas_30_ME-300x200.jpg 300w, https:\/\/www.cm-evora.pt\/wp-content\/uploads\/2022\/02\/2022022_CarnavalEscolas_30_ME-1024x683.jpg 1024w, https:\/\/www.cm-evora.pt\/wp-content\/uploads\/2022\/02\/2022022_CarnavalEscolas_30_ME-768x512.jpg 768w, https:\/\/www.cm-evora.pt\/wp-content\/uploads\/2022\/02\/2022022_CarnavalEscolas_30_ME-1536x1024.jpg 1536w, https:\/\/www.cm-evora.pt\/wp-content\/uploads\/2022\/02\/2022022_CarnavalEscolas_30_ME-1320x880.jpg 1320w\" sizes=\"auto, (max-width: 1920px) 100vw, 1920px\" \/><\/a>\n\t\t\t<\/dt><\/dl><dl class='gallery-item'>\n\t\t\t<dt class='gallery-icon landscape'>\n\t\t\t\t<a href='https:\/\/www.cm-evora.pt\/wp-content\/uploads\/2022\/02\/2022022_CarnavalEscolas_38_ME.jpg'><img loading=\"lazy\" decoding=\"async\" width=\"1920\" height=\"1250\" src=\"https:\/\/www.cm-evora.pt\/wp-content\/uploads\/2022\/02\/2022022_CarnavalEscolas_38_ME.jpg\" class=\"attachment-full size-full\" alt=\"\" srcset=\"https:\/\/www.cm-evora.pt\/wp-content\/uploads\/2022\/02\/2022022_CarnavalEscolas_38_ME.jpg 1920w, https:\/\/www.cm-evora.pt\/wp-content\/uploads\/2022\/02\/2022022_CarnavalEscolas_38_ME-300x195.jpg 300w, https:\/\/www.cm-evora.pt\/wp-content\/uploads\/2022\/02\/2022022_CarnavalEscolas_38_ME-1024x667.jpg 1024w, https:\/\/www.cm-evora.pt\/wp-content\/uploads\/2022\/02\/2022022_CarnavalEscolas_38_ME-768x500.jpg 768w, https:\/\/www.cm-evora.pt\/wp-content\/uploads\/2022\/02\/2022022_CarnavalEscolas_38_ME-1536x1000.jpg 1536w, https:\/\/www.cm-evora.pt\/wp-content\/uploads\/2022\/02\/2022022_CarnavalEscolas_38_ME-1320x859.jpg 1320w\" sizes=\"auto, (max-width: 1920px) 100vw, 1920px\" \/><\/a>\n\t\t\t<\/dt><\/dl><dl class='gallery-item'>\n\t\t\t<dt class='gallery-icon landscape'>\n\t\t\t\t<a href='https:\/\/www.cm-evora.pt\/wp-content\/uploads\/2022\/02\/2022022_CarnavalEscolas_45_ME.jpg'><img loading=\"lazy\" decoding=\"async\" width=\"1920\" height=\"1280\" src=\"https:\/\/www.cm-evora.pt\/wp-content\/uploads\/2022\/02\/2022022_CarnavalEscolas_45_ME.jpg\" class=\"attachment-full size-full\" alt=\"\" srcset=\"https:\/\/www.cm-evora.pt\/wp-content\/uploads\/2022\/02\/2022022_CarnavalEscolas_45_ME.jpg 1920w, https:\/\/www.cm-evora.pt\/wp-content\/uploads\/2022\/02\/2022022_CarnavalEscolas_45_ME-300x200.jpg 300w, https:\/\/www.cm-evora.pt\/wp-content\/uploads\/2022\/02\/2022022_CarnavalEscolas_45_ME-1024x683.jpg 1024w, https:\/\/www.cm-evora.pt\/wp-content\/uploads\/2022\/02\/2022022_CarnavalEscolas_45_ME-768x512.jpg 768w, https:\/\/www.cm-evora.pt\/wp-content\/uploads\/2022\/02\/2022022_CarnavalEscolas_45_ME-1536x1024.jpg 1536w, https:\/\/www.cm-evora.pt\/wp-content\/uploads\/2022\/02\/2022022_CarnavalEscolas_45_ME-1320x880.jpg 1320w\" sizes=\"auto, (max-width: 1920px) 100vw, 1920px\" \/><\/a>\n\t\t\t<\/dt><\/dl><br style=\"clear: both\" \/><dl class='gallery-item'>\n\t\t\t<dt class='gallery-icon landscape'>\n\t\t\t\t<a href='https:\/\/www.cm-evora.pt\/wp-content\/uploads\/2022\/02\/2022022_CarnavalEscolas_46_ME.jpg'><img loading=\"lazy\" decoding=\"async\" width=\"1920\" height=\"1168\" src=\"https:\/\/www.cm-evora.pt\/wp-content\/uploads\/2022\/02\/2022022_CarnavalEscolas_46_ME.jpg\" class=\"attachment-full size-full\" alt=\"\" srcset=\"https:\/\/www.cm-evora.pt\/wp-content\/uploads\/2022\/02\/2022022_CarnavalEscolas_46_ME.jpg 1920w, https:\/\/www.cm-evora.pt\/wp-content\/uploads\/2022\/02\/2022022_CarnavalEscolas_46_ME-300x183.jpg 300w, https:\/\/www.cm-evora.pt\/wp-content\/uploads\/2022\/02\/2022022_CarnavalEscolas_46_ME-1024x623.jpg 1024w, https:\/\/www.cm-evora.pt\/wp-content\/uploads\/2022\/02\/2022022_CarnavalEscolas_46_ME-768x467.jpg 768w, https:\/\/www.cm-evora.pt\/wp-content\/uploads\/2022\/02\/2022022_CarnavalEscolas_46_ME-1536x934.jpg 1536w, https:\/\/www.cm-evora.pt\/wp-content\/uploads\/2022\/02\/2022022_CarnavalEscolas_46_ME-1320x803.jpg 1320w, https:\/\/www.cm-evora.pt\/wp-content\/uploads\/2022\/02\/2022022_CarnavalEscolas_46_ME-680x414.jpg 680w\" sizes=\"auto, (max-width: 1920px) 100vw, 1920px\" \/><\/a>\n\t\t\t<\/dt><\/dl><dl class='gallery-item'>\n\t\t\t<dt class='gallery-icon portrait'>\n\t\t\t\t<a href='https:\/\/www.cm-evora.pt\/wp-content\/uploads\/2022\/02\/2022022_CarnavalEscolas_53_ME.jpg'><img loading=\"lazy\" decoding=\"async\" width=\"1567\" height=\"1920\" src=\"https:\/\/www.cm-evora.pt\/wp-content\/uploads\/2022\/02\/2022022_CarnavalEscolas_53_ME.jpg\" class=\"attachment-full size-full\" alt=\"\" srcset=\"https:\/\/www.cm-evora.pt\/wp-content\/uploads\/2022\/02\/2022022_CarnavalEscolas_53_ME.jpg 1567w, https:\/\/www.cm-evora.pt\/wp-content\/uploads\/2022\/02\/2022022_CarnavalEscolas_53_ME-245x300.jpg 245w, https:\/\/www.cm-evora.pt\/wp-content\/uploads\/2022\/02\/2022022_CarnavalEscolas_53_ME-836x1024.jpg 836w, https:\/\/www.cm-evora.pt\/wp-content\/uploads\/2022\/02\/2022022_CarnavalEscolas_53_ME-768x941.jpg 768w, https:\/\/www.cm-evora.pt\/wp-content\/uploads\/2022\/02\/2022022_CarnavalEscolas_53_ME-1254x1536.jpg 1254w, https:\/\/www.cm-evora.pt\/wp-content\/uploads\/2022\/02\/2022022_CarnavalEscolas_53_ME-1320x1617.jpg 1320w\" sizes=\"auto, (max-width: 1567px) 100vw, 1567px\" \/><\/a>\n\t\t\t<\/dt><\/dl><dl class='gallery-item'>\n\t\t\t<dt class='gallery-icon portrait'>\n\t\t\t\t<a href='https:\/\/www.cm-evora.pt\/wp-content\/uploads\/2022\/02\/2022022_CarnavalEscolas_56_ME.jpg'><img loading=\"lazy\" decoding=\"async\" width=\"1231\" height=\"1920\" src=\"https:\/\/www.cm-evora.pt\/wp-content\/uploads\/2022\/02\/2022022_CarnavalEscolas_56_ME.jpg\" class=\"attachment-full size-full\" alt=\"\" srcset=\"https:\/\/www.cm-evora.pt\/wp-content\/uploads\/2022\/02\/2022022_CarnavalEscolas_56_ME.jpg 1231w, https:\/\/www.cm-evora.pt\/wp-content\/uploads\/2022\/02\/2022022_CarnavalEscolas_56_ME-192x300.jpg 192w, https:\/\/www.cm-evora.pt\/wp-content\/uploads\/2022\/02\/2022022_CarnavalEscolas_56_ME-657x1024.jpg 657w, https:\/\/www.cm-evora.pt\/wp-content\/uploads\/2022\/02\/2022022_CarnavalEscolas_56_ME-768x1198.jpg 768w, https:\/\/www.cm-evora.pt\/wp-content\/uploads\/2022\/02\/2022022_CarnavalEscolas_56_ME-985x1536.jpg 985w\" sizes=\"auto, (max-width: 1231px) 100vw, 1231px\" \/><\/a>\n\t\t\t<\/dt><\/dl><dl class='gallery-item'>\n\t\t\t<dt class='gallery-icon landscape'>\n\t\t\t\t<a href='https:\/\/www.cm-evora.pt\/wp-content\/uploads\/2022\/02\/2022022_CarnavalEscolas_60_ME.jpg'><img loading=\"lazy\" decoding=\"async\" width=\"1920\" height=\"1280\" src=\"https:\/\/www.cm-evora.pt\/wp-content\/uploads\/2022\/02\/2022022_CarnavalEscolas_60_ME.jpg\" class=\"attachment-full size-full\" alt=\"\" srcset=\"https:\/\/www.cm-evora.pt\/wp-content\/uploads\/2022\/02\/2022022_CarnavalEscolas_60_ME.jpg 1920w, https:\/\/www.cm-evora.pt\/wp-content\/uploads\/2022\/02\/2022022_CarnavalEscolas_60_ME-300x200.jpg 300w, https:\/\/www.cm-evora.pt\/wp-content\/uploads\/2022\/02\/2022022_CarnavalEscolas_60_ME-1024x683.jpg 1024w, https:\/\/www.cm-evora.pt\/wp-content\/uploads\/2022\/02\/2022022_CarnavalEscolas_60_ME-768x512.jpg 768w, https:\/\/www.cm-evora.pt\/wp-content\/uploads\/2022\/02\/2022022_CarnavalEscolas_60_ME-1536x1024.jpg 1536w, https:\/\/www.cm-evora.pt\/wp-content\/uploads\/2022\/02\/2022022_CarnavalEscolas_60_ME-1320x880.jpg 1320w\" sizes=\"auto, (max-width: 1920px) 100vw, 1920px\" \/><\/a>\n\t\t\t<\/dt><\/dl><dl class='gallery-item'>\n\t\t\t<dt class='gallery-icon landscape'>\n\t\t\t\t<a href='https:\/\/www.cm-evora.pt\/wp-content\/uploads\/2022\/02\/C1.jpg'><img loading=\"lazy\" decoding=\"async\" width=\"1920\" height=\"1233\" src=\"https:\/\/www.cm-evora.pt\/wp-content\/uploads\/2022\/02\/C1.jpg\" class=\"attachment-full size-full\" alt=\"\" srcset=\"https:\/\/www.cm-evora.pt\/wp-content\/uploads\/2022\/02\/C1.jpg 1920w, https:\/\/www.cm-evora.pt\/wp-content\/uploads\/2022\/02\/C1-300x193.jpg 300w, https:\/\/www.cm-evora.pt\/wp-content\/uploads\/2022\/02\/C1-1024x658.jpg 1024w, https:\/\/www.cm-evora.pt\/wp-content\/uploads\/2022\/02\/C1-768x493.jpg 768w, https:\/\/www.cm-evora.pt\/wp-content\/uploads\/2022\/02\/C1-1536x986.jpg 1536w, https:\/\/www.cm-evora.pt\/wp-content\/uploads\/2022\/02\/C1-1320x848.jpg 1320w\" sizes=\"auto, (max-width: 1920px) 100vw, 1920px\" \/><\/a>\n\t\t\t<\/dt><\/dl><br style=\"clear: both\" \/><dl class='gallery-item'>\n\t\t\t<dt class='gallery-icon portrait'>\n\t\t\t\t<a href='https:\/\/www.cm-evora.pt\/wp-content\/uploads\/2022\/02\/C7.jpg'><img loading=\"lazy\" decoding=\"async\" width=\"1280\" height=\"1920\" src=\"https:\/\/www.cm-evora.pt\/wp-content\/uploads\/2022\/02\/C7.jpg\" class=\"attachment-full size-full\" alt=\"\" srcset=\"https:\/\/www.cm-evora.pt\/wp-content\/uploads\/2022\/02\/C7.jpg 1280w, https:\/\/www.cm-evora.pt\/wp-content\/uploads\/2022\/02\/C7-200x300.jpg 200w, https:\/\/www.cm-evora.pt\/wp-content\/uploads\/2022\/02\/C7-683x1024.jpg 683w, https:\/\/www.cm-evora.pt\/wp-content\/uploads\/2022\/02\/C7-768x1152.jpg 768w, https:\/\/www.cm-evora.pt\/wp-content\/uploads\/2022\/02\/C7-1024x1536.jpg 1024w\" sizes=\"auto, (max-width: 1280px) 100vw, 1280px\" \/><\/a>\n\t\t\t<\/dt><\/dl><dl class='gallery-item'>\n\t\t\t<dt class='gallery-icon landscape'>\n\t\t\t\t<a href='https:\/\/www.cm-evora.pt\/wp-content\/uploads\/2022\/02\/C9.jpg'><img loading=\"lazy\" decoding=\"async\" width=\"1920\" height=\"1280\" src=\"https:\/\/www.cm-evora.pt\/wp-content\/uploads\/2022\/02\/C9.jpg\" class=\"attachment-full size-full\" alt=\"\" srcset=\"https:\/\/www.cm-evora.pt\/wp-content\/uploads\/2022\/02\/C9.jpg 1920w, https:\/\/www.cm-evora.pt\/wp-content\/uploads\/2022\/02\/C9-300x200.jpg 300w, https:\/\/www.cm-evora.pt\/wp-content\/uploads\/2022\/02\/C9-1024x683.jpg 1024w, https:\/\/www.cm-evora.pt\/wp-content\/uploads\/2022\/02\/C9-768x512.jpg 768w, https:\/\/www.cm-evora.pt\/wp-content\/uploads\/2022\/02\/C9-1536x1024.jpg 1536w, https:\/\/www.cm-evora.pt\/wp-content\/uploads\/2022\/02\/C9-1320x880.jpg 1320w\" sizes=\"auto, (max-width: 1920px) 100vw, 1920px\" \/><\/a>\n\t\t\t<\/dt><\/dl><dl class='gallery-item'>\n\t\t\t<dt class='gallery-icon landscape'>\n\t\t\t\t<a href='https:\/\/www.cm-evora.pt\/wp-content\/uploads\/2022\/02\/C10.jpg'><img loading=\"lazy\" decoding=\"async\" width=\"1920\" height=\"1386\" src=\"https:\/\/www.cm-evora.pt\/wp-content\/uploads\/2022\/02\/C10.jpg\" class=\"attachment-full size-full\" alt=\"\" srcset=\"https:\/\/www.cm-evora.pt\/wp-content\/uploads\/2022\/02\/C10.jpg 1920w, https:\/\/www.cm-evora.pt\/wp-content\/uploads\/2022\/02\/C10-300x217.jpg 300w, https:\/\/www.cm-evora.pt\/wp-content\/uploads\/2022\/02\/C10-1024x739.jpg 1024w, https:\/\/www.cm-evora.pt\/wp-content\/uploads\/2022\/02\/C10-768x554.jpg 768w, https:\/\/www.cm-evora.pt\/wp-content\/uploads\/2022\/02\/C10-1536x1109.jpg 1536w, https:\/\/www.cm-evora.pt\/wp-content\/uploads\/2022\/02\/C10-1320x953.jpg 1320w\" sizes=\"auto, (max-width: 1920px) 100vw, 1920px\" \/><\/a>\n\t\t\t<\/dt><\/dl><dl class='gallery-item'>\n\t\t\t<dt class='gallery-icon landscape'>\n\t\t\t\t<a href='https:\/\/www.cm-evora.pt\/wp-content\/uploads\/2022\/02\/C17.jpg'><img loading=\"lazy\" decoding=\"async\" width=\"1920\" height=\"1280\" src=\"https:\/\/www.cm-evora.pt\/wp-content\/uploads\/2022\/02\/C17.jpg\" class=\"attachment-full size-full\" alt=\"\" srcset=\"https:\/\/www.cm-evora.pt\/wp-content\/uploads\/2022\/02\/C17.jpg 1920w, https:\/\/www.cm-evora.pt\/wp-content\/uploads\/2022\/02\/C17-300x200.jpg 300w, https:\/\/www.cm-evora.pt\/wp-content\/uploads\/2022\/02\/C17-1024x683.jpg 1024w, https:\/\/www.cm-evora.pt\/wp-content\/uploads\/2022\/02\/C17-768x512.jpg 768w, https:\/\/www.cm-evora.pt\/wp-content\/uploads\/2022\/02\/C17-1536x1024.jpg 1536w, https:\/\/www.cm-evora.pt\/wp-content\/uploads\/2022\/02\/C17-1320x880.jpg 1320w\" sizes=\"auto, (max-width: 1920px) 100vw, 1920px\" \/><\/a>\n\t\t\t<\/dt><\/dl><dl class='gallery-item'>\n\t\t\t<dt class='gallery-icon landscape'>\n\t\t\t\t<a href='https:\/\/www.cm-evora.pt\/wp-content\/uploads\/2022\/02\/CH2.jpg'><img loading=\"lazy\" decoding=\"async\" width=\"1920\" height=\"1281\" src=\"https:\/\/www.cm-evora.pt\/wp-content\/uploads\/2022\/02\/CH2.jpg\" class=\"attachment-full size-full\" alt=\"\" srcset=\"https:\/\/www.cm-evora.pt\/wp-content\/uploads\/2022\/02\/CH2.jpg 1920w, https:\/\/www.cm-evora.pt\/wp-content\/uploads\/2022\/02\/CH2-300x200.jpg 300w, https:\/\/www.cm-evora.pt\/wp-content\/uploads\/2022\/02\/CH2-1024x683.jpg 1024w, https:\/\/www.cm-evora.pt\/wp-content\/uploads\/2022\/02\/CH2-768x512.jpg 768w, https:\/\/www.cm-evora.pt\/wp-content\/uploads\/2022\/02\/CH2-1536x1025.jpg 1536w, https:\/\/www.cm-evora.pt\/wp-content\/uploads\/2022\/02\/CH2-1320x881.jpg 1320w\" sizes=\"auto, (max-width: 1920px) 100vw, 1920px\" \/><\/a>\n\t\t\t<\/dt><\/dl><br style=\"clear: both\" \/><dl class='gallery-item'>\n\t\t\t<dt class='gallery-icon landscape'>\n\t\t\t\t<a href='https:\/\/www.cm-evora.pt\/wp-content\/uploads\/2022\/02\/CH4.jpg'><img loading=\"lazy\" decoding=\"async\" width=\"1920\" height=\"1281\" src=\"https:\/\/www.cm-evora.pt\/wp-content\/uploads\/2022\/02\/CH4.jpg\" class=\"attachment-full size-full\" alt=\"\" srcset=\"https:\/\/www.cm-evora.pt\/wp-content\/uploads\/2022\/02\/CH4.jpg 1920w, https:\/\/www.cm-evora.pt\/wp-content\/uploads\/2022\/02\/CH4-300x200.jpg 300w, https:\/\/www.cm-evora.pt\/wp-content\/uploads\/2022\/02\/CH4-1024x683.jpg 1024w, https:\/\/www.cm-evora.pt\/wp-content\/uploads\/2022\/02\/CH4-768x512.jpg 768w, https:\/\/www.cm-evora.pt\/wp-content\/uploads\/2022\/02\/CH4-1536x1025.jpg 1536w, https:\/\/www.cm-evora.pt\/wp-content\/uploads\/2022\/02\/CH4-1320x881.jpg 1320w\" sizes=\"auto, (max-width: 1920px) 100vw, 1920px\" \/><\/a>\n\t\t\t<\/dt><\/dl><dl class='gallery-item'>\n\t\t\t<dt class='gallery-icon landscape'>\n\t\t\t\t<a href='https:\/\/www.cm-evora.pt\/wp-content\/uploads\/2022\/02\/DC1.jpg'><img loading=\"lazy\" decoding=\"async\" width=\"1920\" height=\"1281\" src=\"https:\/\/www.cm-evora.pt\/wp-content\/uploads\/2022\/02\/DC1.jpg\" class=\"attachment-full size-full\" alt=\"\" srcset=\"https:\/\/www.cm-evora.pt\/wp-content\/uploads\/2022\/02\/DC1.jpg 1920w, https:\/\/www.cm-evora.pt\/wp-content\/uploads\/2022\/02\/DC1-300x200.jpg 300w, https:\/\/www.cm-evora.pt\/wp-content\/uploads\/2022\/02\/DC1-1024x683.jpg 1024w, https:\/\/www.cm-evora.pt\/wp-content\/uploads\/2022\/02\/DC1-768x512.jpg 768w, https:\/\/www.cm-evora.pt\/wp-content\/uploads\/2022\/02\/DC1-1536x1025.jpg 1536w, https:\/\/www.cm-evora.pt\/wp-content\/uploads\/2022\/02\/DC1-1320x881.jpg 1320w\" sizes=\"auto, (max-width: 1920px) 100vw, 1920px\" \/><\/a>\n\t\t\t<\/dt><\/dl><dl class='gallery-item'>\n\t\t\t<dt class='gallery-icon landscape'>\n\t\t\t\t<a href='https:\/\/www.cm-evora.pt\/wp-content\/uploads\/2022\/02\/dc5.jpg'><img loading=\"lazy\" decoding=\"async\" width=\"1920\" height=\"1253\" src=\"https:\/\/www.cm-evora.pt\/wp-content\/uploads\/2022\/02\/dc5.jpg\" class=\"attachment-full size-full\" alt=\"\" srcset=\"https:\/\/www.cm-evora.pt\/wp-content\/uploads\/2022\/02\/dc5.jpg 1920w, https:\/\/www.cm-evora.pt\/wp-content\/uploads\/2022\/02\/dc5-300x196.jpg 300w, https:\/\/www.cm-evora.pt\/wp-content\/uploads\/2022\/02\/dc5-1024x668.jpg 1024w, https:\/\/www.cm-evora.pt\/wp-content\/uploads\/2022\/02\/dc5-768x501.jpg 768w, https:\/\/www.cm-evora.pt\/wp-content\/uploads\/2022\/02\/dc5-1536x1002.jpg 1536w, https:\/\/www.cm-evora.pt\/wp-content\/uploads\/2022\/02\/dc5-1320x861.jpg 1320w\" sizes=\"auto, (max-width: 1920px) 100vw, 1920px\" \/><\/a>\n\t\t\t<\/dt><\/dl><dl class='gallery-item'>\n\t\t\t<dt class='gallery-icon landscape'>\n\t\t\t\t<a href='https:\/\/www.cm-evora.pt\/wp-content\/uploads\/2022\/02\/dc12.jpg'><img loading=\"lazy\" decoding=\"async\" width=\"1920\" height=\"1281\" src=\"https:\/\/www.cm-evora.pt\/wp-content\/uploads\/2022\/02\/dc12.jpg\" class=\"attachment-full size-full\" alt=\"\" srcset=\"https:\/\/www.cm-evora.pt\/wp-content\/uploads\/2022\/02\/dc12.jpg 1920w, https:\/\/www.cm-evora.pt\/wp-content\/uploads\/2022\/02\/dc12-300x200.jpg 300w, https:\/\/www.cm-evora.pt\/wp-content\/uploads\/2022\/02\/dc12-1024x683.jpg 1024w, https:\/\/www.cm-evora.pt\/wp-content\/uploads\/2022\/02\/dc12-768x512.jpg 768w, https:\/\/www.cm-evora.pt\/wp-content\/uploads\/2022\/02\/dc12-1536x1025.jpg 1536w, https:\/\/www.cm-evora.pt\/wp-content\/uploads\/2022\/02\/dc12-1320x881.jpg 1320w\" sizes=\"auto, (max-width: 1920px) 100vw, 1920px\" \/><\/a>\n\t\t\t<\/dt><\/dl><dl class='gallery-item'>\n\t\t\t<dt class='gallery-icon landscape'>\n\t\t\t\t<a href='https:\/\/www.cm-evora.pt\/wp-content\/uploads\/2022\/02\/p3.jpg'><img loading=\"lazy\" decoding=\"async\" width=\"1920\" height=\"1280\" src=\"https:\/\/www.cm-evora.pt\/wp-content\/uploads\/2022\/02\/p3.jpg\" class=\"attachment-full size-full\" alt=\"\" srcset=\"https:\/\/www.cm-evora.pt\/wp-content\/uploads\/2022\/02\/p3.jpg 1920w, https:\/\/www.cm-evora.pt\/wp-content\/uploads\/2022\/02\/p3-300x200.jpg 300w, https:\/\/www.cm-evora.pt\/wp-content\/uploads\/2022\/02\/p3-1024x683.jpg 1024w, https:\/\/www.cm-evora.pt\/wp-content\/uploads\/2022\/02\/p3-768x512.jpg 768w, https:\/\/www.cm-evora.pt\/wp-content\/uploads\/2022\/02\/p3-1536x1024.jpg 1536w, https:\/\/www.cm-evora.pt\/wp-content\/uploads\/2022\/02\/p3-1320x880.jpg 1320w\" sizes=\"auto, (max-width: 1920px) 100vw, 1920px\" \/><\/a>\n\t\t\t<\/dt><\/dl><br style=\"clear: both\" \/><dl class='gallery-item'>\n\t\t\t<dt class='gallery-icon landscape'>\n\t\t\t\t<a href='https:\/\/www.cm-evora.pt\/wp-content\/uploads\/2022\/02\/qp11.jpg'><img loading=\"lazy\" decoding=\"async\" width=\"1920\" height=\"946\" src=\"https:\/\/www.cm-evora.pt\/wp-content\/uploads\/2022\/02\/qp11.jpg\" class=\"attachment-full size-full\" alt=\"\" srcset=\"https:\/\/www.cm-evora.pt\/wp-content\/uploads\/2022\/02\/qp11.jpg 1920w, https:\/\/www.cm-evora.pt\/wp-content\/uploads\/2022\/02\/qp11-300x148.jpg 300w, https:\/\/www.cm-evora.pt\/wp-content\/uploads\/2022\/02\/qp11-1024x505.jpg 1024w, https:\/\/www.cm-evora.pt\/wp-content\/uploads\/2022\/02\/qp11-768x378.jpg 768w, https:\/\/www.cm-evora.pt\/wp-content\/uploads\/2022\/02\/qp11-1536x757.jpg 1536w, https:\/\/www.cm-evora.pt\/wp-content\/uploads\/2022\/02\/qp11-1320x650.jpg 1320w\" sizes=\"auto, (max-width: 1920px) 100vw, 1920px\" \/><\/a>\n\t\t\t<\/dt><\/dl><dl class='gallery-item'>\n\t\t\t<dt class='gallery-icon landscape'>\n\t\t\t\t<a href='https:\/\/www.cm-evora.pt\/wp-content\/uploads\/2022\/02\/qpd.jpg'><img loading=\"lazy\" decoding=\"async\" width=\"1920\" height=\"1048\" src=\"https:\/\/www.cm-evora.pt\/wp-content\/uploads\/2022\/02\/qpd.jpg\" class=\"attachment-full size-full\" alt=\"\" srcset=\"https:\/\/www.cm-evora.pt\/wp-content\/uploads\/2022\/02\/qpd.jpg 1920w, https:\/\/www.cm-evora.pt\/wp-content\/uploads\/2022\/02\/qpd-300x164.jpg 300w, https:\/\/www.cm-evora.pt\/wp-content\/uploads\/2022\/02\/qpd-1024x559.jpg 1024w, https:\/\/www.cm-evora.pt\/wp-content\/uploads\/2022\/02\/qpd-768x419.jpg 768w, https:\/\/www.cm-evora.pt\/wp-content\/uploads\/2022\/02\/qpd-1536x838.jpg 1536w, https:\/\/www.cm-evora.pt\/wp-content\/uploads\/2022\/02\/qpd-1320x721.jpg 1320w\" sizes=\"auto, (max-width: 1920px) 100vw, 1920px\" \/><\/a>\n\t\t\t<\/dt><\/dl>\n\t\t\t<br style='clear: both' \/>\n\t\t<\/div>\n<\/p>","protected":false},"excerpt":{"rendered":"<p>Sorry, this entry is only available in Portugu\u00eas.Ontem, 24 de fevereiro, come\u00e7aram os festejos de Carnaval em \u00c9vora, com a participa\u00e7\u00e3o de 6 das 18 institui\u00e7\u00f5es que desfilam nas ruas ao longo destes 3 dias de festejos, com muita anima\u00e7\u00e3o e alegria. Ao longo da manh\u00e3, a Escola B\u00e1sica do Rossio e a Creche N.\u00aa [&hellip;]<\/p>\n","protected":false},"author":45,"featured_media":31994,"comment_status":"closed","ping_status":"closed","sticky":false,"template":"","format":"standard","meta":{"_acf_changed":false,"footnotes":""},"categories":[2110],"tags":[],"class_list":["post-31992","post","type-post","status-publish","format-standard","has-post-thumbnail","hentry","category-noticias"],"acf":{"imagens":"","destaq_image":31994,"titulo_docs_seccao":"","documentos":""},"_links":{"self":[{"href":"https:\/\/www.cm-evora.pt\/en\/wp-json\/wp\/v2\/posts\/31992","targetHints":{"allow":["GET"]}}],"collection":[{"href":"https:\/\/www.cm-evora.pt\/en\/wp-json\/wp\/v2\/posts"}],"about":[{"href":"https:\/\/www.cm-evora.pt\/en\/wp-json\/wp\/v2\/types\/post"}],"author":[{"embeddable":true,"href":"https:\/\/www.cm-evora.pt\/en\/wp-json\/wp\/v2\/users\/45"}],"replies":[{"embeddable":true,"href":"https:\/\/www.cm-evora.pt\/en\/wp-json\/wp\/v2\/comments?post=31992"}],"version-history":[{"count":2,"href":"https:\/\/www.cm-evora.pt\/en\/wp-json\/wp\/v2\/posts\/31992\/revisions"}],"predecessor-version":[{"id":32068,"href":"https:\/\/www.cm-evora.pt\/en\/wp-json\/wp\/v2\/posts\/31992\/revisions\/32068"}],"wp:featuredmedia":[{"embeddable":true,"href":"https:\/\/www.cm-evora.pt\/en\/wp-json\/wp\/v2\/media\/31994"}],"wp:attachment":[{"href":"https:\/\/www.cm-evora.pt\/en\/wp-json\/wp\/v2\/media?parent=31992"}],"wp:term":[{"taxonomy":"category","embeddable":true,"href":"https:\/\/www.cm-evora.pt\/en\/wp-json\/wp\/v2\/categories?post=31992"},{"taxonomy":"post_tag","embeddable":true,"href":"https:\/\/www.cm-evora.pt\/en\/wp-json\/wp\/v2\/tags?post=31992"}],"curies":[{"name":"wp","href":"https:\/\/api.w.org\/{rel}","templated":true}]}}