{"id":32184,"date":"2022-03-04T12:47:46","date_gmt":"2022-03-04T12:47:46","guid":{"rendered":"https:\/\/www.cm-evora.pt\/?p=32184"},"modified":"2022-03-04T12:49:36","modified_gmt":"2022-03-04T12:49:36","slug":"mes-da-juventude-arranca-em-evora","status":"publish","type":"post","link":"https:\/\/www.cm-evora.pt\/en\/mes-da-juventude-arranca-em-evora\/","title":{"rendered":"(Portugu\u00eas) M\u00eas da Juventude arranca em \u00c9vora"},"content":{"rendered":"<p class=\"qtranxs-available-languages-message qtranxs-available-languages-message-en\">Sorry, this entry is only available in <a href=\"https:\/\/www.cm-evora.pt\/pt\/wp-json\/wp\/v2\/posts\/32184\" class=\"qtranxs-available-language-link qtranxs-available-language-link-pt\" title=\"Portugu\u00eas\">Portugu\u00eas<\/a>.<\/p><p>A C\u00e2mara Municipal de \u00c9vora, em conjunto com cerca de 40 entidades, associa\u00e7\u00f5es e grupos de jovens do Concelho promove, durante o m\u00eas de mar\u00e7o, o \u201cM\u00eas da Juventude 2022\u201d.<\/p>\n<p>A edi\u00e7\u00e3o deste ano foi apresentada ontem, 3 de mar\u00e7o, no Sal\u00e3o Nobre dos Pa\u00e7os do Concelho. Nesta sess\u00e3o, o vereador Alexandre Varela, a quem est\u00e1 atribu\u00eddo o pelouro da Juventude, entregou o Pr\u00e9mio \u201cImagem Gr\u00e1fica 2022\u201d a Guilherme Lopes, autor do cartaz vencedor. A iniciativa contou com a atua\u00e7\u00e3o do duo de clarinetes formado por Madalena Peixeiro e Beatriz Vila Vi\u00e7osa, alunas do Eborae M\u00fasica.<\/p>\n<p>Ao todo, s\u00e3o perto de uma centena de propostas culturais, desportivas e recreativas que demonstram o dinamismo do movimento associativo juvenil em \u00c9vora.<\/p>\n<p>O programa completo do M\u00eas da Juventude, que decorre at\u00e9 2 de abril, pode ser consultado no site oficial da C\u00e2mara Municipal (<a href=\"https:\/\/www.cm-evora.pt\/eventos\/comemoracoes-mes-da-juventude-marco-2022\/\">https:\/\/www.cm-evora.pt\/eventos\/comemoracoes-mes-da-juventude-marco-2022\/<\/a>).<\/p>\n<p>&nbsp;<\/p>\n\n\t\t<style type=\"text\/css\">\n\t\t\t#gallery-1 {\n\t\t\t\tmargin: auto;\n\t\t\t}\n\t\t\t#gallery-1 .gallery-item {\n\t\t\t\tfloat: left;\n\t\t\t\tmargin-top: 10px;\n\t\t\t\ttext-align: center;\n\t\t\t\twidth: 33%;\n\t\t\t}\n\t\t\t#gallery-1 img {\n\t\t\t\tborder: 2px solid #cfcfcf;\n\t\t\t}\n\t\t\t#gallery-1 .gallery-caption {\n\t\t\t\tmargin-left: 0;\n\t\t\t}\n\t\t\t\/* see gallery_shortcode() in wp-includes\/media.php *\/\n\t\t<\/style>\n\t\t<div id='gallery-1' class='gallery galleryid-32184 gallery-columns-3 gallery-size-full'><dl class='gallery-item'>\n\t\t\t<dt class='gallery-icon portrait'>\n\t\t\t\t<a href='https:\/\/www.cm-evora.pt\/wp-content\/uploads\/2022\/03\/20220303_MesJuventude_03_ME.jpg'><img loading=\"lazy\" decoding=\"async\" width=\"1280\" height=\"1920\" src=\"https:\/\/www.cm-evora.pt\/wp-content\/uploads\/2022\/03\/20220303_MesJuventude_03_ME.jpg\" class=\"attachment-full size-full\" alt=\"\" srcset=\"https:\/\/www.cm-evora.pt\/wp-content\/uploads\/2022\/03\/20220303_MesJuventude_03_ME.jpg 1280w, https:\/\/www.cm-evora.pt\/wp-content\/uploads\/2022\/03\/20220303_MesJuventude_03_ME-200x300.jpg 200w, https:\/\/www.cm-evora.pt\/wp-content\/uploads\/2022\/03\/20220303_MesJuventude_03_ME-683x1024.jpg 683w, https:\/\/www.cm-evora.pt\/wp-content\/uploads\/2022\/03\/20220303_MesJuventude_03_ME-768x1152.jpg 768w, https:\/\/www.cm-evora.pt\/wp-content\/uploads\/2022\/03\/20220303_MesJuventude_03_ME-1024x1536.jpg 1024w\" sizes=\"auto, (max-width: 1280px) 100vw, 1280px\" \/><\/a>\n\t\t\t<\/dt><\/dl><dl class='gallery-item'>\n\t\t\t<dt class='gallery-icon portrait'>\n\t\t\t\t<a href='https:\/\/www.cm-evora.pt\/wp-content\/uploads\/2022\/03\/20220303_MesJuventude_08_ME.jpg'><img loading=\"lazy\" decoding=\"async\" width=\"1280\" height=\"1920\" src=\"https:\/\/www.cm-evora.pt\/wp-content\/uploads\/2022\/03\/20220303_MesJuventude_08_ME.jpg\" class=\"attachment-full size-full\" alt=\"\" srcset=\"https:\/\/www.cm-evora.pt\/wp-content\/uploads\/2022\/03\/20220303_MesJuventude_08_ME.jpg 1280w, https:\/\/www.cm-evora.pt\/wp-content\/uploads\/2022\/03\/20220303_MesJuventude_08_ME-200x300.jpg 200w, https:\/\/www.cm-evora.pt\/wp-content\/uploads\/2022\/03\/20220303_MesJuventude_08_ME-683x1024.jpg 683w, https:\/\/www.cm-evora.pt\/wp-content\/uploads\/2022\/03\/20220303_MesJuventude_08_ME-768x1152.jpg 768w, https:\/\/www.cm-evora.pt\/wp-content\/uploads\/2022\/03\/20220303_MesJuventude_08_ME-1024x1536.jpg 1024w\" sizes=\"auto, (max-width: 1280px) 100vw, 1280px\" \/><\/a>\n\t\t\t<\/dt><\/dl><dl class='gallery-item'>\n\t\t\t<dt class='gallery-icon portrait'>\n\t\t\t\t<a href='https:\/\/www.cm-evora.pt\/wp-content\/uploads\/2022\/03\/20220303_MesJuventude_13_ME.jpg'><img loading=\"lazy\" decoding=\"async\" width=\"1344\" height=\"1920\" src=\"https:\/\/www.cm-evora.pt\/wp-content\/uploads\/2022\/03\/20220303_MesJuventude_13_ME.jpg\" class=\"attachment-full size-full\" alt=\"\" srcset=\"https:\/\/www.cm-evora.pt\/wp-content\/uploads\/2022\/03\/20220303_MesJuventude_13_ME.jpg 1344w, https:\/\/www.cm-evora.pt\/wp-content\/uploads\/2022\/03\/20220303_MesJuventude_13_ME-210x300.jpg 210w, https:\/\/www.cm-evora.pt\/wp-content\/uploads\/2022\/03\/20220303_MesJuventude_13_ME-717x1024.jpg 717w, https:\/\/www.cm-evora.pt\/wp-content\/uploads\/2022\/03\/20220303_MesJuventude_13_ME-768x1097.jpg 768w, https:\/\/www.cm-evora.pt\/wp-content\/uploads\/2022\/03\/20220303_MesJuventude_13_ME-1075x1536.jpg 1075w, https:\/\/www.cm-evora.pt\/wp-content\/uploads\/2022\/03\/20220303_MesJuventude_13_ME-1320x1886.jpg 1320w\" sizes=\"auto, (max-width: 1344px) 100vw, 1344px\" \/><\/a>\n\t\t\t<\/dt><\/dl><br style=\"clear: both\" \/>\n\t\t<\/div>\n\n\n\t\t<style type=\"text\/css\">\n\t\t\t#gallery-2 {\n\t\t\t\tmargin: auto;\n\t\t\t}\n\t\t\t#gallery-2 .gallery-item {\n\t\t\t\tfloat: left;\n\t\t\t\tmargin-top: 10px;\n\t\t\t\ttext-align: center;\n\t\t\t\twidth: 33%;\n\t\t\t}\n\t\t\t#gallery-2 img {\n\t\t\t\tborder: 2px solid #cfcfcf;\n\t\t\t}\n\t\t\t#gallery-2 .gallery-caption {\n\t\t\t\tmargin-left: 0;\n\t\t\t}\n\t\t\t\/* see gallery_shortcode() in wp-includes\/media.php *\/\n\t\t<\/style>\n\t\t<div id='gallery-2' class='gallery galleryid-32184 gallery-columns-3 gallery-size-full'><dl class='gallery-item'>\n\t\t\t<dt class='gallery-icon landscape'>\n\t\t\t\t<a href='https:\/\/www.cm-evora.pt\/wp-content\/uploads\/2022\/03\/20220303_MesJuventude_04_ME.jpg'><img loading=\"lazy\" decoding=\"async\" width=\"1920\" height=\"1167\" src=\"https:\/\/www.cm-evora.pt\/wp-content\/uploads\/2022\/03\/20220303_MesJuventude_04_ME.jpg\" class=\"attachment-full size-full\" alt=\"\" srcset=\"https:\/\/www.cm-evora.pt\/wp-content\/uploads\/2022\/03\/20220303_MesJuventude_04_ME.jpg 1920w, https:\/\/www.cm-evora.pt\/wp-content\/uploads\/2022\/03\/20220303_MesJuventude_04_ME-300x182.jpg 300w, https:\/\/www.cm-evora.pt\/wp-content\/uploads\/2022\/03\/20220303_MesJuventude_04_ME-1024x622.jpg 1024w, https:\/\/www.cm-evora.pt\/wp-content\/uploads\/2022\/03\/20220303_MesJuventude_04_ME-768x467.jpg 768w, https:\/\/www.cm-evora.pt\/wp-content\/uploads\/2022\/03\/20220303_MesJuventude_04_ME-1536x934.jpg 1536w, https:\/\/www.cm-evora.pt\/wp-content\/uploads\/2022\/03\/20220303_MesJuventude_04_ME-1320x802.jpg 1320w, https:\/\/www.cm-evora.pt\/wp-content\/uploads\/2022\/03\/20220303_MesJuventude_04_ME-680x414.jpg 680w\" sizes=\"auto, (max-width: 1920px) 100vw, 1920px\" \/><\/a>\n\t\t\t<\/dt><\/dl><dl class='gallery-item'>\n\t\t\t<dt class='gallery-icon landscape'>\n\t\t\t\t<a href='https:\/\/www.cm-evora.pt\/wp-content\/uploads\/2022\/03\/20220303_MesJuventude_10_ME.jpg'><img loading=\"lazy\" decoding=\"async\" width=\"1920\" height=\"1248\" src=\"https:\/\/www.cm-evora.pt\/wp-content\/uploads\/2022\/03\/20220303_MesJuventude_10_ME.jpg\" class=\"attachment-full size-full\" alt=\"\" srcset=\"https:\/\/www.cm-evora.pt\/wp-content\/uploads\/2022\/03\/20220303_MesJuventude_10_ME.jpg 1920w, https:\/\/www.cm-evora.pt\/wp-content\/uploads\/2022\/03\/20220303_MesJuventude_10_ME-300x195.jpg 300w, https:\/\/www.cm-evora.pt\/wp-content\/uploads\/2022\/03\/20220303_MesJuventude_10_ME-1024x666.jpg 1024w, https:\/\/www.cm-evora.pt\/wp-content\/uploads\/2022\/03\/20220303_MesJuventude_10_ME-768x499.jpg 768w, https:\/\/www.cm-evora.pt\/wp-content\/uploads\/2022\/03\/20220303_MesJuventude_10_ME-1536x998.jpg 1536w, https:\/\/www.cm-evora.pt\/wp-content\/uploads\/2022\/03\/20220303_MesJuventude_10_ME-1320x858.jpg 1320w\" sizes=\"auto, (max-width: 1920px) 100vw, 1920px\" \/><\/a>\n\t\t\t<\/dt><\/dl><dl class='gallery-item'>\n\t\t\t<dt class='gallery-icon landscape'>\n\t\t\t\t<a href='https:\/\/www.cm-evora.pt\/wp-content\/uploads\/2022\/03\/20220303_MesJuventude_05_ME.jpg'><img loading=\"lazy\" decoding=\"async\" width=\"1920\" height=\"1247\" src=\"https:\/\/www.cm-evora.pt\/wp-content\/uploads\/2022\/03\/20220303_MesJuventude_05_ME.jpg\" class=\"attachment-full size-full\" alt=\"\" srcset=\"https:\/\/www.cm-evora.pt\/wp-content\/uploads\/2022\/03\/20220303_MesJuventude_05_ME.jpg 1920w, https:\/\/www.cm-evora.pt\/wp-content\/uploads\/2022\/03\/20220303_MesJuventude_05_ME-300x195.jpg 300w, https:\/\/www.cm-evora.pt\/wp-content\/uploads\/2022\/03\/20220303_MesJuventude_05_ME-1024x665.jpg 1024w, https:\/\/www.cm-evora.pt\/wp-content\/uploads\/2022\/03\/20220303_MesJuventude_05_ME-768x499.jpg 768w, https:\/\/www.cm-evora.pt\/wp-content\/uploads\/2022\/03\/20220303_MesJuventude_05_ME-1536x998.jpg 1536w, https:\/\/www.cm-evora.pt\/wp-content\/uploads\/2022\/03\/20220303_MesJuventude_05_ME-1320x857.jpg 1320w\" sizes=\"auto, (max-width: 1920px) 100vw, 1920px\" \/><\/a>\n\t\t\t<\/dt><\/dl><br style=\"clear: both\" \/>\n\t\t<\/div>\n\n\n\t\t<style type=\"text\/css\">\n\t\t\t#gallery-3 {\n\t\t\t\tmargin: auto;\n\t\t\t}\n\t\t\t#gallery-3 .gallery-item {\n\t\t\t\tfloat: left;\n\t\t\t\tmargin-top: 10px;\n\t\t\t\ttext-align: center;\n\t\t\t\twidth: 33%;\n\t\t\t}\n\t\t\t#gallery-3 img {\n\t\t\t\tborder: 2px solid #cfcfcf;\n\t\t\t}\n\t\t\t#gallery-3 .gallery-caption {\n\t\t\t\tmargin-left: 0;\n\t\t\t}\n\t\t\t\/* see gallery_shortcode() in wp-includes\/media.php *\/\n\t\t<\/style>\n\t\t<div id='gallery-3' class='gallery galleryid-32184 gallery-columns-3 gallery-size-full'><dl class='gallery-item'>\n\t\t\t<dt class='gallery-icon landscape'>\n\t\t\t\t<a href='https:\/\/www.cm-evora.pt\/wp-content\/uploads\/2022\/03\/20220303_MesJuventude_12_ME.jpg'><img loading=\"lazy\" decoding=\"async\" width=\"1920\" height=\"1350\" src=\"https:\/\/www.cm-evora.pt\/wp-content\/uploads\/2022\/03\/20220303_MesJuventude_12_ME.jpg\" class=\"attachment-full size-full\" alt=\"\" srcset=\"https:\/\/www.cm-evora.pt\/wp-content\/uploads\/2022\/03\/20220303_MesJuventude_12_ME.jpg 1920w, https:\/\/www.cm-evora.pt\/wp-content\/uploads\/2022\/03\/20220303_MesJuventude_12_ME-300x211.jpg 300w, https:\/\/www.cm-evora.pt\/wp-content\/uploads\/2022\/03\/20220303_MesJuventude_12_ME-1024x720.jpg 1024w, https:\/\/www.cm-evora.pt\/wp-content\/uploads\/2022\/03\/20220303_MesJuventude_12_ME-768x540.jpg 768w, https:\/\/www.cm-evora.pt\/wp-content\/uploads\/2022\/03\/20220303_MesJuventude_12_ME-1536x1080.jpg 1536w, https:\/\/www.cm-evora.pt\/wp-content\/uploads\/2022\/03\/20220303_MesJuventude_12_ME-1320x928.jpg 1320w\" sizes=\"auto, (max-width: 1920px) 100vw, 1920px\" \/><\/a>\n\t\t\t<\/dt><\/dl><dl class='gallery-item'>\n\t\t\t<dt class='gallery-icon landscape'>\n\t\t\t\t<a href='https:\/\/www.cm-evora.pt\/wp-content\/uploads\/2022\/03\/20220303_MesJuventude_11_ME.jpg'><img loading=\"lazy\" decoding=\"async\" width=\"1920\" height=\"1255\" src=\"https:\/\/www.cm-evora.pt\/wp-content\/uploads\/2022\/03\/20220303_MesJuventude_11_ME.jpg\" class=\"attachment-full size-full\" alt=\"\" srcset=\"https:\/\/www.cm-evora.pt\/wp-content\/uploads\/2022\/03\/20220303_MesJuventude_11_ME.jpg 1920w, https:\/\/www.cm-evora.pt\/wp-content\/uploads\/2022\/03\/20220303_MesJuventude_11_ME-300x196.jpg 300w, https:\/\/www.cm-evora.pt\/wp-content\/uploads\/2022\/03\/20220303_MesJuventude_11_ME-1024x669.jpg 1024w, https:\/\/www.cm-evora.pt\/wp-content\/uploads\/2022\/03\/20220303_MesJuventude_11_ME-768x502.jpg 768w, https:\/\/www.cm-evora.pt\/wp-content\/uploads\/2022\/03\/20220303_MesJuventude_11_ME-1536x1004.jpg 1536w, https:\/\/www.cm-evora.pt\/wp-content\/uploads\/2022\/03\/20220303_MesJuventude_11_ME-1320x863.jpg 1320w\" sizes=\"auto, (max-width: 1920px) 100vw, 1920px\" \/><\/a>\n\t\t\t<\/dt><\/dl><dl class='gallery-item'>\n\t\t\t<dt class='gallery-icon landscape'>\n\t\t\t\t<a href='https:\/\/www.cm-evora.pt\/wp-content\/uploads\/2022\/03\/20220303_MesJuventude_24_ME.jpg'><img loading=\"lazy\" decoding=\"async\" width=\"1920\" height=\"1106\" src=\"https:\/\/www.cm-evora.pt\/wp-content\/uploads\/2022\/03\/20220303_MesJuventude_24_ME.jpg\" class=\"attachment-full size-full\" alt=\"\" srcset=\"https:\/\/www.cm-evora.pt\/wp-content\/uploads\/2022\/03\/20220303_MesJuventude_24_ME.jpg 1920w, https:\/\/www.cm-evora.pt\/wp-content\/uploads\/2022\/03\/20220303_MesJuventude_24_ME-300x173.jpg 300w, https:\/\/www.cm-evora.pt\/wp-content\/uploads\/2022\/03\/20220303_MesJuventude_24_ME-1024x590.jpg 1024w, https:\/\/www.cm-evora.pt\/wp-content\/uploads\/2022\/03\/20220303_MesJuventude_24_ME-768x442.jpg 768w, https:\/\/www.cm-evora.pt\/wp-content\/uploads\/2022\/03\/20220303_MesJuventude_24_ME-1536x885.jpg 1536w, https:\/\/www.cm-evora.pt\/wp-content\/uploads\/2022\/03\/20220303_MesJuventude_24_ME-1320x760.jpg 1320w\" sizes=\"auto, (max-width: 1920px) 100vw, 1920px\" \/><\/a>\n\t\t\t<\/dt><\/dl><br style=\"clear: both\" \/>\n\t\t<\/div>\n\n\n\t\t<style type=\"text\/css\">\n\t\t\t#gallery-4 {\n\t\t\t\tmargin: auto;\n\t\t\t}\n\t\t\t#gallery-4 .gallery-item {\n\t\t\t\tfloat: left;\n\t\t\t\tmargin-top: 10px;\n\t\t\t\ttext-align: center;\n\t\t\t\twidth: 33%;\n\t\t\t}\n\t\t\t#gallery-4 img {\n\t\t\t\tborder: 2px solid #cfcfcf;\n\t\t\t}\n\t\t\t#gallery-4 .gallery-caption {\n\t\t\t\tmargin-left: 0;\n\t\t\t}\n\t\t\t\/* see gallery_shortcode() in wp-includes\/media.php *\/\n\t\t<\/style>\n\t\t<div id='gallery-4' class='gallery galleryid-32184 gallery-columns-3 gallery-size-full'><dl class='gallery-item'>\n\t\t\t<dt class='gallery-icon portrait'>\n\t\t\t\t<a href='https:\/\/www.cm-evora.pt\/wp-content\/uploads\/2022\/03\/20220303_MesJuventude_23_ME.jpg'><img loading=\"lazy\" decoding=\"async\" width=\"1267\" height=\"1920\" src=\"https:\/\/www.cm-evora.pt\/wp-content\/uploads\/2022\/03\/20220303_MesJuventude_23_ME.jpg\" class=\"attachment-full size-full\" alt=\"\" srcset=\"https:\/\/www.cm-evora.pt\/wp-content\/uploads\/2022\/03\/20220303_MesJuventude_23_ME.jpg 1267w, https:\/\/www.cm-evora.pt\/wp-content\/uploads\/2022\/03\/20220303_MesJuventude_23_ME-198x300.jpg 198w, https:\/\/www.cm-evora.pt\/wp-content\/uploads\/2022\/03\/20220303_MesJuventude_23_ME-676x1024.jpg 676w, https:\/\/www.cm-evora.pt\/wp-content\/uploads\/2022\/03\/20220303_MesJuventude_23_ME-768x1164.jpg 768w, https:\/\/www.cm-evora.pt\/wp-content\/uploads\/2022\/03\/20220303_MesJuventude_23_ME-1014x1536.jpg 1014w\" sizes=\"auto, (max-width: 1267px) 100vw, 1267px\" \/><\/a>\n\t\t\t<\/dt><\/dl><dl class='gallery-item'>\n\t\t\t<dt class='gallery-icon portrait'>\n\t\t\t\t<a href='https:\/\/www.cm-evora.pt\/wp-content\/uploads\/2022\/03\/20220303_MesJuventude_22_ME.jpg'><img loading=\"lazy\" decoding=\"async\" width=\"1370\" height=\"1920\" src=\"https:\/\/www.cm-evora.pt\/wp-content\/uploads\/2022\/03\/20220303_MesJuventude_22_ME.jpg\" class=\"attachment-full size-full\" alt=\"\" srcset=\"https:\/\/www.cm-evora.pt\/wp-content\/uploads\/2022\/03\/20220303_MesJuventude_22_ME.jpg 1370w, https:\/\/www.cm-evora.pt\/wp-content\/uploads\/2022\/03\/20220303_MesJuventude_22_ME-214x300.jpg 214w, https:\/\/www.cm-evora.pt\/wp-content\/uploads\/2022\/03\/20220303_MesJuventude_22_ME-731x1024.jpg 731w, https:\/\/www.cm-evora.pt\/wp-content\/uploads\/2022\/03\/20220303_MesJuventude_22_ME-768x1076.jpg 768w, https:\/\/www.cm-evora.pt\/wp-content\/uploads\/2022\/03\/20220303_MesJuventude_22_ME-1096x1536.jpg 1096w, https:\/\/www.cm-evora.pt\/wp-content\/uploads\/2022\/03\/20220303_MesJuventude_22_ME-1320x1850.jpg 1320w\" sizes=\"auto, (max-width: 1370px) 100vw, 1370px\" \/><\/a>\n\t\t\t<\/dt><\/dl><dl class='gallery-item'>\n\t\t\t<dt class='gallery-icon portrait'>\n\t\t\t\t<a href='https:\/\/www.cm-evora.pt\/wp-content\/uploads\/2022\/03\/20220303_MesJuventude_21_ME.jpg'><img loading=\"lazy\" decoding=\"async\" width=\"1308\" height=\"1920\" src=\"https:\/\/www.cm-evora.pt\/wp-content\/uploads\/2022\/03\/20220303_MesJuventude_21_ME.jpg\" class=\"attachment-full size-full\" alt=\"\" srcset=\"https:\/\/www.cm-evora.pt\/wp-content\/uploads\/2022\/03\/20220303_MesJuventude_21_ME.jpg 1308w, https:\/\/www.cm-evora.pt\/wp-content\/uploads\/2022\/03\/20220303_MesJuventude_21_ME-204x300.jpg 204w, https:\/\/www.cm-evora.pt\/wp-content\/uploads\/2022\/03\/20220303_MesJuventude_21_ME-698x1024.jpg 698w, https:\/\/www.cm-evora.pt\/wp-content\/uploads\/2022\/03\/20220303_MesJuventude_21_ME-768x1127.jpg 768w, https:\/\/www.cm-evora.pt\/wp-content\/uploads\/2022\/03\/20220303_MesJuventude_21_ME-1046x1536.jpg 1046w\" sizes=\"auto, (max-width: 1308px) 100vw, 1308px\" \/><\/a>\n\t\t\t<\/dt><\/dl><br style=\"clear: both\" \/><dl class='gallery-item'>\n\t\t\t<dt class='gallery-icon portrait'>\n\t\t\t\t<a href='https:\/\/www.cm-evora.pt\/wp-content\/uploads\/2022\/03\/20220303_MesJuventude_19_ME.jpg'><img loading=\"lazy\" decoding=\"async\" width=\"1321\" height=\"1920\" src=\"https:\/\/www.cm-evora.pt\/wp-content\/uploads\/2022\/03\/20220303_MesJuventude_19_ME.jpg\" class=\"attachment-full size-full\" alt=\"\" srcset=\"https:\/\/www.cm-evora.pt\/wp-content\/uploads\/2022\/03\/20220303_MesJuventude_19_ME.jpg 1321w, https:\/\/www.cm-evora.pt\/wp-content\/uploads\/2022\/03\/20220303_MesJuventude_19_ME-206x300.jpg 206w, https:\/\/www.cm-evora.pt\/wp-content\/uploads\/2022\/03\/20220303_MesJuventude_19_ME-705x1024.jpg 705w, https:\/\/www.cm-evora.pt\/wp-content\/uploads\/2022\/03\/20220303_MesJuventude_19_ME-768x1116.jpg 768w, https:\/\/www.cm-evora.pt\/wp-content\/uploads\/2022\/03\/20220303_MesJuventude_19_ME-1057x1536.jpg 1057w\" sizes=\"auto, (max-width: 1321px) 100vw, 1321px\" \/><\/a>\n\t\t\t<\/dt><\/dl><dl class='gallery-item'>\n\t\t\t<dt class='gallery-icon portrait'>\n\t\t\t\t<a href='https:\/\/www.cm-evora.pt\/wp-content\/uploads\/2022\/03\/20220303_MesJuventude_18_ME.jpg'><img loading=\"lazy\" decoding=\"async\" width=\"935\" height=\"1920\" src=\"https:\/\/www.cm-evora.pt\/wp-content\/uploads\/2022\/03\/20220303_MesJuventude_18_ME.jpg\" class=\"attachment-full size-full\" alt=\"\" srcset=\"https:\/\/www.cm-evora.pt\/wp-content\/uploads\/2022\/03\/20220303_MesJuventude_18_ME.jpg 935w, https:\/\/www.cm-evora.pt\/wp-content\/uploads\/2022\/03\/20220303_MesJuventude_18_ME-146x300.jpg 146w, https:\/\/www.cm-evora.pt\/wp-content\/uploads\/2022\/03\/20220303_MesJuventude_18_ME-499x1024.jpg 499w, https:\/\/www.cm-evora.pt\/wp-content\/uploads\/2022\/03\/20220303_MesJuventude_18_ME-768x1577.jpg 768w, https:\/\/www.cm-evora.pt\/wp-content\/uploads\/2022\/03\/20220303_MesJuventude_18_ME-748x1536.jpg 748w\" sizes=\"auto, (max-width: 935px) 100vw, 935px\" \/><\/a>\n\t\t\t<\/dt><\/dl><dl class='gallery-item'>\n\t\t\t<dt class='gallery-icon portrait'>\n\t\t\t\t<a href='https:\/\/www.cm-evora.pt\/wp-content\/uploads\/2022\/03\/20220303_MesJuventude_17_ME.jpg'><img loading=\"lazy\" decoding=\"async\" width=\"1231\" height=\"1920\" src=\"https:\/\/www.cm-evora.pt\/wp-content\/uploads\/2022\/03\/20220303_MesJuventude_17_ME.jpg\" class=\"attachment-full size-full\" alt=\"\" srcset=\"https:\/\/www.cm-evora.pt\/wp-content\/uploads\/2022\/03\/20220303_MesJuventude_17_ME.jpg 1231w, https:\/\/www.cm-evora.pt\/wp-content\/uploads\/2022\/03\/20220303_MesJuventude_17_ME-192x300.jpg 192w, https:\/\/www.cm-evora.pt\/wp-content\/uploads\/2022\/03\/20220303_MesJuventude_17_ME-657x1024.jpg 657w, https:\/\/www.cm-evora.pt\/wp-content\/uploads\/2022\/03\/20220303_MesJuventude_17_ME-768x1198.jpg 768w, https:\/\/www.cm-evora.pt\/wp-content\/uploads\/2022\/03\/20220303_MesJuventude_17_ME-985x1536.jpg 985w\" sizes=\"auto, (max-width: 1231px) 100vw, 1231px\" \/><\/a>\n\t\t\t<\/dt><\/dl><br style=\"clear: both\" \/><dl class='gallery-item'>\n\t\t\t<dt class='gallery-icon portrait'>\n\t\t\t\t<a href='https:\/\/www.cm-evora.pt\/wp-content\/uploads\/2022\/03\/20220303_MesJuventude_16_ME.jpg'><img loading=\"lazy\" decoding=\"async\" width=\"1224\" height=\"1920\" src=\"https:\/\/www.cm-evora.pt\/wp-content\/uploads\/2022\/03\/20220303_MesJuventude_16_ME.jpg\" class=\"attachment-full size-full\" alt=\"\" srcset=\"https:\/\/www.cm-evora.pt\/wp-content\/uploads\/2022\/03\/20220303_MesJuventude_16_ME.jpg 1224w, https:\/\/www.cm-evora.pt\/wp-content\/uploads\/2022\/03\/20220303_MesJuventude_16_ME-191x300.jpg 191w, https:\/\/www.cm-evora.pt\/wp-content\/uploads\/2022\/03\/20220303_MesJuventude_16_ME-653x1024.jpg 653w, https:\/\/www.cm-evora.pt\/wp-content\/uploads\/2022\/03\/20220303_MesJuventude_16_ME-768x1205.jpg 768w, https:\/\/www.cm-evora.pt\/wp-content\/uploads\/2022\/03\/20220303_MesJuventude_16_ME-979x1536.jpg 979w\" sizes=\"auto, (max-width: 1224px) 100vw, 1224px\" \/><\/a>\n\t\t\t<\/dt><\/dl><dl class='gallery-item'>\n\t\t\t<dt class='gallery-icon portrait'>\n\t\t\t\t<a href='https:\/\/www.cm-evora.pt\/wp-content\/uploads\/2022\/03\/20220303_MesJuventude_15_ME.jpg'><img loading=\"lazy\" decoding=\"async\" width=\"1183\" height=\"1920\" src=\"https:\/\/www.cm-evora.pt\/wp-content\/uploads\/2022\/03\/20220303_MesJuventude_15_ME.jpg\" class=\"attachment-full size-full\" alt=\"\" srcset=\"https:\/\/www.cm-evora.pt\/wp-content\/uploads\/2022\/03\/20220303_MesJuventude_15_ME.jpg 1183w, https:\/\/www.cm-evora.pt\/wp-content\/uploads\/2022\/03\/20220303_MesJuventude_15_ME-185x300.jpg 185w, https:\/\/www.cm-evora.pt\/wp-content\/uploads\/2022\/03\/20220303_MesJuventude_15_ME-631x1024.jpg 631w, https:\/\/www.cm-evora.pt\/wp-content\/uploads\/2022\/03\/20220303_MesJuventude_15_ME-768x1246.jpg 768w, https:\/\/www.cm-evora.pt\/wp-content\/uploads\/2022\/03\/20220303_MesJuventude_15_ME-946x1536.jpg 946w\" sizes=\"auto, (max-width: 1183px) 100vw, 1183px\" \/><\/a>\n\t\t\t<\/dt><\/dl><dl class='gallery-item'>\n\t\t\t<dt class='gallery-icon portrait'>\n\t\t\t\t<a href='https:\/\/www.cm-evora.pt\/wp-content\/uploads\/2022\/03\/20220303_MesJuventude_14_ME.jpg'><img loading=\"lazy\" decoding=\"async\" width=\"1147\" height=\"1920\" src=\"https:\/\/www.cm-evora.pt\/wp-content\/uploads\/2022\/03\/20220303_MesJuventude_14_ME.jpg\" class=\"attachment-full size-full\" alt=\"\" srcset=\"https:\/\/www.cm-evora.pt\/wp-content\/uploads\/2022\/03\/20220303_MesJuventude_14_ME.jpg 1147w, https:\/\/www.cm-evora.pt\/wp-content\/uploads\/2022\/03\/20220303_MesJuventude_14_ME-179x300.jpg 179w, https:\/\/www.cm-evora.pt\/wp-content\/uploads\/2022\/03\/20220303_MesJuventude_14_ME-612x1024.jpg 612w, https:\/\/www.cm-evora.pt\/wp-content\/uploads\/2022\/03\/20220303_MesJuventude_14_ME-768x1286.jpg 768w, https:\/\/www.cm-evora.pt\/wp-content\/uploads\/2022\/03\/20220303_MesJuventude_14_ME-918x1536.jpg 918w\" sizes=\"auto, (max-width: 1147px) 100vw, 1147px\" \/><\/a>\n\t\t\t<\/dt><\/dl><br style=\"clear: both\" \/>\n\t\t<\/div>\n\n<p>\n\t\t<style type=\"text\/css\">\n\t\t\t#gallery-5 {\n\t\t\t\tmargin: auto;\n\t\t\t}\n\t\t\t#gallery-5 .gallery-item {\n\t\t\t\tfloat: left;\n\t\t\t\tmargin-top: 10px;\n\t\t\t\ttext-align: center;\n\t\t\t\twidth: 33%;\n\t\t\t}\n\t\t\t#gallery-5 img {\n\t\t\t\tborder: 2px solid #cfcfcf;\n\t\t\t}\n\t\t\t#gallery-5 .gallery-caption {\n\t\t\t\tmargin-left: 0;\n\t\t\t}\n\t\t\t\/* see gallery_shortcode() in wp-includes\/media.php *\/\n\t\t<\/style>\n\t\t<div id='gallery-5' class='gallery galleryid-32184 gallery-columns-3 gallery-size-full'><dl class='gallery-item'>\n\t\t\t<dt class='gallery-icon portrait'>\n\t\t\t\t<a href='https:\/\/www.cm-evora.pt\/wp-content\/uploads\/2022\/03\/20220303_MesJuventude_20_ME.jpg'><img loading=\"lazy\" decoding=\"async\" width=\"1332\" height=\"1920\" src=\"https:\/\/www.cm-evora.pt\/wp-content\/uploads\/2022\/03\/20220303_MesJuventude_20_ME.jpg\" class=\"attachment-full size-full\" alt=\"\" srcset=\"https:\/\/www.cm-evora.pt\/wp-content\/uploads\/2022\/03\/20220303_MesJuventude_20_ME.jpg 1332w, https:\/\/www.cm-evora.pt\/wp-content\/uploads\/2022\/03\/20220303_MesJuventude_20_ME-208x300.jpg 208w, https:\/\/www.cm-evora.pt\/wp-content\/uploads\/2022\/03\/20220303_MesJuventude_20_ME-710x1024.jpg 710w, https:\/\/www.cm-evora.pt\/wp-content\/uploads\/2022\/03\/20220303_MesJuventude_20_ME-768x1107.jpg 768w, https:\/\/www.cm-evora.pt\/wp-content\/uploads\/2022\/03\/20220303_MesJuventude_20_ME-1066x1536.jpg 1066w, https:\/\/www.cm-evora.pt\/wp-content\/uploads\/2022\/03\/20220303_MesJuventude_20_ME-1320x1903.jpg 1320w\" sizes=\"auto, (max-width: 1332px) 100vw, 1332px\" \/><\/a>\n\t\t\t<\/dt><\/dl><dl class='gallery-item'>\n\t\t\t<dt class='gallery-icon portrait'>\n\t\t\t\t<a href='https:\/\/www.cm-evora.pt\/wp-content\/uploads\/2022\/03\/20220303_MesJuventude_25_ME.jpg'><img loading=\"lazy\" decoding=\"async\" width=\"1227\" height=\"1920\" src=\"https:\/\/www.cm-evora.pt\/wp-content\/uploads\/2022\/03\/20220303_MesJuventude_25_ME.jpg\" class=\"attachment-full size-full\" alt=\"\" srcset=\"https:\/\/www.cm-evora.pt\/wp-content\/uploads\/2022\/03\/20220303_MesJuventude_25_ME.jpg 1227w, https:\/\/www.cm-evora.pt\/wp-content\/uploads\/2022\/03\/20220303_MesJuventude_25_ME-192x300.jpg 192w, https:\/\/www.cm-evora.pt\/wp-content\/uploads\/2022\/03\/20220303_MesJuventude_25_ME-654x1024.jpg 654w, https:\/\/www.cm-evora.pt\/wp-content\/uploads\/2022\/03\/20220303_MesJuventude_25_ME-768x1202.jpg 768w, https:\/\/www.cm-evora.pt\/wp-content\/uploads\/2022\/03\/20220303_MesJuventude_25_ME-982x1536.jpg 982w\" sizes=\"auto, (max-width: 1227px) 100vw, 1227px\" \/><\/a>\n\t\t\t<\/dt><\/dl>\n\t\t\t<br style='clear: both' \/>\n\t\t<\/div>\n<\/p>","protected":false},"excerpt":{"rendered":"<p>Sorry, this entry is only available in Portugu\u00eas.A C\u00e2mara Municipal de \u00c9vora, em conjunto com cerca de 40 entidades, associa\u00e7\u00f5es e grupos de jovens do Concelho promove, durante o m\u00eas de mar\u00e7o, o \u201cM\u00eas da Juventude 2022\u201d. A edi\u00e7\u00e3o deste ano foi apresentada ontem, 3 de mar\u00e7o, no Sal\u00e3o Nobre dos Pa\u00e7os do Concelho. Nesta [&hellip;]<\/p>\n","protected":false},"author":59,"featured_media":32191,"comment_status":"closed","ping_status":"closed","sticky":false,"template":"","format":"standard","meta":{"_acf_changed":false,"footnotes":""},"categories":[2110],"tags":[],"class_list":["post-32184","post","type-post","status-publish","format-standard","has-post-thumbnail","hentry","category-noticias"],"acf":{"imagens":"","destaq_image":32209,"titulo_docs_seccao":"","documentos":""},"_links":{"self":[{"href":"https:\/\/www.cm-evora.pt\/en\/wp-json\/wp\/v2\/posts\/32184","targetHints":{"allow":["GET"]}}],"collection":[{"href":"https:\/\/www.cm-evora.pt\/en\/wp-json\/wp\/v2\/posts"}],"about":[{"href":"https:\/\/www.cm-evora.pt\/en\/wp-json\/wp\/v2\/types\/post"}],"author":[{"embeddable":true,"href":"https:\/\/www.cm-evora.pt\/en\/wp-json\/wp\/v2\/users\/59"}],"replies":[{"embeddable":true,"href":"https:\/\/www.cm-evora.pt\/en\/wp-json\/wp\/v2\/comments?post=32184"}],"version-history":[{"count":2,"href":"https:\/\/www.cm-evora.pt\/en\/wp-json\/wp\/v2\/posts\/32184\/revisions"}],"predecessor-version":[{"id":32211,"href":"https:\/\/www.cm-evora.pt\/en\/wp-json\/wp\/v2\/posts\/32184\/revisions\/32211"}],"wp:featuredmedia":[{"embeddable":true,"href":"https:\/\/www.cm-evora.pt\/en\/wp-json\/wp\/v2\/media\/32191"}],"wp:attachment":[{"href":"https:\/\/www.cm-evora.pt\/en\/wp-json\/wp\/v2\/media?parent=32184"}],"wp:term":[{"taxonomy":"category","embeddable":true,"href":"https:\/\/www.cm-evora.pt\/en\/wp-json\/wp\/v2\/categories?post=32184"},{"taxonomy":"post_tag","embeddable":true,"href":"https:\/\/www.cm-evora.pt\/en\/wp-json\/wp\/v2\/tags?post=32184"}],"curies":[{"name":"wp","href":"https:\/\/api.w.org\/{rel}","templated":true}]}}