{"id":32596,"date":"2022-03-15T10:48:56","date_gmt":"2022-03-15T10:48:56","guid":{"rendered":"https:\/\/www.cm-evora.pt\/?p=32596"},"modified":"2022-04-14T11:24:45","modified_gmt":"2022-04-14T10:24:45","slug":"feira-do-livro-regressa-a-evora-de-16-a-25-de-abril","status":"publish","type":"post","link":"https:\/\/www.cm-evora.pt\/en\/feira-do-livro-regressa-a-evora-de-16-a-25-de-abril\/","title":{"rendered":"(Portugu\u00eas) Feira do Livro regressa a \u00c9vora de 16 a 25 de abril"},"content":{"rendered":"<p class=\"qtranxs-available-languages-message qtranxs-available-languages-message-en\">Sorry, this entry is only available in <a href=\"https:\/\/www.cm-evora.pt\/pt\/wp-json\/wp\/v2\/posts\/32596\" class=\"qtranxs-available-language-link qtranxs-available-language-link-pt\" title=\"Portugu\u00eas\">Portugu\u00eas<\/a>.<\/p><p><strong>O Largo do Conde de Vila Flor, na envolvente ao Templo Romano, \u00e9 o local escolhido para o regresso da Feira do Livro de \u00c9vora. O evento realiza-se de 16 a 25 de abril, numa organiza\u00e7\u00e3o da C\u00e2mara Municipal em parceria com a Biblioteca P\u00fablica de \u00c9vora. Este ano, participam 12 livrarias de \u00c9vora e de outros pontos do pa\u00eds, para al\u00e9m de um conjunto alargado de parceiros. <\/strong><\/p>\n<p>Das atividades previstas, destacam-se a presen\u00e7a do escritor Alberto Manguel, no \u00faltimo dia da Feira, assim como sess\u00f5es tem\u00e1ticas sobre escritores, entre os quais Jos\u00e9 Saramago ou os eborenses Antunes da Silva e Manuel Gusm\u00e3o.<\/p>\n<p>Ap\u00f3s dois anos de interregno, devido \u00e0 pandemia, a iniciativa mant\u00e9m o seu foco. Centra-se na promo\u00e7\u00e3o do livro e da leitura e prop\u00f5e apresenta\u00e7\u00f5es de obras com a presen\u00e7a dos autores, exposi\u00e7\u00f5es, leituras encenadas, uma maratona de leitura, sess\u00f5es de hist\u00f3rias e de poesia, oficinas de ilustra\u00e7\u00e3o e de escrita, confer\u00eancias, conversas, visitas guiadas e momentos de anima\u00e7\u00e3o musical e teatral, estes inspirados na literatura.<\/p>\n<p>De entre as livrarias participantes, temos as eborenses Alfarrabista Oliveira, Fonte de Letras, Ler com Prazer, Licorne e Nazareth. Tamb\u00e9m recebemos a Bedeteca de Beja, Bertrand, Cabe\u00e7udos (Castelo de Vide), FNAC, Gatafunho (Lisboa), Livros da Ria Formosa (Tavira) e Traga-Mundos (Bragan\u00e7a).<\/p>\n<p>Entre os parceiros institucionais est\u00e3o, entre outros, a Comiss\u00e3o de Coordena\u00e7\u00e3o da Regi\u00e3o Alentejo, a Dire\u00e7\u00e3o Regional de Cultura do Alentejo, a Funda\u00e7\u00e3o Eug\u00e9nio de Almeida e o Museu Nacional Frei Manuel do Cen\u00e1culo. O Arquivo Distrital de \u00c9vora e a Associa\u00e7\u00e3o \u00c9 Neste Pa\u00eds s\u00e3o ainda alguns dos restantes parceiros.<\/p>\n<p>O programa da Feira do Livro estar\u00e1 dispon\u00edvel em breve em <a href=\"https:\/\/www.cm-evora.pt\/eventos\/feira-do-livro-2022\/\" target=\"_blank\" rel=\"noopener\">https:\/\/www.cm-evora.pt\/eventos\/feira-do-livro-2022\/<\/a>.<\/p>","protected":false},"excerpt":{"rendered":"<p>Sorry, this entry is only available in Portugu\u00eas.O Largo do Conde de Vila Flor, na envolvente ao Templo Romano, \u00e9 o local escolhido para o regresso da Feira do Livro de \u00c9vora. O evento realiza-se de 16 a 25 de abril, numa organiza\u00e7\u00e3o da C\u00e2mara Municipal em parceria com a Biblioteca P\u00fablica de \u00c9vora. Este [&hellip;]<\/p>\n","protected":false},"author":58,"featured_media":32597,"comment_status":"closed","ping_status":"closed","sticky":false,"template":"","format":"standard","meta":{"_acf_changed":false,"footnotes":""},"categories":[2110],"tags":[],"class_list":["post-32596","post","type-post","status-publish","format-standard","has-post-thumbnail","hentry","category-noticias"],"acf":{"imagens":"","destaq_image":32597,"titulo_docs_seccao":"","documentos":""},"_links":{"self":[{"href":"https:\/\/www.cm-evora.pt\/en\/wp-json\/wp\/v2\/posts\/32596","targetHints":{"allow":["GET"]}}],"collection":[{"href":"https:\/\/www.cm-evora.pt\/en\/wp-json\/wp\/v2\/posts"}],"about":[{"href":"https:\/\/www.cm-evora.pt\/en\/wp-json\/wp\/v2\/types\/post"}],"author":[{"embeddable":true,"href":"https:\/\/www.cm-evora.pt\/en\/wp-json\/wp\/v2\/users\/58"}],"replies":[{"embeddable":true,"href":"https:\/\/www.cm-evora.pt\/en\/wp-json\/wp\/v2\/comments?post=32596"}],"version-history":[{"count":4,"href":"https:\/\/www.cm-evora.pt\/en\/wp-json\/wp\/v2\/posts\/32596\/revisions"}],"predecessor-version":[{"id":33857,"href":"https:\/\/www.cm-evora.pt\/en\/wp-json\/wp\/v2\/posts\/32596\/revisions\/33857"}],"wp:featuredmedia":[{"embeddable":true,"href":"https:\/\/www.cm-evora.pt\/en\/wp-json\/wp\/v2\/media\/32597"}],"wp:attachment":[{"href":"https:\/\/www.cm-evora.pt\/en\/wp-json\/wp\/v2\/media?parent=32596"}],"wp:term":[{"taxonomy":"category","embeddable":true,"href":"https:\/\/www.cm-evora.pt\/en\/wp-json\/wp\/v2\/categories?post=32596"},{"taxonomy":"post_tag","embeddable":true,"href":"https:\/\/www.cm-evora.pt\/en\/wp-json\/wp\/v2\/tags?post=32596"}],"curies":[{"name":"wp","href":"https:\/\/api.w.org\/{rel}","templated":true}]}}