{"id":32782,"date":"2022-03-21T10:11:40","date_gmt":"2022-03-21T10:11:40","guid":{"rendered":"https:\/\/www.cm-evora.pt\/?p=32782"},"modified":"2022-03-21T10:11:40","modified_gmt":"2022-03-21T10:11:40","slug":"camara-de-evora-reune-no-dia-23-de-marco","status":"publish","type":"post","link":"https:\/\/www.cm-evora.pt\/en\/camara-de-evora-reune-no-dia-23-de-marco\/","title":{"rendered":"(Portugu\u00eas) C\u00e2mara de \u00c9vora re\u00fane no dia 23 de mar\u00e7o"},"content":{"rendered":"<p class=\"qtranxs-available-languages-message qtranxs-available-languages-message-en\">Sorry, this entry is only available in <a href=\"https:\/\/www.cm-evora.pt\/pt\/wp-json\/wp\/v2\/posts\/32782\" class=\"qtranxs-available-language-link qtranxs-available-language-link-pt\" title=\"Portugu\u00eas\">Portugu\u00eas<\/a>.<\/p><p><strong>A C\u00e2mara Municipal de \u00c9vora realiza a sua reuni\u00e3o p\u00fablica na pr\u00f3xima quarta-feira (23 de mar\u00e7o), a partir das 15 horas, no Sal\u00e3o Nobre dos Pa\u00e7os do Concelho. Veja a ordem de trabalhos completa em <a href=\"https:\/\/bit.ly\/3N9W50s\">https:\/\/bit.ly\/3N9W50s<\/a><\/strong><\/p>\n<p>\n\t\t<style type=\"text\/css\">\n\t\t\t#gallery-1 {\n\t\t\t\tmargin: auto;\n\t\t\t}\n\t\t\t#gallery-1 .gallery-item {\n\t\t\t\tfloat: left;\n\t\t\t\tmargin-top: 10px;\n\t\t\t\ttext-align: center;\n\t\t\t\twidth: 100%;\n\t\t\t}\n\t\t\t#gallery-1 img {\n\t\t\t\tborder: 2px solid #cfcfcf;\n\t\t\t}\n\t\t\t#gallery-1 .gallery-caption {\n\t\t\t\tmargin-left: 0;\n\t\t\t}\n\t\t\t\/* see gallery_shortcode() in wp-includes\/media.php *\/\n\t\t<\/style>\n\t\t<div id='gallery-1' class='gallery galleryid-32782 gallery-columns-1 gallery-size-full'><dl class='gallery-item'>\n\t\t\t<dt class='gallery-icon landscape'>\n\t\t\t\t<a href='https:\/\/www.cm-evora.pt\/wp-content\/uploads\/2022\/03\/2022-03-23-RPCAvisopreviofoto.jpg'><img loading=\"lazy\" decoding=\"async\" width=\"1920\" height=\"1382\" src=\"https:\/\/www.cm-evora.pt\/wp-content\/uploads\/2022\/03\/2022-03-23-RPCAvisopreviofoto.jpg\" class=\"attachment-full size-full\" alt=\"\" srcset=\"https:\/\/www.cm-evora.pt\/wp-content\/uploads\/2022\/03\/2022-03-23-RPCAvisopreviofoto.jpg 1920w, https:\/\/www.cm-evora.pt\/wp-content\/uploads\/2022\/03\/2022-03-23-RPCAvisopreviofoto-300x216.jpg 300w, https:\/\/www.cm-evora.pt\/wp-content\/uploads\/2022\/03\/2022-03-23-RPCAvisopreviofoto-1024x737.jpg 1024w, https:\/\/www.cm-evora.pt\/wp-content\/uploads\/2022\/03\/2022-03-23-RPCAvisopreviofoto-768x553.jpg 768w, https:\/\/www.cm-evora.pt\/wp-content\/uploads\/2022\/03\/2022-03-23-RPCAvisopreviofoto-1536x1106.jpg 1536w, https:\/\/www.cm-evora.pt\/wp-content\/uploads\/2022\/03\/2022-03-23-RPCAvisopreviofoto-1320x950.jpg 1320w\" sizes=\"auto, (max-width: 1920px) 100vw, 1920px\" \/><\/a>\n\t\t\t<\/dt><\/dl><br style=\"clear: both\" \/>\n\t\t<\/div>\n<\/p>","protected":false},"excerpt":{"rendered":"<p>Sorry, this entry is only available in Portugu\u00eas.A C\u00e2mara Municipal de \u00c9vora realiza a sua reuni\u00e3o p\u00fablica na pr\u00f3xima quarta-feira (23 de mar\u00e7o), a partir das 15 horas, no Sal\u00e3o Nobre dos Pa\u00e7os do Concelho. Veja a ordem de trabalhos completa em https:\/\/bit.ly\/3N9W50s<\/p>\n","protected":false},"author":57,"featured_media":32785,"comment_status":"closed","ping_status":"closed","sticky":false,"template":"","format":"standard","meta":{"_acf_changed":false,"footnotes":""},"categories":[2110],"tags":[],"class_list":["post-32782","post","type-post","status-publish","format-standard","has-post-thumbnail","hentry","category-noticias"],"acf":{"imagens":"","destaq_image":32785,"titulo_docs_seccao":"","documentos":""},"_links":{"self":[{"href":"https:\/\/www.cm-evora.pt\/en\/wp-json\/wp\/v2\/posts\/32782","targetHints":{"allow":["GET"]}}],"collection":[{"href":"https:\/\/www.cm-evora.pt\/en\/wp-json\/wp\/v2\/posts"}],"about":[{"href":"https:\/\/www.cm-evora.pt\/en\/wp-json\/wp\/v2\/types\/post"}],"author":[{"embeddable":true,"href":"https:\/\/www.cm-evora.pt\/en\/wp-json\/wp\/v2\/users\/57"}],"replies":[{"embeddable":true,"href":"https:\/\/www.cm-evora.pt\/en\/wp-json\/wp\/v2\/comments?post=32782"}],"version-history":[{"count":1,"href":"https:\/\/www.cm-evora.pt\/en\/wp-json\/wp\/v2\/posts\/32782\/revisions"}],"predecessor-version":[{"id":32786,"href":"https:\/\/www.cm-evora.pt\/en\/wp-json\/wp\/v2\/posts\/32782\/revisions\/32786"}],"wp:featuredmedia":[{"embeddable":true,"href":"https:\/\/www.cm-evora.pt\/en\/wp-json\/wp\/v2\/media\/32785"}],"wp:attachment":[{"href":"https:\/\/www.cm-evora.pt\/en\/wp-json\/wp\/v2\/media?parent=32782"}],"wp:term":[{"taxonomy":"category","embeddable":true,"href":"https:\/\/www.cm-evora.pt\/en\/wp-json\/wp\/v2\/categories?post=32782"},{"taxonomy":"post_tag","embeddable":true,"href":"https:\/\/www.cm-evora.pt\/en\/wp-json\/wp\/v2\/tags?post=32782"}],"curies":[{"name":"wp","href":"https:\/\/api.w.org\/{rel}","templated":true}]}}