{"id":3280,"date":"2020-03-07T17:30:32","date_gmt":"2020-03-07T17:30:32","guid":{"rendered":"https:\/\/evora2.int.skilltech.pt\/susProjects\/wp_evora2_suite\/?p=3280"},"modified":"2021-07-05T12:00:53","modified_gmt":"2021-07-05T11:00:53","slug":"lenna-bahule-no-2o-dia-do-artistica-festival","status":"publish","type":"post","link":"https:\/\/www.cm-evora.pt\/en\/lenna-bahule-no-2o-dia-do-artistica-festival\/","title":{"rendered":"(Portugu\u00eas) Lenna Bahule no 2\u00ba dia do Art\u00edstica Festival"},"content":{"rendered":"<p class=\"qtranxs-available-languages-message qtranxs-available-languages-message-en\">Sorry, this entry is only available in <a href=\"https:\/\/www.cm-evora.pt\/pt\/wp-json\/wp\/v2\/posts\/3280\" class=\"qtranxs-available-language-link qtranxs-available-language-link-pt\" title=\"Portugu\u00eas\">Portugu\u00eas<\/a>.<\/p><p>O 2\u00ba dia do Art\u00edstica Festival terminou, no Audit\u00f3rio Mateus D&#8217;Aranha, com o concerto de Lenna Bahule, artista mo\u00e7ambicana que atuou pela 1\u00aa vez em Portugal, e com T\u00f3 Z\u00e9, como convidado.<\/p>\n<p>O Festival continua hoje com a inaugura\u00e7\u00e3o da instala\u00e7\u00e3o &#8220;Eu, Elas, N\u00f3s&#8221; da artista de artes visuais Anabela Calatroia pelas 17h00 e o showcase &#8220;O lado de dentro&#8221;, de Joana Ricardo e Mariana Correia, pelas 19h00, na Igreja de S. Vicente. Ao in\u00edcio da noite, no Audit\u00f3rio Mateus D&#8217;Aranda (Rua do Raimundo) decorrer\u00e1 a atua\u00e7\u00e3o de Bia Ferreira, artista do Brasil, pelas 21h30. O dia termina com o concerto de Momma T, de Portugal, a partir das 23h00.<\/p>","protected":false},"excerpt":{"rendered":"<p>Sorry, this entry is only available in Portugu\u00eas.O 2\u00ba dia do Art\u00edstica Festival terminou, no Audit\u00f3rio Mateus D&#8217;Aranha, com o concerto de Lenna Bahule, artista mo\u00e7ambicana que atuou pela 1\u00aa vez em Portugal, e com T\u00f3 Z\u00e9, como convidado. O Festival continua hoje com a inaugura\u00e7\u00e3o da instala\u00e7\u00e3o &#8220;Eu, Elas, N\u00f3s&#8221; da artista de artes [&hellip;]<\/p>\n","protected":false},"author":1,"featured_media":3281,"comment_status":"closed","ping_status":"closed","sticky":false,"template":"","format":"standard","meta":{"_acf_changed":false,"footnotes":""},"categories":[2110],"tags":[],"class_list":["post-3280","post","type-post","status-publish","format-standard","has-post-thumbnail","hentry","category-noticias"],"acf":{"imagens":[3281,3282,3283,3284,3285,3286,3287],"destaq_image":3281,"titulo_docs_seccao":"","documentos":""},"_links":{"self":[{"href":"https:\/\/www.cm-evora.pt\/en\/wp-json\/wp\/v2\/posts\/3280","targetHints":{"allow":["GET"]}}],"collection":[{"href":"https:\/\/www.cm-evora.pt\/en\/wp-json\/wp\/v2\/posts"}],"about":[{"href":"https:\/\/www.cm-evora.pt\/en\/wp-json\/wp\/v2\/types\/post"}],"author":[{"embeddable":true,"href":"https:\/\/www.cm-evora.pt\/en\/wp-json\/wp\/v2\/users\/1"}],"replies":[{"embeddable":true,"href":"https:\/\/www.cm-evora.pt\/en\/wp-json\/wp\/v2\/comments?post=3280"}],"version-history":[{"count":1,"href":"https:\/\/www.cm-evora.pt\/en\/wp-json\/wp\/v2\/posts\/3280\/revisions"}],"predecessor-version":[{"id":3288,"href":"https:\/\/www.cm-evora.pt\/en\/wp-json\/wp\/v2\/posts\/3280\/revisions\/3288"}],"acf:attachment":[{"embeddable":true,"href":"https:\/\/www.cm-evora.pt\/en\/wp-json\/wp\/v2\/media\/3287"},{"embeddable":true,"href":"https:\/\/www.cm-evora.pt\/en\/wp-json\/wp\/v2\/media\/3286"},{"embeddable":true,"href":"https:\/\/www.cm-evora.pt\/en\/wp-json\/wp\/v2\/media\/3285"},{"embeddable":true,"href":"https:\/\/www.cm-evora.pt\/en\/wp-json\/wp\/v2\/media\/3284"},{"embeddable":true,"href":"https:\/\/www.cm-evora.pt\/en\/wp-json\/wp\/v2\/media\/3283"},{"embeddable":true,"href":"https:\/\/www.cm-evora.pt\/en\/wp-json\/wp\/v2\/media\/3282"},{"embeddable":true,"href":"https:\/\/www.cm-evora.pt\/en\/wp-json\/wp\/v2\/media\/3281"}],"wp:featuredmedia":[{"embeddable":true,"href":"https:\/\/www.cm-evora.pt\/en\/wp-json\/wp\/v2\/media\/3281"}],"wp:attachment":[{"href":"https:\/\/www.cm-evora.pt\/en\/wp-json\/wp\/v2\/media?parent=3280"}],"wp:term":[{"taxonomy":"category","embeddable":true,"href":"https:\/\/www.cm-evora.pt\/en\/wp-json\/wp\/v2\/categories?post=3280"},{"taxonomy":"post_tag","embeddable":true,"href":"https:\/\/www.cm-evora.pt\/en\/wp-json\/wp\/v2\/tags?post=3280"}],"curies":[{"name":"wp","href":"https:\/\/api.w.org\/{rel}","templated":true}]}}