{"id":33522,"date":"2022-04-06T11:21:17","date_gmt":"2022-04-06T10:21:17","guid":{"rendered":"https:\/\/www.cm-evora.pt\/?p=33522"},"modified":"2022-04-06T11:24:08","modified_gmt":"2022-04-06T10:24:08","slug":"forum-reuniu-em-evora-empresarios-de-todo-o-alentejo","status":"publish","type":"post","link":"https:\/\/www.cm-evora.pt\/en\/forum-reuniu-em-evora-empresarios-de-todo-o-alentejo\/","title":{"rendered":"(Portugu\u00eas) F\u00f3rum reuniu em \u00c9vora empres\u00e1rios de todo o Alentejo"},"content":{"rendered":"<p class=\"qtranxs-available-languages-message qtranxs-available-languages-message-en\">Sorry, this entry is only available in <a href=\"https:\/\/www.cm-evora.pt\/pt\/wp-json\/wp\/v2\/posts\/33522\" class=\"qtranxs-available-language-link qtranxs-available-language-link-pt\" title=\"Portugu\u00eas\">Portugu\u00eas<\/a>.<\/p><p><strong>Com organiza\u00e7\u00e3o do NERE \u2013 N\u00facleo Empresarial da Regi\u00e3o de \u00c9vora, com a colabora\u00e7\u00e3o do NERB (Beja) e do NERPOR (Portalegre), teve lugar no passado dia 5 de abril, nas instala\u00e7\u00f5es daquela associa\u00e7\u00e3o, o F\u00f3rum Empresarial do Alentejo. A C\u00e2mara Municipal de \u00c9vora esteve representada pelo seu Presidente, Carlos Pinto de S\u00e1, que participou na cerim\u00f3nia oficial de inaugura\u00e7\u00e3o da \u201cIncubadora e Aceleradora FIND.e\u201d.<\/strong><\/p>\n<p>O programa incluiu a assinatura de diversos protocolos de parceria para apoio \u00e0s Pequenas e M\u00e9dias Empresas, refor\u00e7o das parcerias nacionais e internacionais no \u00e2mbito do projeto Alentejo Export 2.0 e ainda a realiza\u00e7\u00e3o de diversas mesas redondas tem\u00e1ticas. O encontro encerrou com um debate sobre \u201cA economia portuguesa no horizonte 2030: principais desafios e oportunidades\u201d, que contou com a presen\u00e7a de Ant\u00f3nio Saraiva, Presidente da CIP \u2013 Confedera\u00e7\u00e3o Empresarial de Portugal.<\/p>\n<p>O Presidente da C\u00e2mara Municipal de \u00c9vora saudou o NERE pela iniciativa. Na interven\u00e7\u00e3o que proferiu, Carlos Pinto de S\u00e1, a prop\u00f3sito da inaugura\u00e7\u00e3o da nova incubadora e aceleradora do NERE, referiu-se ao papel determinante que as incubadoras de empresas, quatro em \u00c9vora, t\u00eam vindo a assumir nos \u00faltimos oito anos, com efeitos substanciais ao n\u00edvel da cria\u00e7\u00e3o de novos postos de trabalho. A aceleradora do centro de neg\u00f3cios do NERE acolhe j\u00e1 cinco dezenas de empresas em funcionamento presencial, e outras tr\u00eas dezenas em liga\u00e7\u00e3o remota.<\/p>\n<p>O Presidente da C\u00e2mara de \u00c9vora referiu-se ainda \u00e0 import\u00e2ncia de investir em pol\u00edticas integradas que promovam a diversidade e reafirmou a disponibilidade do Munic\u00edpio para continuar a trabalhar com as empresas num quadro de coopera\u00e7\u00e3o institucional que promova o progresso e desenvolvimento da regi\u00e3o.<\/p>\n<p>\n\t\t<style type=\"text\/css\">\n\t\t\t#gallery-1 {\n\t\t\t\tmargin: auto;\n\t\t\t}\n\t\t\t#gallery-1 .gallery-item {\n\t\t\t\tfloat: left;\n\t\t\t\tmargin-top: 10px;\n\t\t\t\ttext-align: center;\n\t\t\t\twidth: 33%;\n\t\t\t}\n\t\t\t#gallery-1 img {\n\t\t\t\tborder: 2px solid #cfcfcf;\n\t\t\t}\n\t\t\t#gallery-1 .gallery-caption {\n\t\t\t\tmargin-left: 0;\n\t\t\t}\n\t\t\t\/* see gallery_shortcode() in wp-includes\/media.php *\/\n\t\t<\/style>\n\t\t<div id='gallery-1' class='gallery galleryid-33522 gallery-columns-3 gallery-size-full'><dl class='gallery-item'>\n\t\t\t<dt class='gallery-icon landscape'>\n\t\t\t\t<a href='https:\/\/www.cm-evora.pt\/wp-content\/uploads\/2022\/04\/2022_04_05_Forum-Empresarial-Alentejo-HO-6.jpg'><img loading=\"lazy\" decoding=\"async\" width=\"1920\" height=\"1351\" src=\"https:\/\/www.cm-evora.pt\/wp-content\/uploads\/2022\/04\/2022_04_05_Forum-Empresarial-Alentejo-HO-6.jpg\" class=\"attachment-full size-full\" alt=\"\" srcset=\"https:\/\/www.cm-evora.pt\/wp-content\/uploads\/2022\/04\/2022_04_05_Forum-Empresarial-Alentejo-HO-6.jpg 1920w, https:\/\/www.cm-evora.pt\/wp-content\/uploads\/2022\/04\/2022_04_05_Forum-Empresarial-Alentejo-HO-6-300x211.jpg 300w, https:\/\/www.cm-evora.pt\/wp-content\/uploads\/2022\/04\/2022_04_05_Forum-Empresarial-Alentejo-HO-6-1024x721.jpg 1024w, https:\/\/www.cm-evora.pt\/wp-content\/uploads\/2022\/04\/2022_04_05_Forum-Empresarial-Alentejo-HO-6-768x540.jpg 768w, https:\/\/www.cm-evora.pt\/wp-content\/uploads\/2022\/04\/2022_04_05_Forum-Empresarial-Alentejo-HO-6-1536x1081.jpg 1536w, https:\/\/www.cm-evora.pt\/wp-content\/uploads\/2022\/04\/2022_04_05_Forum-Empresarial-Alentejo-HO-6-1320x929.jpg 1320w\" sizes=\"auto, (max-width: 1920px) 100vw, 1920px\" \/><\/a>\n\t\t\t<\/dt><\/dl><dl class='gallery-item'>\n\t\t\t<dt class='gallery-icon landscape'>\n\t\t\t\t<a href='https:\/\/www.cm-evora.pt\/wp-content\/uploads\/2022\/04\/2022_04_05_Forum-Empresarial-Alentejo-HO-3.jpg'><img loading=\"lazy\" decoding=\"async\" width=\"1920\" height=\"1301\" src=\"https:\/\/www.cm-evora.pt\/wp-content\/uploads\/2022\/04\/2022_04_05_Forum-Empresarial-Alentejo-HO-3.jpg\" class=\"attachment-full size-full\" alt=\"\" srcset=\"https:\/\/www.cm-evora.pt\/wp-content\/uploads\/2022\/04\/2022_04_05_Forum-Empresarial-Alentejo-HO-3.jpg 1920w, https:\/\/www.cm-evora.pt\/wp-content\/uploads\/2022\/04\/2022_04_05_Forum-Empresarial-Alentejo-HO-3-300x203.jpg 300w, https:\/\/www.cm-evora.pt\/wp-content\/uploads\/2022\/04\/2022_04_05_Forum-Empresarial-Alentejo-HO-3-1024x694.jpg 1024w, https:\/\/www.cm-evora.pt\/wp-content\/uploads\/2022\/04\/2022_04_05_Forum-Empresarial-Alentejo-HO-3-768x520.jpg 768w, https:\/\/www.cm-evora.pt\/wp-content\/uploads\/2022\/04\/2022_04_05_Forum-Empresarial-Alentejo-HO-3-1536x1041.jpg 1536w, https:\/\/www.cm-evora.pt\/wp-content\/uploads\/2022\/04\/2022_04_05_Forum-Empresarial-Alentejo-HO-3-1320x894.jpg 1320w\" sizes=\"auto, (max-width: 1920px) 100vw, 1920px\" \/><\/a>\n\t\t\t<\/dt><\/dl><dl class='gallery-item'>\n\t\t\t<dt class='gallery-icon landscape'>\n\t\t\t\t<a href='https:\/\/www.cm-evora.pt\/wp-content\/uploads\/2022\/04\/2022_04_05_Forum-Empresarial-Alentejo-HO-5.jpg'><img loading=\"lazy\" decoding=\"async\" width=\"1920\" height=\"1394\" src=\"https:\/\/www.cm-evora.pt\/wp-content\/uploads\/2022\/04\/2022_04_05_Forum-Empresarial-Alentejo-HO-5.jpg\" class=\"attachment-full size-full\" alt=\"\" srcset=\"https:\/\/www.cm-evora.pt\/wp-content\/uploads\/2022\/04\/2022_04_05_Forum-Empresarial-Alentejo-HO-5.jpg 1920w, https:\/\/www.cm-evora.pt\/wp-content\/uploads\/2022\/04\/2022_04_05_Forum-Empresarial-Alentejo-HO-5-300x218.jpg 300w, https:\/\/www.cm-evora.pt\/wp-content\/uploads\/2022\/04\/2022_04_05_Forum-Empresarial-Alentejo-HO-5-1024x743.jpg 1024w, https:\/\/www.cm-evora.pt\/wp-content\/uploads\/2022\/04\/2022_04_05_Forum-Empresarial-Alentejo-HO-5-768x558.jpg 768w, https:\/\/www.cm-evora.pt\/wp-content\/uploads\/2022\/04\/2022_04_05_Forum-Empresarial-Alentejo-HO-5-1536x1115.jpg 1536w, https:\/\/www.cm-evora.pt\/wp-content\/uploads\/2022\/04\/2022_04_05_Forum-Empresarial-Alentejo-HO-5-1320x958.jpg 1320w\" sizes=\"auto, (max-width: 1920px) 100vw, 1920px\" \/><\/a>\n\t\t\t<\/dt><\/dl><br style=\"clear: both\" \/><dl class='gallery-item'>\n\t\t\t<dt class='gallery-icon landscape'>\n\t\t\t\t<a href='https:\/\/www.cm-evora.pt\/wp-content\/uploads\/2022\/04\/2022_04_05_Forum-Empresarial-Alentejo-HO-7.jpg'><img loading=\"lazy\" decoding=\"async\" width=\"1919\" height=\"1385\" src=\"https:\/\/www.cm-evora.pt\/wp-content\/uploads\/2022\/04\/2022_04_05_Forum-Empresarial-Alentejo-HO-7.jpg\" class=\"attachment-full size-full\" alt=\"\" srcset=\"https:\/\/www.cm-evora.pt\/wp-content\/uploads\/2022\/04\/2022_04_05_Forum-Empresarial-Alentejo-HO-7.jpg 1919w, https:\/\/www.cm-evora.pt\/wp-content\/uploads\/2022\/04\/2022_04_05_Forum-Empresarial-Alentejo-HO-7-300x217.jpg 300w, https:\/\/www.cm-evora.pt\/wp-content\/uploads\/2022\/04\/2022_04_05_Forum-Empresarial-Alentejo-HO-7-1024x739.jpg 1024w, https:\/\/www.cm-evora.pt\/wp-content\/uploads\/2022\/04\/2022_04_05_Forum-Empresarial-Alentejo-HO-7-768x554.jpg 768w, https:\/\/www.cm-evora.pt\/wp-content\/uploads\/2022\/04\/2022_04_05_Forum-Empresarial-Alentejo-HO-7-1536x1109.jpg 1536w, https:\/\/www.cm-evora.pt\/wp-content\/uploads\/2022\/04\/2022_04_05_Forum-Empresarial-Alentejo-HO-7-1320x953.jpg 1320w\" sizes=\"auto, (max-width: 1919px) 100vw, 1919px\" \/><\/a>\n\t\t\t<\/dt><\/dl><dl class='gallery-item'>\n\t\t\t<dt class='gallery-icon landscape'>\n\t\t\t\t<a href='https:\/\/www.cm-evora.pt\/wp-content\/uploads\/2022\/04\/2022_04_05_Forum-Empresarial-Alentejo-HO.jpg'><img loading=\"lazy\" decoding=\"async\" width=\"1920\" height=\"1271\" src=\"https:\/\/www.cm-evora.pt\/wp-content\/uploads\/2022\/04\/2022_04_05_Forum-Empresarial-Alentejo-HO.jpg\" class=\"attachment-full size-full\" alt=\"\" srcset=\"https:\/\/www.cm-evora.pt\/wp-content\/uploads\/2022\/04\/2022_04_05_Forum-Empresarial-Alentejo-HO.jpg 1920w, https:\/\/www.cm-evora.pt\/wp-content\/uploads\/2022\/04\/2022_04_05_Forum-Empresarial-Alentejo-HO-300x199.jpg 300w, https:\/\/www.cm-evora.pt\/wp-content\/uploads\/2022\/04\/2022_04_05_Forum-Empresarial-Alentejo-HO-1024x678.jpg 1024w, https:\/\/www.cm-evora.pt\/wp-content\/uploads\/2022\/04\/2022_04_05_Forum-Empresarial-Alentejo-HO-768x508.jpg 768w, https:\/\/www.cm-evora.pt\/wp-content\/uploads\/2022\/04\/2022_04_05_Forum-Empresarial-Alentejo-HO-1536x1017.jpg 1536w, https:\/\/www.cm-evora.pt\/wp-content\/uploads\/2022\/04\/2022_04_05_Forum-Empresarial-Alentejo-HO-1320x874.jpg 1320w\" sizes=\"auto, (max-width: 1920px) 100vw, 1920px\" \/><\/a>\n\t\t\t<\/dt><\/dl><dl class='gallery-item'>\n\t\t\t<dt class='gallery-icon landscape'>\n\t\t\t\t<a href='https:\/\/www.cm-evora.pt\/wp-content\/uploads\/2022\/04\/2022_04_05_Forum-Empresarial-Alentejo-HO-2.jpg'><img loading=\"lazy\" decoding=\"async\" width=\"1920\" height=\"1280\" src=\"https:\/\/www.cm-evora.pt\/wp-content\/uploads\/2022\/04\/2022_04_05_Forum-Empresarial-Alentejo-HO-2.jpg\" class=\"attachment-full size-full\" alt=\"\" srcset=\"https:\/\/www.cm-evora.pt\/wp-content\/uploads\/2022\/04\/2022_04_05_Forum-Empresarial-Alentejo-HO-2.jpg 1920w, https:\/\/www.cm-evora.pt\/wp-content\/uploads\/2022\/04\/2022_04_05_Forum-Empresarial-Alentejo-HO-2-300x200.jpg 300w, https:\/\/www.cm-evora.pt\/wp-content\/uploads\/2022\/04\/2022_04_05_Forum-Empresarial-Alentejo-HO-2-1024x683.jpg 1024w, https:\/\/www.cm-evora.pt\/wp-content\/uploads\/2022\/04\/2022_04_05_Forum-Empresarial-Alentejo-HO-2-768x512.jpg 768w, https:\/\/www.cm-evora.pt\/wp-content\/uploads\/2022\/04\/2022_04_05_Forum-Empresarial-Alentejo-HO-2-1536x1024.jpg 1536w, https:\/\/www.cm-evora.pt\/wp-content\/uploads\/2022\/04\/2022_04_05_Forum-Empresarial-Alentejo-HO-2-1320x880.jpg 1320w\" sizes=\"auto, (max-width: 1920px) 100vw, 1920px\" \/><\/a>\n\t\t\t<\/dt><\/dl><br style=\"clear: both\" \/>\n\t\t<\/div>\n<\/p>","protected":false},"excerpt":{"rendered":"<p>Sorry, this entry is only available in Portugu\u00eas.Com organiza\u00e7\u00e3o do NERE \u2013 N\u00facleo Empresarial da Regi\u00e3o de \u00c9vora, com a colabora\u00e7\u00e3o do NERB (Beja) e do NERPOR (Portalegre), teve lugar no passado dia 5 de abril, nas instala\u00e7\u00f5es daquela associa\u00e7\u00e3o, o F\u00f3rum Empresarial do Alentejo. A C\u00e2mara Municipal de \u00c9vora esteve representada pelo seu Presidente, [&hellip;]<\/p>\n","protected":false},"author":37,"featured_media":33529,"comment_status":"closed","ping_status":"closed","sticky":false,"template":"","format":"standard","meta":{"_acf_changed":false,"footnotes":""},"categories":[2110],"tags":[],"class_list":["post-33522","post","type-post","status-publish","format-standard","has-post-thumbnail","hentry","category-noticias"],"acf":{"imagens":"","destaq_image":33529,"titulo_docs_seccao":"","documentos":""},"_links":{"self":[{"href":"https:\/\/www.cm-evora.pt\/en\/wp-json\/wp\/v2\/posts\/33522","targetHints":{"allow":["GET"]}}],"collection":[{"href":"https:\/\/www.cm-evora.pt\/en\/wp-json\/wp\/v2\/posts"}],"about":[{"href":"https:\/\/www.cm-evora.pt\/en\/wp-json\/wp\/v2\/types\/post"}],"author":[{"embeddable":true,"href":"https:\/\/www.cm-evora.pt\/en\/wp-json\/wp\/v2\/users\/37"}],"replies":[{"embeddable":true,"href":"https:\/\/www.cm-evora.pt\/en\/wp-json\/wp\/v2\/comments?post=33522"}],"version-history":[{"count":1,"href":"https:\/\/www.cm-evora.pt\/en\/wp-json\/wp\/v2\/posts\/33522\/revisions"}],"predecessor-version":[{"id":33542,"href":"https:\/\/www.cm-evora.pt\/en\/wp-json\/wp\/v2\/posts\/33522\/revisions\/33542"}],"wp:featuredmedia":[{"embeddable":true,"href":"https:\/\/www.cm-evora.pt\/en\/wp-json\/wp\/v2\/media\/33529"}],"wp:attachment":[{"href":"https:\/\/www.cm-evora.pt\/en\/wp-json\/wp\/v2\/media?parent=33522"}],"wp:term":[{"taxonomy":"category","embeddable":true,"href":"https:\/\/www.cm-evora.pt\/en\/wp-json\/wp\/v2\/categories?post=33522"},{"taxonomy":"post_tag","embeddable":true,"href":"https:\/\/www.cm-evora.pt\/en\/wp-json\/wp\/v2\/tags?post=33522"}],"curies":[{"name":"wp","href":"https:\/\/api.w.org\/{rel}","templated":true}]}}