{"id":33999,"date":"2022-04-20T14:55:01","date_gmt":"2022-04-20T13:55:01","guid":{"rendered":"https:\/\/www.cm-evora.pt\/?p=33999"},"modified":"2022-04-20T14:58:53","modified_gmt":"2022-04-20T13:58:53","slug":"poeta-eborense-manuel-gusmao-recebe-homenagem-na-feira-do-livro","status":"publish","type":"post","link":"https:\/\/www.cm-evora.pt\/en\/poeta-eborense-manuel-gusmao-recebe-homenagem-na-feira-do-livro\/","title":{"rendered":"(Portugu\u00eas) Poeta eborense Manuel Gusm\u00e3o recebe homenagem na Feira do Livro"},"content":{"rendered":"<p class=\"qtranxs-available-languages-message qtranxs-available-languages-message-en\">Sorry, this entry is only available in <a href=\"https:\/\/www.cm-evora.pt\/pt\/wp-json\/wp\/v2\/posts\/33999\" class=\"qtranxs-available-language-link qtranxs-available-language-link-pt\" title=\"Portugu\u00eas\">Portugu\u00eas<\/a>.<\/p><p><strong>Manuel Gusm\u00e3o, poeta eborense nascido em 1945, foi homenageado no decurso da Feira do Livro de \u00c9vora, que decorre junto ao Templo Romano at\u00e9 dia 25 de abril. A homenagem \u201cEm \u00c9vora o som do mar, ao encontro da Poesia de Manuel Gusm\u00e3o\u201d, teve lugar na Biblioteca P\u00fablica (BPE) e contou com uma mesa redonda<\/strong> <strong>e um recital de poesia.<\/strong><\/p>\n<p>Com plateia cheia e a presen\u00e7a de Manuel Gusm\u00e3o, a sess\u00e3o come\u00e7ou com a leitura de poemas do autor homenageado pelos atores do CENDREV, Ana Meira, Jos\u00e9 Russo e Maria Marrafa, a que se se seguiu uma mesa redonda com as participa\u00e7\u00f5es de Carlos Pinto de S\u00e1, presidente da C\u00e2mara Municipal de \u00c9vora, Rosa Maria Martelo, professora catedr\u00e1tica aposentada da Faculdade de Letras da Universidade do Porto\/ILC, In\u00eas Carvalho, investigadora e bolseira de investiga\u00e7\u00e3o cient\u00edfica da FLUP\/ILC, e Z\u00e9lia Parreira, diretora da BPE.<\/p>\n<p>\u201cManuel Gusm\u00e3o \u00e9 muito mais do que um poeta: \u00e9 uma figura maior da Cultura portuguesa e \u00e9, tamb\u00e9m, um amigo\u201d, elogiou Carlos Pinto de S\u00e1, que deixou uma \u201csauda\u00e7\u00e3o a um cidad\u00e3o que elevou o nome de \u00c9vora e, cujo pai, foi diretor da Biblioteca P\u00fablica.\u201d Sobre a obra po\u00e9tica deste reconhecido poeta e ensa\u00edsta, o autarca enfatizou a \u201ccapacidade de abertura de esp\u00edrito\u201d proporcionada pela sua poesia. Por seu turno, as duas investigadoras presentes, Rosa Martelo e In\u00eas Carvalho, abordaram a densidade da obra do autor.<\/p>\n<p>Manuel Gusm\u00e3o nasceu em \u00c9vora, em Dezembro de 1945, tendo sido professor catedr\u00e1tico na Faculdade de Letras da Universidade de Lisboa. \u00c9 ensa\u00edsta e cr\u00edtico, poeta e tradutor de poesia. Licenciou-se em Filologia Rom\u00e2nica (1970) pela Universidade de Lisboa, com uma disserta\u00e7\u00e3o sobre os poemas dram\u00e1ticos de Fernando Pessoa. Estreou-se como poeta apenas aos 45 anos, em 1990, com &#8220;Dois S\u00f3is, A Rosa a Arquitectura do Mundo&#8221;.<\/p>\n<p>Com \u201cTeatros do Tempo\u201d conquistou o Grande Pr\u00e9mio de Poesia da Associa\u00e7\u00e3o Portuguesa de Escritores e o Pr\u00e9mio de Poesia Lu\u00eds Miguel Nava relativos a 2001. Em 2005, foi galardoado com o Pr\u00e9mio Verg\u00edlio Ferreira, pelo conjunto da sua obra liter\u00e1ria. Na vida pol\u00edtica foi deputado na Assembleia Constituinte e na primeira legislatura da Assembleia da Rep\u00fablica, eleito pelo PCP.<\/p>\n<p>O programa da Feira do Livro est\u00e1 dispon\u00edvel em <em><a href=\"http:\/\/www.cm-evora.pt\">www.cm-evora.pt<\/a><\/em>.<\/p>\n<p>\n\t\t<style type=\"text\/css\">\n\t\t\t#gallery-1 {\n\t\t\t\tmargin: auto;\n\t\t\t}\n\t\t\t#gallery-1 .gallery-item {\n\t\t\t\tfloat: left;\n\t\t\t\tmargin-top: 10px;\n\t\t\t\ttext-align: center;\n\t\t\t\twidth: 25%;\n\t\t\t}\n\t\t\t#gallery-1 img {\n\t\t\t\tborder: 2px solid #cfcfcf;\n\t\t\t}\n\t\t\t#gallery-1 .gallery-caption {\n\t\t\t\tmargin-left: 0;\n\t\t\t}\n\t\t\t\/* see gallery_shortcode() in wp-includes\/media.php *\/\n\t\t<\/style>\n\t\t<div id='gallery-1' class='gallery galleryid-33999 gallery-columns-4 gallery-size-full'><dl class='gallery-item'>\n\t\t\t<dt class='gallery-icon landscape'>\n\t\t\t\t<a href='https:\/\/www.cm-evora.pt\/wp-content\/uploads\/2022\/04\/presidente-scaled.jpg'><img loading=\"lazy\" decoding=\"async\" width=\"2560\" height=\"1998\" src=\"https:\/\/www.cm-evora.pt\/wp-content\/uploads\/2022\/04\/presidente-scaled.jpg\" class=\"attachment-full size-full\" alt=\"\" srcset=\"https:\/\/www.cm-evora.pt\/wp-content\/uploads\/2022\/04\/presidente-scaled.jpg 2560w, https:\/\/www.cm-evora.pt\/wp-content\/uploads\/2022\/04\/presidente-300x234.jpg 300w, https:\/\/www.cm-evora.pt\/wp-content\/uploads\/2022\/04\/presidente-1024x799.jpg 1024w, https:\/\/www.cm-evora.pt\/wp-content\/uploads\/2022\/04\/presidente-768x600.jpg 768w, https:\/\/www.cm-evora.pt\/wp-content\/uploads\/2022\/04\/presidente-1536x1199.jpg 1536w, https:\/\/www.cm-evora.pt\/wp-content\/uploads\/2022\/04\/presidente-2048x1599.jpg 2048w, https:\/\/www.cm-evora.pt\/wp-content\/uploads\/2022\/04\/presidente-1320x1030.jpg 1320w\" sizes=\"auto, (max-width: 2560px) 100vw, 2560px\" \/><\/a>\n\t\t\t<\/dt><\/dl><dl class='gallery-item'>\n\t\t\t<dt class='gallery-icon landscape'>\n\t\t\t\t<a href='https:\/\/www.cm-evora.pt\/wp-content\/uploads\/2022\/04\/DSC_0775-scaled.jpg'><img loading=\"lazy\" decoding=\"async\" width=\"2560\" height=\"1707\" src=\"https:\/\/www.cm-evora.pt\/wp-content\/uploads\/2022\/04\/DSC_0775-scaled.jpg\" class=\"attachment-full size-full\" alt=\"\" srcset=\"https:\/\/www.cm-evora.pt\/wp-content\/uploads\/2022\/04\/DSC_0775-scaled.jpg 2560w, https:\/\/www.cm-evora.pt\/wp-content\/uploads\/2022\/04\/DSC_0775-300x200.jpg 300w, https:\/\/www.cm-evora.pt\/wp-content\/uploads\/2022\/04\/DSC_0775-1024x683.jpg 1024w, https:\/\/www.cm-evora.pt\/wp-content\/uploads\/2022\/04\/DSC_0775-768x512.jpg 768w, https:\/\/www.cm-evora.pt\/wp-content\/uploads\/2022\/04\/DSC_0775-1536x1024.jpg 1536w, https:\/\/www.cm-evora.pt\/wp-content\/uploads\/2022\/04\/DSC_0775-2048x1365.jpg 2048w, https:\/\/www.cm-evora.pt\/wp-content\/uploads\/2022\/04\/DSC_0775-1320x880.jpg 1320w\" sizes=\"auto, (max-width: 2560px) 100vw, 2560px\" \/><\/a>\n\t\t\t<\/dt><\/dl><dl class='gallery-item'>\n\t\t\t<dt class='gallery-icon landscape'>\n\t\t\t\t<a href='https:\/\/www.cm-evora.pt\/wp-content\/uploads\/2022\/04\/DSC_0777-scaled.jpg'><img loading=\"lazy\" decoding=\"async\" width=\"2560\" height=\"1707\" src=\"https:\/\/www.cm-evora.pt\/wp-content\/uploads\/2022\/04\/DSC_0777-scaled.jpg\" class=\"attachment-full size-full\" alt=\"\" srcset=\"https:\/\/www.cm-evora.pt\/wp-content\/uploads\/2022\/04\/DSC_0777-scaled.jpg 2560w, https:\/\/www.cm-evora.pt\/wp-content\/uploads\/2022\/04\/DSC_0777-300x200.jpg 300w, https:\/\/www.cm-evora.pt\/wp-content\/uploads\/2022\/04\/DSC_0777-1024x683.jpg 1024w, https:\/\/www.cm-evora.pt\/wp-content\/uploads\/2022\/04\/DSC_0777-768x512.jpg 768w, https:\/\/www.cm-evora.pt\/wp-content\/uploads\/2022\/04\/DSC_0777-1536x1024.jpg 1536w, https:\/\/www.cm-evora.pt\/wp-content\/uploads\/2022\/04\/DSC_0777-2048x1365.jpg 2048w, https:\/\/www.cm-evora.pt\/wp-content\/uploads\/2022\/04\/DSC_0777-1320x880.jpg 1320w\" sizes=\"auto, (max-width: 2560px) 100vw, 2560px\" \/><\/a>\n\t\t\t<\/dt><\/dl><dl class='gallery-item'>\n\t\t\t<dt class='gallery-icon landscape'>\n\t\t\t\t<a href='https:\/\/www.cm-evora.pt\/wp-content\/uploads\/2022\/04\/DSC_0781-scaled.jpg'><img loading=\"lazy\" decoding=\"async\" width=\"2560\" height=\"1707\" src=\"https:\/\/www.cm-evora.pt\/wp-content\/uploads\/2022\/04\/DSC_0781-scaled.jpg\" class=\"attachment-full size-full\" alt=\"\" srcset=\"https:\/\/www.cm-evora.pt\/wp-content\/uploads\/2022\/04\/DSC_0781-scaled.jpg 2560w, https:\/\/www.cm-evora.pt\/wp-content\/uploads\/2022\/04\/DSC_0781-300x200.jpg 300w, https:\/\/www.cm-evora.pt\/wp-content\/uploads\/2022\/04\/DSC_0781-1024x683.jpg 1024w, https:\/\/www.cm-evora.pt\/wp-content\/uploads\/2022\/04\/DSC_0781-768x512.jpg 768w, https:\/\/www.cm-evora.pt\/wp-content\/uploads\/2022\/04\/DSC_0781-1536x1024.jpg 1536w, https:\/\/www.cm-evora.pt\/wp-content\/uploads\/2022\/04\/DSC_0781-2048x1365.jpg 2048w, https:\/\/www.cm-evora.pt\/wp-content\/uploads\/2022\/04\/DSC_0781-1320x880.jpg 1320w\" sizes=\"auto, (max-width: 2560px) 100vw, 2560px\" \/><\/a>\n\t\t\t<\/dt><\/dl><br style=\"clear: both\" \/><dl class='gallery-item'>\n\t\t\t<dt class='gallery-icon landscape'>\n\t\t\t\t<a href='https:\/\/www.cm-evora.pt\/wp-content\/uploads\/2022\/04\/DSC_0788-scaled.jpg'><img loading=\"lazy\" decoding=\"async\" width=\"2560\" height=\"1707\" src=\"https:\/\/www.cm-evora.pt\/wp-content\/uploads\/2022\/04\/DSC_0788-scaled.jpg\" class=\"attachment-full size-full\" alt=\"\" srcset=\"https:\/\/www.cm-evora.pt\/wp-content\/uploads\/2022\/04\/DSC_0788-scaled.jpg 2560w, https:\/\/www.cm-evora.pt\/wp-content\/uploads\/2022\/04\/DSC_0788-300x200.jpg 300w, https:\/\/www.cm-evora.pt\/wp-content\/uploads\/2022\/04\/DSC_0788-1024x683.jpg 1024w, https:\/\/www.cm-evora.pt\/wp-content\/uploads\/2022\/04\/DSC_0788-768x512.jpg 768w, https:\/\/www.cm-evora.pt\/wp-content\/uploads\/2022\/04\/DSC_0788-1536x1024.jpg 1536w, https:\/\/www.cm-evora.pt\/wp-content\/uploads\/2022\/04\/DSC_0788-2048x1365.jpg 2048w, https:\/\/www.cm-evora.pt\/wp-content\/uploads\/2022\/04\/DSC_0788-1320x880.jpg 1320w\" sizes=\"auto, (max-width: 2560px) 100vw, 2560px\" \/><\/a>\n\t\t\t<\/dt><\/dl><dl class='gallery-item'>\n\t\t\t<dt class='gallery-icon landscape'>\n\t\t\t\t<a href='https:\/\/www.cm-evora.pt\/wp-content\/uploads\/2022\/04\/DSC_0794-scaled.jpg'><img loading=\"lazy\" decoding=\"async\" width=\"2560\" height=\"1707\" src=\"https:\/\/www.cm-evora.pt\/wp-content\/uploads\/2022\/04\/DSC_0794-scaled.jpg\" class=\"attachment-full size-full\" alt=\"\" srcset=\"https:\/\/www.cm-evora.pt\/wp-content\/uploads\/2022\/04\/DSC_0794-scaled.jpg 2560w, https:\/\/www.cm-evora.pt\/wp-content\/uploads\/2022\/04\/DSC_0794-300x200.jpg 300w, https:\/\/www.cm-evora.pt\/wp-content\/uploads\/2022\/04\/DSC_0794-1024x683.jpg 1024w, https:\/\/www.cm-evora.pt\/wp-content\/uploads\/2022\/04\/DSC_0794-768x512.jpg 768w, https:\/\/www.cm-evora.pt\/wp-content\/uploads\/2022\/04\/DSC_0794-1536x1024.jpg 1536w, https:\/\/www.cm-evora.pt\/wp-content\/uploads\/2022\/04\/DSC_0794-2048x1365.jpg 2048w, https:\/\/www.cm-evora.pt\/wp-content\/uploads\/2022\/04\/DSC_0794-1320x880.jpg 1320w\" sizes=\"auto, (max-width: 2560px) 100vw, 2560px\" \/><\/a>\n\t\t\t<\/dt><\/dl><dl class='gallery-item'>\n\t\t\t<dt class='gallery-icon landscape'>\n\t\t\t\t<a href='https:\/\/www.cm-evora.pt\/wp-content\/uploads\/2022\/04\/DSC_0809-scaled.jpg'><img loading=\"lazy\" decoding=\"async\" width=\"2560\" height=\"1707\" src=\"https:\/\/www.cm-evora.pt\/wp-content\/uploads\/2022\/04\/DSC_0809-scaled.jpg\" class=\"attachment-full size-full\" alt=\"\" srcset=\"https:\/\/www.cm-evora.pt\/wp-content\/uploads\/2022\/04\/DSC_0809-scaled.jpg 2560w, https:\/\/www.cm-evora.pt\/wp-content\/uploads\/2022\/04\/DSC_0809-300x200.jpg 300w, https:\/\/www.cm-evora.pt\/wp-content\/uploads\/2022\/04\/DSC_0809-1024x683.jpg 1024w, https:\/\/www.cm-evora.pt\/wp-content\/uploads\/2022\/04\/DSC_0809-768x512.jpg 768w, https:\/\/www.cm-evora.pt\/wp-content\/uploads\/2022\/04\/DSC_0809-1536x1024.jpg 1536w, https:\/\/www.cm-evora.pt\/wp-content\/uploads\/2022\/04\/DSC_0809-2048x1365.jpg 2048w, https:\/\/www.cm-evora.pt\/wp-content\/uploads\/2022\/04\/DSC_0809-1320x880.jpg 1320w\" sizes=\"auto, (max-width: 2560px) 100vw, 2560px\" \/><\/a>\n\t\t\t<\/dt><\/dl><dl class='gallery-item'>\n\t\t\t<dt class='gallery-icon landscape'>\n\t\t\t\t<a href='https:\/\/www.cm-evora.pt\/wp-content\/uploads\/2022\/04\/DSC_0810-scaled.jpg'><img loading=\"lazy\" decoding=\"async\" width=\"2560\" height=\"1707\" src=\"https:\/\/www.cm-evora.pt\/wp-content\/uploads\/2022\/04\/DSC_0810-scaled.jpg\" class=\"attachment-full size-full\" alt=\"\" srcset=\"https:\/\/www.cm-evora.pt\/wp-content\/uploads\/2022\/04\/DSC_0810-scaled.jpg 2560w, https:\/\/www.cm-evora.pt\/wp-content\/uploads\/2022\/04\/DSC_0810-300x200.jpg 300w, https:\/\/www.cm-evora.pt\/wp-content\/uploads\/2022\/04\/DSC_0810-1024x683.jpg 1024w, https:\/\/www.cm-evora.pt\/wp-content\/uploads\/2022\/04\/DSC_0810-768x512.jpg 768w, https:\/\/www.cm-evora.pt\/wp-content\/uploads\/2022\/04\/DSC_0810-1536x1024.jpg 1536w, https:\/\/www.cm-evora.pt\/wp-content\/uploads\/2022\/04\/DSC_0810-2048x1365.jpg 2048w, https:\/\/www.cm-evora.pt\/wp-content\/uploads\/2022\/04\/DSC_0810-1320x880.jpg 1320w\" sizes=\"auto, (max-width: 2560px) 100vw, 2560px\" \/><\/a>\n\t\t\t<\/dt><\/dl><br style=\"clear: both\" \/><dl class='gallery-item'>\n\t\t\t<dt class='gallery-icon landscape'>\n\t\t\t\t<a href='https:\/\/www.cm-evora.pt\/wp-content\/uploads\/2022\/04\/DSC_0813-scaled.jpg'><img loading=\"lazy\" decoding=\"async\" width=\"2560\" height=\"1707\" src=\"https:\/\/www.cm-evora.pt\/wp-content\/uploads\/2022\/04\/DSC_0813-scaled.jpg\" class=\"attachment-full size-full\" alt=\"\" srcset=\"https:\/\/www.cm-evora.pt\/wp-content\/uploads\/2022\/04\/DSC_0813-scaled.jpg 2560w, https:\/\/www.cm-evora.pt\/wp-content\/uploads\/2022\/04\/DSC_0813-300x200.jpg 300w, https:\/\/www.cm-evora.pt\/wp-content\/uploads\/2022\/04\/DSC_0813-1024x683.jpg 1024w, https:\/\/www.cm-evora.pt\/wp-content\/uploads\/2022\/04\/DSC_0813-768x512.jpg 768w, https:\/\/www.cm-evora.pt\/wp-content\/uploads\/2022\/04\/DSC_0813-1536x1024.jpg 1536w, https:\/\/www.cm-evora.pt\/wp-content\/uploads\/2022\/04\/DSC_0813-2048x1365.jpg 2048w, https:\/\/www.cm-evora.pt\/wp-content\/uploads\/2022\/04\/DSC_0813-1320x880.jpg 1320w\" sizes=\"auto, (max-width: 2560px) 100vw, 2560px\" \/><\/a>\n\t\t\t<\/dt><\/dl><dl class='gallery-item'>\n\t\t\t<dt class='gallery-icon landscape'>\n\t\t\t\t<a href='https:\/\/www.cm-evora.pt\/wp-content\/uploads\/2022\/04\/DSC_0822-scaled.jpg'><img loading=\"lazy\" decoding=\"async\" width=\"2560\" height=\"1707\" src=\"https:\/\/www.cm-evora.pt\/wp-content\/uploads\/2022\/04\/DSC_0822-scaled.jpg\" class=\"attachment-full size-full\" alt=\"\" srcset=\"https:\/\/www.cm-evora.pt\/wp-content\/uploads\/2022\/04\/DSC_0822-scaled.jpg 2560w, https:\/\/www.cm-evora.pt\/wp-content\/uploads\/2022\/04\/DSC_0822-300x200.jpg 300w, https:\/\/www.cm-evora.pt\/wp-content\/uploads\/2022\/04\/DSC_0822-1024x683.jpg 1024w, https:\/\/www.cm-evora.pt\/wp-content\/uploads\/2022\/04\/DSC_0822-768x512.jpg 768w, https:\/\/www.cm-evora.pt\/wp-content\/uploads\/2022\/04\/DSC_0822-1536x1024.jpg 1536w, https:\/\/www.cm-evora.pt\/wp-content\/uploads\/2022\/04\/DSC_0822-2048x1365.jpg 2048w, https:\/\/www.cm-evora.pt\/wp-content\/uploads\/2022\/04\/DSC_0822-1320x880.jpg 1320w\" sizes=\"auto, (max-width: 2560px) 100vw, 2560px\" \/><\/a>\n\t\t\t<\/dt><\/dl><dl class='gallery-item'>\n\t\t\t<dt class='gallery-icon landscape'>\n\t\t\t\t<a href='https:\/\/www.cm-evora.pt\/wp-content\/uploads\/2022\/04\/DSC_0826-scaled.jpg'><img loading=\"lazy\" decoding=\"async\" width=\"2560\" height=\"1707\" src=\"https:\/\/www.cm-evora.pt\/wp-content\/uploads\/2022\/04\/DSC_0826-scaled.jpg\" class=\"attachment-full size-full\" alt=\"\" srcset=\"https:\/\/www.cm-evora.pt\/wp-content\/uploads\/2022\/04\/DSC_0826-scaled.jpg 2560w, https:\/\/www.cm-evora.pt\/wp-content\/uploads\/2022\/04\/DSC_0826-300x200.jpg 300w, https:\/\/www.cm-evora.pt\/wp-content\/uploads\/2022\/04\/DSC_0826-1024x683.jpg 1024w, https:\/\/www.cm-evora.pt\/wp-content\/uploads\/2022\/04\/DSC_0826-768x512.jpg 768w, https:\/\/www.cm-evora.pt\/wp-content\/uploads\/2022\/04\/DSC_0826-1536x1024.jpg 1536w, https:\/\/www.cm-evora.pt\/wp-content\/uploads\/2022\/04\/DSC_0826-2048x1365.jpg 2048w, https:\/\/www.cm-evora.pt\/wp-content\/uploads\/2022\/04\/DSC_0826-1320x880.jpg 1320w\" sizes=\"auto, (max-width: 2560px) 100vw, 2560px\" \/><\/a>\n\t\t\t<\/dt><\/dl><dl class='gallery-item'>\n\t\t\t<dt class='gallery-icon landscape'>\n\t\t\t\t<a href='https:\/\/www.cm-evora.pt\/wp-content\/uploads\/2022\/04\/DSC_0827-scaled.jpg'><img loading=\"lazy\" decoding=\"async\" width=\"2560\" height=\"1707\" src=\"https:\/\/www.cm-evora.pt\/wp-content\/uploads\/2022\/04\/DSC_0827-scaled.jpg\" class=\"attachment-full size-full\" alt=\"\" srcset=\"https:\/\/www.cm-evora.pt\/wp-content\/uploads\/2022\/04\/DSC_0827-scaled.jpg 2560w, https:\/\/www.cm-evora.pt\/wp-content\/uploads\/2022\/04\/DSC_0827-300x200.jpg 300w, https:\/\/www.cm-evora.pt\/wp-content\/uploads\/2022\/04\/DSC_0827-1024x683.jpg 1024w, https:\/\/www.cm-evora.pt\/wp-content\/uploads\/2022\/04\/DSC_0827-768x512.jpg 768w, https:\/\/www.cm-evora.pt\/wp-content\/uploads\/2022\/04\/DSC_0827-1536x1024.jpg 1536w, https:\/\/www.cm-evora.pt\/wp-content\/uploads\/2022\/04\/DSC_0827-2048x1365.jpg 2048w, https:\/\/www.cm-evora.pt\/wp-content\/uploads\/2022\/04\/DSC_0827-1320x880.jpg 1320w\" sizes=\"auto, (max-width: 2560px) 100vw, 2560px\" \/><\/a>\n\t\t\t<\/dt><\/dl><br style=\"clear: both\" \/><dl class='gallery-item'>\n\t\t\t<dt class='gallery-icon landscape'>\n\t\t\t\t<a href='https:\/\/www.cm-evora.pt\/wp-content\/uploads\/2022\/04\/Gusmao-scaled.jpg'><img loading=\"lazy\" decoding=\"async\" width=\"2560\" height=\"1680\" src=\"https:\/\/www.cm-evora.pt\/wp-content\/uploads\/2022\/04\/Gusmao-scaled.jpg\" class=\"attachment-full size-full\" alt=\"\" srcset=\"https:\/\/www.cm-evora.pt\/wp-content\/uploads\/2022\/04\/Gusmao-scaled.jpg 2560w, https:\/\/www.cm-evora.pt\/wp-content\/uploads\/2022\/04\/Gusmao-300x197.jpg 300w, https:\/\/www.cm-evora.pt\/wp-content\/uploads\/2022\/04\/Gusmao-1024x672.jpg 1024w, https:\/\/www.cm-evora.pt\/wp-content\/uploads\/2022\/04\/Gusmao-768x504.jpg 768w, https:\/\/www.cm-evora.pt\/wp-content\/uploads\/2022\/04\/Gusmao-1536x1008.jpg 1536w, https:\/\/www.cm-evora.pt\/wp-content\/uploads\/2022\/04\/Gusmao-2048x1344.jpg 2048w, https:\/\/www.cm-evora.pt\/wp-content\/uploads\/2022\/04\/Gusmao-1320x866.jpg 1320w\" sizes=\"auto, (max-width: 2560px) 100vw, 2560px\" \/><\/a>\n\t\t\t<\/dt><\/dl><dl class='gallery-item'>\n\t\t\t<dt class='gallery-icon landscape'>\n\t\t\t\t<a href='https:\/\/www.cm-evora.pt\/wp-content\/uploads\/2022\/04\/Gusmao1-scaled.jpg'><img loading=\"lazy\" decoding=\"async\" width=\"2560\" height=\"2177\" src=\"https:\/\/www.cm-evora.pt\/wp-content\/uploads\/2022\/04\/Gusmao1-scaled.jpg\" class=\"attachment-full size-full\" alt=\"\" srcset=\"https:\/\/www.cm-evora.pt\/wp-content\/uploads\/2022\/04\/Gusmao1-scaled.jpg 2560w, https:\/\/www.cm-evora.pt\/wp-content\/uploads\/2022\/04\/Gusmao1-300x255.jpg 300w, https:\/\/www.cm-evora.pt\/wp-content\/uploads\/2022\/04\/Gusmao1-1024x871.jpg 1024w, https:\/\/www.cm-evora.pt\/wp-content\/uploads\/2022\/04\/Gusmao1-768x653.jpg 768w, https:\/\/www.cm-evora.pt\/wp-content\/uploads\/2022\/04\/Gusmao1-1536x1306.jpg 1536w, https:\/\/www.cm-evora.pt\/wp-content\/uploads\/2022\/04\/Gusmao1-2048x1741.jpg 2048w, https:\/\/www.cm-evora.pt\/wp-content\/uploads\/2022\/04\/Gusmao1-1320x1122.jpg 1320w\" sizes=\"auto, (max-width: 2560px) 100vw, 2560px\" \/><\/a>\n\t\t\t<\/dt><\/dl>\n\t\t\t<br style='clear: both' \/>\n\t\t<\/div>\n<\/p>","protected":false},"excerpt":{"rendered":"<p>Sorry, this entry is only available in Portugu\u00eas.Manuel Gusm\u00e3o, poeta eborense nascido em 1945, foi homenageado no decurso da Feira do Livro de \u00c9vora, que decorre junto ao Templo Romano at\u00e9 dia 25 de abril. A homenagem \u201cEm \u00c9vora o som do mar, ao encontro da Poesia de Manuel Gusm\u00e3o\u201d, teve lugar na Biblioteca P\u00fablica [&hellip;]<\/p>\n","protected":false},"author":58,"featured_media":34030,"comment_status":"closed","ping_status":"closed","sticky":false,"template":"","format":"standard","meta":{"_acf_changed":false,"footnotes":""},"categories":[2110],"tags":[],"class_list":["post-33999","post","type-post","status-publish","format-standard","has-post-thumbnail","hentry","category-noticias"],"acf":{"imagens":"","destaq_image":34030,"titulo_docs_seccao":"","documentos":""},"_links":{"self":[{"href":"https:\/\/www.cm-evora.pt\/en\/wp-json\/wp\/v2\/posts\/33999","targetHints":{"allow":["GET"]}}],"collection":[{"href":"https:\/\/www.cm-evora.pt\/en\/wp-json\/wp\/v2\/posts"}],"about":[{"href":"https:\/\/www.cm-evora.pt\/en\/wp-json\/wp\/v2\/types\/post"}],"author":[{"embeddable":true,"href":"https:\/\/www.cm-evora.pt\/en\/wp-json\/wp\/v2\/users\/58"}],"replies":[{"embeddable":true,"href":"https:\/\/www.cm-evora.pt\/en\/wp-json\/wp\/v2\/comments?post=33999"}],"version-history":[{"count":2,"href":"https:\/\/www.cm-evora.pt\/en\/wp-json\/wp\/v2\/posts\/33999\/revisions"}],"predecessor-version":[{"id":34038,"href":"https:\/\/www.cm-evora.pt\/en\/wp-json\/wp\/v2\/posts\/33999\/revisions\/34038"}],"wp:featuredmedia":[{"embeddable":true,"href":"https:\/\/www.cm-evora.pt\/en\/wp-json\/wp\/v2\/media\/34030"}],"wp:attachment":[{"href":"https:\/\/www.cm-evora.pt\/en\/wp-json\/wp\/v2\/media?parent=33999"}],"wp:term":[{"taxonomy":"category","embeddable":true,"href":"https:\/\/www.cm-evora.pt\/en\/wp-json\/wp\/v2\/categories?post=33999"},{"taxonomy":"post_tag","embeddable":true,"href":"https:\/\/www.cm-evora.pt\/en\/wp-json\/wp\/v2\/tags?post=33999"}],"curies":[{"name":"wp","href":"https:\/\/api.w.org\/{rel}","templated":true}]}}