{"id":34142,"date":"2022-04-22T13:17:37","date_gmt":"2022-04-22T12:17:37","guid":{"rendered":"https:\/\/www.cm-evora.pt\/?p=34142"},"modified":"2022-04-22T13:17:37","modified_gmt":"2022-04-22T12:17:37","slug":"evora-acolheu-maratona-transfronteirica-de-leitura-na-feira-do-livro","status":"publish","type":"post","link":"https:\/\/www.cm-evora.pt\/en\/evora-acolheu-maratona-transfronteirica-de-leitura-na-feira-do-livro\/","title":{"rendered":"\u00c9vora acolheu Maratona Transfronteiri\u00e7a de Leitura na Feira do Livro"},"content":{"rendered":"<p class=\"qtranxs-available-languages-message qtranxs-available-languages-message-en\">Sorry, this entry is only available in <a href=\"https:\/\/www.cm-evora.pt\/pt\/wp-json\/wp\/v2\/posts\/34142\" class=\"qtranxs-available-language-link qtranxs-available-language-link-pt\" title=\"Portugu\u00eas\">Portugu\u00eas<\/a>.<\/p><p>Uma maratona de leitura em l\u00edngua portuguesa e espanhola que juntou alunos portugueses e espanh\u00f3is realizou-se na tarde de 21 de abril, na Feira do Livro de \u00c9vora.<br \/>\nO evento, que contou com cerca de 100 alunos portugueses e 50 espanh\u00f3is, foi organizado pela C\u00e2mara Municipal de \u00c9vora, em colabora\u00e7\u00e3o com a Rede de Bibliotecas Escolares de \u00c9vora e o Gabinete de Iniciativas Transfronteiri\u00e7as da Junta da Extremadura (Espanha). Teve tamb\u00e9m a participa\u00e7\u00e3o do Vice-Presidente da Autarquia, Alexandre Varela, que deu as boas vindas aos alunos e professores.<br \/>\nParticiparam nesta leitura cruzada a Escola B\u00e1sica Conde Vilalva, o IES Extremadura \u2013 Montijo\/Espanha, o Agrupamento de Escolas Manuel Ferreira Patr\u00edcio, a Escola B\u00e1sica de Santa Clara e a Escola Secund\u00e1ria Severim de Faria.<br \/>\nNesta maratona, o autor escolhido foi Jos\u00e9 Saramago, assinalando-se deste modo o centen\u00e1rio do seu nascimento. Os participantes fizeram a leitura de textos curtos de Jos\u00e9 Saramago, em espanhol pelos alunos portugueses e em portugu\u00eas pelos alunos espanh\u00f3is.<br \/>\nEsta iniciativa visou promover uma maior proximidade entre alunos dos dois lados da fronteira \u00e0 volta da leitura. No per\u00edodo da manh\u00e3, os alunos realizaram uma visita guiada ao centro hist\u00f3rico com os t\u00e9cnicos do Posto de Turismo Municipal.<\/p>\n<p>\n\t\t<style type=\"text\/css\">\n\t\t\t#gallery-1 {\n\t\t\t\tmargin: auto;\n\t\t\t}\n\t\t\t#gallery-1 .gallery-item {\n\t\t\t\tfloat: left;\n\t\t\t\tmargin-top: 10px;\n\t\t\t\ttext-align: center;\n\t\t\t\twidth: 20%;\n\t\t\t}\n\t\t\t#gallery-1 img {\n\t\t\t\tborder: 2px solid #cfcfcf;\n\t\t\t}\n\t\t\t#gallery-1 .gallery-caption {\n\t\t\t\tmargin-left: 0;\n\t\t\t}\n\t\t\t\/* see gallery_shortcode() in wp-includes\/media.php *\/\n\t\t<\/style>\n\t\t<div id='gallery-1' class='gallery galleryid-34142 gallery-columns-5 gallery-size-full'><dl class='gallery-item'>\n\t\t\t<dt class='gallery-icon landscape'>\n\t\t\t\t<a href='https:\/\/www.cm-evora.pt\/wp-content\/uploads\/2022\/04\/ML1.jpg'><img loading=\"lazy\" decoding=\"async\" width=\"1920\" height=\"961\" src=\"https:\/\/www.cm-evora.pt\/wp-content\/uploads\/2022\/04\/ML1.jpg\" class=\"attachment-full size-full\" alt=\"\" srcset=\"https:\/\/www.cm-evora.pt\/wp-content\/uploads\/2022\/04\/ML1.jpg 1920w, https:\/\/www.cm-evora.pt\/wp-content\/uploads\/2022\/04\/ML1-300x150.jpg 300w, https:\/\/www.cm-evora.pt\/wp-content\/uploads\/2022\/04\/ML1-1024x513.jpg 1024w, https:\/\/www.cm-evora.pt\/wp-content\/uploads\/2022\/04\/ML1-768x384.jpg 768w, https:\/\/www.cm-evora.pt\/wp-content\/uploads\/2022\/04\/ML1-1536x769.jpg 1536w, https:\/\/www.cm-evora.pt\/wp-content\/uploads\/2022\/04\/ML1-420x210.jpg 420w, https:\/\/www.cm-evora.pt\/wp-content\/uploads\/2022\/04\/ML1-1320x661.jpg 1320w\" sizes=\"auto, (max-width: 1920px) 100vw, 1920px\" \/><\/a>\n\t\t\t<\/dt><\/dl><dl class='gallery-item'>\n\t\t\t<dt class='gallery-icon landscape'>\n\t\t\t\t<a href='https:\/\/www.cm-evora.pt\/wp-content\/uploads\/2022\/04\/ML2.jpg'><img loading=\"lazy\" decoding=\"async\" width=\"1920\" height=\"1280\" src=\"https:\/\/www.cm-evora.pt\/wp-content\/uploads\/2022\/04\/ML2.jpg\" class=\"attachment-full size-full\" alt=\"\" srcset=\"https:\/\/www.cm-evora.pt\/wp-content\/uploads\/2022\/04\/ML2.jpg 1920w, https:\/\/www.cm-evora.pt\/wp-content\/uploads\/2022\/04\/ML2-300x200.jpg 300w, https:\/\/www.cm-evora.pt\/wp-content\/uploads\/2022\/04\/ML2-1024x683.jpg 1024w, https:\/\/www.cm-evora.pt\/wp-content\/uploads\/2022\/04\/ML2-768x512.jpg 768w, https:\/\/www.cm-evora.pt\/wp-content\/uploads\/2022\/04\/ML2-1536x1024.jpg 1536w, https:\/\/www.cm-evora.pt\/wp-content\/uploads\/2022\/04\/ML2-1320x880.jpg 1320w\" sizes=\"auto, (max-width: 1920px) 100vw, 1920px\" \/><\/a>\n\t\t\t<\/dt><\/dl><dl class='gallery-item'>\n\t\t\t<dt class='gallery-icon landscape'>\n\t\t\t\t<a href='https:\/\/www.cm-evora.pt\/wp-content\/uploads\/2022\/04\/ML3.jpg'><img loading=\"lazy\" decoding=\"async\" width=\"1920\" height=\"1184\" src=\"https:\/\/www.cm-evora.pt\/wp-content\/uploads\/2022\/04\/ML3.jpg\" class=\"attachment-full size-full\" alt=\"\" srcset=\"https:\/\/www.cm-evora.pt\/wp-content\/uploads\/2022\/04\/ML3.jpg 1920w, https:\/\/www.cm-evora.pt\/wp-content\/uploads\/2022\/04\/ML3-300x185.jpg 300w, https:\/\/www.cm-evora.pt\/wp-content\/uploads\/2022\/04\/ML3-1024x631.jpg 1024w, https:\/\/www.cm-evora.pt\/wp-content\/uploads\/2022\/04\/ML3-768x474.jpg 768w, https:\/\/www.cm-evora.pt\/wp-content\/uploads\/2022\/04\/ML3-1536x947.jpg 1536w, https:\/\/www.cm-evora.pt\/wp-content\/uploads\/2022\/04\/ML3-1320x814.jpg 1320w\" sizes=\"auto, (max-width: 1920px) 100vw, 1920px\" \/><\/a>\n\t\t\t<\/dt><\/dl><dl class='gallery-item'>\n\t\t\t<dt class='gallery-icon portrait'>\n\t\t\t\t<a href='https:\/\/www.cm-evora.pt\/wp-content\/uploads\/2022\/04\/ML4-scaled.jpg'><img loading=\"lazy\" decoding=\"async\" width=\"1707\" height=\"2560\" src=\"https:\/\/www.cm-evora.pt\/wp-content\/uploads\/2022\/04\/ML4-scaled.jpg\" class=\"attachment-full size-full\" alt=\"\" srcset=\"https:\/\/www.cm-evora.pt\/wp-content\/uploads\/2022\/04\/ML4-scaled.jpg 1707w, https:\/\/www.cm-evora.pt\/wp-content\/uploads\/2022\/04\/ML4-200x300.jpg 200w, https:\/\/www.cm-evora.pt\/wp-content\/uploads\/2022\/04\/ML4-683x1024.jpg 683w, https:\/\/www.cm-evora.pt\/wp-content\/uploads\/2022\/04\/ML4-768x1152.jpg 768w, https:\/\/www.cm-evora.pt\/wp-content\/uploads\/2022\/04\/ML4-1024x1536.jpg 1024w, https:\/\/www.cm-evora.pt\/wp-content\/uploads\/2022\/04\/ML4-1365x2048.jpg 1365w, https:\/\/www.cm-evora.pt\/wp-content\/uploads\/2022\/04\/ML4-1320x1980.jpg 1320w\" sizes=\"auto, (max-width: 1707px) 100vw, 1707px\" \/><\/a>\n\t\t\t<\/dt><\/dl><dl class='gallery-item'>\n\t\t\t<dt class='gallery-icon landscape'>\n\t\t\t\t<a href='https:\/\/www.cm-evora.pt\/wp-content\/uploads\/2022\/04\/ML5.jpg'><img loading=\"lazy\" decoding=\"async\" width=\"1920\" height=\"1181\" src=\"https:\/\/www.cm-evora.pt\/wp-content\/uploads\/2022\/04\/ML5.jpg\" class=\"attachment-full size-full\" alt=\"\" srcset=\"https:\/\/www.cm-evora.pt\/wp-content\/uploads\/2022\/04\/ML5.jpg 1920w, https:\/\/www.cm-evora.pt\/wp-content\/uploads\/2022\/04\/ML5-300x185.jpg 300w, https:\/\/www.cm-evora.pt\/wp-content\/uploads\/2022\/04\/ML5-1024x630.jpg 1024w, https:\/\/www.cm-evora.pt\/wp-content\/uploads\/2022\/04\/ML5-768x472.jpg 768w, https:\/\/www.cm-evora.pt\/wp-content\/uploads\/2022\/04\/ML5-1536x945.jpg 1536w, https:\/\/www.cm-evora.pt\/wp-content\/uploads\/2022\/04\/ML5-1320x812.jpg 1320w\" sizes=\"auto, (max-width: 1920px) 100vw, 1920px\" \/><\/a>\n\t\t\t<\/dt><\/dl><br style=\"clear: both\" \/><dl class='gallery-item'>\n\t\t\t<dt class='gallery-icon landscape'>\n\t\t\t\t<a href='https:\/\/www.cm-evora.pt\/wp-content\/uploads\/2022\/04\/ML6.jpg'><img loading=\"lazy\" decoding=\"async\" width=\"1920\" height=\"933\" src=\"https:\/\/www.cm-evora.pt\/wp-content\/uploads\/2022\/04\/ML6.jpg\" class=\"attachment-full size-full\" alt=\"\" srcset=\"https:\/\/www.cm-evora.pt\/wp-content\/uploads\/2022\/04\/ML6.jpg 1920w, https:\/\/www.cm-evora.pt\/wp-content\/uploads\/2022\/04\/ML6-300x146.jpg 300w, https:\/\/www.cm-evora.pt\/wp-content\/uploads\/2022\/04\/ML6-1024x498.jpg 1024w, https:\/\/www.cm-evora.pt\/wp-content\/uploads\/2022\/04\/ML6-768x373.jpg 768w, https:\/\/www.cm-evora.pt\/wp-content\/uploads\/2022\/04\/ML6-1536x746.jpg 1536w, https:\/\/www.cm-evora.pt\/wp-content\/uploads\/2022\/04\/ML6-1320x641.jpg 1320w\" sizes=\"auto, (max-width: 1920px) 100vw, 1920px\" \/><\/a>\n\t\t\t<\/dt><\/dl><dl class='gallery-item'>\n\t\t\t<dt class='gallery-icon landscape'>\n\t\t\t\t<a href='https:\/\/www.cm-evora.pt\/wp-content\/uploads\/2022\/04\/ML7.jpg'><img loading=\"lazy\" decoding=\"async\" width=\"1920\" height=\"1253\" src=\"https:\/\/www.cm-evora.pt\/wp-content\/uploads\/2022\/04\/ML7.jpg\" class=\"attachment-full size-full\" alt=\"\" srcset=\"https:\/\/www.cm-evora.pt\/wp-content\/uploads\/2022\/04\/ML7.jpg 1920w, https:\/\/www.cm-evora.pt\/wp-content\/uploads\/2022\/04\/ML7-300x196.jpg 300w, https:\/\/www.cm-evora.pt\/wp-content\/uploads\/2022\/04\/ML7-1024x668.jpg 1024w, https:\/\/www.cm-evora.pt\/wp-content\/uploads\/2022\/04\/ML7-768x501.jpg 768w, https:\/\/www.cm-evora.pt\/wp-content\/uploads\/2022\/04\/ML7-1536x1002.jpg 1536w, https:\/\/www.cm-evora.pt\/wp-content\/uploads\/2022\/04\/ML7-1320x861.jpg 1320w\" sizes=\"auto, (max-width: 1920px) 100vw, 1920px\" \/><\/a>\n\t\t\t<\/dt><\/dl><dl class='gallery-item'>\n\t\t\t<dt class='gallery-icon landscape'>\n\t\t\t\t<a href='https:\/\/www.cm-evora.pt\/wp-content\/uploads\/2022\/04\/ML8.jpg'><img loading=\"lazy\" decoding=\"async\" width=\"1920\" height=\"1296\" src=\"https:\/\/www.cm-evora.pt\/wp-content\/uploads\/2022\/04\/ML8.jpg\" class=\"attachment-full size-full\" alt=\"\" srcset=\"https:\/\/www.cm-evora.pt\/wp-content\/uploads\/2022\/04\/ML8.jpg 1920w, https:\/\/www.cm-evora.pt\/wp-content\/uploads\/2022\/04\/ML8-300x203.jpg 300w, https:\/\/www.cm-evora.pt\/wp-content\/uploads\/2022\/04\/ML8-1024x691.jpg 1024w, https:\/\/www.cm-evora.pt\/wp-content\/uploads\/2022\/04\/ML8-768x518.jpg 768w, https:\/\/www.cm-evora.pt\/wp-content\/uploads\/2022\/04\/ML8-1536x1037.jpg 1536w, https:\/\/www.cm-evora.pt\/wp-content\/uploads\/2022\/04\/ML8-1320x891.jpg 1320w\" sizes=\"auto, (max-width: 1920px) 100vw, 1920px\" \/><\/a>\n\t\t\t<\/dt><\/dl><dl class='gallery-item'>\n\t\t\t<dt class='gallery-icon landscape'>\n\t\t\t\t<a href='https:\/\/www.cm-evora.pt\/wp-content\/uploads\/2022\/04\/ML9.jpg'><img loading=\"lazy\" decoding=\"async\" width=\"1920\" height=\"1280\" src=\"https:\/\/www.cm-evora.pt\/wp-content\/uploads\/2022\/04\/ML9.jpg\" class=\"attachment-full size-full\" alt=\"\" srcset=\"https:\/\/www.cm-evora.pt\/wp-content\/uploads\/2022\/04\/ML9.jpg 1920w, https:\/\/www.cm-evora.pt\/wp-content\/uploads\/2022\/04\/ML9-300x200.jpg 300w, https:\/\/www.cm-evora.pt\/wp-content\/uploads\/2022\/04\/ML9-1024x683.jpg 1024w, https:\/\/www.cm-evora.pt\/wp-content\/uploads\/2022\/04\/ML9-768x512.jpg 768w, https:\/\/www.cm-evora.pt\/wp-content\/uploads\/2022\/04\/ML9-1536x1024.jpg 1536w, https:\/\/www.cm-evora.pt\/wp-content\/uploads\/2022\/04\/ML9-1320x880.jpg 1320w\" sizes=\"auto, (max-width: 1920px) 100vw, 1920px\" \/><\/a>\n\t\t\t<\/dt><\/dl><dl class='gallery-item'>\n\t\t\t<dt class='gallery-icon landscape'>\n\t\t\t\t<a href='https:\/\/www.cm-evora.pt\/wp-content\/uploads\/2022\/04\/ML10.jpg'><img loading=\"lazy\" decoding=\"async\" width=\"1920\" height=\"1316\" src=\"https:\/\/www.cm-evora.pt\/wp-content\/uploads\/2022\/04\/ML10.jpg\" class=\"attachment-full size-full\" alt=\"\" srcset=\"https:\/\/www.cm-evora.pt\/wp-content\/uploads\/2022\/04\/ML10.jpg 1920w, https:\/\/www.cm-evora.pt\/wp-content\/uploads\/2022\/04\/ML10-300x206.jpg 300w, https:\/\/www.cm-evora.pt\/wp-content\/uploads\/2022\/04\/ML10-1024x702.jpg 1024w, https:\/\/www.cm-evora.pt\/wp-content\/uploads\/2022\/04\/ML10-768x526.jpg 768w, https:\/\/www.cm-evora.pt\/wp-content\/uploads\/2022\/04\/ML10-1536x1053.jpg 1536w, https:\/\/www.cm-evora.pt\/wp-content\/uploads\/2022\/04\/ML10-1320x905.jpg 1320w\" sizes=\"auto, (max-width: 1920px) 100vw, 1920px\" \/><\/a>\n\t\t\t<\/dt><\/dl><br style=\"clear: both\" \/><dl class='gallery-item'>\n\t\t\t<dt class='gallery-icon portrait'>\n\t\t\t\t<a href='https:\/\/www.cm-evora.pt\/wp-content\/uploads\/2022\/04\/ML11-scaled.jpg'><img loading=\"lazy\" decoding=\"async\" width=\"1707\" height=\"2560\" src=\"https:\/\/www.cm-evora.pt\/wp-content\/uploads\/2022\/04\/ML11-scaled.jpg\" class=\"attachment-full size-full\" alt=\"\" srcset=\"https:\/\/www.cm-evora.pt\/wp-content\/uploads\/2022\/04\/ML11-scaled.jpg 1707w, https:\/\/www.cm-evora.pt\/wp-content\/uploads\/2022\/04\/ML11-200x300.jpg 200w, https:\/\/www.cm-evora.pt\/wp-content\/uploads\/2022\/04\/ML11-683x1024.jpg 683w, https:\/\/www.cm-evora.pt\/wp-content\/uploads\/2022\/04\/ML11-768x1152.jpg 768w, https:\/\/www.cm-evora.pt\/wp-content\/uploads\/2022\/04\/ML11-1024x1536.jpg 1024w, https:\/\/www.cm-evora.pt\/wp-content\/uploads\/2022\/04\/ML11-1365x2048.jpg 1365w, https:\/\/www.cm-evora.pt\/wp-content\/uploads\/2022\/04\/ML11-1320x1980.jpg 1320w\" sizes=\"auto, (max-width: 1707px) 100vw, 1707px\" \/><\/a>\n\t\t\t<\/dt><\/dl><dl class='gallery-item'>\n\t\t\t<dt class='gallery-icon landscape'>\n\t\t\t\t<a href='https:\/\/www.cm-evora.pt\/wp-content\/uploads\/2022\/04\/ML12.jpg'><img loading=\"lazy\" decoding=\"async\" width=\"1920\" height=\"1280\" src=\"https:\/\/www.cm-evora.pt\/wp-content\/uploads\/2022\/04\/ML12.jpg\" class=\"attachment-full size-full\" alt=\"\" srcset=\"https:\/\/www.cm-evora.pt\/wp-content\/uploads\/2022\/04\/ML12.jpg 1920w, https:\/\/www.cm-evora.pt\/wp-content\/uploads\/2022\/04\/ML12-300x200.jpg 300w, https:\/\/www.cm-evora.pt\/wp-content\/uploads\/2022\/04\/ML12-1024x683.jpg 1024w, https:\/\/www.cm-evora.pt\/wp-content\/uploads\/2022\/04\/ML12-768x512.jpg 768w, https:\/\/www.cm-evora.pt\/wp-content\/uploads\/2022\/04\/ML12-1536x1024.jpg 1536w, https:\/\/www.cm-evora.pt\/wp-content\/uploads\/2022\/04\/ML12-1320x880.jpg 1320w\" sizes=\"auto, (max-width: 1920px) 100vw, 1920px\" \/><\/a>\n\t\t\t<\/dt><\/dl><dl class='gallery-item'>\n\t\t\t<dt class='gallery-icon landscape'>\n\t\t\t\t<a href='https:\/\/www.cm-evora.pt\/wp-content\/uploads\/2022\/04\/ML13.jpg'><img loading=\"lazy\" decoding=\"async\" width=\"1920\" height=\"1666\" src=\"https:\/\/www.cm-evora.pt\/wp-content\/uploads\/2022\/04\/ML13.jpg\" class=\"attachment-full size-full\" alt=\"\" srcset=\"https:\/\/www.cm-evora.pt\/wp-content\/uploads\/2022\/04\/ML13.jpg 1920w, https:\/\/www.cm-evora.pt\/wp-content\/uploads\/2022\/04\/ML13-300x260.jpg 300w, https:\/\/www.cm-evora.pt\/wp-content\/uploads\/2022\/04\/ML13-1024x889.jpg 1024w, https:\/\/www.cm-evora.pt\/wp-content\/uploads\/2022\/04\/ML13-768x666.jpg 768w, https:\/\/www.cm-evora.pt\/wp-content\/uploads\/2022\/04\/ML13-1536x1333.jpg 1536w, https:\/\/www.cm-evora.pt\/wp-content\/uploads\/2022\/04\/ML13-1320x1145.jpg 1320w\" sizes=\"auto, (max-width: 1920px) 100vw, 1920px\" \/><\/a>\n\t\t\t<\/dt><\/dl><dl class='gallery-item'>\n\t\t\t<dt class='gallery-icon landscape'>\n\t\t\t\t<a href='https:\/\/www.cm-evora.pt\/wp-content\/uploads\/2022\/04\/ML14.jpg'><img loading=\"lazy\" decoding=\"async\" width=\"1920\" height=\"1153\" src=\"https:\/\/www.cm-evora.pt\/wp-content\/uploads\/2022\/04\/ML14.jpg\" class=\"attachment-full size-full\" alt=\"\" srcset=\"https:\/\/www.cm-evora.pt\/wp-content\/uploads\/2022\/04\/ML14.jpg 1920w, https:\/\/www.cm-evora.pt\/wp-content\/uploads\/2022\/04\/ML14-300x180.jpg 300w, https:\/\/www.cm-evora.pt\/wp-content\/uploads\/2022\/04\/ML14-1024x615.jpg 1024w, https:\/\/www.cm-evora.pt\/wp-content\/uploads\/2022\/04\/ML14-768x461.jpg 768w, https:\/\/www.cm-evora.pt\/wp-content\/uploads\/2022\/04\/ML14-1536x922.jpg 1536w, https:\/\/www.cm-evora.pt\/wp-content\/uploads\/2022\/04\/ML14-1320x793.jpg 1320w\" sizes=\"auto, (max-width: 1920px) 100vw, 1920px\" \/><\/a>\n\t\t\t<\/dt><\/dl><dl class='gallery-item'>\n\t\t\t<dt class='gallery-icon landscape'>\n\t\t\t\t<a href='https:\/\/www.cm-evora.pt\/wp-content\/uploads\/2022\/04\/ML15.jpg'><img loading=\"lazy\" decoding=\"async\" width=\"1920\" height=\"1279\" src=\"https:\/\/www.cm-evora.pt\/wp-content\/uploads\/2022\/04\/ML15.jpg\" class=\"attachment-full size-full\" alt=\"\" srcset=\"https:\/\/www.cm-evora.pt\/wp-content\/uploads\/2022\/04\/ML15.jpg 1920w, https:\/\/www.cm-evora.pt\/wp-content\/uploads\/2022\/04\/ML15-300x200.jpg 300w, https:\/\/www.cm-evora.pt\/wp-content\/uploads\/2022\/04\/ML15-1024x682.jpg 1024w, https:\/\/www.cm-evora.pt\/wp-content\/uploads\/2022\/04\/ML15-768x512.jpg 768w, https:\/\/www.cm-evora.pt\/wp-content\/uploads\/2022\/04\/ML15-1536x1023.jpg 1536w, https:\/\/www.cm-evora.pt\/wp-content\/uploads\/2022\/04\/ML15-1320x879.jpg 1320w\" sizes=\"auto, (max-width: 1920px) 100vw, 1920px\" \/><\/a>\n\t\t\t<\/dt><\/dl><br style=\"clear: both\" \/>\n\t\t<\/div>\n<\/p>","protected":false},"excerpt":{"rendered":"<p>Sorry, this entry is only available in Portugu\u00eas.Uma maratona de leitura em l\u00edngua portuguesa e espanhola que juntou alunos portugueses e espanh\u00f3is realizou-se na tarde de 21 de abril, na Feira do Livro de \u00c9vora. O evento, que contou com cerca de 100 alunos portugueses e 50 espanh\u00f3is, foi organizado pela C\u00e2mara Municipal de \u00c9vora, [&hellip;]<\/p>\n","protected":false},"author":57,"featured_media":34143,"comment_status":"closed","ping_status":"closed","sticky":false,"template":"","format":"standard","meta":{"_acf_changed":false,"footnotes":""},"categories":[2110],"tags":[],"class_list":["post-34142","post","type-post","status-publish","format-standard","has-post-thumbnail","hentry","category-noticias"],"acf":{"imagens":"","destaq_image":34143,"titulo_docs_seccao":"","documentos":""},"_links":{"self":[{"href":"https:\/\/www.cm-evora.pt\/en\/wp-json\/wp\/v2\/posts\/34142","targetHints":{"allow":["GET"]}}],"collection":[{"href":"https:\/\/www.cm-evora.pt\/en\/wp-json\/wp\/v2\/posts"}],"about":[{"href":"https:\/\/www.cm-evora.pt\/en\/wp-json\/wp\/v2\/types\/post"}],"author":[{"embeddable":true,"href":"https:\/\/www.cm-evora.pt\/en\/wp-json\/wp\/v2\/users\/57"}],"replies":[{"embeddable":true,"href":"https:\/\/www.cm-evora.pt\/en\/wp-json\/wp\/v2\/comments?post=34142"}],"version-history":[{"count":1,"href":"https:\/\/www.cm-evora.pt\/en\/wp-json\/wp\/v2\/posts\/34142\/revisions"}],"predecessor-version":[{"id":34158,"href":"https:\/\/www.cm-evora.pt\/en\/wp-json\/wp\/v2\/posts\/34142\/revisions\/34158"}],"wp:featuredmedia":[{"embeddable":true,"href":"https:\/\/www.cm-evora.pt\/en\/wp-json\/wp\/v2\/media\/34143"}],"wp:attachment":[{"href":"https:\/\/www.cm-evora.pt\/en\/wp-json\/wp\/v2\/media?parent=34142"}],"wp:term":[{"taxonomy":"category","embeddable":true,"href":"https:\/\/www.cm-evora.pt\/en\/wp-json\/wp\/v2\/categories?post=34142"},{"taxonomy":"post_tag","embeddable":true,"href":"https:\/\/www.cm-evora.pt\/en\/wp-json\/wp\/v2\/tags?post=34142"}],"curies":[{"name":"wp","href":"https:\/\/api.w.org\/{rel}","templated":true}]}}