{"id":34266,"date":"2022-04-26T12:25:25","date_gmt":"2022-04-26T11:25:25","guid":{"rendered":"https:\/\/www.cm-evora.pt\/?p=34266"},"modified":"2022-04-27T09:25:41","modified_gmt":"2022-04-27T08:25:41","slug":"catalogo-impressores-de-memorias-d-evora-apresentado-na-feira-do-livro","status":"publish","type":"post","link":"https:\/\/www.cm-evora.pt\/en\/catalogo-impressores-de-memorias-d-evora-apresentado-na-feira-do-livro\/","title":{"rendered":"Cat\u00e1logo \u201cImpressores de Mem\u00f3rias D\u2019 \u00c9vora\u201d apresentado na Feira do Livro"},"content":{"rendered":"<p class=\"qtranxs-available-languages-message qtranxs-available-languages-message-en\">Sorry, this entry is only available in <a href=\"https:\/\/www.cm-evora.pt\/pt\/wp-json\/wp\/v2\/posts\/34266\" class=\"qtranxs-available-language-link qtranxs-available-language-link-pt\" title=\"Portugu\u00eas\">Portugu\u00eas<\/a>.<\/p><p>O cat\u00e1logo \u201cImpressores de Mem\u00f3rias D\u2019 \u00c9vora\u201d foi apresentado na tarde de 23 de abril, na Biblioteca P\u00fablica de \u00c9vora pelos t\u00e9cnicos municipais do Centro de Recursos do Patrim\u00f3nio Cultural Imaterial \/C\u00e2mara Municipal de \u00c9vora, Rui Arimateia e Alexandra Charrua e contou com a presen\u00e7a de v\u00e1rios tip\u00f3grafos locais.<\/p>\n<p>\n\t\t<style type=\"text\/css\">\n\t\t\t#gallery-1 {\n\t\t\t\tmargin: auto;\n\t\t\t}\n\t\t\t#gallery-1 .gallery-item {\n\t\t\t\tfloat: left;\n\t\t\t\tmargin-top: 10px;\n\t\t\t\ttext-align: center;\n\t\t\t\twidth: 20%;\n\t\t\t}\n\t\t\t#gallery-1 img {\n\t\t\t\tborder: 2px solid #cfcfcf;\n\t\t\t}\n\t\t\t#gallery-1 .gallery-caption {\n\t\t\t\tmargin-left: 0;\n\t\t\t}\n\t\t\t\/* see gallery_shortcode() in wp-includes\/media.php *\/\n\t\t<\/style>\n\t\t<div id='gallery-1' class='gallery galleryid-34266 gallery-columns-5 gallery-size-full'><dl class='gallery-item'>\n\t\t\t<dt class='gallery-icon landscape'>\n\t\t\t\t<a href='https:\/\/www.cm-evora.pt\/wp-content\/uploads\/2022\/04\/T1.jpg'><img loading=\"lazy\" decoding=\"async\" width=\"1920\" height=\"1009\" src=\"https:\/\/www.cm-evora.pt\/wp-content\/uploads\/2022\/04\/T1.jpg\" class=\"attachment-full size-full\" alt=\"\" srcset=\"https:\/\/www.cm-evora.pt\/wp-content\/uploads\/2022\/04\/T1.jpg 1920w, https:\/\/www.cm-evora.pt\/wp-content\/uploads\/2022\/04\/T1-300x158.jpg 300w, https:\/\/www.cm-evora.pt\/wp-content\/uploads\/2022\/04\/T1-1024x538.jpg 1024w, https:\/\/www.cm-evora.pt\/wp-content\/uploads\/2022\/04\/T1-768x404.jpg 768w, https:\/\/www.cm-evora.pt\/wp-content\/uploads\/2022\/04\/T1-1536x807.jpg 1536w, https:\/\/www.cm-evora.pt\/wp-content\/uploads\/2022\/04\/T1-1320x694.jpg 1320w\" sizes=\"auto, (max-width: 1920px) 100vw, 1920px\" \/><\/a>\n\t\t\t<\/dt><\/dl><dl class='gallery-item'>\n\t\t\t<dt class='gallery-icon landscape'>\n\t\t\t\t<a href='https:\/\/www.cm-evora.pt\/wp-content\/uploads\/2022\/04\/T2.jpg'><img loading=\"lazy\" decoding=\"async\" width=\"1920\" height=\"1331\" src=\"https:\/\/www.cm-evora.pt\/wp-content\/uploads\/2022\/04\/T2.jpg\" class=\"attachment-full size-full\" alt=\"\" srcset=\"https:\/\/www.cm-evora.pt\/wp-content\/uploads\/2022\/04\/T2.jpg 1920w, https:\/\/www.cm-evora.pt\/wp-content\/uploads\/2022\/04\/T2-300x208.jpg 300w, https:\/\/www.cm-evora.pt\/wp-content\/uploads\/2022\/04\/T2-1024x710.jpg 1024w, https:\/\/www.cm-evora.pt\/wp-content\/uploads\/2022\/04\/T2-768x532.jpg 768w, https:\/\/www.cm-evora.pt\/wp-content\/uploads\/2022\/04\/T2-1536x1065.jpg 1536w, https:\/\/www.cm-evora.pt\/wp-content\/uploads\/2022\/04\/T2-1320x915.jpg 1320w\" sizes=\"auto, (max-width: 1920px) 100vw, 1920px\" \/><\/a>\n\t\t\t<\/dt><\/dl><dl class='gallery-item'>\n\t\t\t<dt class='gallery-icon landscape'>\n\t\t\t\t<a href='https:\/\/www.cm-evora.pt\/wp-content\/uploads\/2022\/04\/T3.jpg'><img loading=\"lazy\" decoding=\"async\" width=\"1920\" height=\"1409\" src=\"https:\/\/www.cm-evora.pt\/wp-content\/uploads\/2022\/04\/T3.jpg\" class=\"attachment-full size-full\" alt=\"\" srcset=\"https:\/\/www.cm-evora.pt\/wp-content\/uploads\/2022\/04\/T3.jpg 1920w, https:\/\/www.cm-evora.pt\/wp-content\/uploads\/2022\/04\/T3-300x220.jpg 300w, https:\/\/www.cm-evora.pt\/wp-content\/uploads\/2022\/04\/T3-1024x751.jpg 1024w, https:\/\/www.cm-evora.pt\/wp-content\/uploads\/2022\/04\/T3-768x564.jpg 768w, https:\/\/www.cm-evora.pt\/wp-content\/uploads\/2022\/04\/T3-1536x1127.jpg 1536w, https:\/\/www.cm-evora.pt\/wp-content\/uploads\/2022\/04\/T3-1320x969.jpg 1320w\" sizes=\"auto, (max-width: 1920px) 100vw, 1920px\" \/><\/a>\n\t\t\t<\/dt><\/dl><dl class='gallery-item'>\n\t\t\t<dt class='gallery-icon landscape'>\n\t\t\t\t<a href='https:\/\/www.cm-evora.pt\/wp-content\/uploads\/2022\/04\/T4.jpg'><img loading=\"lazy\" decoding=\"async\" width=\"1920\" height=\"1436\" src=\"https:\/\/www.cm-evora.pt\/wp-content\/uploads\/2022\/04\/T4.jpg\" class=\"attachment-full size-full\" alt=\"\" srcset=\"https:\/\/www.cm-evora.pt\/wp-content\/uploads\/2022\/04\/T4.jpg 1920w, https:\/\/www.cm-evora.pt\/wp-content\/uploads\/2022\/04\/T4-300x224.jpg 300w, https:\/\/www.cm-evora.pt\/wp-content\/uploads\/2022\/04\/T4-1024x766.jpg 1024w, https:\/\/www.cm-evora.pt\/wp-content\/uploads\/2022\/04\/T4-768x574.jpg 768w, https:\/\/www.cm-evora.pt\/wp-content\/uploads\/2022\/04\/T4-1536x1149.jpg 1536w, https:\/\/www.cm-evora.pt\/wp-content\/uploads\/2022\/04\/T4-1320x987.jpg 1320w\" sizes=\"auto, (max-width: 1920px) 100vw, 1920px\" \/><\/a>\n\t\t\t<\/dt><\/dl><dl class='gallery-item'>\n\t\t\t<dt class='gallery-icon landscape'>\n\t\t\t\t<a href='https:\/\/www.cm-evora.pt\/wp-content\/uploads\/2022\/04\/T5.jpg'><img loading=\"lazy\" decoding=\"async\" width=\"1920\" height=\"1343\" src=\"https:\/\/www.cm-evora.pt\/wp-content\/uploads\/2022\/04\/T5.jpg\" class=\"attachment-full size-full\" alt=\"\" srcset=\"https:\/\/www.cm-evora.pt\/wp-content\/uploads\/2022\/04\/T5.jpg 1920w, https:\/\/www.cm-evora.pt\/wp-content\/uploads\/2022\/04\/T5-300x210.jpg 300w, https:\/\/www.cm-evora.pt\/wp-content\/uploads\/2022\/04\/T5-1024x716.jpg 1024w, https:\/\/www.cm-evora.pt\/wp-content\/uploads\/2022\/04\/T5-768x537.jpg 768w, https:\/\/www.cm-evora.pt\/wp-content\/uploads\/2022\/04\/T5-1536x1074.jpg 1536w, https:\/\/www.cm-evora.pt\/wp-content\/uploads\/2022\/04\/T5-1320x923.jpg 1320w\" sizes=\"auto, (max-width: 1920px) 100vw, 1920px\" \/><\/a>\n\t\t\t<\/dt><\/dl><br style=\"clear: both\" \/><dl class='gallery-item'>\n\t\t\t<dt class='gallery-icon landscape'>\n\t\t\t\t<a href='https:\/\/www.cm-evora.pt\/wp-content\/uploads\/2022\/04\/T6.jpg'><img loading=\"lazy\" decoding=\"async\" width=\"1920\" height=\"1404\" src=\"https:\/\/www.cm-evora.pt\/wp-content\/uploads\/2022\/04\/T6.jpg\" class=\"attachment-full size-full\" alt=\"\" srcset=\"https:\/\/www.cm-evora.pt\/wp-content\/uploads\/2022\/04\/T6.jpg 1920w, https:\/\/www.cm-evora.pt\/wp-content\/uploads\/2022\/04\/T6-300x219.jpg 300w, https:\/\/www.cm-evora.pt\/wp-content\/uploads\/2022\/04\/T6-1024x749.jpg 1024w, https:\/\/www.cm-evora.pt\/wp-content\/uploads\/2022\/04\/T6-768x562.jpg 768w, https:\/\/www.cm-evora.pt\/wp-content\/uploads\/2022\/04\/T6-1536x1123.jpg 1536w, https:\/\/www.cm-evora.pt\/wp-content\/uploads\/2022\/04\/T6-1320x965.jpg 1320w\" sizes=\"auto, (max-width: 1920px) 100vw, 1920px\" \/><\/a>\n\t\t\t<\/dt><\/dl><dl class='gallery-item'>\n\t\t\t<dt class='gallery-icon portrait'>\n\t\t\t\t<a href='https:\/\/www.cm-evora.pt\/wp-content\/uploads\/2022\/04\/T7.jpg'><img loading=\"lazy\" decoding=\"async\" width=\"1569\" height=\"1920\" src=\"https:\/\/www.cm-evora.pt\/wp-content\/uploads\/2022\/04\/T7.jpg\" class=\"attachment-full size-full\" alt=\"\" srcset=\"https:\/\/www.cm-evora.pt\/wp-content\/uploads\/2022\/04\/T7.jpg 1569w, https:\/\/www.cm-evora.pt\/wp-content\/uploads\/2022\/04\/T7-245x300.jpg 245w, https:\/\/www.cm-evora.pt\/wp-content\/uploads\/2022\/04\/T7-837x1024.jpg 837w, https:\/\/www.cm-evora.pt\/wp-content\/uploads\/2022\/04\/T7-768x940.jpg 768w, https:\/\/www.cm-evora.pt\/wp-content\/uploads\/2022\/04\/T7-1255x1536.jpg 1255w, https:\/\/www.cm-evora.pt\/wp-content\/uploads\/2022\/04\/T7-1320x1615.jpg 1320w\" sizes=\"auto, (max-width: 1569px) 100vw, 1569px\" \/><\/a>\n\t\t\t<\/dt><\/dl><dl class='gallery-item'>\n\t\t\t<dt class='gallery-icon landscape'>\n\t\t\t\t<a href='https:\/\/www.cm-evora.pt\/wp-content\/uploads\/2022\/04\/T8.jpg'><img loading=\"lazy\" decoding=\"async\" width=\"1920\" height=\"1094\" src=\"https:\/\/www.cm-evora.pt\/wp-content\/uploads\/2022\/04\/T8.jpg\" class=\"attachment-full size-full\" alt=\"\" srcset=\"https:\/\/www.cm-evora.pt\/wp-content\/uploads\/2022\/04\/T8.jpg 1920w, https:\/\/www.cm-evora.pt\/wp-content\/uploads\/2022\/04\/T8-300x171.jpg 300w, https:\/\/www.cm-evora.pt\/wp-content\/uploads\/2022\/04\/T8-1024x583.jpg 1024w, https:\/\/www.cm-evora.pt\/wp-content\/uploads\/2022\/04\/T8-768x438.jpg 768w, https:\/\/www.cm-evora.pt\/wp-content\/uploads\/2022\/04\/T8-1536x875.jpg 1536w, https:\/\/www.cm-evora.pt\/wp-content\/uploads\/2022\/04\/T8-1320x752.jpg 1320w\" sizes=\"auto, (max-width: 1920px) 100vw, 1920px\" \/><\/a>\n\t\t\t<\/dt><\/dl>\n\t\t\t<br style='clear: both' \/>\n\t\t<\/div>\n<\/p>","protected":false},"excerpt":{"rendered":"<p>Sorry, this entry is only available in Portugu\u00eas.O cat\u00e1logo \u201cImpressores de Mem\u00f3rias D\u2019 \u00c9vora\u201d foi apresentado na tarde de 23 de abril, na Biblioteca P\u00fablica de \u00c9vora pelos t\u00e9cnicos municipais do Centro de Recursos do Patrim\u00f3nio Cultural Imaterial \/C\u00e2mara Municipal de \u00c9vora, Rui Arimateia e Alexandra Charrua e contou com a presen\u00e7a de v\u00e1rios tip\u00f3grafos [&hellip;]<\/p>\n","protected":false},"author":57,"featured_media":34268,"comment_status":"closed","ping_status":"closed","sticky":false,"template":"","format":"standard","meta":{"_acf_changed":false,"footnotes":""},"categories":[2110],"tags":[],"class_list":["post-34266","post","type-post","status-publish","format-standard","has-post-thumbnail","hentry","category-noticias"],"acf":{"imagens":"","destaq_image":34268,"titulo_docs_seccao":"","documentos":""},"_links":{"self":[{"href":"https:\/\/www.cm-evora.pt\/en\/wp-json\/wp\/v2\/posts\/34266","targetHints":{"allow":["GET"]}}],"collection":[{"href":"https:\/\/www.cm-evora.pt\/en\/wp-json\/wp\/v2\/posts"}],"about":[{"href":"https:\/\/www.cm-evora.pt\/en\/wp-json\/wp\/v2\/types\/post"}],"author":[{"embeddable":true,"href":"https:\/\/www.cm-evora.pt\/en\/wp-json\/wp\/v2\/users\/57"}],"replies":[{"embeddable":true,"href":"https:\/\/www.cm-evora.pt\/en\/wp-json\/wp\/v2\/comments?post=34266"}],"version-history":[{"count":1,"href":"https:\/\/www.cm-evora.pt\/en\/wp-json\/wp\/v2\/posts\/34266\/revisions"}],"predecessor-version":[{"id":34280,"href":"https:\/\/www.cm-evora.pt\/en\/wp-json\/wp\/v2\/posts\/34266\/revisions\/34280"}],"wp:featuredmedia":[{"embeddable":true,"href":"https:\/\/www.cm-evora.pt\/en\/wp-json\/wp\/v2\/media\/34268"}],"wp:attachment":[{"href":"https:\/\/www.cm-evora.pt\/en\/wp-json\/wp\/v2\/media?parent=34266"}],"wp:term":[{"taxonomy":"category","embeddable":true,"href":"https:\/\/www.cm-evora.pt\/en\/wp-json\/wp\/v2\/categories?post=34266"},{"taxonomy":"post_tag","embeddable":true,"href":"https:\/\/www.cm-evora.pt\/en\/wp-json\/wp\/v2\/tags?post=34266"}],"curies":[{"name":"wp","href":"https:\/\/api.w.org\/{rel}","templated":true}]}}