{"id":34633,"date":"2022-05-02T11:25:52","date_gmt":"2022-05-02T10:25:52","guid":{"rendered":"https:\/\/www.cm-evora.pt\/?p=34633"},"modified":"2022-05-02T11:25:52","modified_gmt":"2022-05-02T10:25:52","slug":"executivo-e-deputados-municipais-visitam-as-obras-da-ligacao-ferroviaria-evora-evora-norte","status":"publish","type":"post","link":"https:\/\/www.cm-evora.pt\/en\/executivo-e-deputados-municipais-visitam-as-obras-da-ligacao-ferroviaria-evora-evora-norte\/","title":{"rendered":"(Portugu\u00eas) EXECUTIVO E DEPUTADOS MUNICIPAIS VISITAM AS OBRAS DA LIGA\u00c7\u00c3O FERROVI\u00c1RIA \u201c\u00c9VORA \u2013 \u00c9VORA NORTE\u201d"},"content":{"rendered":"<p class=\"qtranxs-available-languages-message qtranxs-available-languages-message-en\">Sorry, this entry is only available in <a href=\"https:\/\/www.cm-evora.pt\/pt\/wp-json\/wp\/v2\/posts\/34633\" class=\"qtranxs-available-language-link qtranxs-available-language-link-pt\" title=\"Portugu\u00eas\">Portugu\u00eas<\/a>.<\/p><p>Uma delega\u00e7\u00e3o composta pelo Presidente da C\u00e2mara, vereadores e Deputados Municipais, visitou, no dia 29 de abril, as obras da liga\u00e7\u00e3o ferrovi\u00e1ria \u201cEmpreitada de Via e Caten\u00e1ria e Constru\u00e7\u00e3o Civil do Sub-Tro\u00e7o \u00c9vora \u2013 \u00c9vora Norte\u201d, responsabilidade da empresa Infraestruturas de Portugal, SA (IP).<\/p>\n<p>A visita \u00e0 tamb\u00e9m chamada \u201cVariante de \u00c9vora\u201d teve o acompanhamento t\u00e9cnico dos Eng.\u00bas Carlos Fernandes, Vice-Presidente do Conselho de Administra\u00e7\u00e3o Executivo da IP e Paulo Tavares, gestor de empreendimentos, que fizeram a apresenta\u00e7\u00e3o da obra com informa\u00e7\u00e3o detalhada sobre o decurso dos trabalhos. Os t\u00e9cnicos da IP prestaram todos os esclarecimentos solicitados pelos eleitos do Munic\u00edpio, que incidiram maioritariamente sobre os potenciais efeitos negativos deste empreendimento para a popula\u00e7\u00e3o da \u00e1rea envolvente.<\/p>\n<p>Conhecendo-se os constrangimentos que estas obras t\u00eam causado nas popula\u00e7\u00f5es mais pr\u00f3ximas, nomeadamente do Bairro de Santa Luzia, Tapada do Esquinaleiro, Quintas do Evaristo e Bairro da Caeira, mereceram particular aten\u00e7\u00e3o as quest\u00f5es relacionadas com o cumprimento do Plano de Gest\u00e3o Ambiental, a implementa\u00e7\u00e3o do Projeto de Integra\u00e7\u00e3o Paisag\u00edstica, as diversas solu\u00e7\u00f5es t\u00e9cnicas adotadas para mitigar a afeta\u00e7\u00e3o da mobilidade das popula\u00e7\u00f5es, bem como as garantias de seguran\u00e7a nas zonas de inser\u00e7\u00e3o dos novos entroncamentos.<\/p>\n<p>Os representantes da empresa IP deixaram algumas garantias relativamente \u00e0s quest\u00f5es apresentadas pelos eleitos, nomeadamente quanto ao restabelecimento da pavimenta\u00e7\u00e3o dos acessos aos bairros, liga\u00e7\u00f5es \u00e0s paragens de transporte p\u00fablico, minimiza\u00e7\u00e3o do n\u00edvel do ru\u00eddo e vibra\u00e7\u00f5es, e ainda ao escoamento de \u00e1guas pluviais.<\/p>\n<p>\n\t\t<style type=\"text\/css\">\n\t\t\t#gallery-1 {\n\t\t\t\tmargin: auto;\n\t\t\t}\n\t\t\t#gallery-1 .gallery-item {\n\t\t\t\tfloat: left;\n\t\t\t\tmargin-top: 10px;\n\t\t\t\ttext-align: center;\n\t\t\t\twidth: 33%;\n\t\t\t}\n\t\t\t#gallery-1 img {\n\t\t\t\tborder: 2px solid #cfcfcf;\n\t\t\t}\n\t\t\t#gallery-1 .gallery-caption {\n\t\t\t\tmargin-left: 0;\n\t\t\t}\n\t\t\t\/* see gallery_shortcode() in wp-includes\/media.php *\/\n\t\t<\/style>\n\t\t<div id='gallery-1' class='gallery galleryid-34633 gallery-columns-3 gallery-size-full'><dl class='gallery-item'>\n\t\t\t<dt class='gallery-icon landscape'>\n\t\t\t\t<a href='https:\/\/www.cm-evora.pt\/wp-content\/uploads\/2022\/05\/2022_04_29-HO-Visita-eleitos-obras-IP-Cam-Ferro-24.jpg'><img loading=\"lazy\" decoding=\"async\" width=\"1920\" height=\"1234\" src=\"https:\/\/www.cm-evora.pt\/wp-content\/uploads\/2022\/05\/2022_04_29-HO-Visita-eleitos-obras-IP-Cam-Ferro-24.jpg\" class=\"attachment-full size-full\" alt=\"\" srcset=\"https:\/\/www.cm-evora.pt\/wp-content\/uploads\/2022\/05\/2022_04_29-HO-Visita-eleitos-obras-IP-Cam-Ferro-24.jpg 1920w, https:\/\/www.cm-evora.pt\/wp-content\/uploads\/2022\/05\/2022_04_29-HO-Visita-eleitos-obras-IP-Cam-Ferro-24-300x193.jpg 300w, https:\/\/www.cm-evora.pt\/wp-content\/uploads\/2022\/05\/2022_04_29-HO-Visita-eleitos-obras-IP-Cam-Ferro-24-1024x658.jpg 1024w, https:\/\/www.cm-evora.pt\/wp-content\/uploads\/2022\/05\/2022_04_29-HO-Visita-eleitos-obras-IP-Cam-Ferro-24-768x494.jpg 768w, https:\/\/www.cm-evora.pt\/wp-content\/uploads\/2022\/05\/2022_04_29-HO-Visita-eleitos-obras-IP-Cam-Ferro-24-1536x987.jpg 1536w, https:\/\/www.cm-evora.pt\/wp-content\/uploads\/2022\/05\/2022_04_29-HO-Visita-eleitos-obras-IP-Cam-Ferro-24-1320x848.jpg 1320w\" sizes=\"auto, (max-width: 1920px) 100vw, 1920px\" \/><\/a>\n\t\t\t<\/dt><\/dl><dl class='gallery-item'>\n\t\t\t<dt class='gallery-icon landscape'>\n\t\t\t\t<a href='https:\/\/www.cm-evora.pt\/wp-content\/uploads\/2022\/05\/2022_04_29-HO-Visita-eleitos-obras-IP-Cam-Ferro-25.jpg'><img loading=\"lazy\" decoding=\"async\" width=\"1920\" height=\"1223\" src=\"https:\/\/www.cm-evora.pt\/wp-content\/uploads\/2022\/05\/2022_04_29-HO-Visita-eleitos-obras-IP-Cam-Ferro-25.jpg\" class=\"attachment-full size-full\" alt=\"\" srcset=\"https:\/\/www.cm-evora.pt\/wp-content\/uploads\/2022\/05\/2022_04_29-HO-Visita-eleitos-obras-IP-Cam-Ferro-25.jpg 1920w, https:\/\/www.cm-evora.pt\/wp-content\/uploads\/2022\/05\/2022_04_29-HO-Visita-eleitos-obras-IP-Cam-Ferro-25-300x191.jpg 300w, https:\/\/www.cm-evora.pt\/wp-content\/uploads\/2022\/05\/2022_04_29-HO-Visita-eleitos-obras-IP-Cam-Ferro-25-1024x652.jpg 1024w, https:\/\/www.cm-evora.pt\/wp-content\/uploads\/2022\/05\/2022_04_29-HO-Visita-eleitos-obras-IP-Cam-Ferro-25-768x489.jpg 768w, https:\/\/www.cm-evora.pt\/wp-content\/uploads\/2022\/05\/2022_04_29-HO-Visita-eleitos-obras-IP-Cam-Ferro-25-1536x978.jpg 1536w, https:\/\/www.cm-evora.pt\/wp-content\/uploads\/2022\/05\/2022_04_29-HO-Visita-eleitos-obras-IP-Cam-Ferro-25-1320x841.jpg 1320w\" sizes=\"auto, (max-width: 1920px) 100vw, 1920px\" \/><\/a>\n\t\t\t<\/dt><\/dl><dl class='gallery-item'>\n\t\t\t<dt class='gallery-icon landscape'>\n\t\t\t\t<a href='https:\/\/www.cm-evora.pt\/wp-content\/uploads\/2022\/05\/2022_04_29-HO-Visita-eleitos-obras-IP-Cam-Ferro-26.jpg'><img loading=\"lazy\" decoding=\"async\" width=\"1920\" height=\"1271\" src=\"https:\/\/www.cm-evora.pt\/wp-content\/uploads\/2022\/05\/2022_04_29-HO-Visita-eleitos-obras-IP-Cam-Ferro-26.jpg\" class=\"attachment-full size-full\" alt=\"\" srcset=\"https:\/\/www.cm-evora.pt\/wp-content\/uploads\/2022\/05\/2022_04_29-HO-Visita-eleitos-obras-IP-Cam-Ferro-26.jpg 1920w, https:\/\/www.cm-evora.pt\/wp-content\/uploads\/2022\/05\/2022_04_29-HO-Visita-eleitos-obras-IP-Cam-Ferro-26-300x199.jpg 300w, https:\/\/www.cm-evora.pt\/wp-content\/uploads\/2022\/05\/2022_04_29-HO-Visita-eleitos-obras-IP-Cam-Ferro-26-1024x678.jpg 1024w, https:\/\/www.cm-evora.pt\/wp-content\/uploads\/2022\/05\/2022_04_29-HO-Visita-eleitos-obras-IP-Cam-Ferro-26-768x508.jpg 768w, https:\/\/www.cm-evora.pt\/wp-content\/uploads\/2022\/05\/2022_04_29-HO-Visita-eleitos-obras-IP-Cam-Ferro-26-1536x1017.jpg 1536w, https:\/\/www.cm-evora.pt\/wp-content\/uploads\/2022\/05\/2022_04_29-HO-Visita-eleitos-obras-IP-Cam-Ferro-26-1320x874.jpg 1320w\" sizes=\"auto, (max-width: 1920px) 100vw, 1920px\" \/><\/a>\n\t\t\t<\/dt><\/dl><br style=\"clear: both\" \/><dl class='gallery-item'>\n\t\t\t<dt class='gallery-icon landscape'>\n\t\t\t\t<a href='https:\/\/www.cm-evora.pt\/wp-content\/uploads\/2022\/05\/2022_04_29-HO-Visita-eleitos-obras-IP-Cam-Ferro-27.jpg'><img loading=\"lazy\" decoding=\"async\" width=\"1920\" height=\"1219\" src=\"https:\/\/www.cm-evora.pt\/wp-content\/uploads\/2022\/05\/2022_04_29-HO-Visita-eleitos-obras-IP-Cam-Ferro-27.jpg\" class=\"attachment-full size-full\" alt=\"\" srcset=\"https:\/\/www.cm-evora.pt\/wp-content\/uploads\/2022\/05\/2022_04_29-HO-Visita-eleitos-obras-IP-Cam-Ferro-27.jpg 1920w, https:\/\/www.cm-evora.pt\/wp-content\/uploads\/2022\/05\/2022_04_29-HO-Visita-eleitos-obras-IP-Cam-Ferro-27-300x190.jpg 300w, https:\/\/www.cm-evora.pt\/wp-content\/uploads\/2022\/05\/2022_04_29-HO-Visita-eleitos-obras-IP-Cam-Ferro-27-1024x650.jpg 1024w, https:\/\/www.cm-evora.pt\/wp-content\/uploads\/2022\/05\/2022_04_29-HO-Visita-eleitos-obras-IP-Cam-Ferro-27-768x488.jpg 768w, https:\/\/www.cm-evora.pt\/wp-content\/uploads\/2022\/05\/2022_04_29-HO-Visita-eleitos-obras-IP-Cam-Ferro-27-1536x975.jpg 1536w, https:\/\/www.cm-evora.pt\/wp-content\/uploads\/2022\/05\/2022_04_29-HO-Visita-eleitos-obras-IP-Cam-Ferro-27-1320x838.jpg 1320w\" sizes=\"auto, (max-width: 1920px) 100vw, 1920px\" \/><\/a>\n\t\t\t<\/dt><\/dl><dl class='gallery-item'>\n\t\t\t<dt class='gallery-icon landscape'>\n\t\t\t\t<a href='https:\/\/www.cm-evora.pt\/wp-content\/uploads\/2022\/05\/2022_04_29-HO-Visita-eleitos-obras-IP-Cam-Ferro-28.jpg'><img loading=\"lazy\" decoding=\"async\" width=\"1920\" height=\"1280\" src=\"https:\/\/www.cm-evora.pt\/wp-content\/uploads\/2022\/05\/2022_04_29-HO-Visita-eleitos-obras-IP-Cam-Ferro-28.jpg\" class=\"attachment-full size-full\" alt=\"\" srcset=\"https:\/\/www.cm-evora.pt\/wp-content\/uploads\/2022\/05\/2022_04_29-HO-Visita-eleitos-obras-IP-Cam-Ferro-28.jpg 1920w, https:\/\/www.cm-evora.pt\/wp-content\/uploads\/2022\/05\/2022_04_29-HO-Visita-eleitos-obras-IP-Cam-Ferro-28-300x200.jpg 300w, https:\/\/www.cm-evora.pt\/wp-content\/uploads\/2022\/05\/2022_04_29-HO-Visita-eleitos-obras-IP-Cam-Ferro-28-1024x683.jpg 1024w, https:\/\/www.cm-evora.pt\/wp-content\/uploads\/2022\/05\/2022_04_29-HO-Visita-eleitos-obras-IP-Cam-Ferro-28-768x512.jpg 768w, https:\/\/www.cm-evora.pt\/wp-content\/uploads\/2022\/05\/2022_04_29-HO-Visita-eleitos-obras-IP-Cam-Ferro-28-1536x1024.jpg 1536w, https:\/\/www.cm-evora.pt\/wp-content\/uploads\/2022\/05\/2022_04_29-HO-Visita-eleitos-obras-IP-Cam-Ferro-28-1320x880.jpg 1320w\" sizes=\"auto, (max-width: 1920px) 100vw, 1920px\" \/><\/a>\n\t\t\t<\/dt><\/dl><dl class='gallery-item'>\n\t\t\t<dt class='gallery-icon landscape'>\n\t\t\t\t<a href='https:\/\/www.cm-evora.pt\/wp-content\/uploads\/2022\/05\/2022_04_29-HO-Visita-eleitos-obras-IP-Cam-Ferro-29.jpg'><img loading=\"lazy\" decoding=\"async\" width=\"1920\" height=\"1217\" src=\"https:\/\/www.cm-evora.pt\/wp-content\/uploads\/2022\/05\/2022_04_29-HO-Visita-eleitos-obras-IP-Cam-Ferro-29.jpg\" class=\"attachment-full size-full\" alt=\"\" srcset=\"https:\/\/www.cm-evora.pt\/wp-content\/uploads\/2022\/05\/2022_04_29-HO-Visita-eleitos-obras-IP-Cam-Ferro-29.jpg 1920w, https:\/\/www.cm-evora.pt\/wp-content\/uploads\/2022\/05\/2022_04_29-HO-Visita-eleitos-obras-IP-Cam-Ferro-29-300x190.jpg 300w, https:\/\/www.cm-evora.pt\/wp-content\/uploads\/2022\/05\/2022_04_29-HO-Visita-eleitos-obras-IP-Cam-Ferro-29-1024x649.jpg 1024w, https:\/\/www.cm-evora.pt\/wp-content\/uploads\/2022\/05\/2022_04_29-HO-Visita-eleitos-obras-IP-Cam-Ferro-29-768x487.jpg 768w, https:\/\/www.cm-evora.pt\/wp-content\/uploads\/2022\/05\/2022_04_29-HO-Visita-eleitos-obras-IP-Cam-Ferro-29-1536x974.jpg 1536w, https:\/\/www.cm-evora.pt\/wp-content\/uploads\/2022\/05\/2022_04_29-HO-Visita-eleitos-obras-IP-Cam-Ferro-29-1320x837.jpg 1320w\" sizes=\"auto, (max-width: 1920px) 100vw, 1920px\" \/><\/a>\n\t\t\t<\/dt><\/dl><br style=\"clear: both\" \/><dl class='gallery-item'>\n\t\t\t<dt class='gallery-icon landscape'>\n\t\t\t\t<a href='https:\/\/www.cm-evora.pt\/wp-content\/uploads\/2022\/05\/2022_04_29-HO-Visita-eleitos-obras-IP-Cam-Ferro-30.jpg'><img loading=\"lazy\" decoding=\"async\" width=\"1920\" height=\"1280\" src=\"https:\/\/www.cm-evora.pt\/wp-content\/uploads\/2022\/05\/2022_04_29-HO-Visita-eleitos-obras-IP-Cam-Ferro-30.jpg\" class=\"attachment-full size-full\" alt=\"\" srcset=\"https:\/\/www.cm-evora.pt\/wp-content\/uploads\/2022\/05\/2022_04_29-HO-Visita-eleitos-obras-IP-Cam-Ferro-30.jpg 1920w, https:\/\/www.cm-evora.pt\/wp-content\/uploads\/2022\/05\/2022_04_29-HO-Visita-eleitos-obras-IP-Cam-Ferro-30-300x200.jpg 300w, https:\/\/www.cm-evora.pt\/wp-content\/uploads\/2022\/05\/2022_04_29-HO-Visita-eleitos-obras-IP-Cam-Ferro-30-1024x683.jpg 1024w, https:\/\/www.cm-evora.pt\/wp-content\/uploads\/2022\/05\/2022_04_29-HO-Visita-eleitos-obras-IP-Cam-Ferro-30-768x512.jpg 768w, https:\/\/www.cm-evora.pt\/wp-content\/uploads\/2022\/05\/2022_04_29-HO-Visita-eleitos-obras-IP-Cam-Ferro-30-1536x1024.jpg 1536w, https:\/\/www.cm-evora.pt\/wp-content\/uploads\/2022\/05\/2022_04_29-HO-Visita-eleitos-obras-IP-Cam-Ferro-30-1320x880.jpg 1320w\" sizes=\"auto, (max-width: 1920px) 100vw, 1920px\" \/><\/a>\n\t\t\t<\/dt><\/dl><dl class='gallery-item'>\n\t\t\t<dt class='gallery-icon landscape'>\n\t\t\t\t<a href='https:\/\/www.cm-evora.pt\/wp-content\/uploads\/2022\/05\/2022_04_29-HO-Visita-eleitos-obras-IP-Cam-Ferro-31.jpg'><img loading=\"lazy\" decoding=\"async\" width=\"1919\" height=\"1240\" src=\"https:\/\/www.cm-evora.pt\/wp-content\/uploads\/2022\/05\/2022_04_29-HO-Visita-eleitos-obras-IP-Cam-Ferro-31.jpg\" class=\"attachment-full size-full\" alt=\"\" srcset=\"https:\/\/www.cm-evora.pt\/wp-content\/uploads\/2022\/05\/2022_04_29-HO-Visita-eleitos-obras-IP-Cam-Ferro-31.jpg 1919w, https:\/\/www.cm-evora.pt\/wp-content\/uploads\/2022\/05\/2022_04_29-HO-Visita-eleitos-obras-IP-Cam-Ferro-31-300x194.jpg 300w, https:\/\/www.cm-evora.pt\/wp-content\/uploads\/2022\/05\/2022_04_29-HO-Visita-eleitos-obras-IP-Cam-Ferro-31-1024x662.jpg 1024w, https:\/\/www.cm-evora.pt\/wp-content\/uploads\/2022\/05\/2022_04_29-HO-Visita-eleitos-obras-IP-Cam-Ferro-31-768x496.jpg 768w, https:\/\/www.cm-evora.pt\/wp-content\/uploads\/2022\/05\/2022_04_29-HO-Visita-eleitos-obras-IP-Cam-Ferro-31-1536x993.jpg 1536w, https:\/\/www.cm-evora.pt\/wp-content\/uploads\/2022\/05\/2022_04_29-HO-Visita-eleitos-obras-IP-Cam-Ferro-31-1320x853.jpg 1320w\" sizes=\"auto, (max-width: 1919px) 100vw, 1919px\" \/><\/a>\n\t\t\t<\/dt><\/dl><dl class='gallery-item'>\n\t\t\t<dt class='gallery-icon landscape'>\n\t\t\t\t<a href='https:\/\/www.cm-evora.pt\/wp-content\/uploads\/2022\/05\/2022_04_29-HO-Visita-eleitos-obras-IP-Cam-Ferro-32.jpg'><img loading=\"lazy\" decoding=\"async\" width=\"1920\" height=\"1280\" src=\"https:\/\/www.cm-evora.pt\/wp-content\/uploads\/2022\/05\/2022_04_29-HO-Visita-eleitos-obras-IP-Cam-Ferro-32.jpg\" class=\"attachment-full size-full\" alt=\"\" srcset=\"https:\/\/www.cm-evora.pt\/wp-content\/uploads\/2022\/05\/2022_04_29-HO-Visita-eleitos-obras-IP-Cam-Ferro-32.jpg 1920w, https:\/\/www.cm-evora.pt\/wp-content\/uploads\/2022\/05\/2022_04_29-HO-Visita-eleitos-obras-IP-Cam-Ferro-32-300x200.jpg 300w, https:\/\/www.cm-evora.pt\/wp-content\/uploads\/2022\/05\/2022_04_29-HO-Visita-eleitos-obras-IP-Cam-Ferro-32-1024x683.jpg 1024w, https:\/\/www.cm-evora.pt\/wp-content\/uploads\/2022\/05\/2022_04_29-HO-Visita-eleitos-obras-IP-Cam-Ferro-32-768x512.jpg 768w, https:\/\/www.cm-evora.pt\/wp-content\/uploads\/2022\/05\/2022_04_29-HO-Visita-eleitos-obras-IP-Cam-Ferro-32-1536x1024.jpg 1536w, https:\/\/www.cm-evora.pt\/wp-content\/uploads\/2022\/05\/2022_04_29-HO-Visita-eleitos-obras-IP-Cam-Ferro-32-1320x880.jpg 1320w\" sizes=\"auto, (max-width: 1920px) 100vw, 1920px\" \/><\/a>\n\t\t\t<\/dt><\/dl><br style=\"clear: both\" \/><dl class='gallery-item'>\n\t\t\t<dt class='gallery-icon landscape'>\n\t\t\t\t<a href='https:\/\/www.cm-evora.pt\/wp-content\/uploads\/2022\/05\/2022_04_29-HO-Visita-eleitos-obras-IP-Cam-Ferro-33.jpg'><img loading=\"lazy\" decoding=\"async\" width=\"1920\" height=\"1253\" src=\"https:\/\/www.cm-evora.pt\/wp-content\/uploads\/2022\/05\/2022_04_29-HO-Visita-eleitos-obras-IP-Cam-Ferro-33.jpg\" class=\"attachment-full size-full\" alt=\"\" srcset=\"https:\/\/www.cm-evora.pt\/wp-content\/uploads\/2022\/05\/2022_04_29-HO-Visita-eleitos-obras-IP-Cam-Ferro-33.jpg 1920w, https:\/\/www.cm-evora.pt\/wp-content\/uploads\/2022\/05\/2022_04_29-HO-Visita-eleitos-obras-IP-Cam-Ferro-33-300x196.jpg 300w, https:\/\/www.cm-evora.pt\/wp-content\/uploads\/2022\/05\/2022_04_29-HO-Visita-eleitos-obras-IP-Cam-Ferro-33-1024x668.jpg 1024w, https:\/\/www.cm-evora.pt\/wp-content\/uploads\/2022\/05\/2022_04_29-HO-Visita-eleitos-obras-IP-Cam-Ferro-33-768x501.jpg 768w, https:\/\/www.cm-evora.pt\/wp-content\/uploads\/2022\/05\/2022_04_29-HO-Visita-eleitos-obras-IP-Cam-Ferro-33-1536x1002.jpg 1536w, https:\/\/www.cm-evora.pt\/wp-content\/uploads\/2022\/05\/2022_04_29-HO-Visita-eleitos-obras-IP-Cam-Ferro-33-1320x861.jpg 1320w\" sizes=\"auto, (max-width: 1920px) 100vw, 1920px\" \/><\/a>\n\t\t\t<\/dt><\/dl><dl class='gallery-item'>\n\t\t\t<dt class='gallery-icon landscape'>\n\t\t\t\t<a href='https:\/\/www.cm-evora.pt\/wp-content\/uploads\/2022\/05\/2022_04_29-HO-Visita-eleitos-obras-IP-Cam-Ferro-34.jpg'><img loading=\"lazy\" decoding=\"async\" width=\"1920\" height=\"1274\" src=\"https:\/\/www.cm-evora.pt\/wp-content\/uploads\/2022\/05\/2022_04_29-HO-Visita-eleitos-obras-IP-Cam-Ferro-34.jpg\" class=\"attachment-full size-full\" alt=\"\" srcset=\"https:\/\/www.cm-evora.pt\/wp-content\/uploads\/2022\/05\/2022_04_29-HO-Visita-eleitos-obras-IP-Cam-Ferro-34.jpg 1920w, https:\/\/www.cm-evora.pt\/wp-content\/uploads\/2022\/05\/2022_04_29-HO-Visita-eleitos-obras-IP-Cam-Ferro-34-300x199.jpg 300w, https:\/\/www.cm-evora.pt\/wp-content\/uploads\/2022\/05\/2022_04_29-HO-Visita-eleitos-obras-IP-Cam-Ferro-34-1024x679.jpg 1024w, https:\/\/www.cm-evora.pt\/wp-content\/uploads\/2022\/05\/2022_04_29-HO-Visita-eleitos-obras-IP-Cam-Ferro-34-768x510.jpg 768w, https:\/\/www.cm-evora.pt\/wp-content\/uploads\/2022\/05\/2022_04_29-HO-Visita-eleitos-obras-IP-Cam-Ferro-34-1536x1019.jpg 1536w, https:\/\/www.cm-evora.pt\/wp-content\/uploads\/2022\/05\/2022_04_29-HO-Visita-eleitos-obras-IP-Cam-Ferro-34-1320x876.jpg 1320w\" sizes=\"auto, (max-width: 1920px) 100vw, 1920px\" \/><\/a>\n\t\t\t<\/dt><\/dl><dl class='gallery-item'>\n\t\t\t<dt class='gallery-icon landscape'>\n\t\t\t\t<a href='https:\/\/www.cm-evora.pt\/wp-content\/uploads\/2022\/05\/2022_04_29-HO-Visita-eleitos-obras-IP-Cam-Ferro-35.jpg'><img loading=\"lazy\" decoding=\"async\" width=\"1919\" height=\"1257\" src=\"https:\/\/www.cm-evora.pt\/wp-content\/uploads\/2022\/05\/2022_04_29-HO-Visita-eleitos-obras-IP-Cam-Ferro-35.jpg\" class=\"attachment-full size-full\" alt=\"\" srcset=\"https:\/\/www.cm-evora.pt\/wp-content\/uploads\/2022\/05\/2022_04_29-HO-Visita-eleitos-obras-IP-Cam-Ferro-35.jpg 1919w, https:\/\/www.cm-evora.pt\/wp-content\/uploads\/2022\/05\/2022_04_29-HO-Visita-eleitos-obras-IP-Cam-Ferro-35-300x197.jpg 300w, https:\/\/www.cm-evora.pt\/wp-content\/uploads\/2022\/05\/2022_04_29-HO-Visita-eleitos-obras-IP-Cam-Ferro-35-1024x671.jpg 1024w, https:\/\/www.cm-evora.pt\/wp-content\/uploads\/2022\/05\/2022_04_29-HO-Visita-eleitos-obras-IP-Cam-Ferro-35-768x503.jpg 768w, https:\/\/www.cm-evora.pt\/wp-content\/uploads\/2022\/05\/2022_04_29-HO-Visita-eleitos-obras-IP-Cam-Ferro-35-1536x1006.jpg 1536w, https:\/\/www.cm-evora.pt\/wp-content\/uploads\/2022\/05\/2022_04_29-HO-Visita-eleitos-obras-IP-Cam-Ferro-35-1320x865.jpg 1320w\" sizes=\"auto, (max-width: 1919px) 100vw, 1919px\" \/><\/a>\n\t\t\t<\/dt><\/dl><br style=\"clear: both\" \/><dl class='gallery-item'>\n\t\t\t<dt class='gallery-icon landscape'>\n\t\t\t\t<a href='https:\/\/www.cm-evora.pt\/wp-content\/uploads\/2022\/05\/2022_04_29-HO-Visita-eleitos-obras-IP-Cam-Ferro-36.jpg'><img loading=\"lazy\" decoding=\"async\" width=\"1920\" height=\"1280\" src=\"https:\/\/www.cm-evora.pt\/wp-content\/uploads\/2022\/05\/2022_04_29-HO-Visita-eleitos-obras-IP-Cam-Ferro-36.jpg\" class=\"attachment-full size-full\" alt=\"\" srcset=\"https:\/\/www.cm-evora.pt\/wp-content\/uploads\/2022\/05\/2022_04_29-HO-Visita-eleitos-obras-IP-Cam-Ferro-36.jpg 1920w, https:\/\/www.cm-evora.pt\/wp-content\/uploads\/2022\/05\/2022_04_29-HO-Visita-eleitos-obras-IP-Cam-Ferro-36-300x200.jpg 300w, https:\/\/www.cm-evora.pt\/wp-content\/uploads\/2022\/05\/2022_04_29-HO-Visita-eleitos-obras-IP-Cam-Ferro-36-1024x683.jpg 1024w, https:\/\/www.cm-evora.pt\/wp-content\/uploads\/2022\/05\/2022_04_29-HO-Visita-eleitos-obras-IP-Cam-Ferro-36-768x512.jpg 768w, https:\/\/www.cm-evora.pt\/wp-content\/uploads\/2022\/05\/2022_04_29-HO-Visita-eleitos-obras-IP-Cam-Ferro-36-1536x1024.jpg 1536w, https:\/\/www.cm-evora.pt\/wp-content\/uploads\/2022\/05\/2022_04_29-HO-Visita-eleitos-obras-IP-Cam-Ferro-36-1320x880.jpg 1320w\" sizes=\"auto, (max-width: 1920px) 100vw, 1920px\" \/><\/a>\n\t\t\t<\/dt><\/dl><dl class='gallery-item'>\n\t\t\t<dt class='gallery-icon landscape'>\n\t\t\t\t<a href='https:\/\/www.cm-evora.pt\/wp-content\/uploads\/2022\/05\/2022_04_29-HO-Visita-eleitos-obras-IP-Cam-Ferro-37.jpg'><img loading=\"lazy\" decoding=\"async\" width=\"1920\" height=\"1280\" src=\"https:\/\/www.cm-evora.pt\/wp-content\/uploads\/2022\/05\/2022_04_29-HO-Visita-eleitos-obras-IP-Cam-Ferro-37.jpg\" class=\"attachment-full size-full\" alt=\"\" srcset=\"https:\/\/www.cm-evora.pt\/wp-content\/uploads\/2022\/05\/2022_04_29-HO-Visita-eleitos-obras-IP-Cam-Ferro-37.jpg 1920w, https:\/\/www.cm-evora.pt\/wp-content\/uploads\/2022\/05\/2022_04_29-HO-Visita-eleitos-obras-IP-Cam-Ferro-37-300x200.jpg 300w, https:\/\/www.cm-evora.pt\/wp-content\/uploads\/2022\/05\/2022_04_29-HO-Visita-eleitos-obras-IP-Cam-Ferro-37-1024x683.jpg 1024w, https:\/\/www.cm-evora.pt\/wp-content\/uploads\/2022\/05\/2022_04_29-HO-Visita-eleitos-obras-IP-Cam-Ferro-37-768x512.jpg 768w, https:\/\/www.cm-evora.pt\/wp-content\/uploads\/2022\/05\/2022_04_29-HO-Visita-eleitos-obras-IP-Cam-Ferro-37-1536x1024.jpg 1536w, https:\/\/www.cm-evora.pt\/wp-content\/uploads\/2022\/05\/2022_04_29-HO-Visita-eleitos-obras-IP-Cam-Ferro-37-1320x880.jpg 1320w\" sizes=\"auto, (max-width: 1920px) 100vw, 1920px\" \/><\/a>\n\t\t\t<\/dt><\/dl><dl class='gallery-item'>\n\t\t\t<dt class='gallery-icon landscape'>\n\t\t\t\t<a href='https:\/\/www.cm-evora.pt\/wp-content\/uploads\/2022\/05\/2022_04_29-HO-Visita-eleitos-obras-IP-Cam-Ferro-39.jpg'><img loading=\"lazy\" decoding=\"async\" width=\"1920\" height=\"1181\" src=\"https:\/\/www.cm-evora.pt\/wp-content\/uploads\/2022\/05\/2022_04_29-HO-Visita-eleitos-obras-IP-Cam-Ferro-39.jpg\" class=\"attachment-full size-full\" alt=\"\" srcset=\"https:\/\/www.cm-evora.pt\/wp-content\/uploads\/2022\/05\/2022_04_29-HO-Visita-eleitos-obras-IP-Cam-Ferro-39.jpg 1920w, https:\/\/www.cm-evora.pt\/wp-content\/uploads\/2022\/05\/2022_04_29-HO-Visita-eleitos-obras-IP-Cam-Ferro-39-300x185.jpg 300w, https:\/\/www.cm-evora.pt\/wp-content\/uploads\/2022\/05\/2022_04_29-HO-Visita-eleitos-obras-IP-Cam-Ferro-39-1024x630.jpg 1024w, https:\/\/www.cm-evora.pt\/wp-content\/uploads\/2022\/05\/2022_04_29-HO-Visita-eleitos-obras-IP-Cam-Ferro-39-768x472.jpg 768w, https:\/\/www.cm-evora.pt\/wp-content\/uploads\/2022\/05\/2022_04_29-HO-Visita-eleitos-obras-IP-Cam-Ferro-39-1536x945.jpg 1536w, https:\/\/www.cm-evora.pt\/wp-content\/uploads\/2022\/05\/2022_04_29-HO-Visita-eleitos-obras-IP-Cam-Ferro-39-1320x812.jpg 1320w\" sizes=\"auto, (max-width: 1920px) 100vw, 1920px\" \/><\/a>\n\t\t\t<\/dt><\/dl><br style=\"clear: both\" \/><dl class='gallery-item'>\n\t\t\t<dt class='gallery-icon landscape'>\n\t\t\t\t<a href='https:\/\/www.cm-evora.pt\/wp-content\/uploads\/2022\/05\/2022_04_29-HO-Visita-eleitos-obras-IP-Cam-Ferro-40.jpg'><img loading=\"lazy\" decoding=\"async\" width=\"1920\" height=\"1280\" src=\"https:\/\/www.cm-evora.pt\/wp-content\/uploads\/2022\/05\/2022_04_29-HO-Visita-eleitos-obras-IP-Cam-Ferro-40.jpg\" class=\"attachment-full size-full\" alt=\"\" srcset=\"https:\/\/www.cm-evora.pt\/wp-content\/uploads\/2022\/05\/2022_04_29-HO-Visita-eleitos-obras-IP-Cam-Ferro-40.jpg 1920w, https:\/\/www.cm-evora.pt\/wp-content\/uploads\/2022\/05\/2022_04_29-HO-Visita-eleitos-obras-IP-Cam-Ferro-40-300x200.jpg 300w, https:\/\/www.cm-evora.pt\/wp-content\/uploads\/2022\/05\/2022_04_29-HO-Visita-eleitos-obras-IP-Cam-Ferro-40-1024x683.jpg 1024w, https:\/\/www.cm-evora.pt\/wp-content\/uploads\/2022\/05\/2022_04_29-HO-Visita-eleitos-obras-IP-Cam-Ferro-40-768x512.jpg 768w, https:\/\/www.cm-evora.pt\/wp-content\/uploads\/2022\/05\/2022_04_29-HO-Visita-eleitos-obras-IP-Cam-Ferro-40-1536x1024.jpg 1536w, https:\/\/www.cm-evora.pt\/wp-content\/uploads\/2022\/05\/2022_04_29-HO-Visita-eleitos-obras-IP-Cam-Ferro-40-1320x880.jpg 1320w\" sizes=\"auto, (max-width: 1920px) 100vw, 1920px\" \/><\/a>\n\t\t\t<\/dt><\/dl><dl class='gallery-item'>\n\t\t\t<dt class='gallery-icon landscape'>\n\t\t\t\t<a href='https:\/\/www.cm-evora.pt\/wp-content\/uploads\/2022\/05\/2022_04_29-HO-Visita-eleitos-obras-IP-Cam-Ferro-41.jpg'><img loading=\"lazy\" decoding=\"async\" width=\"1919\" height=\"1255\" src=\"https:\/\/www.cm-evora.pt\/wp-content\/uploads\/2022\/05\/2022_04_29-HO-Visita-eleitos-obras-IP-Cam-Ferro-41.jpg\" class=\"attachment-full size-full\" alt=\"\" srcset=\"https:\/\/www.cm-evora.pt\/wp-content\/uploads\/2022\/05\/2022_04_29-HO-Visita-eleitos-obras-IP-Cam-Ferro-41.jpg 1919w, https:\/\/www.cm-evora.pt\/wp-content\/uploads\/2022\/05\/2022_04_29-HO-Visita-eleitos-obras-IP-Cam-Ferro-41-300x196.jpg 300w, https:\/\/www.cm-evora.pt\/wp-content\/uploads\/2022\/05\/2022_04_29-HO-Visita-eleitos-obras-IP-Cam-Ferro-41-1024x670.jpg 1024w, https:\/\/www.cm-evora.pt\/wp-content\/uploads\/2022\/05\/2022_04_29-HO-Visita-eleitos-obras-IP-Cam-Ferro-41-768x502.jpg 768w, https:\/\/www.cm-evora.pt\/wp-content\/uploads\/2022\/05\/2022_04_29-HO-Visita-eleitos-obras-IP-Cam-Ferro-41-1536x1005.jpg 1536w, https:\/\/www.cm-evora.pt\/wp-content\/uploads\/2022\/05\/2022_04_29-HO-Visita-eleitos-obras-IP-Cam-Ferro-41-1320x863.jpg 1320w\" sizes=\"auto, (max-width: 1919px) 100vw, 1919px\" \/><\/a>\n\t\t\t<\/dt><\/dl><dl class='gallery-item'>\n\t\t\t<dt class='gallery-icon landscape'>\n\t\t\t\t<a href='https:\/\/www.cm-evora.pt\/wp-content\/uploads\/2022\/05\/2022_04_29-HO-Visita-eleitos-obras-IP-Cam-Ferro-42.jpg'><img loading=\"lazy\" decoding=\"async\" width=\"1919\" height=\"1193\" src=\"https:\/\/www.cm-evora.pt\/wp-content\/uploads\/2022\/05\/2022_04_29-HO-Visita-eleitos-obras-IP-Cam-Ferro-42.jpg\" class=\"attachment-full size-full\" alt=\"\" srcset=\"https:\/\/www.cm-evora.pt\/wp-content\/uploads\/2022\/05\/2022_04_29-HO-Visita-eleitos-obras-IP-Cam-Ferro-42.jpg 1919w, https:\/\/www.cm-evora.pt\/wp-content\/uploads\/2022\/05\/2022_04_29-HO-Visita-eleitos-obras-IP-Cam-Ferro-42-300x187.jpg 300w, https:\/\/www.cm-evora.pt\/wp-content\/uploads\/2022\/05\/2022_04_29-HO-Visita-eleitos-obras-IP-Cam-Ferro-42-1024x637.jpg 1024w, https:\/\/www.cm-evora.pt\/wp-content\/uploads\/2022\/05\/2022_04_29-HO-Visita-eleitos-obras-IP-Cam-Ferro-42-768x477.jpg 768w, https:\/\/www.cm-evora.pt\/wp-content\/uploads\/2022\/05\/2022_04_29-HO-Visita-eleitos-obras-IP-Cam-Ferro-42-1536x955.jpg 1536w, https:\/\/www.cm-evora.pt\/wp-content\/uploads\/2022\/05\/2022_04_29-HO-Visita-eleitos-obras-IP-Cam-Ferro-42-1320x821.jpg 1320w\" sizes=\"auto, (max-width: 1919px) 100vw, 1919px\" \/><\/a>\n\t\t\t<\/dt><\/dl><br style=\"clear: both\" \/><dl class='gallery-item'>\n\t\t\t<dt class='gallery-icon landscape'>\n\t\t\t\t<a href='https:\/\/www.cm-evora.pt\/wp-content\/uploads\/2022\/05\/2022_04_29-HO-Visita-eleitos-obras-IP-Cam-Ferro-43.jpg'><img loading=\"lazy\" decoding=\"async\" width=\"1920\" height=\"1260\" src=\"https:\/\/www.cm-evora.pt\/wp-content\/uploads\/2022\/05\/2022_04_29-HO-Visita-eleitos-obras-IP-Cam-Ferro-43.jpg\" class=\"attachment-full size-full\" alt=\"\" srcset=\"https:\/\/www.cm-evora.pt\/wp-content\/uploads\/2022\/05\/2022_04_29-HO-Visita-eleitos-obras-IP-Cam-Ferro-43.jpg 1920w, https:\/\/www.cm-evora.pt\/wp-content\/uploads\/2022\/05\/2022_04_29-HO-Visita-eleitos-obras-IP-Cam-Ferro-43-300x197.jpg 300w, https:\/\/www.cm-evora.pt\/wp-content\/uploads\/2022\/05\/2022_04_29-HO-Visita-eleitos-obras-IP-Cam-Ferro-43-1024x672.jpg 1024w, https:\/\/www.cm-evora.pt\/wp-content\/uploads\/2022\/05\/2022_04_29-HO-Visita-eleitos-obras-IP-Cam-Ferro-43-768x504.jpg 768w, https:\/\/www.cm-evora.pt\/wp-content\/uploads\/2022\/05\/2022_04_29-HO-Visita-eleitos-obras-IP-Cam-Ferro-43-1536x1008.jpg 1536w, https:\/\/www.cm-evora.pt\/wp-content\/uploads\/2022\/05\/2022_04_29-HO-Visita-eleitos-obras-IP-Cam-Ferro-43-1320x866.jpg 1320w\" sizes=\"auto, (max-width: 1920px) 100vw, 1920px\" \/><\/a>\n\t\t\t<\/dt><\/dl><dl class='gallery-item'>\n\t\t\t<dt class='gallery-icon landscape'>\n\t\t\t\t<a href='https:\/\/www.cm-evora.pt\/wp-content\/uploads\/2022\/05\/2022_04_29-HO-Visita-eleitos-obras-IP-Cam-Ferro.jpg'><img loading=\"lazy\" decoding=\"async\" width=\"1920\" height=\"1319\" src=\"https:\/\/www.cm-evora.pt\/wp-content\/uploads\/2022\/05\/2022_04_29-HO-Visita-eleitos-obras-IP-Cam-Ferro.jpg\" class=\"attachment-full size-full\" alt=\"\" srcset=\"https:\/\/www.cm-evora.pt\/wp-content\/uploads\/2022\/05\/2022_04_29-HO-Visita-eleitos-obras-IP-Cam-Ferro.jpg 1920w, https:\/\/www.cm-evora.pt\/wp-content\/uploads\/2022\/05\/2022_04_29-HO-Visita-eleitos-obras-IP-Cam-Ferro-300x206.jpg 300w, https:\/\/www.cm-evora.pt\/wp-content\/uploads\/2022\/05\/2022_04_29-HO-Visita-eleitos-obras-IP-Cam-Ferro-1024x703.jpg 1024w, https:\/\/www.cm-evora.pt\/wp-content\/uploads\/2022\/05\/2022_04_29-HO-Visita-eleitos-obras-IP-Cam-Ferro-768x528.jpg 768w, https:\/\/www.cm-evora.pt\/wp-content\/uploads\/2022\/05\/2022_04_29-HO-Visita-eleitos-obras-IP-Cam-Ferro-1536x1055.jpg 1536w, https:\/\/www.cm-evora.pt\/wp-content\/uploads\/2022\/05\/2022_04_29-HO-Visita-eleitos-obras-IP-Cam-Ferro-1320x907.jpg 1320w\" sizes=\"auto, (max-width: 1920px) 100vw, 1920px\" \/><\/a>\n\t\t\t<\/dt><\/dl><dl class='gallery-item'>\n\t\t\t<dt class='gallery-icon landscape'>\n\t\t\t\t<a href='https:\/\/www.cm-evora.pt\/wp-content\/uploads\/2022\/05\/2022_04_29-HO-Visita-eleitos-obras-IP-Cam-Ferro-2.jpg'><img loading=\"lazy\" decoding=\"async\" width=\"1920\" height=\"1280\" src=\"https:\/\/www.cm-evora.pt\/wp-content\/uploads\/2022\/05\/2022_04_29-HO-Visita-eleitos-obras-IP-Cam-Ferro-2.jpg\" class=\"attachment-full size-full\" alt=\"\" srcset=\"https:\/\/www.cm-evora.pt\/wp-content\/uploads\/2022\/05\/2022_04_29-HO-Visita-eleitos-obras-IP-Cam-Ferro-2.jpg 1920w, https:\/\/www.cm-evora.pt\/wp-content\/uploads\/2022\/05\/2022_04_29-HO-Visita-eleitos-obras-IP-Cam-Ferro-2-300x200.jpg 300w, https:\/\/www.cm-evora.pt\/wp-content\/uploads\/2022\/05\/2022_04_29-HO-Visita-eleitos-obras-IP-Cam-Ferro-2-1024x683.jpg 1024w, https:\/\/www.cm-evora.pt\/wp-content\/uploads\/2022\/05\/2022_04_29-HO-Visita-eleitos-obras-IP-Cam-Ferro-2-768x512.jpg 768w, https:\/\/www.cm-evora.pt\/wp-content\/uploads\/2022\/05\/2022_04_29-HO-Visita-eleitos-obras-IP-Cam-Ferro-2-1536x1024.jpg 1536w, https:\/\/www.cm-evora.pt\/wp-content\/uploads\/2022\/05\/2022_04_29-HO-Visita-eleitos-obras-IP-Cam-Ferro-2-1320x880.jpg 1320w\" sizes=\"auto, (max-width: 1920px) 100vw, 1920px\" \/><\/a>\n\t\t\t<\/dt><\/dl><br style=\"clear: both\" \/><dl class='gallery-item'>\n\t\t\t<dt class='gallery-icon landscape'>\n\t\t\t\t<a href='https:\/\/www.cm-evora.pt\/wp-content\/uploads\/2022\/05\/2022_04_29-HO-Visita-eleitos-obras-IP-Cam-Ferro-3.jpg'><img loading=\"lazy\" decoding=\"async\" width=\"1920\" height=\"1259\" src=\"https:\/\/www.cm-evora.pt\/wp-content\/uploads\/2022\/05\/2022_04_29-HO-Visita-eleitos-obras-IP-Cam-Ferro-3.jpg\" class=\"attachment-full size-full\" alt=\"\" srcset=\"https:\/\/www.cm-evora.pt\/wp-content\/uploads\/2022\/05\/2022_04_29-HO-Visita-eleitos-obras-IP-Cam-Ferro-3.jpg 1920w, https:\/\/www.cm-evora.pt\/wp-content\/uploads\/2022\/05\/2022_04_29-HO-Visita-eleitos-obras-IP-Cam-Ferro-3-300x197.jpg 300w, https:\/\/www.cm-evora.pt\/wp-content\/uploads\/2022\/05\/2022_04_29-HO-Visita-eleitos-obras-IP-Cam-Ferro-3-1024x671.jpg 1024w, https:\/\/www.cm-evora.pt\/wp-content\/uploads\/2022\/05\/2022_04_29-HO-Visita-eleitos-obras-IP-Cam-Ferro-3-768x504.jpg 768w, https:\/\/www.cm-evora.pt\/wp-content\/uploads\/2022\/05\/2022_04_29-HO-Visita-eleitos-obras-IP-Cam-Ferro-3-1536x1007.jpg 1536w, https:\/\/www.cm-evora.pt\/wp-content\/uploads\/2022\/05\/2022_04_29-HO-Visita-eleitos-obras-IP-Cam-Ferro-3-1320x866.jpg 1320w\" sizes=\"auto, (max-width: 1920px) 100vw, 1920px\" \/><\/a>\n\t\t\t<\/dt><\/dl><dl class='gallery-item'>\n\t\t\t<dt class='gallery-icon landscape'>\n\t\t\t\t<a href='https:\/\/www.cm-evora.pt\/wp-content\/uploads\/2022\/05\/2022_04_29-HO-Visita-eleitos-obras-IP-Cam-Ferro-5.jpg'><img loading=\"lazy\" decoding=\"async\" width=\"1920\" height=\"1266\" src=\"https:\/\/www.cm-evora.pt\/wp-content\/uploads\/2022\/05\/2022_04_29-HO-Visita-eleitos-obras-IP-Cam-Ferro-5.jpg\" class=\"attachment-full size-full\" alt=\"\" srcset=\"https:\/\/www.cm-evora.pt\/wp-content\/uploads\/2022\/05\/2022_04_29-HO-Visita-eleitos-obras-IP-Cam-Ferro-5.jpg 1920w, https:\/\/www.cm-evora.pt\/wp-content\/uploads\/2022\/05\/2022_04_29-HO-Visita-eleitos-obras-IP-Cam-Ferro-5-300x198.jpg 300w, https:\/\/www.cm-evora.pt\/wp-content\/uploads\/2022\/05\/2022_04_29-HO-Visita-eleitos-obras-IP-Cam-Ferro-5-1024x675.jpg 1024w, https:\/\/www.cm-evora.pt\/wp-content\/uploads\/2022\/05\/2022_04_29-HO-Visita-eleitos-obras-IP-Cam-Ferro-5-768x506.jpg 768w, https:\/\/www.cm-evora.pt\/wp-content\/uploads\/2022\/05\/2022_04_29-HO-Visita-eleitos-obras-IP-Cam-Ferro-5-1536x1013.jpg 1536w, https:\/\/www.cm-evora.pt\/wp-content\/uploads\/2022\/05\/2022_04_29-HO-Visita-eleitos-obras-IP-Cam-Ferro-5-1320x870.jpg 1320w\" sizes=\"auto, (max-width: 1920px) 100vw, 1920px\" \/><\/a>\n\t\t\t<\/dt><\/dl><dl class='gallery-item'>\n\t\t\t<dt class='gallery-icon landscape'>\n\t\t\t\t<a href='https:\/\/www.cm-evora.pt\/wp-content\/uploads\/2022\/05\/2022_04_29-HO-Visita-eleitos-obras-IP-Cam-Ferro-6.jpg'><img loading=\"lazy\" decoding=\"async\" width=\"1920\" height=\"1151\" src=\"https:\/\/www.cm-evora.pt\/wp-content\/uploads\/2022\/05\/2022_04_29-HO-Visita-eleitos-obras-IP-Cam-Ferro-6.jpg\" class=\"attachment-full size-full\" alt=\"\" srcset=\"https:\/\/www.cm-evora.pt\/wp-content\/uploads\/2022\/05\/2022_04_29-HO-Visita-eleitos-obras-IP-Cam-Ferro-6.jpg 1920w, https:\/\/www.cm-evora.pt\/wp-content\/uploads\/2022\/05\/2022_04_29-HO-Visita-eleitos-obras-IP-Cam-Ferro-6-300x180.jpg 300w, https:\/\/www.cm-evora.pt\/wp-content\/uploads\/2022\/05\/2022_04_29-HO-Visita-eleitos-obras-IP-Cam-Ferro-6-1024x614.jpg 1024w, https:\/\/www.cm-evora.pt\/wp-content\/uploads\/2022\/05\/2022_04_29-HO-Visita-eleitos-obras-IP-Cam-Ferro-6-768x460.jpg 768w, https:\/\/www.cm-evora.pt\/wp-content\/uploads\/2022\/05\/2022_04_29-HO-Visita-eleitos-obras-IP-Cam-Ferro-6-1536x921.jpg 1536w, https:\/\/www.cm-evora.pt\/wp-content\/uploads\/2022\/05\/2022_04_29-HO-Visita-eleitos-obras-IP-Cam-Ferro-6-1320x791.jpg 1320w\" sizes=\"auto, (max-width: 1920px) 100vw, 1920px\" \/><\/a>\n\t\t\t<\/dt><\/dl><br style=\"clear: both\" \/><dl class='gallery-item'>\n\t\t\t<dt class='gallery-icon landscape'>\n\t\t\t\t<a href='https:\/\/www.cm-evora.pt\/wp-content\/uploads\/2022\/05\/2022_04_29-HO-Visita-eleitos-obras-IP-Cam-Ferro-7.jpg'><img loading=\"lazy\" decoding=\"async\" width=\"1920\" height=\"1217\" src=\"https:\/\/www.cm-evora.pt\/wp-content\/uploads\/2022\/05\/2022_04_29-HO-Visita-eleitos-obras-IP-Cam-Ferro-7.jpg\" class=\"attachment-full size-full\" alt=\"\" srcset=\"https:\/\/www.cm-evora.pt\/wp-content\/uploads\/2022\/05\/2022_04_29-HO-Visita-eleitos-obras-IP-Cam-Ferro-7.jpg 1920w, https:\/\/www.cm-evora.pt\/wp-content\/uploads\/2022\/05\/2022_04_29-HO-Visita-eleitos-obras-IP-Cam-Ferro-7-300x190.jpg 300w, https:\/\/www.cm-evora.pt\/wp-content\/uploads\/2022\/05\/2022_04_29-HO-Visita-eleitos-obras-IP-Cam-Ferro-7-1024x649.jpg 1024w, https:\/\/www.cm-evora.pt\/wp-content\/uploads\/2022\/05\/2022_04_29-HO-Visita-eleitos-obras-IP-Cam-Ferro-7-768x487.jpg 768w, https:\/\/www.cm-evora.pt\/wp-content\/uploads\/2022\/05\/2022_04_29-HO-Visita-eleitos-obras-IP-Cam-Ferro-7-1536x974.jpg 1536w, https:\/\/www.cm-evora.pt\/wp-content\/uploads\/2022\/05\/2022_04_29-HO-Visita-eleitos-obras-IP-Cam-Ferro-7-1320x837.jpg 1320w\" sizes=\"auto, (max-width: 1920px) 100vw, 1920px\" \/><\/a>\n\t\t\t<\/dt><\/dl><dl class='gallery-item'>\n\t\t\t<dt class='gallery-icon landscape'>\n\t\t\t\t<a href='https:\/\/www.cm-evora.pt\/wp-content\/uploads\/2022\/05\/2022_04_29-HO-Visita-eleitos-obras-IP-Cam-Ferro-8.jpg'><img loading=\"lazy\" decoding=\"async\" width=\"1919\" height=\"1199\" src=\"https:\/\/www.cm-evora.pt\/wp-content\/uploads\/2022\/05\/2022_04_29-HO-Visita-eleitos-obras-IP-Cam-Ferro-8.jpg\" class=\"attachment-full size-full\" alt=\"\" srcset=\"https:\/\/www.cm-evora.pt\/wp-content\/uploads\/2022\/05\/2022_04_29-HO-Visita-eleitos-obras-IP-Cam-Ferro-8.jpg 1919w, https:\/\/www.cm-evora.pt\/wp-content\/uploads\/2022\/05\/2022_04_29-HO-Visita-eleitos-obras-IP-Cam-Ferro-8-300x187.jpg 300w, https:\/\/www.cm-evora.pt\/wp-content\/uploads\/2022\/05\/2022_04_29-HO-Visita-eleitos-obras-IP-Cam-Ferro-8-1024x640.jpg 1024w, https:\/\/www.cm-evora.pt\/wp-content\/uploads\/2022\/05\/2022_04_29-HO-Visita-eleitos-obras-IP-Cam-Ferro-8-768x480.jpg 768w, https:\/\/www.cm-evora.pt\/wp-content\/uploads\/2022\/05\/2022_04_29-HO-Visita-eleitos-obras-IP-Cam-Ferro-8-1536x960.jpg 1536w, https:\/\/www.cm-evora.pt\/wp-content\/uploads\/2022\/05\/2022_04_29-HO-Visita-eleitos-obras-IP-Cam-Ferro-8-1320x825.jpg 1320w\" sizes=\"auto, (max-width: 1919px) 100vw, 1919px\" \/><\/a>\n\t\t\t<\/dt><\/dl><dl class='gallery-item'>\n\t\t\t<dt class='gallery-icon landscape'>\n\t\t\t\t<a href='https:\/\/www.cm-evora.pt\/wp-content\/uploads\/2022\/05\/2022_04_29-HO-Visita-eleitos-obras-IP-Cam-Ferro-9.jpg'><img loading=\"lazy\" decoding=\"async\" width=\"1920\" height=\"1261\" src=\"https:\/\/www.cm-evora.pt\/wp-content\/uploads\/2022\/05\/2022_04_29-HO-Visita-eleitos-obras-IP-Cam-Ferro-9.jpg\" class=\"attachment-full size-full\" alt=\"\" srcset=\"https:\/\/www.cm-evora.pt\/wp-content\/uploads\/2022\/05\/2022_04_29-HO-Visita-eleitos-obras-IP-Cam-Ferro-9.jpg 1920w, https:\/\/www.cm-evora.pt\/wp-content\/uploads\/2022\/05\/2022_04_29-HO-Visita-eleitos-obras-IP-Cam-Ferro-9-300x197.jpg 300w, https:\/\/www.cm-evora.pt\/wp-content\/uploads\/2022\/05\/2022_04_29-HO-Visita-eleitos-obras-IP-Cam-Ferro-9-1024x673.jpg 1024w, https:\/\/www.cm-evora.pt\/wp-content\/uploads\/2022\/05\/2022_04_29-HO-Visita-eleitos-obras-IP-Cam-Ferro-9-768x504.jpg 768w, https:\/\/www.cm-evora.pt\/wp-content\/uploads\/2022\/05\/2022_04_29-HO-Visita-eleitos-obras-IP-Cam-Ferro-9-1536x1009.jpg 1536w, https:\/\/www.cm-evora.pt\/wp-content\/uploads\/2022\/05\/2022_04_29-HO-Visita-eleitos-obras-IP-Cam-Ferro-9-1320x867.jpg 1320w\" sizes=\"auto, (max-width: 1920px) 100vw, 1920px\" \/><\/a>\n\t\t\t<\/dt><\/dl><br style=\"clear: both\" \/><dl class='gallery-item'>\n\t\t\t<dt class='gallery-icon landscape'>\n\t\t\t\t<a href='https:\/\/www.cm-evora.pt\/wp-content\/uploads\/2022\/05\/2022_04_29-HO-Visita-eleitos-obras-IP-Cam-Ferro-10.jpg'><img loading=\"lazy\" decoding=\"async\" width=\"1920\" height=\"1280\" src=\"https:\/\/www.cm-evora.pt\/wp-content\/uploads\/2022\/05\/2022_04_29-HO-Visita-eleitos-obras-IP-Cam-Ferro-10.jpg\" class=\"attachment-full size-full\" alt=\"\" srcset=\"https:\/\/www.cm-evora.pt\/wp-content\/uploads\/2022\/05\/2022_04_29-HO-Visita-eleitos-obras-IP-Cam-Ferro-10.jpg 1920w, https:\/\/www.cm-evora.pt\/wp-content\/uploads\/2022\/05\/2022_04_29-HO-Visita-eleitos-obras-IP-Cam-Ferro-10-300x200.jpg 300w, https:\/\/www.cm-evora.pt\/wp-content\/uploads\/2022\/05\/2022_04_29-HO-Visita-eleitos-obras-IP-Cam-Ferro-10-1024x683.jpg 1024w, https:\/\/www.cm-evora.pt\/wp-content\/uploads\/2022\/05\/2022_04_29-HO-Visita-eleitos-obras-IP-Cam-Ferro-10-768x512.jpg 768w, https:\/\/www.cm-evora.pt\/wp-content\/uploads\/2022\/05\/2022_04_29-HO-Visita-eleitos-obras-IP-Cam-Ferro-10-1536x1024.jpg 1536w, https:\/\/www.cm-evora.pt\/wp-content\/uploads\/2022\/05\/2022_04_29-HO-Visita-eleitos-obras-IP-Cam-Ferro-10-1320x880.jpg 1320w\" sizes=\"auto, (max-width: 1920px) 100vw, 1920px\" \/><\/a>\n\t\t\t<\/dt><\/dl><dl class='gallery-item'>\n\t\t\t<dt class='gallery-icon landscape'>\n\t\t\t\t<a href='https:\/\/www.cm-evora.pt\/wp-content\/uploads\/2022\/05\/2022_04_29-HO-Visita-eleitos-obras-IP-Cam-Ferro-11.jpg'><img loading=\"lazy\" decoding=\"async\" width=\"1920\" height=\"1244\" src=\"https:\/\/www.cm-evora.pt\/wp-content\/uploads\/2022\/05\/2022_04_29-HO-Visita-eleitos-obras-IP-Cam-Ferro-11.jpg\" class=\"attachment-full size-full\" alt=\"\" srcset=\"https:\/\/www.cm-evora.pt\/wp-content\/uploads\/2022\/05\/2022_04_29-HO-Visita-eleitos-obras-IP-Cam-Ferro-11.jpg 1920w, https:\/\/www.cm-evora.pt\/wp-content\/uploads\/2022\/05\/2022_04_29-HO-Visita-eleitos-obras-IP-Cam-Ferro-11-300x194.jpg 300w, https:\/\/www.cm-evora.pt\/wp-content\/uploads\/2022\/05\/2022_04_29-HO-Visita-eleitos-obras-IP-Cam-Ferro-11-1024x663.jpg 1024w, https:\/\/www.cm-evora.pt\/wp-content\/uploads\/2022\/05\/2022_04_29-HO-Visita-eleitos-obras-IP-Cam-Ferro-11-768x498.jpg 768w, https:\/\/www.cm-evora.pt\/wp-content\/uploads\/2022\/05\/2022_04_29-HO-Visita-eleitos-obras-IP-Cam-Ferro-11-1536x995.jpg 1536w, https:\/\/www.cm-evora.pt\/wp-content\/uploads\/2022\/05\/2022_04_29-HO-Visita-eleitos-obras-IP-Cam-Ferro-11-1320x855.jpg 1320w\" sizes=\"auto, (max-width: 1920px) 100vw, 1920px\" \/><\/a>\n\t\t\t<\/dt><\/dl><dl class='gallery-item'>\n\t\t\t<dt class='gallery-icon landscape'>\n\t\t\t\t<a href='https:\/\/www.cm-evora.pt\/wp-content\/uploads\/2022\/05\/2022_04_29-HO-Visita-eleitos-obras-IP-Cam-Ferro-12.jpg'><img loading=\"lazy\" decoding=\"async\" width=\"1920\" height=\"1103\" src=\"https:\/\/www.cm-evora.pt\/wp-content\/uploads\/2022\/05\/2022_04_29-HO-Visita-eleitos-obras-IP-Cam-Ferro-12.jpg\" class=\"attachment-full size-full\" alt=\"\" srcset=\"https:\/\/www.cm-evora.pt\/wp-content\/uploads\/2022\/05\/2022_04_29-HO-Visita-eleitos-obras-IP-Cam-Ferro-12.jpg 1920w, https:\/\/www.cm-evora.pt\/wp-content\/uploads\/2022\/05\/2022_04_29-HO-Visita-eleitos-obras-IP-Cam-Ferro-12-300x172.jpg 300w, https:\/\/www.cm-evora.pt\/wp-content\/uploads\/2022\/05\/2022_04_29-HO-Visita-eleitos-obras-IP-Cam-Ferro-12-1024x588.jpg 1024w, https:\/\/www.cm-evora.pt\/wp-content\/uploads\/2022\/05\/2022_04_29-HO-Visita-eleitos-obras-IP-Cam-Ferro-12-768x441.jpg 768w, https:\/\/www.cm-evora.pt\/wp-content\/uploads\/2022\/05\/2022_04_29-HO-Visita-eleitos-obras-IP-Cam-Ferro-12-1536x882.jpg 1536w, https:\/\/www.cm-evora.pt\/wp-content\/uploads\/2022\/05\/2022_04_29-HO-Visita-eleitos-obras-IP-Cam-Ferro-12-1320x758.jpg 1320w\" sizes=\"auto, (max-width: 1920px) 100vw, 1920px\" \/><\/a>\n\t\t\t<\/dt><\/dl><br style=\"clear: both\" \/><dl class='gallery-item'>\n\t\t\t<dt class='gallery-icon landscape'>\n\t\t\t\t<a href='https:\/\/www.cm-evora.pt\/wp-content\/uploads\/2022\/05\/2022_04_29-HO-Visita-eleitos-obras-IP-Cam-Ferro-13.jpg'><img loading=\"lazy\" decoding=\"async\" width=\"1920\" height=\"1280\" src=\"https:\/\/www.cm-evora.pt\/wp-content\/uploads\/2022\/05\/2022_04_29-HO-Visita-eleitos-obras-IP-Cam-Ferro-13.jpg\" class=\"attachment-full size-full\" alt=\"\" srcset=\"https:\/\/www.cm-evora.pt\/wp-content\/uploads\/2022\/05\/2022_04_29-HO-Visita-eleitos-obras-IP-Cam-Ferro-13.jpg 1920w, https:\/\/www.cm-evora.pt\/wp-content\/uploads\/2022\/05\/2022_04_29-HO-Visita-eleitos-obras-IP-Cam-Ferro-13-300x200.jpg 300w, https:\/\/www.cm-evora.pt\/wp-content\/uploads\/2022\/05\/2022_04_29-HO-Visita-eleitos-obras-IP-Cam-Ferro-13-1024x683.jpg 1024w, https:\/\/www.cm-evora.pt\/wp-content\/uploads\/2022\/05\/2022_04_29-HO-Visita-eleitos-obras-IP-Cam-Ferro-13-768x512.jpg 768w, https:\/\/www.cm-evora.pt\/wp-content\/uploads\/2022\/05\/2022_04_29-HO-Visita-eleitos-obras-IP-Cam-Ferro-13-1536x1024.jpg 1536w, https:\/\/www.cm-evora.pt\/wp-content\/uploads\/2022\/05\/2022_04_29-HO-Visita-eleitos-obras-IP-Cam-Ferro-13-1320x880.jpg 1320w\" sizes=\"auto, (max-width: 1920px) 100vw, 1920px\" \/><\/a>\n\t\t\t<\/dt><\/dl><dl class='gallery-item'>\n\t\t\t<dt class='gallery-icon landscape'>\n\t\t\t\t<a href='https:\/\/www.cm-evora.pt\/wp-content\/uploads\/2022\/05\/2022_04_29-HO-Visita-eleitos-obras-IP-Cam-Ferro-14.jpg'><img loading=\"lazy\" decoding=\"async\" width=\"1920\" height=\"1280\" src=\"https:\/\/www.cm-evora.pt\/wp-content\/uploads\/2022\/05\/2022_04_29-HO-Visita-eleitos-obras-IP-Cam-Ferro-14.jpg\" class=\"attachment-full size-full\" alt=\"\" srcset=\"https:\/\/www.cm-evora.pt\/wp-content\/uploads\/2022\/05\/2022_04_29-HO-Visita-eleitos-obras-IP-Cam-Ferro-14.jpg 1920w, https:\/\/www.cm-evora.pt\/wp-content\/uploads\/2022\/05\/2022_04_29-HO-Visita-eleitos-obras-IP-Cam-Ferro-14-300x200.jpg 300w, https:\/\/www.cm-evora.pt\/wp-content\/uploads\/2022\/05\/2022_04_29-HO-Visita-eleitos-obras-IP-Cam-Ferro-14-1024x683.jpg 1024w, https:\/\/www.cm-evora.pt\/wp-content\/uploads\/2022\/05\/2022_04_29-HO-Visita-eleitos-obras-IP-Cam-Ferro-14-768x512.jpg 768w, https:\/\/www.cm-evora.pt\/wp-content\/uploads\/2022\/05\/2022_04_29-HO-Visita-eleitos-obras-IP-Cam-Ferro-14-1536x1024.jpg 1536w, https:\/\/www.cm-evora.pt\/wp-content\/uploads\/2022\/05\/2022_04_29-HO-Visita-eleitos-obras-IP-Cam-Ferro-14-1320x880.jpg 1320w\" sizes=\"auto, (max-width: 1920px) 100vw, 1920px\" \/><\/a>\n\t\t\t<\/dt><\/dl><dl class='gallery-item'>\n\t\t\t<dt class='gallery-icon landscape'>\n\t\t\t\t<a href='https:\/\/www.cm-evora.pt\/wp-content\/uploads\/2022\/05\/2022_04_29-HO-Visita-eleitos-obras-IP-Cam-Ferro-15.jpg'><img loading=\"lazy\" decoding=\"async\" width=\"1920\" height=\"1280\" src=\"https:\/\/www.cm-evora.pt\/wp-content\/uploads\/2022\/05\/2022_04_29-HO-Visita-eleitos-obras-IP-Cam-Ferro-15.jpg\" class=\"attachment-full size-full\" alt=\"\" srcset=\"https:\/\/www.cm-evora.pt\/wp-content\/uploads\/2022\/05\/2022_04_29-HO-Visita-eleitos-obras-IP-Cam-Ferro-15.jpg 1920w, https:\/\/www.cm-evora.pt\/wp-content\/uploads\/2022\/05\/2022_04_29-HO-Visita-eleitos-obras-IP-Cam-Ferro-15-300x200.jpg 300w, https:\/\/www.cm-evora.pt\/wp-content\/uploads\/2022\/05\/2022_04_29-HO-Visita-eleitos-obras-IP-Cam-Ferro-15-1024x683.jpg 1024w, https:\/\/www.cm-evora.pt\/wp-content\/uploads\/2022\/05\/2022_04_29-HO-Visita-eleitos-obras-IP-Cam-Ferro-15-768x512.jpg 768w, https:\/\/www.cm-evora.pt\/wp-content\/uploads\/2022\/05\/2022_04_29-HO-Visita-eleitos-obras-IP-Cam-Ferro-15-1536x1024.jpg 1536w, https:\/\/www.cm-evora.pt\/wp-content\/uploads\/2022\/05\/2022_04_29-HO-Visita-eleitos-obras-IP-Cam-Ferro-15-1320x880.jpg 1320w\" sizes=\"auto, (max-width: 1920px) 100vw, 1920px\" \/><\/a>\n\t\t\t<\/dt><\/dl><br style=\"clear: both\" \/><dl class='gallery-item'>\n\t\t\t<dt class='gallery-icon landscape'>\n\t\t\t\t<a href='https:\/\/www.cm-evora.pt\/wp-content\/uploads\/2022\/05\/2022_04_29-HO-Visita-eleitos-obras-IP-Cam-Ferro-16.jpg'><img loading=\"lazy\" decoding=\"async\" width=\"1920\" height=\"1280\" src=\"https:\/\/www.cm-evora.pt\/wp-content\/uploads\/2022\/05\/2022_04_29-HO-Visita-eleitos-obras-IP-Cam-Ferro-16.jpg\" class=\"attachment-full size-full\" alt=\"\" srcset=\"https:\/\/www.cm-evora.pt\/wp-content\/uploads\/2022\/05\/2022_04_29-HO-Visita-eleitos-obras-IP-Cam-Ferro-16.jpg 1920w, https:\/\/www.cm-evora.pt\/wp-content\/uploads\/2022\/05\/2022_04_29-HO-Visita-eleitos-obras-IP-Cam-Ferro-16-300x200.jpg 300w, https:\/\/www.cm-evora.pt\/wp-content\/uploads\/2022\/05\/2022_04_29-HO-Visita-eleitos-obras-IP-Cam-Ferro-16-1024x683.jpg 1024w, https:\/\/www.cm-evora.pt\/wp-content\/uploads\/2022\/05\/2022_04_29-HO-Visita-eleitos-obras-IP-Cam-Ferro-16-768x512.jpg 768w, https:\/\/www.cm-evora.pt\/wp-content\/uploads\/2022\/05\/2022_04_29-HO-Visita-eleitos-obras-IP-Cam-Ferro-16-1536x1024.jpg 1536w, https:\/\/www.cm-evora.pt\/wp-content\/uploads\/2022\/05\/2022_04_29-HO-Visita-eleitos-obras-IP-Cam-Ferro-16-1320x880.jpg 1320w\" sizes=\"auto, (max-width: 1920px) 100vw, 1920px\" \/><\/a>\n\t\t\t<\/dt><\/dl><dl class='gallery-item'>\n\t\t\t<dt class='gallery-icon landscape'>\n\t\t\t\t<a href='https:\/\/www.cm-evora.pt\/wp-content\/uploads\/2022\/05\/2022_04_29-HO-Visita-eleitos-obras-IP-Cam-Ferro-17.jpg'><img loading=\"lazy\" decoding=\"async\" width=\"1919\" height=\"1254\" src=\"https:\/\/www.cm-evora.pt\/wp-content\/uploads\/2022\/05\/2022_04_29-HO-Visita-eleitos-obras-IP-Cam-Ferro-17.jpg\" class=\"attachment-full size-full\" alt=\"\" srcset=\"https:\/\/www.cm-evora.pt\/wp-content\/uploads\/2022\/05\/2022_04_29-HO-Visita-eleitos-obras-IP-Cam-Ferro-17.jpg 1919w, https:\/\/www.cm-evora.pt\/wp-content\/uploads\/2022\/05\/2022_04_29-HO-Visita-eleitos-obras-IP-Cam-Ferro-17-300x196.jpg 300w, https:\/\/www.cm-evora.pt\/wp-content\/uploads\/2022\/05\/2022_04_29-HO-Visita-eleitos-obras-IP-Cam-Ferro-17-1024x669.jpg 1024w, https:\/\/www.cm-evora.pt\/wp-content\/uploads\/2022\/05\/2022_04_29-HO-Visita-eleitos-obras-IP-Cam-Ferro-17-768x502.jpg 768w, https:\/\/www.cm-evora.pt\/wp-content\/uploads\/2022\/05\/2022_04_29-HO-Visita-eleitos-obras-IP-Cam-Ferro-17-1536x1004.jpg 1536w, https:\/\/www.cm-evora.pt\/wp-content\/uploads\/2022\/05\/2022_04_29-HO-Visita-eleitos-obras-IP-Cam-Ferro-17-1320x863.jpg 1320w\" sizes=\"auto, (max-width: 1919px) 100vw, 1919px\" \/><\/a>\n\t\t\t<\/dt><\/dl><dl class='gallery-item'>\n\t\t\t<dt class='gallery-icon landscape'>\n\t\t\t\t<a href='https:\/\/www.cm-evora.pt\/wp-content\/uploads\/2022\/05\/2022_04_29-HO-Visita-eleitos-obras-IP-Cam-Ferro-19.jpg'><img loading=\"lazy\" decoding=\"async\" width=\"1919\" height=\"1237\" src=\"https:\/\/www.cm-evora.pt\/wp-content\/uploads\/2022\/05\/2022_04_29-HO-Visita-eleitos-obras-IP-Cam-Ferro-19.jpg\" class=\"attachment-full size-full\" alt=\"\" srcset=\"https:\/\/www.cm-evora.pt\/wp-content\/uploads\/2022\/05\/2022_04_29-HO-Visita-eleitos-obras-IP-Cam-Ferro-19.jpg 1919w, https:\/\/www.cm-evora.pt\/wp-content\/uploads\/2022\/05\/2022_04_29-HO-Visita-eleitos-obras-IP-Cam-Ferro-19-300x193.jpg 300w, https:\/\/www.cm-evora.pt\/wp-content\/uploads\/2022\/05\/2022_04_29-HO-Visita-eleitos-obras-IP-Cam-Ferro-19-1024x660.jpg 1024w, https:\/\/www.cm-evora.pt\/wp-content\/uploads\/2022\/05\/2022_04_29-HO-Visita-eleitos-obras-IP-Cam-Ferro-19-768x495.jpg 768w, https:\/\/www.cm-evora.pt\/wp-content\/uploads\/2022\/05\/2022_04_29-HO-Visita-eleitos-obras-IP-Cam-Ferro-19-1536x990.jpg 1536w, https:\/\/www.cm-evora.pt\/wp-content\/uploads\/2022\/05\/2022_04_29-HO-Visita-eleitos-obras-IP-Cam-Ferro-19-1320x851.jpg 1320w\" sizes=\"auto, (max-width: 1919px) 100vw, 1919px\" \/><\/a>\n\t\t\t<\/dt><\/dl><br style=\"clear: both\" \/><dl class='gallery-item'>\n\t\t\t<dt class='gallery-icon landscape'>\n\t\t\t\t<a href='https:\/\/www.cm-evora.pt\/wp-content\/uploads\/2022\/05\/2022_04_29-HO-Visita-eleitos-obras-IP-Cam-Ferro-20.jpg'><img loading=\"lazy\" decoding=\"async\" width=\"1920\" height=\"1287\" src=\"https:\/\/www.cm-evora.pt\/wp-content\/uploads\/2022\/05\/2022_04_29-HO-Visita-eleitos-obras-IP-Cam-Ferro-20.jpg\" class=\"attachment-full size-full\" alt=\"\" srcset=\"https:\/\/www.cm-evora.pt\/wp-content\/uploads\/2022\/05\/2022_04_29-HO-Visita-eleitos-obras-IP-Cam-Ferro-20.jpg 1920w, https:\/\/www.cm-evora.pt\/wp-content\/uploads\/2022\/05\/2022_04_29-HO-Visita-eleitos-obras-IP-Cam-Ferro-20-300x201.jpg 300w, https:\/\/www.cm-evora.pt\/wp-content\/uploads\/2022\/05\/2022_04_29-HO-Visita-eleitos-obras-IP-Cam-Ferro-20-1024x686.jpg 1024w, https:\/\/www.cm-evora.pt\/wp-content\/uploads\/2022\/05\/2022_04_29-HO-Visita-eleitos-obras-IP-Cam-Ferro-20-768x515.jpg 768w, https:\/\/www.cm-evora.pt\/wp-content\/uploads\/2022\/05\/2022_04_29-HO-Visita-eleitos-obras-IP-Cam-Ferro-20-1536x1030.jpg 1536w, https:\/\/www.cm-evora.pt\/wp-content\/uploads\/2022\/05\/2022_04_29-HO-Visita-eleitos-obras-IP-Cam-Ferro-20-1320x885.jpg 1320w\" sizes=\"auto, (max-width: 1920px) 100vw, 1920px\" \/><\/a>\n\t\t\t<\/dt><\/dl><dl class='gallery-item'>\n\t\t\t<dt class='gallery-icon landscape'>\n\t\t\t\t<a href='https:\/\/www.cm-evora.pt\/wp-content\/uploads\/2022\/05\/2022_04_29-HO-Visita-eleitos-obras-IP-Cam-Ferro-21.jpg'><img loading=\"lazy\" decoding=\"async\" width=\"1920\" height=\"1245\" src=\"https:\/\/www.cm-evora.pt\/wp-content\/uploads\/2022\/05\/2022_04_29-HO-Visita-eleitos-obras-IP-Cam-Ferro-21.jpg\" class=\"attachment-full size-full\" alt=\"\" srcset=\"https:\/\/www.cm-evora.pt\/wp-content\/uploads\/2022\/05\/2022_04_29-HO-Visita-eleitos-obras-IP-Cam-Ferro-21.jpg 1920w, https:\/\/www.cm-evora.pt\/wp-content\/uploads\/2022\/05\/2022_04_29-HO-Visita-eleitos-obras-IP-Cam-Ferro-21-300x195.jpg 300w, https:\/\/www.cm-evora.pt\/wp-content\/uploads\/2022\/05\/2022_04_29-HO-Visita-eleitos-obras-IP-Cam-Ferro-21-1024x664.jpg 1024w, https:\/\/www.cm-evora.pt\/wp-content\/uploads\/2022\/05\/2022_04_29-HO-Visita-eleitos-obras-IP-Cam-Ferro-21-768x498.jpg 768w, https:\/\/www.cm-evora.pt\/wp-content\/uploads\/2022\/05\/2022_04_29-HO-Visita-eleitos-obras-IP-Cam-Ferro-21-1536x996.jpg 1536w, https:\/\/www.cm-evora.pt\/wp-content\/uploads\/2022\/05\/2022_04_29-HO-Visita-eleitos-obras-IP-Cam-Ferro-21-1320x856.jpg 1320w\" sizes=\"auto, (max-width: 1920px) 100vw, 1920px\" \/><\/a>\n\t\t\t<\/dt><\/dl><dl class='gallery-item'>\n\t\t\t<dt class='gallery-icon landscape'>\n\t\t\t\t<a href='https:\/\/www.cm-evora.pt\/wp-content\/uploads\/2022\/05\/2022_04_29-HO-Visita-eleitos-obras-IP-Cam-Ferro-22.jpg'><img loading=\"lazy\" decoding=\"async\" width=\"1920\" height=\"1270\" src=\"https:\/\/www.cm-evora.pt\/wp-content\/uploads\/2022\/05\/2022_04_29-HO-Visita-eleitos-obras-IP-Cam-Ferro-22.jpg\" class=\"attachment-full size-full\" alt=\"\" srcset=\"https:\/\/www.cm-evora.pt\/wp-content\/uploads\/2022\/05\/2022_04_29-HO-Visita-eleitos-obras-IP-Cam-Ferro-22.jpg 1920w, https:\/\/www.cm-evora.pt\/wp-content\/uploads\/2022\/05\/2022_04_29-HO-Visita-eleitos-obras-IP-Cam-Ferro-22-300x198.jpg 300w, https:\/\/www.cm-evora.pt\/wp-content\/uploads\/2022\/05\/2022_04_29-HO-Visita-eleitos-obras-IP-Cam-Ferro-22-1024x677.jpg 1024w, https:\/\/www.cm-evora.pt\/wp-content\/uploads\/2022\/05\/2022_04_29-HO-Visita-eleitos-obras-IP-Cam-Ferro-22-768x508.jpg 768w, https:\/\/www.cm-evora.pt\/wp-content\/uploads\/2022\/05\/2022_04_29-HO-Visita-eleitos-obras-IP-Cam-Ferro-22-1536x1016.jpg 1536w, https:\/\/www.cm-evora.pt\/wp-content\/uploads\/2022\/05\/2022_04_29-HO-Visita-eleitos-obras-IP-Cam-Ferro-22-1320x873.jpg 1320w\" sizes=\"auto, (max-width: 1920px) 100vw, 1920px\" \/><\/a>\n\t\t\t<\/dt><\/dl><br style=\"clear: both\" \/><dl class='gallery-item'>\n\t\t\t<dt class='gallery-icon landscape'>\n\t\t\t\t<a href='https:\/\/www.cm-evora.pt\/wp-content\/uploads\/2022\/05\/2022_04_29-HO-Visita-eleitos-obras-IP-Cam-Ferro-23.jpg'><img loading=\"lazy\" decoding=\"async\" width=\"1920\" height=\"1280\" src=\"https:\/\/www.cm-evora.pt\/wp-content\/uploads\/2022\/05\/2022_04_29-HO-Visita-eleitos-obras-IP-Cam-Ferro-23.jpg\" class=\"attachment-full size-full\" alt=\"\" srcset=\"https:\/\/www.cm-evora.pt\/wp-content\/uploads\/2022\/05\/2022_04_29-HO-Visita-eleitos-obras-IP-Cam-Ferro-23.jpg 1920w, https:\/\/www.cm-evora.pt\/wp-content\/uploads\/2022\/05\/2022_04_29-HO-Visita-eleitos-obras-IP-Cam-Ferro-23-300x200.jpg 300w, https:\/\/www.cm-evora.pt\/wp-content\/uploads\/2022\/05\/2022_04_29-HO-Visita-eleitos-obras-IP-Cam-Ferro-23-1024x683.jpg 1024w, https:\/\/www.cm-evora.pt\/wp-content\/uploads\/2022\/05\/2022_04_29-HO-Visita-eleitos-obras-IP-Cam-Ferro-23-768x512.jpg 768w, https:\/\/www.cm-evora.pt\/wp-content\/uploads\/2022\/05\/2022_04_29-HO-Visita-eleitos-obras-IP-Cam-Ferro-23-1536x1024.jpg 1536w, https:\/\/www.cm-evora.pt\/wp-content\/uploads\/2022\/05\/2022_04_29-HO-Visita-eleitos-obras-IP-Cam-Ferro-23-1320x880.jpg 1320w\" sizes=\"auto, (max-width: 1920px) 100vw, 1920px\" \/><\/a>\n\t\t\t<\/dt><\/dl>\n\t\t\t<br style='clear: both' \/>\n\t\t<\/div>\n<\/p>","protected":false},"excerpt":{"rendered":"<p>Sorry, this entry is only available in Portugu\u00eas.Uma delega\u00e7\u00e3o composta pelo Presidente da C\u00e2mara, vereadores e Deputados Municipais, visitou, no dia 29 de abril, as obras da liga\u00e7\u00e3o ferrovi\u00e1ria \u201cEmpreitada de Via e Caten\u00e1ria e Constru\u00e7\u00e3o Civil do Sub-Tro\u00e7o \u00c9vora \u2013 \u00c9vora Norte\u201d, responsabilidade da empresa Infraestruturas de Portugal, SA (IP). A visita \u00e0 tamb\u00e9m [&hellip;]<\/p>\n","protected":false},"author":37,"featured_media":34646,"comment_status":"closed","ping_status":"closed","sticky":false,"template":"","format":"standard","meta":{"_acf_changed":false,"footnotes":""},"categories":[2110],"tags":[],"class_list":["post-34633","post","type-post","status-publish","format-standard","has-post-thumbnail","hentry","category-noticias"],"acf":{"imagens":"","destaq_image":34646,"titulo_docs_seccao":"","documentos":""},"_links":{"self":[{"href":"https:\/\/www.cm-evora.pt\/en\/wp-json\/wp\/v2\/posts\/34633","targetHints":{"allow":["GET"]}}],"collection":[{"href":"https:\/\/www.cm-evora.pt\/en\/wp-json\/wp\/v2\/posts"}],"about":[{"href":"https:\/\/www.cm-evora.pt\/en\/wp-json\/wp\/v2\/types\/post"}],"author":[{"embeddable":true,"href":"https:\/\/www.cm-evora.pt\/en\/wp-json\/wp\/v2\/users\/37"}],"replies":[{"embeddable":true,"href":"https:\/\/www.cm-evora.pt\/en\/wp-json\/wp\/v2\/comments?post=34633"}],"version-history":[{"count":1,"href":"https:\/\/www.cm-evora.pt\/en\/wp-json\/wp\/v2\/posts\/34633\/revisions"}],"predecessor-version":[{"id":34676,"href":"https:\/\/www.cm-evora.pt\/en\/wp-json\/wp\/v2\/posts\/34633\/revisions\/34676"}],"wp:featuredmedia":[{"embeddable":true,"href":"https:\/\/www.cm-evora.pt\/en\/wp-json\/wp\/v2\/media\/34646"}],"wp:attachment":[{"href":"https:\/\/www.cm-evora.pt\/en\/wp-json\/wp\/v2\/media?parent=34633"}],"wp:term":[{"taxonomy":"category","embeddable":true,"href":"https:\/\/www.cm-evora.pt\/en\/wp-json\/wp\/v2\/categories?post=34633"},{"taxonomy":"post_tag","embeddable":true,"href":"https:\/\/www.cm-evora.pt\/en\/wp-json\/wp\/v2\/tags?post=34633"}],"curies":[{"name":"wp","href":"https:\/\/api.w.org\/{rel}","templated":true}]}}