{"id":34880,"date":"2022-05-06T10:59:41","date_gmt":"2022-05-06T09:59:41","guid":{"rendered":"https:\/\/www.cm-evora.pt\/?p=34880"},"modified":"2022-05-06T10:59:41","modified_gmt":"2022-05-06T09:59:41","slug":"ginasio-da-memoria-animou-seniores-do-bacelo-e-do-centro-historico-de-evora","status":"publish","type":"post","link":"https:\/\/www.cm-evora.pt\/en\/ginasio-da-memoria-animou-seniores-do-bacelo-e-do-centro-historico-de-evora\/","title":{"rendered":"(Portugu\u00eas) Gin\u00e1sio da Mem\u00f3ria animou seniores do Bacelo e do Centro Hist\u00f3rico de \u00c9vora"},"content":{"rendered":"<p class=\"qtranxs-available-languages-message qtranxs-available-languages-message-en\">Sorry, this entry is only available in <a href=\"https:\/\/www.cm-evora.pt\/pt\/wp-json\/wp\/v2\/posts\/34880\" class=\"qtranxs-available-language-link qtranxs-available-language-link-pt\" title=\"Portugu\u00eas\">Portugu\u00eas<\/a>.<\/p><p>A Unidade de Rede de Sa\u00fade Mental\/Conselho Local de A\u00e7\u00e3o Social de \u00c9vora realizou mais duas a\u00e7\u00f5es do projeto Gin\u00e1sio da Mem\u00f3ria, desta vez dinamizadas pela Unidade de Cuidados da Comunidade, mais concretamente pela Enf\u00aa Manuela Cruz.<\/p>\n<p>Estas atividades tiveram lugar nas instala\u00e7\u00f5es do Centro de Conv\u00edvio da Associa\u00e7\u00e3o de Idosos e Reformados do Bacelo (no dia 29 de abril) e no Centro de Conv\u00edvio da C\u00e2mara Municipal de \u00c9vora (Rua do Fragoso). Os seniores apreciaram bastante esta atividade que estimulou as suas capacidades mentais e fomentou o conv\u00edvio e a boa disposi\u00e7\u00e3o.<\/p>\n<p>&nbsp;<\/p>\n<p>\n\t\t<style type=\"text\/css\">\n\t\t\t#gallery-1 {\n\t\t\t\tmargin: auto;\n\t\t\t}\n\t\t\t#gallery-1 .gallery-item {\n\t\t\t\tfloat: left;\n\t\t\t\tmargin-top: 10px;\n\t\t\t\ttext-align: center;\n\t\t\t\twidth: 25%;\n\t\t\t}\n\t\t\t#gallery-1 img {\n\t\t\t\tborder: 2px solid #cfcfcf;\n\t\t\t}\n\t\t\t#gallery-1 .gallery-caption {\n\t\t\t\tmargin-left: 0;\n\t\t\t}\n\t\t\t\/* see gallery_shortcode() in wp-includes\/media.php *\/\n\t\t<\/style>\n\t\t<div id='gallery-1' class='gallery galleryid-34880 gallery-columns-4 gallery-size-full'><dl class='gallery-item'>\n\t\t\t<dt class='gallery-icon landscape'>\n\t\t\t\t<a href='https:\/\/www.cm-evora.pt\/wp-content\/uploads\/2022\/05\/GM1.jpg'><img loading=\"lazy\" decoding=\"async\" width=\"1920\" height=\"1280\" src=\"https:\/\/www.cm-evora.pt\/wp-content\/uploads\/2022\/05\/GM1.jpg\" class=\"attachment-full size-full\" alt=\"\" srcset=\"https:\/\/www.cm-evora.pt\/wp-content\/uploads\/2022\/05\/GM1.jpg 1920w, https:\/\/www.cm-evora.pt\/wp-content\/uploads\/2022\/05\/GM1-300x200.jpg 300w, https:\/\/www.cm-evora.pt\/wp-content\/uploads\/2022\/05\/GM1-1024x683.jpg 1024w, https:\/\/www.cm-evora.pt\/wp-content\/uploads\/2022\/05\/GM1-768x512.jpg 768w, https:\/\/www.cm-evora.pt\/wp-content\/uploads\/2022\/05\/GM1-1536x1024.jpg 1536w, https:\/\/www.cm-evora.pt\/wp-content\/uploads\/2022\/05\/GM1-1320x880.jpg 1320w\" sizes=\"auto, (max-width: 1920px) 100vw, 1920px\" \/><\/a>\n\t\t\t<\/dt><\/dl><dl class='gallery-item'>\n\t\t\t<dt class='gallery-icon portrait'>\n\t\t\t\t<a href='https:\/\/www.cm-evora.pt\/wp-content\/uploads\/2022\/05\/GM2-scaled.jpg'><img loading=\"lazy\" decoding=\"async\" width=\"1707\" height=\"2560\" src=\"https:\/\/www.cm-evora.pt\/wp-content\/uploads\/2022\/05\/GM2-scaled.jpg\" class=\"attachment-full size-full\" alt=\"\" srcset=\"https:\/\/www.cm-evora.pt\/wp-content\/uploads\/2022\/05\/GM2-scaled.jpg 1707w, https:\/\/www.cm-evora.pt\/wp-content\/uploads\/2022\/05\/GM2-200x300.jpg 200w, https:\/\/www.cm-evora.pt\/wp-content\/uploads\/2022\/05\/GM2-683x1024.jpg 683w, https:\/\/www.cm-evora.pt\/wp-content\/uploads\/2022\/05\/GM2-768x1152.jpg 768w, https:\/\/www.cm-evora.pt\/wp-content\/uploads\/2022\/05\/GM2-1024x1536.jpg 1024w, https:\/\/www.cm-evora.pt\/wp-content\/uploads\/2022\/05\/GM2-1365x2048.jpg 1365w, https:\/\/www.cm-evora.pt\/wp-content\/uploads\/2022\/05\/GM2-1320x1980.jpg 1320w\" sizes=\"auto, (max-width: 1707px) 100vw, 1707px\" \/><\/a>\n\t\t\t<\/dt><\/dl><dl class='gallery-item'>\n\t\t\t<dt class='gallery-icon landscape'>\n\t\t\t\t<a href='https:\/\/www.cm-evora.pt\/wp-content\/uploads\/2022\/05\/GM3.jpg'><img loading=\"lazy\" decoding=\"async\" width=\"1920\" height=\"1280\" src=\"https:\/\/www.cm-evora.pt\/wp-content\/uploads\/2022\/05\/GM3.jpg\" class=\"attachment-full size-full\" alt=\"\" srcset=\"https:\/\/www.cm-evora.pt\/wp-content\/uploads\/2022\/05\/GM3.jpg 1920w, https:\/\/www.cm-evora.pt\/wp-content\/uploads\/2022\/05\/GM3-300x200.jpg 300w, https:\/\/www.cm-evora.pt\/wp-content\/uploads\/2022\/05\/GM3-1024x683.jpg 1024w, https:\/\/www.cm-evora.pt\/wp-content\/uploads\/2022\/05\/GM3-768x512.jpg 768w, https:\/\/www.cm-evora.pt\/wp-content\/uploads\/2022\/05\/GM3-1536x1024.jpg 1536w, https:\/\/www.cm-evora.pt\/wp-content\/uploads\/2022\/05\/GM3-1320x880.jpg 1320w\" sizes=\"auto, (max-width: 1920px) 100vw, 1920px\" \/><\/a>\n\t\t\t<\/dt><\/dl><dl class='gallery-item'>\n\t\t\t<dt class='gallery-icon landscape'>\n\t\t\t\t<a href='https:\/\/www.cm-evora.pt\/wp-content\/uploads\/2022\/05\/GM4.jpg'><img loading=\"lazy\" decoding=\"async\" width=\"1920\" height=\"1280\" src=\"https:\/\/www.cm-evora.pt\/wp-content\/uploads\/2022\/05\/GM4.jpg\" class=\"attachment-full size-full\" alt=\"\" srcset=\"https:\/\/www.cm-evora.pt\/wp-content\/uploads\/2022\/05\/GM4.jpg 1920w, https:\/\/www.cm-evora.pt\/wp-content\/uploads\/2022\/05\/GM4-300x200.jpg 300w, https:\/\/www.cm-evora.pt\/wp-content\/uploads\/2022\/05\/GM4-1024x683.jpg 1024w, https:\/\/www.cm-evora.pt\/wp-content\/uploads\/2022\/05\/GM4-768x512.jpg 768w, https:\/\/www.cm-evora.pt\/wp-content\/uploads\/2022\/05\/GM4-1536x1024.jpg 1536w, https:\/\/www.cm-evora.pt\/wp-content\/uploads\/2022\/05\/GM4-1320x880.jpg 1320w\" sizes=\"auto, (max-width: 1920px) 100vw, 1920px\" \/><\/a>\n\t\t\t<\/dt><\/dl><br style=\"clear: both\" \/><dl class='gallery-item'>\n\t\t\t<dt class='gallery-icon landscape'>\n\t\t\t\t<a href='https:\/\/www.cm-evora.pt\/wp-content\/uploads\/2022\/05\/GM5.jpg'><img loading=\"lazy\" decoding=\"async\" width=\"1920\" height=\"1294\" src=\"https:\/\/www.cm-evora.pt\/wp-content\/uploads\/2022\/05\/GM5.jpg\" class=\"attachment-full size-full\" alt=\"\" srcset=\"https:\/\/www.cm-evora.pt\/wp-content\/uploads\/2022\/05\/GM5.jpg 1920w, https:\/\/www.cm-evora.pt\/wp-content\/uploads\/2022\/05\/GM5-300x202.jpg 300w, https:\/\/www.cm-evora.pt\/wp-content\/uploads\/2022\/05\/GM5-1024x690.jpg 1024w, https:\/\/www.cm-evora.pt\/wp-content\/uploads\/2022\/05\/GM5-768x518.jpg 768w, https:\/\/www.cm-evora.pt\/wp-content\/uploads\/2022\/05\/GM5-1536x1035.jpg 1536w, https:\/\/www.cm-evora.pt\/wp-content\/uploads\/2022\/05\/GM5-1320x890.jpg 1320w\" sizes=\"auto, (max-width: 1920px) 100vw, 1920px\" \/><\/a>\n\t\t\t<\/dt><\/dl><dl class='gallery-item'>\n\t\t\t<dt class='gallery-icon portrait'>\n\t\t\t\t<a href='https:\/\/www.cm-evora.pt\/wp-content\/uploads\/2022\/05\/GM6-scaled.jpg'><img loading=\"lazy\" decoding=\"async\" width=\"1707\" height=\"2560\" src=\"https:\/\/www.cm-evora.pt\/wp-content\/uploads\/2022\/05\/GM6-scaled.jpg\" class=\"attachment-full size-full\" alt=\"\" srcset=\"https:\/\/www.cm-evora.pt\/wp-content\/uploads\/2022\/05\/GM6-scaled.jpg 1707w, https:\/\/www.cm-evora.pt\/wp-content\/uploads\/2022\/05\/GM6-200x300.jpg 200w, https:\/\/www.cm-evora.pt\/wp-content\/uploads\/2022\/05\/GM6-683x1024.jpg 683w, https:\/\/www.cm-evora.pt\/wp-content\/uploads\/2022\/05\/GM6-768x1152.jpg 768w, https:\/\/www.cm-evora.pt\/wp-content\/uploads\/2022\/05\/GM6-1024x1536.jpg 1024w, https:\/\/www.cm-evora.pt\/wp-content\/uploads\/2022\/05\/GM6-1365x2048.jpg 1365w, https:\/\/www.cm-evora.pt\/wp-content\/uploads\/2022\/05\/GM6-1320x1980.jpg 1320w\" sizes=\"auto, (max-width: 1707px) 100vw, 1707px\" \/><\/a>\n\t\t\t<\/dt><\/dl><dl class='gallery-item'>\n\t\t\t<dt class='gallery-icon landscape'>\n\t\t\t\t<a href='https:\/\/www.cm-evora.pt\/wp-content\/uploads\/2022\/05\/GM7.jpg'><img loading=\"lazy\" decoding=\"async\" width=\"1920\" height=\"1280\" src=\"https:\/\/www.cm-evora.pt\/wp-content\/uploads\/2022\/05\/GM7.jpg\" class=\"attachment-full size-full\" alt=\"\" srcset=\"https:\/\/www.cm-evora.pt\/wp-content\/uploads\/2022\/05\/GM7.jpg 1920w, https:\/\/www.cm-evora.pt\/wp-content\/uploads\/2022\/05\/GM7-300x200.jpg 300w, https:\/\/www.cm-evora.pt\/wp-content\/uploads\/2022\/05\/GM7-1024x683.jpg 1024w, https:\/\/www.cm-evora.pt\/wp-content\/uploads\/2022\/05\/GM7-768x512.jpg 768w, https:\/\/www.cm-evora.pt\/wp-content\/uploads\/2022\/05\/GM7-1536x1024.jpg 1536w, https:\/\/www.cm-evora.pt\/wp-content\/uploads\/2022\/05\/GM7-1320x880.jpg 1320w\" sizes=\"auto, (max-width: 1920px) 100vw, 1920px\" \/><\/a>\n\t\t\t<\/dt><\/dl><dl class='gallery-item'>\n\t\t\t<dt class='gallery-icon landscape'>\n\t\t\t\t<a href='https:\/\/www.cm-evora.pt\/wp-content\/uploads\/2022\/05\/GM8.jpg'><img loading=\"lazy\" decoding=\"async\" width=\"1920\" height=\"1453\" src=\"https:\/\/www.cm-evora.pt\/wp-content\/uploads\/2022\/05\/GM8.jpg\" class=\"attachment-full size-full\" alt=\"\" srcset=\"https:\/\/www.cm-evora.pt\/wp-content\/uploads\/2022\/05\/GM8.jpg 1920w, https:\/\/www.cm-evora.pt\/wp-content\/uploads\/2022\/05\/GM8-300x227.jpg 300w, https:\/\/www.cm-evora.pt\/wp-content\/uploads\/2022\/05\/GM8-1024x775.jpg 1024w, https:\/\/www.cm-evora.pt\/wp-content\/uploads\/2022\/05\/GM8-768x581.jpg 768w, https:\/\/www.cm-evora.pt\/wp-content\/uploads\/2022\/05\/GM8-1536x1162.jpg 1536w, https:\/\/www.cm-evora.pt\/wp-content\/uploads\/2022\/05\/GM8-1320x999.jpg 1320w\" sizes=\"auto, (max-width: 1920px) 100vw, 1920px\" \/><\/a>\n\t\t\t<\/dt><\/dl><br style=\"clear: both\" \/>\n\t\t<\/div>\n<\/p>","protected":false},"excerpt":{"rendered":"<p>Sorry, this entry is only available in Portugu\u00eas.A Unidade de Rede de Sa\u00fade Mental\/Conselho Local de A\u00e7\u00e3o Social de \u00c9vora realizou mais duas a\u00e7\u00f5es do projeto Gin\u00e1sio da Mem\u00f3ria, desta vez dinamizadas pela Unidade de Cuidados da Comunidade, mais concretamente pela Enf\u00aa Manuela Cruz. Estas atividades tiveram lugar nas instala\u00e7\u00f5es do Centro de Conv\u00edvio da [&hellip;]<\/p>\n","protected":false},"author":57,"featured_media":34881,"comment_status":"closed","ping_status":"closed","sticky":false,"template":"","format":"standard","meta":{"_acf_changed":false,"footnotes":""},"categories":[2110],"tags":[],"class_list":["post-34880","post","type-post","status-publish","format-standard","has-post-thumbnail","hentry","category-noticias"],"acf":{"imagens":"","destaq_image":34881,"titulo_docs_seccao":"","documentos":""},"_links":{"self":[{"href":"https:\/\/www.cm-evora.pt\/en\/wp-json\/wp\/v2\/posts\/34880","targetHints":{"allow":["GET"]}}],"collection":[{"href":"https:\/\/www.cm-evora.pt\/en\/wp-json\/wp\/v2\/posts"}],"about":[{"href":"https:\/\/www.cm-evora.pt\/en\/wp-json\/wp\/v2\/types\/post"}],"author":[{"embeddable":true,"href":"https:\/\/www.cm-evora.pt\/en\/wp-json\/wp\/v2\/users\/57"}],"replies":[{"embeddable":true,"href":"https:\/\/www.cm-evora.pt\/en\/wp-json\/wp\/v2\/comments?post=34880"}],"version-history":[{"count":1,"href":"https:\/\/www.cm-evora.pt\/en\/wp-json\/wp\/v2\/posts\/34880\/revisions"}],"predecessor-version":[{"id":34889,"href":"https:\/\/www.cm-evora.pt\/en\/wp-json\/wp\/v2\/posts\/34880\/revisions\/34889"}],"wp:featuredmedia":[{"embeddable":true,"href":"https:\/\/www.cm-evora.pt\/en\/wp-json\/wp\/v2\/media\/34881"}],"wp:attachment":[{"href":"https:\/\/www.cm-evora.pt\/en\/wp-json\/wp\/v2\/media?parent=34880"}],"wp:term":[{"taxonomy":"category","embeddable":true,"href":"https:\/\/www.cm-evora.pt\/en\/wp-json\/wp\/v2\/categories?post=34880"},{"taxonomy":"post_tag","embeddable":true,"href":"https:\/\/www.cm-evora.pt\/en\/wp-json\/wp\/v2\/tags?post=34880"}],"curies":[{"name":"wp","href":"https:\/\/api.w.org\/{rel}","templated":true}]}}