{"id":34916,"date":"2022-05-06T14:59:35","date_gmt":"2022-05-06T13:59:35","guid":{"rendered":"https:\/\/www.cm-evora.pt\/?p=34916"},"modified":"2022-05-06T15:01:57","modified_gmt":"2022-05-06T14:01:57","slug":"projeto-life-agua-da-prata-apresentado-a-comissaria-europeia-na-sequencia-das-comemoracoes-do-dia-da-europa-em-evora","status":"publish","type":"post","link":"https:\/\/www.cm-evora.pt\/en\/projeto-life-agua-da-prata-apresentado-a-comissaria-europeia-na-sequencia-das-comemoracoes-do-dia-da-europa-em-evora\/","title":{"rendered":"(Portugu\u00eas) Projeto &#8220;Life &#8211; \u00c1gua da Prata&#8221; apresentado \u00e0 Comiss\u00e1ria Europeia na sequ\u00eancia das comemora\u00e7\u00f5es  do Dia da Europa em \u00c9vora"},"content":{"rendered":"<p class=\"qtranxs-available-languages-message qtranxs-available-languages-message-en\">Sorry, this entry is only available in <a href=\"https:\/\/www.cm-evora.pt\/pt\/wp-json\/wp\/v2\/posts\/34916\" class=\"qtranxs-available-language-link qtranxs-available-language-link-pt\" title=\"Portugu\u00eas\">Portugu\u00eas<\/a>.<\/p><p><strong>O Presidente da C\u00e2mara Municipal de \u00c9vora, Carlos Pinto de S\u00e1, e o Vereador do Pelouro do Ambiente, Alexandre Varela, apresentam na pr\u00f3xima ter\u00e7a-feira, 10 de maio, o Projeto \u201cLife \u2013 \u00c1gua da Prata\u201d \u00e0 Comiss\u00e1ria Elisa Ferreira. A representante de Portugal na Comiss\u00e3o Europeia ter\u00e1 oportunidade de observar, em visita ao terreno, o decurso das obras de implementa\u00e7\u00e3o deste projeto estrutural, que contribuir\u00e1 para a mitiga\u00e7\u00e3o dos efeitos nocivos das altera\u00e7\u00f5es clim\u00e1ticas.<\/strong><\/p>\n<p>Durante a visita, que ter\u00e1 in\u00edcio \u00e0s 09h30, a Comiss\u00e1ria Europeia ser\u00e1 informada sobre os detalhes do projeto, incluindo o impacto positivo que ir\u00e1 ter ao n\u00edvel da salvaguarda dos recursos naturais, prote\u00e7\u00e3o do ambiente e mitiga\u00e7\u00e3o dos efeitos negativos resultantes das altera\u00e7\u00f5es clim\u00e1ticas.<\/p>\n<p>O Projeto \u201cLife \u2013 \u00c1gua da Prata\u201d, com um or\u00e7amento a rondar um milh\u00e3o e quatrocentos mil euros, \u00e9 cofinanciado em 60% pelo Programa LIFE, um instrumento financeiro da Uni\u00e3o europeia que apoia projetos ambientais de conserva\u00e7\u00e3o da natureza e de interven\u00e7\u00e3o clim\u00e1tica.<\/p>\n<p>A concretiza\u00e7\u00e3o deste projeto, cujas obras dever\u00e3o estar conclu\u00eddas no final do presente ano, dever\u00e1 permitir o cumprimento dos seguintes objetivos imediatos:<\/p>\n<ul>\n<li>Promover obras de conserva\u00e7\u00e3o no aqueduto, de forma a permitir a sua utiliza\u00e7\u00e3o nesta nova fun\u00e7\u00e3o. O Aqueduto da \u00c1gua da Prata \u00e9 uma obra hidr\u00e1ulica do s\u00e9culo XVI, com 18 quil\u00f3metros de extens\u00e3o, ainda operacional e classificado como Monumento Nacional desde 1910;<\/li>\n<li>Substituir a \u00e1gua tratada utilizada na rega por \u00e1gua n\u00e3o tratada, recuperando as nascentes originais com utiliza\u00e7\u00e3o do Aqueduto da \u00c1gua da Prata;<\/li>\n<li>Promover uma adapta\u00e7\u00e3o estrutural dos espa\u00e7os verdes para resistirem a ondas de calor e precipita\u00e7\u00f5es extremas (com solu\u00e7\u00f5es de base natural), assim como medidas adicionais de efici\u00eancia na rega e poupan\u00e7a de energia.<\/li>\n<\/ul>\n<p><\/p>","protected":false},"excerpt":{"rendered":"<p>Sorry, this entry is only available in Portugu\u00eas.O Presidente da C\u00e2mara Municipal de \u00c9vora, Carlos Pinto de S\u00e1, e o Vereador do Pelouro do Ambiente, Alexandre Varela, apresentam na pr\u00f3xima ter\u00e7a-feira, 10 de maio, o Projeto \u201cLife \u2013 \u00c1gua da Prata\u201d \u00e0 Comiss\u00e1ria Elisa Ferreira. A representante de Portugal na Comiss\u00e3o Europeia ter\u00e1 oportunidade de [&hellip;]<\/p>\n","protected":false},"author":37,"featured_media":34917,"comment_status":"closed","ping_status":"closed","sticky":false,"template":"","format":"standard","meta":{"_acf_changed":false,"footnotes":""},"categories":[2110],"tags":[],"class_list":["post-34916","post","type-post","status-publish","format-standard","has-post-thumbnail","hentry","category-noticias"],"acf":{"imagens":"","destaq_image":34917,"titulo_docs_seccao":"","documentos":""},"_links":{"self":[{"href":"https:\/\/www.cm-evora.pt\/en\/wp-json\/wp\/v2\/posts\/34916","targetHints":{"allow":["GET"]}}],"collection":[{"href":"https:\/\/www.cm-evora.pt\/en\/wp-json\/wp\/v2\/posts"}],"about":[{"href":"https:\/\/www.cm-evora.pt\/en\/wp-json\/wp\/v2\/types\/post"}],"author":[{"embeddable":true,"href":"https:\/\/www.cm-evora.pt\/en\/wp-json\/wp\/v2\/users\/37"}],"replies":[{"embeddable":true,"href":"https:\/\/www.cm-evora.pt\/en\/wp-json\/wp\/v2\/comments?post=34916"}],"version-history":[{"count":2,"href":"https:\/\/www.cm-evora.pt\/en\/wp-json\/wp\/v2\/posts\/34916\/revisions"}],"predecessor-version":[{"id":34919,"href":"https:\/\/www.cm-evora.pt\/en\/wp-json\/wp\/v2\/posts\/34916\/revisions\/34919"}],"wp:featuredmedia":[{"embeddable":true,"href":"https:\/\/www.cm-evora.pt\/en\/wp-json\/wp\/v2\/media\/34917"}],"wp:attachment":[{"href":"https:\/\/www.cm-evora.pt\/en\/wp-json\/wp\/v2\/media?parent=34916"}],"wp:term":[{"taxonomy":"category","embeddable":true,"href":"https:\/\/www.cm-evora.pt\/en\/wp-json\/wp\/v2\/categories?post=34916"},{"taxonomy":"post_tag","embeddable":true,"href":"https:\/\/www.cm-evora.pt\/en\/wp-json\/wp\/v2\/tags?post=34916"}],"curies":[{"name":"wp","href":"https:\/\/api.w.org\/{rel}","templated":true}]}}