{"id":34970,"date":"2022-05-10T09:43:00","date_gmt":"2022-05-10T08:43:00","guid":{"rendered":"https:\/\/www.cm-evora.pt\/?p=34970"},"modified":"2022-05-10T09:56:29","modified_gmt":"2022-05-10T08:56:29","slug":"novo-edificio-do-pact-e-a-consolidacao-da-estrategia-de-desenvolvimento-do-alentejo-e-de-evora-frisa-carlos-pinto-de-sa","status":"publish","type":"post","link":"https:\/\/www.cm-evora.pt\/en\/novo-edificio-do-pact-e-a-consolidacao-da-estrategia-de-desenvolvimento-do-alentejo-e-de-evora-frisa-carlos-pinto-de-sa\/","title":{"rendered":"(Portugu\u00eas) Novo edif\u00edcio do PACT \u201c\u00e9 a consolida\u00e7\u00e3o da estrat\u00e9gia de Desenvolvimento do Alentejo e de \u00c9vora\u201d. Frisa Carlos Pinto de S\u00e1"},"content":{"rendered":"<p class=\"qtranxs-available-languages-message qtranxs-available-languages-message-en\">Sorry, this entry is only available in <a href=\"https:\/\/www.cm-evora.pt\/pt\/wp-json\/wp\/v2\/posts\/34970\" class=\"qtranxs-available-language-link qtranxs-available-language-link-pt\" title=\"Portugu\u00eas\">Portugu\u00eas<\/a>.<\/p><p>O Presidente da C\u00e2mara Municipal de \u00c9vora, Carlos Pinto de S\u00e1, considerou, ontem, que o novo edif\u00edcio do Parque de Ci\u00eancia e Tecnologia do Alentejo (PACT), que foi inaugurado na presen\u00e7a da Comiss\u00e1ria Europeia Elisa Ferreira, juntamente com a Ministra da Coes\u00e3o Territorial, Ana Abrunhosa, \u00e9 a consolida\u00e7\u00e3o da estrat\u00e9gia de \u201cdesenvolvimento do Alentejo e de \u00c9vora\u201d.<\/p>\n<p>\u201cA inaugura\u00e7\u00e3o deste espa\u00e7o acontece no seguimento de uma estrat\u00e9gia de desenvolvimento do Alentejo e de \u00c9vora. \u00c9 muito importante por que permite estabelecer aqui um conjunto de din\u00e2micas empresariais e de inova\u00e7\u00e3o de grande relevo para o territ\u00f3rio\u201d.<\/p>\n<p>Segundo o edil, \u201cesta estrat\u00e9gia de desenvolvimento \u00e9 fundamental porque junta parceiros diferentes para um objetivo comum: levar a Regi\u00e3o mais longe e trazer desenvolvimento\u201d.<\/p>\n<p>\u201cAgora, mais do que inaugurar este edif\u00edcio, o que importa \u00e9 o que pomos dentro do edif\u00edcio e como \u00e9 que este edif\u00edcio se consegue transformar numa din\u00e2mica que arraste outros atores para as quest\u00f5es ligadas \u00e0 inova\u00e7\u00e3o, desenvolvimento e sobretudo \u00e0 qualifica\u00e7\u00e3o de todos aqueles que depois v\u00e3o ser a alma deste espa\u00e7o\u201d, frisou.<\/p>\n<p>O novo edif\u00edcio, denominado Centro Infante Dom Henrique, \u00e9 o primeiro dos quatro previstos da fase de amplia\u00e7\u00e3o do PACT, projetados pelo arquiteto Carrilho da Gra\u00e7a. Apoiado pelo Fundo Europeu de Desenvolvimento Regional (FEDER), o PACT acolhe e suporta iniciativas de promo\u00e7\u00e3o e transfer\u00eancia de I&amp;DT, sendo um polo de atra\u00e7\u00e3o para empresas inovadoras.<\/p>\n<p>Para a comiss\u00e1ria europeia para a Coes\u00e3o e Reformas, Elisa Ferreira, este \u00e9 \u201cum momento para Portugal muito especial\u201d, porque o pa\u00eds \u201cj\u00e1 conseguiu resolver os problemas mais elementares de infraestruturas e, agora, o que se pede \u00e9 que haja, de facto, constru\u00e7\u00e3o de valor\u201d, defendeu.<\/p>\n<p>Elisa Ferreira salientou que \u00e9 preciso que \u201cas empresas consigam criar a sua pr\u00f3pria din\u00e2mica, afirmarem-se com produtos novos, que geram empregos de qualidade, bem pagos\u201d, porque \u201cisso \u00e9 o desenvolvimento\u201d.<\/p>\n<p>\u201cUm pa\u00eds \u00e9 t\u00e3o forte, ou a Europa \u00e9 t\u00e3o forte, quanto for o seu elo mais fraco e, portanto, temos de trabalhar os elos mais fracos de maneira a que eles se fortale\u00e7am e que possam dar a contribui\u00e7\u00e3o que lhes \u00e9 devida para o projeto comum europeu\u201c, argumentou.<\/p>\n<p>Por isso, h\u00e1 tamb\u00e9m \u201cuma oportunidade para Portugal\u201d e para outros pa\u00edses que, atualmente, t\u00eam acesso a \u201cfundos hist\u00f3ricos\u201d, como os do Plano de Recupera\u00e7\u00e3o e Resili\u00eancia (PRR) e do pr\u00f3ximo quadro comunit\u00e1rio 2030.<\/p>\n<p>\u201cN\u00e3o h\u00e1 perd\u00e3o\u201d se \u201ctodos os pa\u00edses que neste momento recebem, n\u00e3o s\u00f3 os seus fundos do PRR, mas tamb\u00e9m o quadro plurianual, n\u00e3o [os] utilizarem de uma maneira inteligente e estrat\u00e9gica\u201d, avisou.<\/p>\n<p>\n\t\t<style type=\"text\/css\">\n\t\t\t#gallery-1 {\n\t\t\t\tmargin: auto;\n\t\t\t}\n\t\t\t#gallery-1 .gallery-item {\n\t\t\t\tfloat: left;\n\t\t\t\tmargin-top: 10px;\n\t\t\t\ttext-align: center;\n\t\t\t\twidth: 25%;\n\t\t\t}\n\t\t\t#gallery-1 img {\n\t\t\t\tborder: 2px solid #cfcfcf;\n\t\t\t}\n\t\t\t#gallery-1 .gallery-caption {\n\t\t\t\tmargin-left: 0;\n\t\t\t}\n\t\t\t\/* see gallery_shortcode() in wp-includes\/media.php *\/\n\t\t<\/style>\n\t\t<div id='gallery-1' class='gallery galleryid-34970 gallery-columns-4 gallery-size-full'><dl class='gallery-item'>\n\t\t\t<dt class='gallery-icon landscape'>\n\t\t\t\t<a href='https:\/\/www.cm-evora.pt\/wp-content\/uploads\/2022\/05\/DSC_0938-scaled.jpg'><img loading=\"lazy\" decoding=\"async\" width=\"2560\" height=\"1974\" src=\"https:\/\/www.cm-evora.pt\/wp-content\/uploads\/2022\/05\/DSC_0938-scaled.jpg\" class=\"attachment-full size-full\" alt=\"\" srcset=\"https:\/\/www.cm-evora.pt\/wp-content\/uploads\/2022\/05\/DSC_0938-scaled.jpg 2560w, https:\/\/www.cm-evora.pt\/wp-content\/uploads\/2022\/05\/DSC_0938-300x231.jpg 300w, https:\/\/www.cm-evora.pt\/wp-content\/uploads\/2022\/05\/DSC_0938-1024x790.jpg 1024w, https:\/\/www.cm-evora.pt\/wp-content\/uploads\/2022\/05\/DSC_0938-768x592.jpg 768w, https:\/\/www.cm-evora.pt\/wp-content\/uploads\/2022\/05\/DSC_0938-1536x1184.jpg 1536w, https:\/\/www.cm-evora.pt\/wp-content\/uploads\/2022\/05\/DSC_0938-2048x1579.jpg 2048w, https:\/\/www.cm-evora.pt\/wp-content\/uploads\/2022\/05\/DSC_0938-1320x1018.jpg 1320w\" sizes=\"auto, (max-width: 2560px) 100vw, 2560px\" \/><\/a>\n\t\t\t<\/dt><\/dl><dl class='gallery-item'>\n\t\t\t<dt class='gallery-icon landscape'>\n\t\t\t\t<a href='https:\/\/www.cm-evora.pt\/wp-content\/uploads\/2022\/05\/DSC_0956-scaled.jpg'><img loading=\"lazy\" decoding=\"async\" width=\"2560\" height=\"1716\" src=\"https:\/\/www.cm-evora.pt\/wp-content\/uploads\/2022\/05\/DSC_0956-scaled.jpg\" class=\"attachment-full size-full\" alt=\"\" srcset=\"https:\/\/www.cm-evora.pt\/wp-content\/uploads\/2022\/05\/DSC_0956-scaled.jpg 2560w, https:\/\/www.cm-evora.pt\/wp-content\/uploads\/2022\/05\/DSC_0956-300x201.jpg 300w, https:\/\/www.cm-evora.pt\/wp-content\/uploads\/2022\/05\/DSC_0956-1024x686.jpg 1024w, https:\/\/www.cm-evora.pt\/wp-content\/uploads\/2022\/05\/DSC_0956-768x515.jpg 768w, https:\/\/www.cm-evora.pt\/wp-content\/uploads\/2022\/05\/DSC_0956-1536x1029.jpg 1536w, https:\/\/www.cm-evora.pt\/wp-content\/uploads\/2022\/05\/DSC_0956-2048x1373.jpg 2048w, https:\/\/www.cm-evora.pt\/wp-content\/uploads\/2022\/05\/DSC_0956-1320x885.jpg 1320w\" sizes=\"auto, (max-width: 2560px) 100vw, 2560px\" \/><\/a>\n\t\t\t<\/dt><\/dl><dl class='gallery-item'>\n\t\t\t<dt class='gallery-icon landscape'>\n\t\t\t\t<a href='https:\/\/www.cm-evora.pt\/wp-content\/uploads\/2022\/05\/DSC_1004-scaled.jpg'><img loading=\"lazy\" decoding=\"async\" width=\"2560\" height=\"1707\" src=\"https:\/\/www.cm-evora.pt\/wp-content\/uploads\/2022\/05\/DSC_1004-scaled.jpg\" class=\"attachment-full size-full\" alt=\"\" srcset=\"https:\/\/www.cm-evora.pt\/wp-content\/uploads\/2022\/05\/DSC_1004-scaled.jpg 2560w, https:\/\/www.cm-evora.pt\/wp-content\/uploads\/2022\/05\/DSC_1004-300x200.jpg 300w, https:\/\/www.cm-evora.pt\/wp-content\/uploads\/2022\/05\/DSC_1004-1024x683.jpg 1024w, https:\/\/www.cm-evora.pt\/wp-content\/uploads\/2022\/05\/DSC_1004-768x512.jpg 768w, https:\/\/www.cm-evora.pt\/wp-content\/uploads\/2022\/05\/DSC_1004-1536x1024.jpg 1536w, https:\/\/www.cm-evora.pt\/wp-content\/uploads\/2022\/05\/DSC_1004-2048x1365.jpg 2048w, https:\/\/www.cm-evora.pt\/wp-content\/uploads\/2022\/05\/DSC_1004-1320x880.jpg 1320w\" sizes=\"auto, (max-width: 2560px) 100vw, 2560px\" \/><\/a>\n\t\t\t<\/dt><\/dl><dl class='gallery-item'>\n\t\t\t<dt class='gallery-icon landscape'>\n\t\t\t\t<a href='https:\/\/www.cm-evora.pt\/wp-content\/uploads\/2022\/05\/DSC_1040-scaled.jpg'><img loading=\"lazy\" decoding=\"async\" width=\"2560\" height=\"1707\" src=\"https:\/\/www.cm-evora.pt\/wp-content\/uploads\/2022\/05\/DSC_1040-scaled.jpg\" class=\"attachment-full size-full\" alt=\"\" srcset=\"https:\/\/www.cm-evora.pt\/wp-content\/uploads\/2022\/05\/DSC_1040-scaled.jpg 2560w, https:\/\/www.cm-evora.pt\/wp-content\/uploads\/2022\/05\/DSC_1040-300x200.jpg 300w, https:\/\/www.cm-evora.pt\/wp-content\/uploads\/2022\/05\/DSC_1040-1024x683.jpg 1024w, https:\/\/www.cm-evora.pt\/wp-content\/uploads\/2022\/05\/DSC_1040-768x512.jpg 768w, https:\/\/www.cm-evora.pt\/wp-content\/uploads\/2022\/05\/DSC_1040-1536x1024.jpg 1536w, https:\/\/www.cm-evora.pt\/wp-content\/uploads\/2022\/05\/DSC_1040-2048x1365.jpg 2048w, https:\/\/www.cm-evora.pt\/wp-content\/uploads\/2022\/05\/DSC_1040-1320x880.jpg 1320w\" sizes=\"auto, (max-width: 2560px) 100vw, 2560px\" \/><\/a>\n\t\t\t<\/dt><\/dl><br style=\"clear: both\" \/><dl class='gallery-item'>\n\t\t\t<dt class='gallery-icon landscape'>\n\t\t\t\t<a href='https:\/\/www.cm-evora.pt\/wp-content\/uploads\/2022\/05\/DSC_1044-scaled.jpg'><img loading=\"lazy\" decoding=\"async\" width=\"2560\" height=\"1887\" src=\"https:\/\/www.cm-evora.pt\/wp-content\/uploads\/2022\/05\/DSC_1044-scaled.jpg\" class=\"attachment-full size-full\" alt=\"\" srcset=\"https:\/\/www.cm-evora.pt\/wp-content\/uploads\/2022\/05\/DSC_1044-scaled.jpg 2560w, https:\/\/www.cm-evora.pt\/wp-content\/uploads\/2022\/05\/DSC_1044-300x221.jpg 300w, https:\/\/www.cm-evora.pt\/wp-content\/uploads\/2022\/05\/DSC_1044-1024x755.jpg 1024w, https:\/\/www.cm-evora.pt\/wp-content\/uploads\/2022\/05\/DSC_1044-768x566.jpg 768w, https:\/\/www.cm-evora.pt\/wp-content\/uploads\/2022\/05\/DSC_1044-1536x1132.jpg 1536w, https:\/\/www.cm-evora.pt\/wp-content\/uploads\/2022\/05\/DSC_1044-2048x1510.jpg 2048w, https:\/\/www.cm-evora.pt\/wp-content\/uploads\/2022\/05\/DSC_1044-1320x973.jpg 1320w\" sizes=\"auto, (max-width: 2560px) 100vw, 2560px\" \/><\/a>\n\t\t\t<\/dt><\/dl><dl class='gallery-item'>\n\t\t\t<dt class='gallery-icon landscape'>\n\t\t\t\t<a href='https:\/\/www.cm-evora.pt\/wp-content\/uploads\/2022\/05\/DSC_1175-scaled.jpg'><img loading=\"lazy\" decoding=\"async\" width=\"2560\" height=\"2069\" src=\"https:\/\/www.cm-evora.pt\/wp-content\/uploads\/2022\/05\/DSC_1175-scaled.jpg\" class=\"attachment-full size-full\" alt=\"\" srcset=\"https:\/\/www.cm-evora.pt\/wp-content\/uploads\/2022\/05\/DSC_1175-scaled.jpg 2560w, https:\/\/www.cm-evora.pt\/wp-content\/uploads\/2022\/05\/DSC_1175-300x242.jpg 300w, https:\/\/www.cm-evora.pt\/wp-content\/uploads\/2022\/05\/DSC_1175-1024x827.jpg 1024w, https:\/\/www.cm-evora.pt\/wp-content\/uploads\/2022\/05\/DSC_1175-768x621.jpg 768w, https:\/\/www.cm-evora.pt\/wp-content\/uploads\/2022\/05\/DSC_1175-1536x1241.jpg 1536w, https:\/\/www.cm-evora.pt\/wp-content\/uploads\/2022\/05\/DSC_1175-2048x1655.jpg 2048w, https:\/\/www.cm-evora.pt\/wp-content\/uploads\/2022\/05\/DSC_1175-1320x1067.jpg 1320w\" sizes=\"auto, (max-width: 2560px) 100vw, 2560px\" \/><\/a>\n\t\t\t<\/dt><\/dl><dl class='gallery-item'>\n\t\t\t<dt class='gallery-icon portrait'>\n\t\t\t\t<a href='https:\/\/www.cm-evora.pt\/wp-content\/uploads\/2022\/05\/DSC_1191-scaled.jpg'><img loading=\"lazy\" decoding=\"async\" width=\"1975\" height=\"2560\" src=\"https:\/\/www.cm-evora.pt\/wp-content\/uploads\/2022\/05\/DSC_1191-scaled.jpg\" class=\"attachment-full size-full\" alt=\"\" srcset=\"https:\/\/www.cm-evora.pt\/wp-content\/uploads\/2022\/05\/DSC_1191-scaled.jpg 1975w, https:\/\/www.cm-evora.pt\/wp-content\/uploads\/2022\/05\/DSC_1191-231x300.jpg 231w, https:\/\/www.cm-evora.pt\/wp-content\/uploads\/2022\/05\/DSC_1191-790x1024.jpg 790w, https:\/\/www.cm-evora.pt\/wp-content\/uploads\/2022\/05\/DSC_1191-768x995.jpg 768w, https:\/\/www.cm-evora.pt\/wp-content\/uploads\/2022\/05\/DSC_1191-1185x1536.jpg 1185w, https:\/\/www.cm-evora.pt\/wp-content\/uploads\/2022\/05\/DSC_1191-1580x2048.jpg 1580w, https:\/\/www.cm-evora.pt\/wp-content\/uploads\/2022\/05\/DSC_1191-1320x1711.jpg 1320w\" sizes=\"auto, (max-width: 1975px) 100vw, 1975px\" \/><\/a>\n\t\t\t<\/dt><\/dl><dl class='gallery-item'>\n\t\t\t<dt class='gallery-icon landscape'>\n\t\t\t\t<a href='https:\/\/www.cm-evora.pt\/wp-content\/uploads\/2022\/05\/DSC_1273-scaled.jpg'><img loading=\"lazy\" decoding=\"async\" width=\"2560\" height=\"1707\" src=\"https:\/\/www.cm-evora.pt\/wp-content\/uploads\/2022\/05\/DSC_1273-scaled.jpg\" class=\"attachment-full size-full\" alt=\"\" srcset=\"https:\/\/www.cm-evora.pt\/wp-content\/uploads\/2022\/05\/DSC_1273-scaled.jpg 2560w, https:\/\/www.cm-evora.pt\/wp-content\/uploads\/2022\/05\/DSC_1273-300x200.jpg 300w, https:\/\/www.cm-evora.pt\/wp-content\/uploads\/2022\/05\/DSC_1273-1024x683.jpg 1024w, https:\/\/www.cm-evora.pt\/wp-content\/uploads\/2022\/05\/DSC_1273-768x512.jpg 768w, https:\/\/www.cm-evora.pt\/wp-content\/uploads\/2022\/05\/DSC_1273-1536x1024.jpg 1536w, https:\/\/www.cm-evora.pt\/wp-content\/uploads\/2022\/05\/DSC_1273-2048x1365.jpg 2048w, https:\/\/www.cm-evora.pt\/wp-content\/uploads\/2022\/05\/DSC_1273-1320x880.jpg 1320w\" sizes=\"auto, (max-width: 2560px) 100vw, 2560px\" \/><\/a>\n\t\t\t<\/dt><\/dl><br style=\"clear: both\" \/>\n\t\t<\/div>\n<\/p>","protected":false},"excerpt":{"rendered":"<p>Sorry, this entry is only available in Portugu\u00eas.O Presidente da C\u00e2mara Municipal de \u00c9vora, Carlos Pinto de S\u00e1, considerou, ontem, que o novo edif\u00edcio do Parque de Ci\u00eancia e Tecnologia do Alentejo (PACT), que foi inaugurado na presen\u00e7a da Comiss\u00e1ria Europeia Elisa Ferreira, juntamente com a Ministra da Coes\u00e3o Territorial, Ana Abrunhosa, \u00e9 a consolida\u00e7\u00e3o [&hellip;]<\/p>\n","protected":false},"author":45,"featured_media":34971,"comment_status":"closed","ping_status":"closed","sticky":false,"template":"","format":"standard","meta":{"_acf_changed":false,"footnotes":""},"categories":[2110],"tags":[],"class_list":["post-34970","post","type-post","status-publish","format-standard","has-post-thumbnail","hentry","category-noticias"],"acf":{"imagens":"","destaq_image":34980,"titulo_docs_seccao":"","documentos":""},"_links":{"self":[{"href":"https:\/\/www.cm-evora.pt\/en\/wp-json\/wp\/v2\/posts\/34970","targetHints":{"allow":["GET"]}}],"collection":[{"href":"https:\/\/www.cm-evora.pt\/en\/wp-json\/wp\/v2\/posts"}],"about":[{"href":"https:\/\/www.cm-evora.pt\/en\/wp-json\/wp\/v2\/types\/post"}],"author":[{"embeddable":true,"href":"https:\/\/www.cm-evora.pt\/en\/wp-json\/wp\/v2\/users\/45"}],"replies":[{"embeddable":true,"href":"https:\/\/www.cm-evora.pt\/en\/wp-json\/wp\/v2\/comments?post=34970"}],"version-history":[{"count":2,"href":"https:\/\/www.cm-evora.pt\/en\/wp-json\/wp\/v2\/posts\/34970\/revisions"}],"predecessor-version":[{"id":34981,"href":"https:\/\/www.cm-evora.pt\/en\/wp-json\/wp\/v2\/posts\/34970\/revisions\/34981"}],"wp:featuredmedia":[{"embeddable":true,"href":"https:\/\/www.cm-evora.pt\/en\/wp-json\/wp\/v2\/media\/34971"}],"wp:attachment":[{"href":"https:\/\/www.cm-evora.pt\/en\/wp-json\/wp\/v2\/media?parent=34970"}],"wp:term":[{"taxonomy":"category","embeddable":true,"href":"https:\/\/www.cm-evora.pt\/en\/wp-json\/wp\/v2\/categories?post=34970"},{"taxonomy":"post_tag","embeddable":true,"href":"https:\/\/www.cm-evora.pt\/en\/wp-json\/wp\/v2\/tags?post=34970"}],"curies":[{"name":"wp","href":"https:\/\/api.w.org\/{rel}","templated":true}]}}