{"id":34985,"date":"2022-05-10T10:31:46","date_gmt":"2022-05-10T09:31:46","guid":{"rendered":"https:\/\/www.cm-evora.pt\/?p=34985"},"modified":"2022-05-10T10:31:46","modified_gmt":"2022-05-10T09:31:46","slug":"evora-recebeu-dia-da-europa","status":"publish","type":"post","link":"https:\/\/www.cm-evora.pt\/en\/evora-recebeu-dia-da-europa\/","title":{"rendered":"(Portugu\u00eas) \u00c9vora recebeu Dia da Europa"},"content":{"rendered":"<p class=\"qtranxs-available-languages-message qtranxs-available-languages-message-en\">Sorry, this entry is only available in <a href=\"https:\/\/www.cm-evora.pt\/pt\/wp-json\/wp\/v2\/posts\/34985\" class=\"qtranxs-available-language-link qtranxs-available-language-link-pt\" title=\"Portugu\u00eas\">Portugu\u00eas<\/a>.<\/p><p>A Representa\u00e7\u00e3o da Comiss\u00e3o Europeia em Portugal assinalou ontem, em \u00c9vora, o Dia da Europa, com um programa centrado nos objetivos e valores da Uni\u00e3o Europeia, num ano em que se assinala o Ano Europeu da Juventude e o 35\u00ba anivers\u00e1rio do programa Erasmus. Organizadas com o apoio da C\u00e2mara Municipal de \u00c9vora e em colabora\u00e7\u00e3o com um leque de entidades, sobretudo locais, as comemora\u00e7\u00f5es decorreram no Pal\u00e1cio de D. Manuel e no Jardim P\u00fablico<\/p>\n<p>O programa oficial das comemora\u00e7\u00f5es arrancou com uma Sess\u00e3o Protocolar no Pal\u00e1cio de D. Manuel, com a participa\u00e7\u00e3o da Comiss\u00e1ria Europeia, Elisa Ferreira, e da Ministra da Presid\u00eancia, Mariana Vieira da Silva. A sess\u00e3o foi aberta por Carlos Pinto de S\u00e1, Presidente da C\u00e2mara Municipal de \u00c9vora e o evento incluiu momentos de m\u00fasica e poesia, interpretados por estudantes de M\u00fasica e Artes C\u00e9nicas da Escola de Artes da Universidade de \u00c9vora, e pelo Cantares de \u00c9vora.<\/p>\n<p>Para o Presidente da C\u00e2mara Municipal de \u00c9vora, Carlos Pinto de S\u00e1, a escolha da cidade para a realiza\u00e7\u00e3o destas cerim\u00f3nias \u201c\u00e9 o reconhecimento p\u00fablico da import\u00e2ncia e do prest\u00edgio nacional e internacional que \u00c9vora vem ganhando. Da nossa parte, procur\u00e1mos estar \u00e0 altura dos acontecimentos e propor a reflex\u00e3o sobre os temas que s\u00e3o fundamentais para a Europa\u201d.<\/p>\n<p>Segundo o autarca, esta efem\u00e9ride visa \u201cmostrar o que de bom a Europa nos trouxe, mas tamb\u00e9m conv\u00e9m sublinhar os problemas, as dificuldades que temos e que enfrentamos e alguns deles s\u00e3o estruturantes e s\u00e3o decisivos para o nosso futuro. Temos muito trabalho a fazer, designadamente na \u00e1rea da pobreza, nas quest\u00f5es da guerra, do armamento de destrui\u00e7\u00e3o maci\u00e7a e nuclear ou na quest\u00e3o das altera\u00e7\u00f5es clim\u00e1ticas\u201d.<\/p>\n<p>H\u00e1 que \u201crefletir sobre o futuro da Europa e a seguir ter\u00e1 de haver coragem para se tomarem as op\u00e7\u00f5es pol\u00edticas em sintonia com as necessidades dos povos europeus, para que estes vejam melhoradas as suas condi\u00e7\u00f5es e qualidade de vida. H\u00e1 que garantir uma sociedade mais justa no futuro imediato da Europa\u201d.<\/p>\n<p>\n\t\t<style type=\"text\/css\">\n\t\t\t#gallery-1 {\n\t\t\t\tmargin: auto;\n\t\t\t}\n\t\t\t#gallery-1 .gallery-item {\n\t\t\t\tfloat: left;\n\t\t\t\tmargin-top: 10px;\n\t\t\t\ttext-align: center;\n\t\t\t\twidth: 33%;\n\t\t\t}\n\t\t\t#gallery-1 img {\n\t\t\t\tborder: 2px solid #cfcfcf;\n\t\t\t}\n\t\t\t#gallery-1 .gallery-caption {\n\t\t\t\tmargin-left: 0;\n\t\t\t}\n\t\t\t\/* see gallery_shortcode() in wp-includes\/media.php *\/\n\t\t<\/style>\n\t\t<div id='gallery-1' class='gallery galleryid-34985 gallery-columns-3 gallery-size-full'><dl class='gallery-item'>\n\t\t\t<dt class='gallery-icon landscape'>\n\t\t\t\t<a href='https:\/\/www.cm-evora.pt\/wp-content\/uploads\/2022\/05\/DSC_1287-scaled.jpg'><img loading=\"lazy\" decoding=\"async\" width=\"2560\" height=\"1707\" src=\"https:\/\/www.cm-evora.pt\/wp-content\/uploads\/2022\/05\/DSC_1287-scaled.jpg\" class=\"attachment-full size-full\" alt=\"\" srcset=\"https:\/\/www.cm-evora.pt\/wp-content\/uploads\/2022\/05\/DSC_1287-scaled.jpg 2560w, https:\/\/www.cm-evora.pt\/wp-content\/uploads\/2022\/05\/DSC_1287-300x200.jpg 300w, https:\/\/www.cm-evora.pt\/wp-content\/uploads\/2022\/05\/DSC_1287-1024x683.jpg 1024w, https:\/\/www.cm-evora.pt\/wp-content\/uploads\/2022\/05\/DSC_1287-768x512.jpg 768w, https:\/\/www.cm-evora.pt\/wp-content\/uploads\/2022\/05\/DSC_1287-1536x1024.jpg 1536w, https:\/\/www.cm-evora.pt\/wp-content\/uploads\/2022\/05\/DSC_1287-2048x1365.jpg 2048w, https:\/\/www.cm-evora.pt\/wp-content\/uploads\/2022\/05\/DSC_1287-1320x880.jpg 1320w\" sizes=\"auto, (max-width: 2560px) 100vw, 2560px\" \/><\/a>\n\t\t\t<\/dt><\/dl><dl class='gallery-item'>\n\t\t\t<dt class='gallery-icon portrait'>\n\t\t\t\t<a href='https:\/\/www.cm-evora.pt\/wp-content\/uploads\/2022\/05\/DSC_1311-scaled.jpg'><img loading=\"lazy\" decoding=\"async\" width=\"2553\" height=\"2560\" src=\"https:\/\/www.cm-evora.pt\/wp-content\/uploads\/2022\/05\/DSC_1311-scaled.jpg\" class=\"attachment-full size-full\" alt=\"\" srcset=\"https:\/\/www.cm-evora.pt\/wp-content\/uploads\/2022\/05\/DSC_1311-scaled.jpg 2553w, https:\/\/www.cm-evora.pt\/wp-content\/uploads\/2022\/05\/DSC_1311-300x300.jpg 300w, https:\/\/www.cm-evora.pt\/wp-content\/uploads\/2022\/05\/DSC_1311-1021x1024.jpg 1021w, https:\/\/www.cm-evora.pt\/wp-content\/uploads\/2022\/05\/DSC_1311-150x150.jpg 150w, https:\/\/www.cm-evora.pt\/wp-content\/uploads\/2022\/05\/DSC_1311-768x770.jpg 768w, https:\/\/www.cm-evora.pt\/wp-content\/uploads\/2022\/05\/DSC_1311-1532x1536.jpg 1532w, https:\/\/www.cm-evora.pt\/wp-content\/uploads\/2022\/05\/DSC_1311-2043x2048.jpg 2043w, https:\/\/www.cm-evora.pt\/wp-content\/uploads\/2022\/05\/DSC_1311-1320x1323.jpg 1320w\" sizes=\"auto, (max-width: 2553px) 100vw, 2553px\" \/><\/a>\n\t\t\t<\/dt><\/dl><dl class='gallery-item'>\n\t\t\t<dt class='gallery-icon landscape'>\n\t\t\t\t<a href='https:\/\/www.cm-evora.pt\/wp-content\/uploads\/2022\/05\/DSC_1409-scaled.jpg'><img loading=\"lazy\" decoding=\"async\" width=\"2560\" height=\"2004\" src=\"https:\/\/www.cm-evora.pt\/wp-content\/uploads\/2022\/05\/DSC_1409-scaled.jpg\" class=\"attachment-full size-full\" alt=\"\" srcset=\"https:\/\/www.cm-evora.pt\/wp-content\/uploads\/2022\/05\/DSC_1409-scaled.jpg 2560w, https:\/\/www.cm-evora.pt\/wp-content\/uploads\/2022\/05\/DSC_1409-300x235.jpg 300w, https:\/\/www.cm-evora.pt\/wp-content\/uploads\/2022\/05\/DSC_1409-1024x802.jpg 1024w, https:\/\/www.cm-evora.pt\/wp-content\/uploads\/2022\/05\/DSC_1409-768x601.jpg 768w, https:\/\/www.cm-evora.pt\/wp-content\/uploads\/2022\/05\/DSC_1409-1536x1202.jpg 1536w, https:\/\/www.cm-evora.pt\/wp-content\/uploads\/2022\/05\/DSC_1409-2048x1603.jpg 2048w, https:\/\/www.cm-evora.pt\/wp-content\/uploads\/2022\/05\/DSC_1409-1320x1033.jpg 1320w\" sizes=\"auto, (max-width: 2560px) 100vw, 2560px\" \/><\/a>\n\t\t\t<\/dt><\/dl><br style=\"clear: both\" \/><dl class='gallery-item'>\n\t\t\t<dt class='gallery-icon landscape'>\n\t\t\t\t<a href='https:\/\/www.cm-evora.pt\/wp-content\/uploads\/2022\/05\/DSC_1513-scaled.jpg'><img loading=\"lazy\" decoding=\"async\" width=\"2560\" height=\"2083\" src=\"https:\/\/www.cm-evora.pt\/wp-content\/uploads\/2022\/05\/DSC_1513-scaled.jpg\" class=\"attachment-full size-full\" alt=\"\" srcset=\"https:\/\/www.cm-evora.pt\/wp-content\/uploads\/2022\/05\/DSC_1513-scaled.jpg 2560w, https:\/\/www.cm-evora.pt\/wp-content\/uploads\/2022\/05\/DSC_1513-300x244.jpg 300w, https:\/\/www.cm-evora.pt\/wp-content\/uploads\/2022\/05\/DSC_1513-1024x833.jpg 1024w, https:\/\/www.cm-evora.pt\/wp-content\/uploads\/2022\/05\/DSC_1513-768x625.jpg 768w, https:\/\/www.cm-evora.pt\/wp-content\/uploads\/2022\/05\/DSC_1513-1536x1250.jpg 1536w, https:\/\/www.cm-evora.pt\/wp-content\/uploads\/2022\/05\/DSC_1513-2048x1666.jpg 2048w, https:\/\/www.cm-evora.pt\/wp-content\/uploads\/2022\/05\/DSC_1513-1320x1074.jpg 1320w\" sizes=\"auto, (max-width: 2560px) 100vw, 2560px\" \/><\/a>\n\t\t\t<\/dt><\/dl><dl class='gallery-item'>\n\t\t\t<dt class='gallery-icon landscape'>\n\t\t\t\t<a href='https:\/\/www.cm-evora.pt\/wp-content\/uploads\/2022\/05\/DSC_1536-scaled.jpg'><img loading=\"lazy\" decoding=\"async\" width=\"2560\" height=\"2173\" src=\"https:\/\/www.cm-evora.pt\/wp-content\/uploads\/2022\/05\/DSC_1536-scaled.jpg\" class=\"attachment-full size-full\" alt=\"\" srcset=\"https:\/\/www.cm-evora.pt\/wp-content\/uploads\/2022\/05\/DSC_1536-scaled.jpg 2560w, https:\/\/www.cm-evora.pt\/wp-content\/uploads\/2022\/05\/DSC_1536-300x255.jpg 300w, https:\/\/www.cm-evora.pt\/wp-content\/uploads\/2022\/05\/DSC_1536-1024x869.jpg 1024w, https:\/\/www.cm-evora.pt\/wp-content\/uploads\/2022\/05\/DSC_1536-768x652.jpg 768w, https:\/\/www.cm-evora.pt\/wp-content\/uploads\/2022\/05\/DSC_1536-1536x1304.jpg 1536w, https:\/\/www.cm-evora.pt\/wp-content\/uploads\/2022\/05\/DSC_1536-2048x1739.jpg 2048w, https:\/\/www.cm-evora.pt\/wp-content\/uploads\/2022\/05\/DSC_1536-1320x1121.jpg 1320w\" sizes=\"auto, (max-width: 2560px) 100vw, 2560px\" \/><\/a>\n\t\t\t<\/dt><\/dl><dl class='gallery-item'>\n\t\t\t<dt class='gallery-icon portrait'>\n\t\t\t\t<a href='https:\/\/www.cm-evora.pt\/wp-content\/uploads\/2022\/05\/DSC_1575-scaled.jpg'><img loading=\"lazy\" decoding=\"async\" width=\"1707\" height=\"2560\" src=\"https:\/\/www.cm-evora.pt\/wp-content\/uploads\/2022\/05\/DSC_1575-scaled.jpg\" class=\"attachment-full size-full\" alt=\"\" srcset=\"https:\/\/www.cm-evora.pt\/wp-content\/uploads\/2022\/05\/DSC_1575-scaled.jpg 1707w, https:\/\/www.cm-evora.pt\/wp-content\/uploads\/2022\/05\/DSC_1575-200x300.jpg 200w, https:\/\/www.cm-evora.pt\/wp-content\/uploads\/2022\/05\/DSC_1575-683x1024.jpg 683w, https:\/\/www.cm-evora.pt\/wp-content\/uploads\/2022\/05\/DSC_1575-768x1152.jpg 768w, https:\/\/www.cm-evora.pt\/wp-content\/uploads\/2022\/05\/DSC_1575-1024x1536.jpg 1024w, https:\/\/www.cm-evora.pt\/wp-content\/uploads\/2022\/05\/DSC_1575-1365x2048.jpg 1365w, https:\/\/www.cm-evora.pt\/wp-content\/uploads\/2022\/05\/DSC_1575-1320x1980.jpg 1320w\" sizes=\"auto, (max-width: 1707px) 100vw, 1707px\" \/><\/a>\n\t\t\t<\/dt><\/dl><br style=\"clear: both\" \/><dl class='gallery-item'>\n\t\t\t<dt class='gallery-icon landscape'>\n\t\t\t\t<a href='https:\/\/www.cm-evora.pt\/wp-content\/uploads\/2022\/05\/DSC_1713-scaled.jpg'><img loading=\"lazy\" decoding=\"async\" width=\"2560\" height=\"1707\" src=\"https:\/\/www.cm-evora.pt\/wp-content\/uploads\/2022\/05\/DSC_1713-scaled.jpg\" class=\"attachment-full size-full\" alt=\"\" srcset=\"https:\/\/www.cm-evora.pt\/wp-content\/uploads\/2022\/05\/DSC_1713-scaled.jpg 2560w, https:\/\/www.cm-evora.pt\/wp-content\/uploads\/2022\/05\/DSC_1713-300x200.jpg 300w, https:\/\/www.cm-evora.pt\/wp-content\/uploads\/2022\/05\/DSC_1713-1024x683.jpg 1024w, https:\/\/www.cm-evora.pt\/wp-content\/uploads\/2022\/05\/DSC_1713-768x512.jpg 768w, https:\/\/www.cm-evora.pt\/wp-content\/uploads\/2022\/05\/DSC_1713-1536x1024.jpg 1536w, https:\/\/www.cm-evora.pt\/wp-content\/uploads\/2022\/05\/DSC_1713-2048x1365.jpg 2048w, https:\/\/www.cm-evora.pt\/wp-content\/uploads\/2022\/05\/DSC_1713-1320x880.jpg 1320w\" sizes=\"auto, (max-width: 2560px) 100vw, 2560px\" \/><\/a>\n\t\t\t<\/dt><\/dl><dl class='gallery-item'>\n\t\t\t<dt class='gallery-icon landscape'>\n\t\t\t\t<a href='https:\/\/www.cm-evora.pt\/wp-content\/uploads\/2022\/05\/DSC_1718-scaled.jpg'><img loading=\"lazy\" decoding=\"async\" width=\"2560\" height=\"2323\" src=\"https:\/\/www.cm-evora.pt\/wp-content\/uploads\/2022\/05\/DSC_1718-scaled.jpg\" class=\"attachment-full size-full\" alt=\"\" srcset=\"https:\/\/www.cm-evora.pt\/wp-content\/uploads\/2022\/05\/DSC_1718-scaled.jpg 2560w, https:\/\/www.cm-evora.pt\/wp-content\/uploads\/2022\/05\/DSC_1718-300x272.jpg 300w, https:\/\/www.cm-evora.pt\/wp-content\/uploads\/2022\/05\/DSC_1718-1024x929.jpg 1024w, https:\/\/www.cm-evora.pt\/wp-content\/uploads\/2022\/05\/DSC_1718-768x697.jpg 768w, https:\/\/www.cm-evora.pt\/wp-content\/uploads\/2022\/05\/DSC_1718-1536x1394.jpg 1536w, https:\/\/www.cm-evora.pt\/wp-content\/uploads\/2022\/05\/DSC_1718-2048x1859.jpg 2048w, https:\/\/www.cm-evora.pt\/wp-content\/uploads\/2022\/05\/DSC_1718-1320x1198.jpg 1320w\" sizes=\"auto, (max-width: 2560px) 100vw, 2560px\" \/><\/a>\n\t\t\t<\/dt><\/dl><dl class='gallery-item'>\n\t\t\t<dt class='gallery-icon landscape'>\n\t\t\t\t<a href='https:\/\/www.cm-evora.pt\/wp-content\/uploads\/2022\/05\/DSC_2011-scaled.jpg'><img loading=\"lazy\" decoding=\"async\" width=\"2560\" height=\"1707\" src=\"https:\/\/www.cm-evora.pt\/wp-content\/uploads\/2022\/05\/DSC_2011-scaled.jpg\" class=\"attachment-full size-full\" alt=\"\" srcset=\"https:\/\/www.cm-evora.pt\/wp-content\/uploads\/2022\/05\/DSC_2011-scaled.jpg 2560w, https:\/\/www.cm-evora.pt\/wp-content\/uploads\/2022\/05\/DSC_2011-300x200.jpg 300w, https:\/\/www.cm-evora.pt\/wp-content\/uploads\/2022\/05\/DSC_2011-1024x683.jpg 1024w, https:\/\/www.cm-evora.pt\/wp-content\/uploads\/2022\/05\/DSC_2011-768x512.jpg 768w, https:\/\/www.cm-evora.pt\/wp-content\/uploads\/2022\/05\/DSC_2011-1536x1024.jpg 1536w, https:\/\/www.cm-evora.pt\/wp-content\/uploads\/2022\/05\/DSC_2011-2048x1365.jpg 2048w, https:\/\/www.cm-evora.pt\/wp-content\/uploads\/2022\/05\/DSC_2011-1320x880.jpg 1320w\" sizes=\"auto, (max-width: 2560px) 100vw, 2560px\" \/><\/a>\n\t\t\t<\/dt><\/dl><br style=\"clear: both\" \/>\n\t\t<\/div>\n<\/p>","protected":false},"excerpt":{"rendered":"<p>Sorry, this entry is only available in Portugu\u00eas.A Representa\u00e7\u00e3o da Comiss\u00e3o Europeia em Portugal assinalou ontem, em \u00c9vora, o Dia da Europa, com um programa centrado nos objetivos e valores da Uni\u00e3o Europeia, num ano em que se assinala o Ano Europeu da Juventude e o 35\u00ba anivers\u00e1rio do programa Erasmus. Organizadas com o apoio [&hellip;]<\/p>\n","protected":false},"author":45,"featured_media":34986,"comment_status":"closed","ping_status":"closed","sticky":false,"template":"","format":"standard","meta":{"_acf_changed":false,"footnotes":""},"categories":[2110],"tags":[],"class_list":["post-34985","post","type-post","status-publish","format-standard","has-post-thumbnail","hentry","category-noticias"],"acf":{"imagens":"","destaq_image":34995,"titulo_docs_seccao":"","documentos":""},"_links":{"self":[{"href":"https:\/\/www.cm-evora.pt\/en\/wp-json\/wp\/v2\/posts\/34985","targetHints":{"allow":["GET"]}}],"collection":[{"href":"https:\/\/www.cm-evora.pt\/en\/wp-json\/wp\/v2\/posts"}],"about":[{"href":"https:\/\/www.cm-evora.pt\/en\/wp-json\/wp\/v2\/types\/post"}],"author":[{"embeddable":true,"href":"https:\/\/www.cm-evora.pt\/en\/wp-json\/wp\/v2\/users\/45"}],"replies":[{"embeddable":true,"href":"https:\/\/www.cm-evora.pt\/en\/wp-json\/wp\/v2\/comments?post=34985"}],"version-history":[{"count":1,"href":"https:\/\/www.cm-evora.pt\/en\/wp-json\/wp\/v2\/posts\/34985\/revisions"}],"predecessor-version":[{"id":34999,"href":"https:\/\/www.cm-evora.pt\/en\/wp-json\/wp\/v2\/posts\/34985\/revisions\/34999"}],"wp:featuredmedia":[{"embeddable":true,"href":"https:\/\/www.cm-evora.pt\/en\/wp-json\/wp\/v2\/media\/34986"}],"wp:attachment":[{"href":"https:\/\/www.cm-evora.pt\/en\/wp-json\/wp\/v2\/media?parent=34985"}],"wp:term":[{"taxonomy":"category","embeddable":true,"href":"https:\/\/www.cm-evora.pt\/en\/wp-json\/wp\/v2\/categories?post=34985"},{"taxonomy":"post_tag","embeddable":true,"href":"https:\/\/www.cm-evora.pt\/en\/wp-json\/wp\/v2\/tags?post=34985"}],"curies":[{"name":"wp","href":"https:\/\/api.w.org\/{rel}","templated":true}]}}