{"id":35105,"date":"2022-05-11T14:47:46","date_gmt":"2022-05-11T13:47:46","guid":{"rendered":"https:\/\/www.cm-evora.pt\/?p=35105"},"modified":"2022-05-11T14:47:46","modified_gmt":"2022-05-11T13:47:46","slug":"evora-deu-as-boas-vindas-aos-jovens-embaixadores-da-ocpm","status":"publish","type":"post","link":"https:\/\/www.cm-evora.pt\/en\/evora-deu-as-boas-vindas-aos-jovens-embaixadores-da-ocpm\/","title":{"rendered":"(Portugu\u00eas) \u00c9vora deu as boas vindas aos Jovens Embaixadores da OCPM"},"content":{"rendered":"<p class=\"qtranxs-available-languages-message qtranxs-available-languages-message-en\">Sorry, this entry is only available in <a href=\"https:\/\/www.cm-evora.pt\/pt\/wp-json\/wp\/v2\/posts\/35105\" class=\"qtranxs-available-language-link qtranxs-available-language-link-pt\" title=\"Portugu\u00eas\">Portugu\u00eas<\/a>.<\/p><p>O 3\u00ba Encontro de Jovens Embaixadores da Organiza\u00e7\u00e3o das Cidades Patrim\u00f3nio Mundial (OCPM) come\u00e7ou hoje (11 de maio) nos Pa\u00e7os do Concelho de \u00c9vora e prolongar-se-\u00e1 pelos pr\u00f3ximos dois dias. A abertura dos trabalhos contou com interven\u00e7\u00f5es por parte do Secret\u00e1rio Regional da OCPM, Rafael Perez de la Concha Camacho, de Mar\u00eda del Pozo, Directora da Fundaci\u00f3n\u00a0Aranjuez\u00a0Paisaje Cultural, \u00a0respons\u00e1vel pelo projeto \u201cJovens Embaixadores\u201d e do Vereador da C\u00e2mara Municipal de \u00c9vora, Alexandre Varela.<\/p>\n<p>Antes da abertura do encontro realizou-se um <em>bootcamp<\/em>, na Pra\u00e7a do Sert\u00f3rio, dinamizado por Manuel Marchante, da Associa\u00e7\u00e3o Juvenil 100% ADN e membro do Conselho Municipal da Juventude de \u00c9vora que animou todos os participantes e os ajudou a interagirem uns com os outros e a conhecerem-se melhor.<\/p>\n<p>Recorde-se que este encontro \u00e9 organizado pela Secretaria Regional da Europa do Sul e Mediterr\u00e2neo da OCPM em colabora\u00e7\u00e3o com a C\u00e2mara Municipal de \u00c9vora e conta com participantes, jovens e t\u00e9cnicos de v\u00e1rias cidades nacionais e estrangeiras.<\/p>\n<p>\n\t\t<style type=\"text\/css\">\n\t\t\t#gallery-1 {\n\t\t\t\tmargin: auto;\n\t\t\t}\n\t\t\t#gallery-1 .gallery-item {\n\t\t\t\tfloat: left;\n\t\t\t\tmargin-top: 10px;\n\t\t\t\ttext-align: center;\n\t\t\t\twidth: 16%;\n\t\t\t}\n\t\t\t#gallery-1 img {\n\t\t\t\tborder: 2px solid #cfcfcf;\n\t\t\t}\n\t\t\t#gallery-1 .gallery-caption {\n\t\t\t\tmargin-left: 0;\n\t\t\t}\n\t\t\t\/* see gallery_shortcode() in wp-includes\/media.php *\/\n\t\t<\/style>\n\t\t<div id='gallery-1' class='gallery galleryid-35105 gallery-columns-6 gallery-size-full'><dl class='gallery-item'>\n\t\t\t<dt class='gallery-icon landscape'>\n\t\t\t\t<a href='https:\/\/www.cm-evora.pt\/wp-content\/uploads\/2022\/05\/1A.jpg'><img loading=\"lazy\" decoding=\"async\" width=\"1920\" height=\"1382\" src=\"https:\/\/www.cm-evora.pt\/wp-content\/uploads\/2022\/05\/1A.jpg\" class=\"attachment-full size-full\" alt=\"\" srcset=\"https:\/\/www.cm-evora.pt\/wp-content\/uploads\/2022\/05\/1A.jpg 1920w, https:\/\/www.cm-evora.pt\/wp-content\/uploads\/2022\/05\/1A-300x216.jpg 300w, https:\/\/www.cm-evora.pt\/wp-content\/uploads\/2022\/05\/1A-1024x737.jpg 1024w, https:\/\/www.cm-evora.pt\/wp-content\/uploads\/2022\/05\/1A-768x553.jpg 768w, https:\/\/www.cm-evora.pt\/wp-content\/uploads\/2022\/05\/1A-1536x1106.jpg 1536w, https:\/\/www.cm-evora.pt\/wp-content\/uploads\/2022\/05\/1A-1320x950.jpg 1320w\" sizes=\"auto, (max-width: 1920px) 100vw, 1920px\" \/><\/a>\n\t\t\t<\/dt><\/dl><dl class='gallery-item'>\n\t\t\t<dt class='gallery-icon landscape'>\n\t\t\t\t<a href='https:\/\/www.cm-evora.pt\/wp-content\/uploads\/2022\/05\/2A.jpg'><img loading=\"lazy\" decoding=\"async\" width=\"1920\" height=\"1027\" src=\"https:\/\/www.cm-evora.pt\/wp-content\/uploads\/2022\/05\/2A.jpg\" class=\"attachment-full size-full\" alt=\"\" srcset=\"https:\/\/www.cm-evora.pt\/wp-content\/uploads\/2022\/05\/2A.jpg 1920w, https:\/\/www.cm-evora.pt\/wp-content\/uploads\/2022\/05\/2A-300x160.jpg 300w, https:\/\/www.cm-evora.pt\/wp-content\/uploads\/2022\/05\/2A-1024x548.jpg 1024w, https:\/\/www.cm-evora.pt\/wp-content\/uploads\/2022\/05\/2A-768x411.jpg 768w, https:\/\/www.cm-evora.pt\/wp-content\/uploads\/2022\/05\/2A-1536x822.jpg 1536w, https:\/\/www.cm-evora.pt\/wp-content\/uploads\/2022\/05\/2A-1320x706.jpg 1320w\" sizes=\"auto, (max-width: 1920px) 100vw, 1920px\" \/><\/a>\n\t\t\t<\/dt><\/dl><dl class='gallery-item'>\n\t\t\t<dt class='gallery-icon portrait'>\n\t\t\t\t<a href='https:\/\/www.cm-evora.pt\/wp-content\/uploads\/2022\/05\/3A.jpg'><img loading=\"lazy\" decoding=\"async\" width=\"1920\" height=\"2422\" src=\"https:\/\/www.cm-evora.pt\/wp-content\/uploads\/2022\/05\/3A.jpg\" class=\"attachment-full size-full\" alt=\"\" srcset=\"https:\/\/www.cm-evora.pt\/wp-content\/uploads\/2022\/05\/3A.jpg 1920w, https:\/\/www.cm-evora.pt\/wp-content\/uploads\/2022\/05\/3A-238x300.jpg 238w, https:\/\/www.cm-evora.pt\/wp-content\/uploads\/2022\/05\/3A-812x1024.jpg 812w, https:\/\/www.cm-evora.pt\/wp-content\/uploads\/2022\/05\/3A-768x969.jpg 768w, https:\/\/www.cm-evora.pt\/wp-content\/uploads\/2022\/05\/3A-1218x1536.jpg 1218w, https:\/\/www.cm-evora.pt\/wp-content\/uploads\/2022\/05\/3A-1624x2048.jpg 1624w, https:\/\/www.cm-evora.pt\/wp-content\/uploads\/2022\/05\/3A-1320x1665.jpg 1320w\" sizes=\"auto, (max-width: 1920px) 100vw, 1920px\" \/><\/a>\n\t\t\t<\/dt><\/dl><dl class='gallery-item'>\n\t\t\t<dt class='gallery-icon portrait'>\n\t\t\t\t<a href='https:\/\/www.cm-evora.pt\/wp-content\/uploads\/2022\/05\/4A-scaled.jpg'><img loading=\"lazy\" decoding=\"async\" width=\"1707\" height=\"2560\" src=\"https:\/\/www.cm-evora.pt\/wp-content\/uploads\/2022\/05\/4A-scaled.jpg\" class=\"attachment-full size-full\" alt=\"\" srcset=\"https:\/\/www.cm-evora.pt\/wp-content\/uploads\/2022\/05\/4A-scaled.jpg 1707w, https:\/\/www.cm-evora.pt\/wp-content\/uploads\/2022\/05\/4A-200x300.jpg 200w, https:\/\/www.cm-evora.pt\/wp-content\/uploads\/2022\/05\/4A-683x1024.jpg 683w, https:\/\/www.cm-evora.pt\/wp-content\/uploads\/2022\/05\/4A-768x1152.jpg 768w, https:\/\/www.cm-evora.pt\/wp-content\/uploads\/2022\/05\/4A-1024x1536.jpg 1024w, https:\/\/www.cm-evora.pt\/wp-content\/uploads\/2022\/05\/4A-1365x2048.jpg 1365w, https:\/\/www.cm-evora.pt\/wp-content\/uploads\/2022\/05\/4A-1320x1980.jpg 1320w\" sizes=\"auto, (max-width: 1707px) 100vw, 1707px\" \/><\/a>\n\t\t\t<\/dt><\/dl><dl class='gallery-item'>\n\t\t\t<dt class='gallery-icon landscape'>\n\t\t\t\t<a href='https:\/\/www.cm-evora.pt\/wp-content\/uploads\/2022\/05\/5A.jpg'><img loading=\"lazy\" decoding=\"async\" width=\"1920\" height=\"1588\" src=\"https:\/\/www.cm-evora.pt\/wp-content\/uploads\/2022\/05\/5A.jpg\" class=\"attachment-full size-full\" alt=\"\" srcset=\"https:\/\/www.cm-evora.pt\/wp-content\/uploads\/2022\/05\/5A.jpg 1920w, https:\/\/www.cm-evora.pt\/wp-content\/uploads\/2022\/05\/5A-300x248.jpg 300w, https:\/\/www.cm-evora.pt\/wp-content\/uploads\/2022\/05\/5A-1024x847.jpg 1024w, https:\/\/www.cm-evora.pt\/wp-content\/uploads\/2022\/05\/5A-768x635.jpg 768w, https:\/\/www.cm-evora.pt\/wp-content\/uploads\/2022\/05\/5A-1536x1270.jpg 1536w, https:\/\/www.cm-evora.pt\/wp-content\/uploads\/2022\/05\/5A-1320x1092.jpg 1320w\" sizes=\"auto, (max-width: 1920px) 100vw, 1920px\" \/><\/a>\n\t\t\t<\/dt><\/dl><dl class='gallery-item'>\n\t\t\t<dt class='gallery-icon landscape'>\n\t\t\t\t<a href='https:\/\/www.cm-evora.pt\/wp-content\/uploads\/2022\/05\/6A.jpg'><img loading=\"lazy\" decoding=\"async\" width=\"1920\" height=\"1187\" src=\"https:\/\/www.cm-evora.pt\/wp-content\/uploads\/2022\/05\/6A.jpg\" class=\"attachment-full size-full\" alt=\"\" srcset=\"https:\/\/www.cm-evora.pt\/wp-content\/uploads\/2022\/05\/6A.jpg 1920w, https:\/\/www.cm-evora.pt\/wp-content\/uploads\/2022\/05\/6A-300x185.jpg 300w, https:\/\/www.cm-evora.pt\/wp-content\/uploads\/2022\/05\/6A-1024x633.jpg 1024w, https:\/\/www.cm-evora.pt\/wp-content\/uploads\/2022\/05\/6A-768x475.jpg 768w, https:\/\/www.cm-evora.pt\/wp-content\/uploads\/2022\/05\/6A-1536x950.jpg 1536w, https:\/\/www.cm-evora.pt\/wp-content\/uploads\/2022\/05\/6A-1320x816.jpg 1320w\" sizes=\"auto, (max-width: 1920px) 100vw, 1920px\" \/><\/a>\n\t\t\t<\/dt><\/dl><br style=\"clear: both\" \/><dl class='gallery-item'>\n\t\t\t<dt class='gallery-icon landscape'>\n\t\t\t\t<a href='https:\/\/www.cm-evora.pt\/wp-content\/uploads\/2022\/05\/B1.jpg'><img loading=\"lazy\" decoding=\"async\" width=\"1920\" height=\"940\" src=\"https:\/\/www.cm-evora.pt\/wp-content\/uploads\/2022\/05\/B1.jpg\" class=\"attachment-full size-full\" alt=\"\" srcset=\"https:\/\/www.cm-evora.pt\/wp-content\/uploads\/2022\/05\/B1.jpg 1920w, https:\/\/www.cm-evora.pt\/wp-content\/uploads\/2022\/05\/B1-300x147.jpg 300w, https:\/\/www.cm-evora.pt\/wp-content\/uploads\/2022\/05\/B1-1024x501.jpg 1024w, https:\/\/www.cm-evora.pt\/wp-content\/uploads\/2022\/05\/B1-768x376.jpg 768w, https:\/\/www.cm-evora.pt\/wp-content\/uploads\/2022\/05\/B1-1536x752.jpg 1536w, https:\/\/www.cm-evora.pt\/wp-content\/uploads\/2022\/05\/B1-1320x646.jpg 1320w\" sizes=\"auto, (max-width: 1920px) 100vw, 1920px\" \/><\/a>\n\t\t\t<\/dt><\/dl><dl class='gallery-item'>\n\t\t\t<dt class='gallery-icon portrait'>\n\t\t\t\t<a href='https:\/\/www.cm-evora.pt\/wp-content\/uploads\/2022\/05\/B2-scaled.jpg'><img loading=\"lazy\" decoding=\"async\" width=\"1649\" height=\"2560\" src=\"https:\/\/www.cm-evora.pt\/wp-content\/uploads\/2022\/05\/B2-scaled.jpg\" class=\"attachment-full size-full\" alt=\"\" srcset=\"https:\/\/www.cm-evora.pt\/wp-content\/uploads\/2022\/05\/B2-scaled.jpg 1649w, https:\/\/www.cm-evora.pt\/wp-content\/uploads\/2022\/05\/B2-193x300.jpg 193w, https:\/\/www.cm-evora.pt\/wp-content\/uploads\/2022\/05\/B2-660x1024.jpg 660w, https:\/\/www.cm-evora.pt\/wp-content\/uploads\/2022\/05\/B2-768x1192.jpg 768w, https:\/\/www.cm-evora.pt\/wp-content\/uploads\/2022\/05\/B2-990x1536.jpg 990w, https:\/\/www.cm-evora.pt\/wp-content\/uploads\/2022\/05\/B2-1320x2049.jpg 1320w\" sizes=\"auto, (max-width: 1649px) 100vw, 1649px\" \/><\/a>\n\t\t\t<\/dt><\/dl><dl class='gallery-item'>\n\t\t\t<dt class='gallery-icon landscape'>\n\t\t\t\t<a href='https:\/\/www.cm-evora.pt\/wp-content\/uploads\/2022\/05\/B3.jpg'><img loading=\"lazy\" decoding=\"async\" width=\"1920\" height=\"1280\" src=\"https:\/\/www.cm-evora.pt\/wp-content\/uploads\/2022\/05\/B3.jpg\" class=\"attachment-full size-full\" alt=\"\" srcset=\"https:\/\/www.cm-evora.pt\/wp-content\/uploads\/2022\/05\/B3.jpg 1920w, https:\/\/www.cm-evora.pt\/wp-content\/uploads\/2022\/05\/B3-300x200.jpg 300w, https:\/\/www.cm-evora.pt\/wp-content\/uploads\/2022\/05\/B3-1024x683.jpg 1024w, https:\/\/www.cm-evora.pt\/wp-content\/uploads\/2022\/05\/B3-768x512.jpg 768w, https:\/\/www.cm-evora.pt\/wp-content\/uploads\/2022\/05\/B3-1536x1024.jpg 1536w, https:\/\/www.cm-evora.pt\/wp-content\/uploads\/2022\/05\/B3-1320x880.jpg 1320w\" sizes=\"auto, (max-width: 1920px) 100vw, 1920px\" \/><\/a>\n\t\t\t<\/dt><\/dl><dl class='gallery-item'>\n\t\t\t<dt class='gallery-icon landscape'>\n\t\t\t\t<a href='https:\/\/www.cm-evora.pt\/wp-content\/uploads\/2022\/05\/B4.jpg'><img loading=\"lazy\" decoding=\"async\" width=\"1920\" height=\"1118\" src=\"https:\/\/www.cm-evora.pt\/wp-content\/uploads\/2022\/05\/B4.jpg\" class=\"attachment-full size-full\" alt=\"\" srcset=\"https:\/\/www.cm-evora.pt\/wp-content\/uploads\/2022\/05\/B4.jpg 1920w, https:\/\/www.cm-evora.pt\/wp-content\/uploads\/2022\/05\/B4-300x175.jpg 300w, https:\/\/www.cm-evora.pt\/wp-content\/uploads\/2022\/05\/B4-1024x596.jpg 1024w, https:\/\/www.cm-evora.pt\/wp-content\/uploads\/2022\/05\/B4-768x447.jpg 768w, https:\/\/www.cm-evora.pt\/wp-content\/uploads\/2022\/05\/B4-1536x894.jpg 1536w, https:\/\/www.cm-evora.pt\/wp-content\/uploads\/2022\/05\/B4-1320x769.jpg 1320w\" sizes=\"auto, (max-width: 1920px) 100vw, 1920px\" \/><\/a>\n\t\t\t<\/dt><\/dl><dl class='gallery-item'>\n\t\t\t<dt class='gallery-icon landscape'>\n\t\t\t\t<a href='https:\/\/www.cm-evora.pt\/wp-content\/uploads\/2022\/05\/B5.jpg'><img loading=\"lazy\" decoding=\"async\" width=\"1920\" height=\"1400\" src=\"https:\/\/www.cm-evora.pt\/wp-content\/uploads\/2022\/05\/B5.jpg\" class=\"attachment-full size-full\" alt=\"\" srcset=\"https:\/\/www.cm-evora.pt\/wp-content\/uploads\/2022\/05\/B5.jpg 1920w, https:\/\/www.cm-evora.pt\/wp-content\/uploads\/2022\/05\/B5-300x219.jpg 300w, https:\/\/www.cm-evora.pt\/wp-content\/uploads\/2022\/05\/B5-1024x747.jpg 1024w, https:\/\/www.cm-evora.pt\/wp-content\/uploads\/2022\/05\/B5-768x560.jpg 768w, https:\/\/www.cm-evora.pt\/wp-content\/uploads\/2022\/05\/B5-1536x1120.jpg 1536w, https:\/\/www.cm-evora.pt\/wp-content\/uploads\/2022\/05\/B5-1320x963.jpg 1320w\" sizes=\"auto, (max-width: 1920px) 100vw, 1920px\" \/><\/a>\n\t\t\t<\/dt><\/dl><dl class='gallery-item'>\n\t\t\t<dt class='gallery-icon landscape'>\n\t\t\t\t<a href='https:\/\/www.cm-evora.pt\/wp-content\/uploads\/2022\/05\/B6.jpg'><img loading=\"lazy\" decoding=\"async\" width=\"1920\" height=\"1066\" src=\"https:\/\/www.cm-evora.pt\/wp-content\/uploads\/2022\/05\/B6.jpg\" class=\"attachment-full size-full\" alt=\"\" srcset=\"https:\/\/www.cm-evora.pt\/wp-content\/uploads\/2022\/05\/B6.jpg 1920w, https:\/\/www.cm-evora.pt\/wp-content\/uploads\/2022\/05\/B6-300x167.jpg 300w, https:\/\/www.cm-evora.pt\/wp-content\/uploads\/2022\/05\/B6-1024x569.jpg 1024w, https:\/\/www.cm-evora.pt\/wp-content\/uploads\/2022\/05\/B6-768x426.jpg 768w, https:\/\/www.cm-evora.pt\/wp-content\/uploads\/2022\/05\/B6-1536x853.jpg 1536w, https:\/\/www.cm-evora.pt\/wp-content\/uploads\/2022\/05\/B6-1320x733.jpg 1320w\" sizes=\"auto, (max-width: 1920px) 100vw, 1920px\" \/><\/a>\n\t\t\t<\/dt><\/dl><br style=\"clear: both\" \/>\n\t\t<\/div>\n<\/p>","protected":false},"excerpt":{"rendered":"<p>Sorry, this entry is only available in Portugu\u00eas.O 3\u00ba Encontro de Jovens Embaixadores da Organiza\u00e7\u00e3o das Cidades Patrim\u00f3nio Mundial (OCPM) come\u00e7ou hoje (11 de maio) nos Pa\u00e7os do Concelho de \u00c9vora e prolongar-se-\u00e1 pelos pr\u00f3ximos dois dias. A abertura dos trabalhos contou com interven\u00e7\u00f5es por parte do Secret\u00e1rio Regional da OCPM, Rafael Perez de la [&hellip;]<\/p>\n","protected":false},"author":57,"featured_media":35121,"comment_status":"closed","ping_status":"closed","sticky":false,"template":"","format":"standard","meta":{"_acf_changed":false,"footnotes":""},"categories":[2110],"tags":[],"class_list":["post-35105","post","type-post","status-publish","format-standard","has-post-thumbnail","hentry","category-noticias"],"acf":{"imagens":"","destaq_image":35121,"titulo_docs_seccao":"","documentos":""},"_links":{"self":[{"href":"https:\/\/www.cm-evora.pt\/en\/wp-json\/wp\/v2\/posts\/35105","targetHints":{"allow":["GET"]}}],"collection":[{"href":"https:\/\/www.cm-evora.pt\/en\/wp-json\/wp\/v2\/posts"}],"about":[{"href":"https:\/\/www.cm-evora.pt\/en\/wp-json\/wp\/v2\/types\/post"}],"author":[{"embeddable":true,"href":"https:\/\/www.cm-evora.pt\/en\/wp-json\/wp\/v2\/users\/57"}],"replies":[{"embeddable":true,"href":"https:\/\/www.cm-evora.pt\/en\/wp-json\/wp\/v2\/comments?post=35105"}],"version-history":[{"count":1,"href":"https:\/\/www.cm-evora.pt\/en\/wp-json\/wp\/v2\/posts\/35105\/revisions"}],"predecessor-version":[{"id":35122,"href":"https:\/\/www.cm-evora.pt\/en\/wp-json\/wp\/v2\/posts\/35105\/revisions\/35122"}],"wp:featuredmedia":[{"embeddable":true,"href":"https:\/\/www.cm-evora.pt\/en\/wp-json\/wp\/v2\/media\/35121"}],"wp:attachment":[{"href":"https:\/\/www.cm-evora.pt\/en\/wp-json\/wp\/v2\/media?parent=35105"}],"wp:term":[{"taxonomy":"category","embeddable":true,"href":"https:\/\/www.cm-evora.pt\/en\/wp-json\/wp\/v2\/categories?post=35105"},{"taxonomy":"post_tag","embeddable":true,"href":"https:\/\/www.cm-evora.pt\/en\/wp-json\/wp\/v2\/tags?post=35105"}],"curies":[{"name":"wp","href":"https:\/\/api.w.org\/{rel}","templated":true}]}}