{"id":36135,"date":"2022-05-27T11:41:17","date_gmt":"2022-05-27T10:41:17","guid":{"rendered":"https:\/\/www.cm-evora.pt\/?p=36135"},"modified":"2022-08-22T11:12:35","modified_gmt":"2022-08-22T10:12:35","slug":"proposta-de-plano-municipal-para-a-igualdade-e-nao-discriminacao-recebe-contributos-da-populacao-ate-3-de-junho","status":"publish","type":"post","link":"https:\/\/www.cm-evora.pt\/en\/proposta-de-plano-municipal-para-a-igualdade-e-nao-discriminacao-recebe-contributos-da-populacao-ate-3-de-junho\/","title":{"rendered":"(Portugu\u00eas) Proposta de Plano Municipal para a Igualdade e N\u00e3o Discrimina\u00e7\u00e3o recebe contributos da popula\u00e7\u00e3o at\u00e9 3 de junho"},"content":{"rendered":"<p class=\"qtranxs-available-languages-message qtranxs-available-languages-message-en\">Sorry, this entry is only available in <a href=\"https:\/\/www.cm-evora.pt\/pt\/wp-json\/wp\/v2\/posts\/36135\" class=\"qtranxs-available-language-link qtranxs-available-language-link-pt\" title=\"Portugu\u00eas\">Portugu\u00eas<\/a>.<\/p><p>A C\u00e2mara Municipal de \u00c9vora tem vindo a trabalhar na defini\u00e7\u00e3o e implementa\u00e7\u00e3o de uma estrat\u00e9gia integrada, com vista \u00e0 promo\u00e7\u00e3o de pol\u00edticas de igualdade e de n\u00e3o discrimina\u00e7\u00e3o no concelho, tendo da\u00ed resultado uma proposta de Plano Municipal para a Igualdade e N\u00e3o Discrimina\u00e7\u00e3o.<\/p>\n<p>Este documento pode ser consultado em <a href=\"https:\/\/bit.ly\/3wRZkDz\">https:\/\/bit.ly\/3wRZkDz<\/a> e est\u00e1 em ausculta\u00e7\u00e3o p\u00fablica de 27 de maio at\u00e9 3 de junho, devendo as propostas\/coment\u00e1rios ser remetidas para cme.deis@cm-evora.pt<\/p>\n<p>O Plano Municipal Igualdade G\u00e9nero e N\u00e3o Discrimina\u00e7\u00e3o (PMIGND), subordinado ao lema &#8220;Tecer Redes para a igualdade&#8221; tem por base as linhas orientadoras resultantes do diagn\u00f3stico local sobre Igualdade, Viol\u00eancia Dom\u00e9stica, Viol\u00eancia contra Mulheres, Discrimina\u00e7\u00e3o em raz\u00e3o da Orienta\u00e7\u00e3o Sexual, Identidade, Express\u00e3o de G\u00e9nero e Caracter\u00edsticas Sexuais.<\/p>\n<p>Este instrumento de planeamento visa conhecer e sistematizar informa\u00e7\u00e3o sobre as diferentes \u00e1reas de interven\u00e7\u00e3o acima referidas, identificar e priorizar as necessidades e recursos existentes do territ\u00f3rio; elaborar planos de a\u00e7\u00e3o participados pela sociedade, sensibilizar entidades p\u00fablicas e privadas para a centralidade da Igualdade enquanto fator de cidadania e desenvolvimento local; definir mecanismos protetores da v\u00edtima e avaliar necessidade qualifica\u00e7\u00e3o dos recursos e respostas orientadas para v\u00edtimas e agressores, assim como contribuir para a mitiga\u00e7\u00e3o do estigma social em fun\u00e7\u00e3o da orienta\u00e7\u00e3o sexual, identidade e express\u00e3o de g\u00e9nero.<\/p>\n<p>\n\t\t<style type=\"text\/css\">\n\t\t\t#gallery-1 {\n\t\t\t\tmargin: auto;\n\t\t\t}\n\t\t\t#gallery-1 .gallery-item {\n\t\t\t\tfloat: left;\n\t\t\t\tmargin-top: 10px;\n\t\t\t\ttext-align: center;\n\t\t\t\twidth: 100%;\n\t\t\t}\n\t\t\t#gallery-1 img {\n\t\t\t\tborder: 2px solid #cfcfcf;\n\t\t\t}\n\t\t\t#gallery-1 .gallery-caption {\n\t\t\t\tmargin-left: 0;\n\t\t\t}\n\t\t\t\/* see gallery_shortcode() in wp-includes\/media.php *\/\n\t\t<\/style>\n\t\t<div id='gallery-1' class='gallery galleryid-36135 gallery-columns-1 gallery-size-full'><dl class='gallery-item'>\n\t\t\t<dt class='gallery-icon portrait'>\n\t\t\t\t<a href='https:\/\/www.cm-evora.pt\/wp-content\/uploads\/2022\/05\/PMIGND-scaled.jpg'><img loading=\"lazy\" decoding=\"async\" width=\"1809\" height=\"2560\" src=\"https:\/\/www.cm-evora.pt\/wp-content\/uploads\/2022\/05\/PMIGND-scaled.jpg\" class=\"attachment-full size-full\" alt=\"\" srcset=\"https:\/\/www.cm-evora.pt\/wp-content\/uploads\/2022\/05\/PMIGND-scaled.jpg 1809w, https:\/\/www.cm-evora.pt\/wp-content\/uploads\/2022\/05\/PMIGND-212x300.jpg 212w, https:\/\/www.cm-evora.pt\/wp-content\/uploads\/2022\/05\/PMIGND-724x1024.jpg 724w, https:\/\/www.cm-evora.pt\/wp-content\/uploads\/2022\/05\/PMIGND-768x1087.jpg 768w, https:\/\/www.cm-evora.pt\/wp-content\/uploads\/2022\/05\/PMIGND-1085x1536.jpg 1085w, https:\/\/www.cm-evora.pt\/wp-content\/uploads\/2022\/05\/PMIGND-1447x2048.jpg 1447w, https:\/\/www.cm-evora.pt\/wp-content\/uploads\/2022\/05\/PMIGND-1320x1868.jpg 1320w\" sizes=\"auto, (max-width: 1809px) 100vw, 1809px\" \/><\/a>\n\t\t\t<\/dt><\/dl><br style=\"clear: both\" \/>\n\t\t<\/div>\n<\/p>","protected":false},"excerpt":{"rendered":"<p>Sorry, this entry is only available in Portugu\u00eas.A C\u00e2mara Municipal de \u00c9vora tem vindo a trabalhar na defini\u00e7\u00e3o e implementa\u00e7\u00e3o de uma estrat\u00e9gia integrada, com vista \u00e0 promo\u00e7\u00e3o de pol\u00edticas de igualdade e de n\u00e3o discrimina\u00e7\u00e3o no concelho, tendo da\u00ed resultado uma proposta de Plano Municipal para a Igualdade e N\u00e3o Discrimina\u00e7\u00e3o. Este documento pode [&hellip;]<\/p>\n","protected":false},"author":57,"featured_media":36136,"comment_status":"closed","ping_status":"closed","sticky":false,"template":"","format":"standard","meta":{"_acf_changed":false,"footnotes":""},"categories":[2110],"tags":[],"class_list":["post-36135","post","type-post","status-publish","format-standard","has-post-thumbnail","hentry","category-noticias"],"acf":{"imagens":"","destaq_image":36136,"titulo_docs_seccao":"","documentos":""},"_links":{"self":[{"href":"https:\/\/www.cm-evora.pt\/en\/wp-json\/wp\/v2\/posts\/36135","targetHints":{"allow":["GET"]}}],"collection":[{"href":"https:\/\/www.cm-evora.pt\/en\/wp-json\/wp\/v2\/posts"}],"about":[{"href":"https:\/\/www.cm-evora.pt\/en\/wp-json\/wp\/v2\/types\/post"}],"author":[{"embeddable":true,"href":"https:\/\/www.cm-evora.pt\/en\/wp-json\/wp\/v2\/users\/57"}],"replies":[{"embeddable":true,"href":"https:\/\/www.cm-evora.pt\/en\/wp-json\/wp\/v2\/comments?post=36135"}],"version-history":[{"count":1,"href":"https:\/\/www.cm-evora.pt\/en\/wp-json\/wp\/v2\/posts\/36135\/revisions"}],"predecessor-version":[{"id":36137,"href":"https:\/\/www.cm-evora.pt\/en\/wp-json\/wp\/v2\/posts\/36135\/revisions\/36137"}],"wp:featuredmedia":[{"embeddable":true,"href":"https:\/\/www.cm-evora.pt\/en\/wp-json\/wp\/v2\/media\/36136"}],"wp:attachment":[{"href":"https:\/\/www.cm-evora.pt\/en\/wp-json\/wp\/v2\/media?parent=36135"}],"wp:term":[{"taxonomy":"category","embeddable":true,"href":"https:\/\/www.cm-evora.pt\/en\/wp-json\/wp\/v2\/categories?post=36135"},{"taxonomy":"post_tag","embeddable":true,"href":"https:\/\/www.cm-evora.pt\/en\/wp-json\/wp\/v2\/tags?post=36135"}],"curies":[{"name":"wp","href":"https:\/\/api.w.org\/{rel}","templated":true}]}}