{"id":36870,"date":"2022-06-13T14:55:43","date_gmt":"2022-06-13T13:55:43","guid":{"rendered":"https:\/\/www.cm-evora.pt\/?p=36870"},"modified":"2022-06-13T14:55:43","modified_gmt":"2022-06-13T13:55:43","slug":"camara-de-evora-participa-na-definicao-de-estrategias-de-acao-da-organizacao-das-cidades-patrimonio-mundial-ocpm","status":"publish","type":"post","link":"https:\/\/www.cm-evora.pt\/en\/camara-de-evora-participa-na-definicao-de-estrategias-de-acao-da-organizacao-das-cidades-patrimonio-mundial-ocpm\/","title":{"rendered":"(Portugu\u00eas) C\u00e2mara de \u00c9vora participa na defini\u00e7\u00e3o de estrat\u00e9gias de a\u00e7\u00e3o da Organiza\u00e7\u00e3o das Cidades Patrim\u00f3nio Mundial (OCPM)"},"content":{"rendered":"<p class=\"qtranxs-available-languages-message qtranxs-available-languages-message-en\">Sorry, this entry is only available in <a href=\"https:\/\/www.cm-evora.pt\/pt\/wp-json\/wp\/v2\/posts\/36870\" class=\"qtranxs-available-language-link qtranxs-available-language-link-pt\" title=\"Portugu\u00eas\">Portugu\u00eas<\/a>.<\/p><p><strong>O Presidente da C\u00e2mara Municipal de \u00c9vora foi convidado para integrar um painel restrito de nove presidentes de munic\u00edpios que, em conjunto, ir\u00e3o rever e aprovar o conte\u00fado do Programa &#8220;Qu\u00e9bec City Roadmap&#8221; que ir\u00e1 definir uma estrat\u00e9gia de a\u00e7\u00e3o da OCPM para os pr\u00f3ximos anos.<\/strong><\/p>\n<p>O painel, composto por nove Presidentes de C\u00e2mara, \u00e9 presidido pelo Mayor da cidade do Qu\u00e9bec. Para al\u00e9m de \u00c9vora e da cidade canadiana, participam como cidades convidadas Bord\u00e9us, Bruxelas, C\u00f3rdoba, Cuzco, San Antonio, Tunis e Dubrovnik. Este conjunto de Munic\u00edpios ir\u00e1 ter a primeira de duas reuni\u00f5es no pr\u00f3ximo dia 16 de junho, atrav\u00e9s de videoconfer\u00eancia, para apreciar e decidir sobre o documento estrat\u00e9gico que resultou dos workshops desenvolvidos por especialistas em torno do tema do 16\u00ba Congresso Mundial da OCPM &#8211; &#8220;Melhorar a Qualidade de Vida nos Centros Hist\u00f3ricos&#8221; &#8211; a ter lugar no pr\u00f3ximo m\u00eas de setembro na cidade do Qu\u00e9bec.<\/p>\n<p>Nos workshops tem\u00e1ticos foram debatidas, analisadas e extra\u00eddas conclus\u00f5es que resultaram em propostas de a\u00e7\u00e3o estrat\u00e9gica nas \u00e1reas da \u201cCultura e Tecnologia\u201d, \u201cTurismo e Economia\u201d e \u201cMobilidade\u201d. Na perspetiva urbana e hist\u00f3rica, os especialistas debru\u00e7aram-se em torno das mudan\u00e7as de paradigma que estamos a viver. Estas mudan\u00e7as, provocadas pela pandemia e pela emerg\u00eancia clim\u00e1tica, est\u00e3o a inspirar um &#8220;novo projeto urbano&#8221;. O trabalho desenvolveu-se assim tendo em conta o facto de esta ser uma oportunidade para repensar a cidade, promovendo a melhoria da qualidade de vida dos seus cidad\u00e3os e garantindo ao mesmo tempo a conserva\u00e7\u00e3o do tecido urbano hist\u00f3rico. \u00c9 com base nestes pressupostos que incidir\u00e1 a defini\u00e7\u00e3o de uma estrat\u00e9gia de a\u00e7\u00e3o da OCPM, que ser\u00e1 analisada e aprovada pelo painel dos nove Presidentes de Munic\u00edpios convidados de entre o universo de mais de 300 cidades que comp\u00f5em a Organiza\u00e7\u00e3o das Cidades Patrim\u00f3nio Mundial.<\/p>","protected":false},"excerpt":{"rendered":"<p>Sorry, this entry is only available in Portugu\u00eas.O Presidente da C\u00e2mara Municipal de \u00c9vora foi convidado para integrar um painel restrito de nove presidentes de munic\u00edpios que, em conjunto, ir\u00e3o rever e aprovar o conte\u00fado do Programa &#8220;Qu\u00e9bec City Roadmap&#8221; que ir\u00e1 definir uma estrat\u00e9gia de a\u00e7\u00e3o da OCPM para os pr\u00f3ximos anos. O painel, [&hellip;]<\/p>\n","protected":false},"author":37,"featured_media":36871,"comment_status":"closed","ping_status":"closed","sticky":false,"template":"","format":"standard","meta":{"_acf_changed":false,"footnotes":""},"categories":[2110],"tags":[],"class_list":["post-36870","post","type-post","status-publish","format-standard","has-post-thumbnail","hentry","category-noticias"],"acf":{"imagens":"","destaq_image":36871,"titulo_docs_seccao":"","documentos":""},"_links":{"self":[{"href":"https:\/\/www.cm-evora.pt\/en\/wp-json\/wp\/v2\/posts\/36870","targetHints":{"allow":["GET"]}}],"collection":[{"href":"https:\/\/www.cm-evora.pt\/en\/wp-json\/wp\/v2\/posts"}],"about":[{"href":"https:\/\/www.cm-evora.pt\/en\/wp-json\/wp\/v2\/types\/post"}],"author":[{"embeddable":true,"href":"https:\/\/www.cm-evora.pt\/en\/wp-json\/wp\/v2\/users\/37"}],"replies":[{"embeddable":true,"href":"https:\/\/www.cm-evora.pt\/en\/wp-json\/wp\/v2\/comments?post=36870"}],"version-history":[{"count":1,"href":"https:\/\/www.cm-evora.pt\/en\/wp-json\/wp\/v2\/posts\/36870\/revisions"}],"predecessor-version":[{"id":36872,"href":"https:\/\/www.cm-evora.pt\/en\/wp-json\/wp\/v2\/posts\/36870\/revisions\/36872"}],"wp:featuredmedia":[{"embeddable":true,"href":"https:\/\/www.cm-evora.pt\/en\/wp-json\/wp\/v2\/media\/36871"}],"wp:attachment":[{"href":"https:\/\/www.cm-evora.pt\/en\/wp-json\/wp\/v2\/media?parent=36870"}],"wp:term":[{"taxonomy":"category","embeddable":true,"href":"https:\/\/www.cm-evora.pt\/en\/wp-json\/wp\/v2\/categories?post=36870"},{"taxonomy":"post_tag","embeddable":true,"href":"https:\/\/www.cm-evora.pt\/en\/wp-json\/wp\/v2\/tags?post=36870"}],"curies":[{"name":"wp","href":"https:\/\/api.w.org\/{rel}","templated":true}]}}