{"id":38349,"date":"2022-07-21T11:21:55","date_gmt":"2022-07-21T10:21:55","guid":{"rendered":"https:\/\/www.cm-evora.pt\/?p=38349"},"modified":"2022-07-21T11:21:55","modified_gmt":"2022-07-21T10:21:55","slug":"principais-assuntos-tratados-na-reuniao-publica-de-camara-de-13-de-julho","status":"publish","type":"post","link":"https:\/\/www.cm-evora.pt\/en\/principais-assuntos-tratados-na-reuniao-publica-de-camara-de-13-de-julho\/","title":{"rendered":"Principais assuntos tratados na reuni\u00e3o p\u00fablica de C\u00e2mara de 13 de julho"},"content":{"rendered":"<p class=\"qtranxs-available-languages-message qtranxs-available-languages-message-en\">Sorry, this entry is only available in <a href=\"https:\/\/www.cm-evora.pt\/pt\/wp-json\/wp\/v2\/posts\/38349\" class=\"qtranxs-available-language-link qtranxs-available-language-link-pt\" title=\"Portugu\u00eas\">Portugu\u00eas<\/a>.<\/p><p>- Concurso P\u00fablico para a empreitada de constru\u00e7\u00e3o da liga\u00e7\u00e3o pedonal entre a Esta\u00e7\u00e3o Ferrovi\u00e1ria e o Centro Hist\u00f3rico de \u00c9vora (denominado Interface Modal no Rossio de S. Br\u00e1s) \u2013 <strong>Aprovado por unanimidade<\/strong><\/p>\n<p>&#8211; In\u00edcio do Procedimento para elabora\u00e7\u00e3o do Regulamento do Parque de Estacionamento Municipal na Pra\u00e7a Joaquim Ant\u00f3nio de Aguiar \u2013 <strong>Aprova\u00e7\u00e3o por unanimidade<\/strong><\/p>\n<p>&#8211; Apoio financeiro aos Clubes e Associa\u00e7\u00f5es Desportivas sem fins lucrativos no Concelho de \u00c9vora para 2022 \u2013<strong> aprovado por unanimidade<\/strong><\/p>\n<p>&#8211; Voto de sauda\u00e7\u00e3o pelas Comemora\u00e7\u00f5es do Centen\u00e1rio de Jos\u00e9 Saloio (ator, encenador e animador cultural que promoveu a cultura, o associativismo e a cidade de \u00c9vora) que, pelo seu legado, merecer\u00e1 ter o seu nome na topon\u00edmia da cidade de \u00c9vora, proposto pelos Vereadores do Partido Socialista, Lurdes Pratas Nico e Jos\u00e9 Calixto \u2013 <strong>Aprovado por unanimidade<\/strong><\/p>\n<p><strong>\u00a0<\/strong>&#8211; Os Vereadores eleitos pela Coliga\u00e7\u00e3o Mudar com Confian\u00e7a, Henrique Sim-Sim e Patr\u00edcia Raposinho apresentaram os seguintes votos:<\/p>\n<p>&#8211; Votos de felicita\u00e7\u00e3o a Pedro Brito (eborense que integra o Grupo Estoril Praia, por se sagrar Campe\u00e3o Nacional pelo Circuito Nacional de <em>FootGolf,<\/em> sendo j\u00e1 o 4\u00ba ano consecutivo que afere este t\u00edtulo) e a Joana Geadas Arromba, na modalidade de P\u00f3lo Aqu\u00e1tico, que integrou a Sele\u00e7\u00e3o Nacional de Sub19 e participou no campeonato da Europa nos dias 4 e 11 de Julho de 2022 . Votos que s\u00e3o tamb\u00e9m extensivos \u00e0s respetivas institui\u00e7\u00f5es, atletas e dirigentes desportivos \u2013 <strong>Aprovados por unanimidade<\/strong><\/p>\n<p>&#8211; Voto de Felicita\u00e7\u00e3o \u00e0 associa\u00e7\u00e3o Clube de Gin\u00e1stica de \u00c9vora \u2013 CGE e particularmente aos jovens atletas Ant\u00f3nio Fernandes (1\u00ba classificado em Solo e 3\u00aa em Salto) e a Andr\u00e9 Pisco (3\u00ba classificado em Solo), obtido no Campeonato Nacional de Gin\u00e1stica Art\u00edstica realizado dias 9 e 10 de Julho na Maia (Porto)<strong> \u2013 Aprovado por unanimidade<\/strong><\/p>\n<p>&#8211; Voto de Felicita\u00e7\u00e3o \u00e0 Real Irmandade de Nossa Senhora da Sa\u00fade de \u00c9vora pela realiza\u00e7\u00e3o das Festas e Prociss\u00e3o de Nossa Senhora da Sa\u00fade (considerando que esta iniciativa, para al\u00e9m de religiosa tamb\u00e9m se constitui num elemento identit\u00e1rio e cultural da cidade e dos Eborenses e contribui para a dinamiza\u00e7\u00e3o social e mem\u00f3ria hist\u00f3rica) \u2013 <strong>Aprovado por unanimidade<\/strong><\/p>\n<p>\n\t\t<style type=\"text\/css\">\n\t\t\t#gallery-1 {\n\t\t\t\tmargin: auto;\n\t\t\t}\n\t\t\t#gallery-1 .gallery-item {\n\t\t\t\tfloat: left;\n\t\t\t\tmargin-top: 10px;\n\t\t\t\ttext-align: center;\n\t\t\t\twidth: 100%;\n\t\t\t}\n\t\t\t#gallery-1 img {\n\t\t\t\tborder: 2px solid #cfcfcf;\n\t\t\t}\n\t\t\t#gallery-1 .gallery-caption {\n\t\t\t\tmargin-left: 0;\n\t\t\t}\n\t\t\t\/* see gallery_shortcode() in wp-includes\/media.php *\/\n\t\t<\/style>\n\t\t<div id='gallery-1' class='gallery galleryid-38349 gallery-columns-1 gallery-size-full'><dl class='gallery-item'>\n\t\t\t<dt class='gallery-icon landscape'>\n\t\t\t\t<a href='https:\/\/www.cm-evora.pt\/wp-content\/uploads\/2022\/07\/RPC13Julho22Foto.jpg'><img loading=\"lazy\" decoding=\"async\" width=\"1920\" height=\"1280\" src=\"https:\/\/www.cm-evora.pt\/wp-content\/uploads\/2022\/07\/RPC13Julho22Foto.jpg\" class=\"attachment-full size-full\" alt=\"\" srcset=\"https:\/\/www.cm-evora.pt\/wp-content\/uploads\/2022\/07\/RPC13Julho22Foto.jpg 1920w, https:\/\/www.cm-evora.pt\/wp-content\/uploads\/2022\/07\/RPC13Julho22Foto-300x200.jpg 300w, https:\/\/www.cm-evora.pt\/wp-content\/uploads\/2022\/07\/RPC13Julho22Foto-1024x683.jpg 1024w, https:\/\/www.cm-evora.pt\/wp-content\/uploads\/2022\/07\/RPC13Julho22Foto-768x512.jpg 768w, https:\/\/www.cm-evora.pt\/wp-content\/uploads\/2022\/07\/RPC13Julho22Foto-1536x1024.jpg 1536w, https:\/\/www.cm-evora.pt\/wp-content\/uploads\/2022\/07\/RPC13Julho22Foto-1320x880.jpg 1320w\" sizes=\"auto, (max-width: 1920px) 100vw, 1920px\" \/><\/a>\n\t\t\t<\/dt><\/dl><br style=\"clear: both\" \/>\n\t\t<\/div>\n<\/p>","protected":false},"excerpt":{"rendered":"<p>Sorry, this entry is only available in Portugu\u00eas.- Concurso P\u00fablico para a empreitada de constru\u00e7\u00e3o da liga\u00e7\u00e3o pedonal entre a Esta\u00e7\u00e3o Ferrovi\u00e1ria e o Centro Hist\u00f3rico de \u00c9vora (denominado Interface Modal no Rossio de S. Br\u00e1s) \u2013 Aprovado por unanimidade &#8211; In\u00edcio do Procedimento para elabora\u00e7\u00e3o do Regulamento do Parque de Estacionamento Municipal na Pra\u00e7a [&hellip;]<\/p>\n","protected":false},"author":57,"featured_media":38350,"comment_status":"closed","ping_status":"closed","sticky":false,"template":"","format":"standard","meta":{"_acf_changed":false,"footnotes":""},"categories":[2110],"tags":[],"class_list":["post-38349","post","type-post","status-publish","format-standard","has-post-thumbnail","hentry","category-noticias"],"acf":{"imagens":"","destaq_image":38350,"titulo_docs_seccao":"","documentos":""},"_links":{"self":[{"href":"https:\/\/www.cm-evora.pt\/en\/wp-json\/wp\/v2\/posts\/38349","targetHints":{"allow":["GET"]}}],"collection":[{"href":"https:\/\/www.cm-evora.pt\/en\/wp-json\/wp\/v2\/posts"}],"about":[{"href":"https:\/\/www.cm-evora.pt\/en\/wp-json\/wp\/v2\/types\/post"}],"author":[{"embeddable":true,"href":"https:\/\/www.cm-evora.pt\/en\/wp-json\/wp\/v2\/users\/57"}],"replies":[{"embeddable":true,"href":"https:\/\/www.cm-evora.pt\/en\/wp-json\/wp\/v2\/comments?post=38349"}],"version-history":[{"count":1,"href":"https:\/\/www.cm-evora.pt\/en\/wp-json\/wp\/v2\/posts\/38349\/revisions"}],"predecessor-version":[{"id":38352,"href":"https:\/\/www.cm-evora.pt\/en\/wp-json\/wp\/v2\/posts\/38349\/revisions\/38352"}],"wp:featuredmedia":[{"embeddable":true,"href":"https:\/\/www.cm-evora.pt\/en\/wp-json\/wp\/v2\/media\/38350"}],"wp:attachment":[{"href":"https:\/\/www.cm-evora.pt\/en\/wp-json\/wp\/v2\/media?parent=38349"}],"wp:term":[{"taxonomy":"category","embeddable":true,"href":"https:\/\/www.cm-evora.pt\/en\/wp-json\/wp\/v2\/categories?post=38349"},{"taxonomy":"post_tag","embeddable":true,"href":"https:\/\/www.cm-evora.pt\/en\/wp-json\/wp\/v2\/tags?post=38349"}],"curies":[{"name":"wp","href":"https:\/\/api.w.org\/{rel}","templated":true}]}}