{"id":38465,"date":"2022-07-25T15:45:38","date_gmt":"2022-07-25T14:45:38","guid":{"rendered":"https:\/\/www.cm-evora.pt\/?p=38465"},"modified":"2022-07-25T15:45:38","modified_gmt":"2022-07-25T14:45:38","slug":"assinado-protocolo-com-a-camara-municipal-de-evora-associacao-amigos-dos-reformados-pensionistas-e-idosos-de-s-miguel-de-machede-aarpi-smm-ja-pode-utilizar-as-instalacoes-do-novo-centro-de-convivio","status":"publish","type":"post","link":"https:\/\/www.cm-evora.pt\/en\/assinado-protocolo-com-a-camara-municipal-de-evora-associacao-amigos-dos-reformados-pensionistas-e-idosos-de-s-miguel-de-machede-aarpi-smm-ja-pode-utilizar-as-instalacoes-do-novo-centro-de-convivio\/","title":{"rendered":"(Portugu\u00eas) Assinado protocolo com a C\u00e2mara Municipal de \u00c9vora ASSOCIA\u00c7\u00c3O AMIGOS DOS REFORMADOS PENSIONISTAS E IDOSOS DE S. MIGUEL DE MACHEDE (AARPI\/SMM) J\u00c1 PODE UTILIZAR AS INSTALA\u00c7\u00d5ES DO NOVO CENTRO DE CONV\u00cdVIO PARA APOIO AOS MICAELENSES"},"content":{"rendered":"<p class=\"qtranxs-available-languages-message qtranxs-available-languages-message-en\">Sorry, this entry is only available in <a href=\"https:\/\/www.cm-evora.pt\/pt\/wp-json\/wp\/v2\/posts\/38465\" class=\"qtranxs-available-language-link qtranxs-available-language-link-pt\" title=\"Portugu\u00eas\">Portugu\u00eas<\/a>.<\/p><p>Foi assinado na passada sexta-feira, dia 22 de julho, um protocolo entre a C\u00e2mara Municipal de \u00c9vora e a Associa\u00e7\u00e3o Amigos dos Reformados Pensionistas e Idosos de S. Miguel de Machede. Nos termos deste acordo, a associa\u00e7\u00e3o poder\u00e1 utilizar as instala\u00e7\u00f5es do novo Centro de Conv\u00edvio de S. Miguel de Machede, para cumprimento do respetivo Plano de Atividades, centrado no apoio \u00e0 popula\u00e7\u00e3o micaelense.<\/p>\n<p>Este protocolo enquadra-se na pol\u00edtica municipal de apoio ao associativismo social do Concelho de \u00c9vora, em que se incluem as associa\u00e7\u00f5es que t\u00eam como pr\u00e1tica promover o bem-estar social dos reformados e idosos e seus familiares. No caso da AARPI\/SMM, trata-se de proporcionar a esta associa\u00e7\u00e3o um espa\u00e7o de lazer com condi\u00e7\u00f5es ideais para promover o conv\u00edvio e ao mesmo tempo a dinamiza\u00e7\u00e3o de uma atividade regular direcionada para o envelhecimento ativo e a manuten\u00e7\u00e3o da autonomia dos idosos.<\/p>\n<p>\n\t\t<style type=\"text\/css\">\n\t\t\t#gallery-1 {\n\t\t\t\tmargin: auto;\n\t\t\t}\n\t\t\t#gallery-1 .gallery-item {\n\t\t\t\tfloat: left;\n\t\t\t\tmargin-top: 10px;\n\t\t\t\ttext-align: center;\n\t\t\t\twidth: 33%;\n\t\t\t}\n\t\t\t#gallery-1 img {\n\t\t\t\tborder: 2px solid #cfcfcf;\n\t\t\t}\n\t\t\t#gallery-1 .gallery-caption {\n\t\t\t\tmargin-left: 0;\n\t\t\t}\n\t\t\t\/* see gallery_shortcode() in wp-includes\/media.php *\/\n\t\t<\/style>\n\t\t<div id='gallery-1' class='gallery galleryid-38465 gallery-columns-3 gallery-size-full'><dl class='gallery-item'>\n\t\t\t<dt class='gallery-icon landscape'>\n\t\t\t\t<a href='https:\/\/www.cm-evora.pt\/wp-content\/uploads\/2022\/07\/CConvivio-SMM.jpg'><img loading=\"lazy\" decoding=\"async\" width=\"1920\" height=\"1280\" src=\"https:\/\/www.cm-evora.pt\/wp-content\/uploads\/2022\/07\/CConvivio-SMM.jpg\" class=\"attachment-full size-full\" alt=\"\" srcset=\"https:\/\/www.cm-evora.pt\/wp-content\/uploads\/2022\/07\/CConvivio-SMM.jpg 1920w, https:\/\/www.cm-evora.pt\/wp-content\/uploads\/2022\/07\/CConvivio-SMM-300x200.jpg 300w, https:\/\/www.cm-evora.pt\/wp-content\/uploads\/2022\/07\/CConvivio-SMM-1024x683.jpg 1024w, https:\/\/www.cm-evora.pt\/wp-content\/uploads\/2022\/07\/CConvivio-SMM-768x512.jpg 768w, https:\/\/www.cm-evora.pt\/wp-content\/uploads\/2022\/07\/CConvivio-SMM-1536x1024.jpg 1536w, https:\/\/www.cm-evora.pt\/wp-content\/uploads\/2022\/07\/CConvivio-SMM-1320x880.jpg 1320w\" sizes=\"auto, (max-width: 1920px) 100vw, 1920px\" \/><\/a>\n\t\t\t<\/dt><\/dl><dl class='gallery-item'>\n\t\t\t<dt class='gallery-icon landscape'>\n\t\t\t\t<a href='https:\/\/www.cm-evora.pt\/wp-content\/uploads\/2022\/07\/2022_07_25-HO-Assinatura-Protocolo-AARPI-SMM.jpg'><img loading=\"lazy\" decoding=\"async\" width=\"1920\" height=\"1280\" src=\"https:\/\/www.cm-evora.pt\/wp-content\/uploads\/2022\/07\/2022_07_25-HO-Assinatura-Protocolo-AARPI-SMM.jpg\" class=\"attachment-full size-full\" alt=\"\" srcset=\"https:\/\/www.cm-evora.pt\/wp-content\/uploads\/2022\/07\/2022_07_25-HO-Assinatura-Protocolo-AARPI-SMM.jpg 1920w, https:\/\/www.cm-evora.pt\/wp-content\/uploads\/2022\/07\/2022_07_25-HO-Assinatura-Protocolo-AARPI-SMM-300x200.jpg 300w, https:\/\/www.cm-evora.pt\/wp-content\/uploads\/2022\/07\/2022_07_25-HO-Assinatura-Protocolo-AARPI-SMM-1024x683.jpg 1024w, https:\/\/www.cm-evora.pt\/wp-content\/uploads\/2022\/07\/2022_07_25-HO-Assinatura-Protocolo-AARPI-SMM-768x512.jpg 768w, https:\/\/www.cm-evora.pt\/wp-content\/uploads\/2022\/07\/2022_07_25-HO-Assinatura-Protocolo-AARPI-SMM-1536x1024.jpg 1536w, https:\/\/www.cm-evora.pt\/wp-content\/uploads\/2022\/07\/2022_07_25-HO-Assinatura-Protocolo-AARPI-SMM-1320x880.jpg 1320w\" sizes=\"auto, (max-width: 1920px) 100vw, 1920px\" \/><\/a>\n\t\t\t<\/dt><\/dl><dl class='gallery-item'>\n\t\t\t<dt class='gallery-icon landscape'>\n\t\t\t\t<a href='https:\/\/www.cm-evora.pt\/wp-content\/uploads\/2022\/07\/2022_07_25-HO-Assinatura-Protocolo-AARPI-SMM-2.jpg'><img loading=\"lazy\" decoding=\"async\" width=\"1920\" height=\"1280\" src=\"https:\/\/www.cm-evora.pt\/wp-content\/uploads\/2022\/07\/2022_07_25-HO-Assinatura-Protocolo-AARPI-SMM-2.jpg\" class=\"attachment-full size-full\" alt=\"\" srcset=\"https:\/\/www.cm-evora.pt\/wp-content\/uploads\/2022\/07\/2022_07_25-HO-Assinatura-Protocolo-AARPI-SMM-2.jpg 1920w, https:\/\/www.cm-evora.pt\/wp-content\/uploads\/2022\/07\/2022_07_25-HO-Assinatura-Protocolo-AARPI-SMM-2-300x200.jpg 300w, https:\/\/www.cm-evora.pt\/wp-content\/uploads\/2022\/07\/2022_07_25-HO-Assinatura-Protocolo-AARPI-SMM-2-1024x683.jpg 1024w, https:\/\/www.cm-evora.pt\/wp-content\/uploads\/2022\/07\/2022_07_25-HO-Assinatura-Protocolo-AARPI-SMM-2-768x512.jpg 768w, https:\/\/www.cm-evora.pt\/wp-content\/uploads\/2022\/07\/2022_07_25-HO-Assinatura-Protocolo-AARPI-SMM-2-1536x1024.jpg 1536w, https:\/\/www.cm-evora.pt\/wp-content\/uploads\/2022\/07\/2022_07_25-HO-Assinatura-Protocolo-AARPI-SMM-2-1320x880.jpg 1320w\" sizes=\"auto, (max-width: 1920px) 100vw, 1920px\" \/><\/a>\n\t\t\t<\/dt><\/dl><br style=\"clear: both\" \/><dl class='gallery-item'>\n\t\t\t<dt class='gallery-icon landscape'>\n\t\t\t\t<a href='https:\/\/www.cm-evora.pt\/wp-content\/uploads\/2022\/07\/2022_07_25-HO-Assinatura-Protocolo-AARPI_SMM.jpg'><img loading=\"lazy\" decoding=\"async\" width=\"1920\" height=\"1280\" src=\"https:\/\/www.cm-evora.pt\/wp-content\/uploads\/2022\/07\/2022_07_25-HO-Assinatura-Protocolo-AARPI_SMM.jpg\" class=\"attachment-full size-full\" alt=\"\" srcset=\"https:\/\/www.cm-evora.pt\/wp-content\/uploads\/2022\/07\/2022_07_25-HO-Assinatura-Protocolo-AARPI_SMM.jpg 1920w, https:\/\/www.cm-evora.pt\/wp-content\/uploads\/2022\/07\/2022_07_25-HO-Assinatura-Protocolo-AARPI_SMM-300x200.jpg 300w, https:\/\/www.cm-evora.pt\/wp-content\/uploads\/2022\/07\/2022_07_25-HO-Assinatura-Protocolo-AARPI_SMM-1024x683.jpg 1024w, https:\/\/www.cm-evora.pt\/wp-content\/uploads\/2022\/07\/2022_07_25-HO-Assinatura-Protocolo-AARPI_SMM-768x512.jpg 768w, https:\/\/www.cm-evora.pt\/wp-content\/uploads\/2022\/07\/2022_07_25-HO-Assinatura-Protocolo-AARPI_SMM-1536x1024.jpg 1536w, https:\/\/www.cm-evora.pt\/wp-content\/uploads\/2022\/07\/2022_07_25-HO-Assinatura-Protocolo-AARPI_SMM-1320x880.jpg 1320w\" sizes=\"auto, (max-width: 1920px) 100vw, 1920px\" \/><\/a>\n\t\t\t<\/dt><\/dl>\n\t\t\t<br style='clear: both' \/>\n\t\t<\/div>\n<\/p>","protected":false},"excerpt":{"rendered":"<p>Sorry, this entry is only available in Portugu\u00eas.Foi assinado na passada sexta-feira, dia 22 de julho, um protocolo entre a C\u00e2mara Municipal de \u00c9vora e a Associa\u00e7\u00e3o Amigos dos Reformados Pensionistas e Idosos de S. Miguel de Machede. Nos termos deste acordo, a associa\u00e7\u00e3o poder\u00e1 utilizar as instala\u00e7\u00f5es do novo Centro de Conv\u00edvio de S. [&hellip;]<\/p>\n","protected":false},"author":37,"featured_media":38466,"comment_status":"closed","ping_status":"closed","sticky":false,"template":"","format":"standard","meta":{"_acf_changed":false,"footnotes":""},"categories":[2110],"tags":[],"class_list":["post-38465","post","type-post","status-publish","format-standard","has-post-thumbnail","hentry","category-noticias"],"acf":{"imagens":"","destaq_image":38466,"titulo_docs_seccao":"","documentos":""},"_links":{"self":[{"href":"https:\/\/www.cm-evora.pt\/en\/wp-json\/wp\/v2\/posts\/38465","targetHints":{"allow":["GET"]}}],"collection":[{"href":"https:\/\/www.cm-evora.pt\/en\/wp-json\/wp\/v2\/posts"}],"about":[{"href":"https:\/\/www.cm-evora.pt\/en\/wp-json\/wp\/v2\/types\/post"}],"author":[{"embeddable":true,"href":"https:\/\/www.cm-evora.pt\/en\/wp-json\/wp\/v2\/users\/37"}],"replies":[{"embeddable":true,"href":"https:\/\/www.cm-evora.pt\/en\/wp-json\/wp\/v2\/comments?post=38465"}],"version-history":[{"count":1,"href":"https:\/\/www.cm-evora.pt\/en\/wp-json\/wp\/v2\/posts\/38465\/revisions"}],"predecessor-version":[{"id":38470,"href":"https:\/\/www.cm-evora.pt\/en\/wp-json\/wp\/v2\/posts\/38465\/revisions\/38470"}],"wp:featuredmedia":[{"embeddable":true,"href":"https:\/\/www.cm-evora.pt\/en\/wp-json\/wp\/v2\/media\/38466"}],"wp:attachment":[{"href":"https:\/\/www.cm-evora.pt\/en\/wp-json\/wp\/v2\/media?parent=38465"}],"wp:term":[{"taxonomy":"category","embeddable":true,"href":"https:\/\/www.cm-evora.pt\/en\/wp-json\/wp\/v2\/categories?post=38465"},{"taxonomy":"post_tag","embeddable":true,"href":"https:\/\/www.cm-evora.pt\/en\/wp-json\/wp\/v2\/tags?post=38465"}],"curies":[{"name":"wp","href":"https:\/\/api.w.org\/{rel}","templated":true}]}}