{"id":38677,"date":"2022-07-29T14:53:47","date_gmt":"2022-07-29T13:53:47","guid":{"rendered":"https:\/\/www.cm-evora.pt\/?p=38677"},"modified":"2022-07-29T14:53:47","modified_gmt":"2022-07-29T13:53:47","slug":"portal-da-antiga-quinta-dos-frades-de-s-domingos-recuperado-e-pintado","status":"publish","type":"post","link":"https:\/\/www.cm-evora.pt\/en\/portal-da-antiga-quinta-dos-frades-de-s-domingos-recuperado-e-pintado\/","title":{"rendered":"(Portugu\u00eas) Portal da antiga Quinta dos Frades de S. Domingos recuperado e pintado"},"content":{"rendered":"<p class=\"qtranxs-available-languages-message qtranxs-available-languages-message-en\">Sorry, this entry is only available in <a href=\"https:\/\/www.cm-evora.pt\/pt\/wp-json\/wp\/v2\/posts\/38677\" class=\"qtranxs-available-language-link qtranxs-available-language-link-pt\" title=\"Portugu\u00eas\">Portugu\u00eas<\/a>.<\/p><p>A C\u00e2mara Municipal de \u00c9vora procedeu \u00e0 recupera\u00e7\u00e3o e pintura do Portal da antiga Quinta dos Frades de S. Domingos. Este Portal, localizado junto ao Bairro da Torregela, na zona Oeste de Cidade, marcava a entrada Oriente da antiga quinta, perten\u00e7a do Convento de S. Domingos, onde existia uma est\u00e2ncia de repouso para fins assistenciais.<\/p>\n<p>Segundo descri\u00e7\u00e3o de T\u00falio Espanca (*) \u201cno topo uma curiosa cruz marm\u00f3rea, g\u00f3tica, dominicana, era centrada por nobre painel a t\u00eampera, armorejado, da Ordem de S. Domingos, envolvido pelo chap\u00e9u e borlas eclesi\u00e1sticas, que ainda conhecemos, e foi executado em 1733.\u201d (*)<\/p>\n<p>Os trabalhos de recupera\u00e7\u00e3o e pintura, executados em administra\u00e7\u00e3o direta pela Divis\u00e3o de Obras Municipais, enquadram-se no Plano Integrado de Valoriza\u00e7\u00e3o do Patrim\u00f3nio Hist\u00f3rico do Concelho.<\/p>\n<p>Espanca, T\u00falio: Patrim\u00f3nio art\u00edstico do concelho de \u00c9vora\u00a0: arrolamento das freguesias rurais. \u00c9vora: C\u00e2mara Municipal de \u00c9vora, 1957, P. 57.<\/p>","protected":false},"excerpt":{"rendered":"<p>Sorry, this entry is only available in Portugu\u00eas.A C\u00e2mara Municipal de \u00c9vora procedeu \u00e0 recupera\u00e7\u00e3o e pintura do Portal da antiga Quinta dos Frades de S. Domingos. Este Portal, localizado junto ao Bairro da Torregela, na zona Oeste de Cidade, marcava a entrada Oriente da antiga quinta, perten\u00e7a do Convento de S. Domingos, onde existia [&hellip;]<\/p>\n","protected":false},"author":37,"featured_media":38678,"comment_status":"closed","ping_status":"closed","sticky":false,"template":"","format":"standard","meta":{"_acf_changed":false,"footnotes":""},"categories":[2110],"tags":[],"class_list":["post-38677","post","type-post","status-publish","format-standard","has-post-thumbnail","hentry","category-noticias"],"acf":{"imagens":"","destaq_image":38678,"titulo_docs_seccao":"","documentos":""},"_links":{"self":[{"href":"https:\/\/www.cm-evora.pt\/en\/wp-json\/wp\/v2\/posts\/38677","targetHints":{"allow":["GET"]}}],"collection":[{"href":"https:\/\/www.cm-evora.pt\/en\/wp-json\/wp\/v2\/posts"}],"about":[{"href":"https:\/\/www.cm-evora.pt\/en\/wp-json\/wp\/v2\/types\/post"}],"author":[{"embeddable":true,"href":"https:\/\/www.cm-evora.pt\/en\/wp-json\/wp\/v2\/users\/37"}],"replies":[{"embeddable":true,"href":"https:\/\/www.cm-evora.pt\/en\/wp-json\/wp\/v2\/comments?post=38677"}],"version-history":[{"count":1,"href":"https:\/\/www.cm-evora.pt\/en\/wp-json\/wp\/v2\/posts\/38677\/revisions"}],"predecessor-version":[{"id":38679,"href":"https:\/\/www.cm-evora.pt\/en\/wp-json\/wp\/v2\/posts\/38677\/revisions\/38679"}],"wp:featuredmedia":[{"embeddable":true,"href":"https:\/\/www.cm-evora.pt\/en\/wp-json\/wp\/v2\/media\/38678"}],"wp:attachment":[{"href":"https:\/\/www.cm-evora.pt\/en\/wp-json\/wp\/v2\/media?parent=38677"}],"wp:term":[{"taxonomy":"category","embeddable":true,"href":"https:\/\/www.cm-evora.pt\/en\/wp-json\/wp\/v2\/categories?post=38677"},{"taxonomy":"post_tag","embeddable":true,"href":"https:\/\/www.cm-evora.pt\/en\/wp-json\/wp\/v2\/tags?post=38677"}],"curies":[{"name":"wp","href":"https:\/\/api.w.org\/{rel}","templated":true}]}}