{"id":38833,"date":"2022-08-02T15:05:51","date_gmt":"2022-08-02T14:05:51","guid":{"rendered":"https:\/\/www.cm-evora.pt\/?p=38833"},"modified":"2022-08-02T15:05:51","modified_gmt":"2022-08-02T14:05:51","slug":"minyo-crusaders-festa-de-evora-ao-japao-no-artes-a-rua","status":"publish","type":"post","link":"https:\/\/www.cm-evora.pt\/en\/minyo-crusaders-festa-de-evora-ao-japao-no-artes-a-rua\/","title":{"rendered":"(Portugu\u00eas) Minyo Crusaders: festa de \u00c9vora ao Jap\u00e3o no Artes \u00e0 Rua"},"content":{"rendered":"<p class=\"qtranxs-available-languages-message qtranxs-available-languages-message-en\">Sorry, this entry is only available in <a href=\"https:\/\/www.cm-evora.pt\/pt\/wp-json\/wp\/v2\/posts\/38833\" class=\"qtranxs-available-language-link qtranxs-available-language-link-pt\" title=\"Portugu\u00eas\">Portugu\u00eas<\/a>.<\/p><p><strong>Quando, no in\u00edcio do espet\u00e1culo de ontem, muitos se interrogavam sobre qual o estilo de m\u00fasica do grupo que se preparava para atuar, poucos estariam \u00e0 espera da festa que estava para acontecer ao ritmo do folclore japon\u00eas (min\u2019y\u014d) revisitado. Mais de hora e meia de um desfile de m\u00fasicas que viajaram entre o <em>pop<\/em>, a eletr\u00f3nica, os sons latinos e do caribe com um toque de salsa, merengue e cumbia, passando pelo afro funk, deixou rendidos aqueles que se deslocaram ao Jardim P\u00fablico em mais uma c\u00e1lida noite de ver\u00e3o. <\/strong><\/p>\n<p>Echoes of Japan, \u00e1lbum de estreia dos Minyo Crusaders, que chegou ao p\u00fablico em 2017 e recebeu uma ampla aclama\u00e7\u00e3o da cr\u00edtica, foi o mote da atua\u00e7\u00e3o desta \u201c<em>big band<\/em> in\u00e9dita, que leva a tradi\u00e7\u00e3o nip\u00f3nica a passear entre cumbia, jazz et\u00edope, <em>pop<\/em> tailand\u00eas ou <em>afro funk<\/em>.\u201d Em palco, \u201ca banda apresentou-se com bongos, congas e timbales a formar a espinha dorsal percussiva, a que se juntaram a ondula\u00e7\u00e3o do baixo e da guitarra, as teclas e ainda os sopros nas formas de saxofone e trompete.\u201d O elenco completa-se com as vozes, que se mant\u00eam fi\u00e9is \u00e0s distintas sonoridades <em>min\u2019y\u014d<\/em>.<\/p>\n<p>Se no come\u00e7o a plateia estava sentada e, at\u00e9, algo t\u00edmida, no final o p\u00fablico acabou, em p\u00e9, a dan\u00e7ar frente ao palco, seguindo o ritmo e a alegria contagiante dos dez m\u00fasicos que vieram de T\u00f3quio. Apesar do ingl\u00eas pouco fluente, os Minyo Crusaders interagiram constantemente com a assist\u00eancia que se entregou, desinibida, \u00e0 energia dos m\u00fasicos nip\u00f3nicos. Um concerto que se transformou numa verdadeira festa e constituiu uma fant\u00e1stica surpresa neste Artes \u00e0 Rua. <em>Arigato,<\/em> Minyo Crusaders.<\/p>\n<p>Hoje, 2 de agosto, o Artes \u00e0 Rua prossegue com Maruja Lim\u00f3n, \u00e0s 19h00, no P\u00e1tio do Inatel, e com Etuk Ubong, \u00e0s 21h30, no Jardim P\u00fablico.<\/p>\n<p>O programa completo do festival est\u00e1 dispon\u00edvel em <a href=\"http:\/\/www.cm-evora.pt\">www.cm-evora.pt<\/a>.<\/p>\n<p>\n\t\t<style type=\"text\/css\">\n\t\t\t#gallery-1 {\n\t\t\t\tmargin: auto;\n\t\t\t}\n\t\t\t#gallery-1 .gallery-item {\n\t\t\t\tfloat: left;\n\t\t\t\tmargin-top: 10px;\n\t\t\t\ttext-align: center;\n\t\t\t\twidth: 33%;\n\t\t\t}\n\t\t\t#gallery-1 img {\n\t\t\t\tborder: 2px solid #cfcfcf;\n\t\t\t}\n\t\t\t#gallery-1 .gallery-caption {\n\t\t\t\tmargin-left: 0;\n\t\t\t}\n\t\t\t\/* see gallery_shortcode() in wp-includes\/media.php *\/\n\t\t<\/style>\n\t\t<div id='gallery-1' class='gallery galleryid-38833 gallery-columns-3 gallery-size-full'><dl class='gallery-item'>\n\t\t\t<dt class='gallery-icon landscape'>\n\t\t\t\t<a href='https:\/\/www.cm-evora.pt\/wp-content\/uploads\/2022\/08\/DSC_6704-scaled.jpg'><img loading=\"lazy\" decoding=\"async\" width=\"2560\" height=\"1707\" src=\"https:\/\/www.cm-evora.pt\/wp-content\/uploads\/2022\/08\/DSC_6704-scaled.jpg\" class=\"attachment-full size-full\" alt=\"\" srcset=\"https:\/\/www.cm-evora.pt\/wp-content\/uploads\/2022\/08\/DSC_6704-scaled.jpg 2560w, https:\/\/www.cm-evora.pt\/wp-content\/uploads\/2022\/08\/DSC_6704-300x200.jpg 300w, https:\/\/www.cm-evora.pt\/wp-content\/uploads\/2022\/08\/DSC_6704-1024x683.jpg 1024w, https:\/\/www.cm-evora.pt\/wp-content\/uploads\/2022\/08\/DSC_6704-768x512.jpg 768w, https:\/\/www.cm-evora.pt\/wp-content\/uploads\/2022\/08\/DSC_6704-1536x1024.jpg 1536w, https:\/\/www.cm-evora.pt\/wp-content\/uploads\/2022\/08\/DSC_6704-2048x1365.jpg 2048w, https:\/\/www.cm-evora.pt\/wp-content\/uploads\/2022\/08\/DSC_6704-1320x880.jpg 1320w\" sizes=\"auto, (max-width: 2560px) 100vw, 2560px\" \/><\/a>\n\t\t\t<\/dt><\/dl><dl class='gallery-item'>\n\t\t\t<dt class='gallery-icon landscape'>\n\t\t\t\t<a href='https:\/\/www.cm-evora.pt\/wp-content\/uploads\/2022\/08\/DSC_6715-scaled.jpg'><img loading=\"lazy\" decoding=\"async\" width=\"2560\" height=\"1707\" src=\"https:\/\/www.cm-evora.pt\/wp-content\/uploads\/2022\/08\/DSC_6715-scaled.jpg\" class=\"attachment-full size-full\" alt=\"\" srcset=\"https:\/\/www.cm-evora.pt\/wp-content\/uploads\/2022\/08\/DSC_6715-scaled.jpg 2560w, https:\/\/www.cm-evora.pt\/wp-content\/uploads\/2022\/08\/DSC_6715-300x200.jpg 300w, https:\/\/www.cm-evora.pt\/wp-content\/uploads\/2022\/08\/DSC_6715-1024x683.jpg 1024w, https:\/\/www.cm-evora.pt\/wp-content\/uploads\/2022\/08\/DSC_6715-768x512.jpg 768w, https:\/\/www.cm-evora.pt\/wp-content\/uploads\/2022\/08\/DSC_6715-1536x1024.jpg 1536w, https:\/\/www.cm-evora.pt\/wp-content\/uploads\/2022\/08\/DSC_6715-2048x1365.jpg 2048w, https:\/\/www.cm-evora.pt\/wp-content\/uploads\/2022\/08\/DSC_6715-1320x880.jpg 1320w\" sizes=\"auto, (max-width: 2560px) 100vw, 2560px\" \/><\/a>\n\t\t\t<\/dt><\/dl><dl class='gallery-item'>\n\t\t\t<dt class='gallery-icon landscape'>\n\t\t\t\t<a href='https:\/\/www.cm-evora.pt\/wp-content\/uploads\/2022\/08\/DSC_6739-scaled.jpg'><img loading=\"lazy\" decoding=\"async\" width=\"2560\" height=\"1707\" src=\"https:\/\/www.cm-evora.pt\/wp-content\/uploads\/2022\/08\/DSC_6739-scaled.jpg\" class=\"attachment-full size-full\" alt=\"\" srcset=\"https:\/\/www.cm-evora.pt\/wp-content\/uploads\/2022\/08\/DSC_6739-scaled.jpg 2560w, https:\/\/www.cm-evora.pt\/wp-content\/uploads\/2022\/08\/DSC_6739-300x200.jpg 300w, https:\/\/www.cm-evora.pt\/wp-content\/uploads\/2022\/08\/DSC_6739-1024x683.jpg 1024w, https:\/\/www.cm-evora.pt\/wp-content\/uploads\/2022\/08\/DSC_6739-768x512.jpg 768w, https:\/\/www.cm-evora.pt\/wp-content\/uploads\/2022\/08\/DSC_6739-1536x1024.jpg 1536w, https:\/\/www.cm-evora.pt\/wp-content\/uploads\/2022\/08\/DSC_6739-2048x1365.jpg 2048w, https:\/\/www.cm-evora.pt\/wp-content\/uploads\/2022\/08\/DSC_6739-1320x880.jpg 1320w\" sizes=\"auto, (max-width: 2560px) 100vw, 2560px\" \/><\/a>\n\t\t\t<\/dt><\/dl><br style=\"clear: both\" \/><dl class='gallery-item'>\n\t\t\t<dt class='gallery-icon landscape'>\n\t\t\t\t<a href='https:\/\/www.cm-evora.pt\/wp-content\/uploads\/2022\/08\/DSC_6740-scaled.jpg'><img loading=\"lazy\" decoding=\"async\" width=\"2560\" height=\"1707\" src=\"https:\/\/www.cm-evora.pt\/wp-content\/uploads\/2022\/08\/DSC_6740-scaled.jpg\" class=\"attachment-full size-full\" alt=\"\" srcset=\"https:\/\/www.cm-evora.pt\/wp-content\/uploads\/2022\/08\/DSC_6740-scaled.jpg 2560w, https:\/\/www.cm-evora.pt\/wp-content\/uploads\/2022\/08\/DSC_6740-300x200.jpg 300w, https:\/\/www.cm-evora.pt\/wp-content\/uploads\/2022\/08\/DSC_6740-1024x683.jpg 1024w, https:\/\/www.cm-evora.pt\/wp-content\/uploads\/2022\/08\/DSC_6740-768x512.jpg 768w, https:\/\/www.cm-evora.pt\/wp-content\/uploads\/2022\/08\/DSC_6740-1536x1024.jpg 1536w, https:\/\/www.cm-evora.pt\/wp-content\/uploads\/2022\/08\/DSC_6740-2048x1365.jpg 2048w, https:\/\/www.cm-evora.pt\/wp-content\/uploads\/2022\/08\/DSC_6740-1320x880.jpg 1320w\" sizes=\"auto, (max-width: 2560px) 100vw, 2560px\" \/><\/a>\n\t\t\t<\/dt><\/dl><dl class='gallery-item'>\n\t\t\t<dt class='gallery-icon landscape'>\n\t\t\t\t<a href='https:\/\/www.cm-evora.pt\/wp-content\/uploads\/2022\/08\/DSC_6762-scaled.jpg'><img loading=\"lazy\" decoding=\"async\" width=\"2560\" height=\"1707\" src=\"https:\/\/www.cm-evora.pt\/wp-content\/uploads\/2022\/08\/DSC_6762-scaled.jpg\" class=\"attachment-full size-full\" alt=\"\" srcset=\"https:\/\/www.cm-evora.pt\/wp-content\/uploads\/2022\/08\/DSC_6762-scaled.jpg 2560w, https:\/\/www.cm-evora.pt\/wp-content\/uploads\/2022\/08\/DSC_6762-300x200.jpg 300w, https:\/\/www.cm-evora.pt\/wp-content\/uploads\/2022\/08\/DSC_6762-1024x683.jpg 1024w, https:\/\/www.cm-evora.pt\/wp-content\/uploads\/2022\/08\/DSC_6762-768x512.jpg 768w, https:\/\/www.cm-evora.pt\/wp-content\/uploads\/2022\/08\/DSC_6762-1536x1024.jpg 1536w, https:\/\/www.cm-evora.pt\/wp-content\/uploads\/2022\/08\/DSC_6762-2048x1365.jpg 2048w, https:\/\/www.cm-evora.pt\/wp-content\/uploads\/2022\/08\/DSC_6762-1320x880.jpg 1320w\" sizes=\"auto, (max-width: 2560px) 100vw, 2560px\" \/><\/a>\n\t\t\t<\/dt><\/dl><dl class='gallery-item'>\n\t\t\t<dt class='gallery-icon portrait'>\n\t\t\t\t<a href='https:\/\/www.cm-evora.pt\/wp-content\/uploads\/2022\/08\/DSC_6792-scaled.jpg'><img loading=\"lazy\" decoding=\"async\" width=\"1707\" height=\"2560\" src=\"https:\/\/www.cm-evora.pt\/wp-content\/uploads\/2022\/08\/DSC_6792-scaled.jpg\" class=\"attachment-full size-full\" alt=\"\" srcset=\"https:\/\/www.cm-evora.pt\/wp-content\/uploads\/2022\/08\/DSC_6792-scaled.jpg 1707w, https:\/\/www.cm-evora.pt\/wp-content\/uploads\/2022\/08\/DSC_6792-200x300.jpg 200w, https:\/\/www.cm-evora.pt\/wp-content\/uploads\/2022\/08\/DSC_6792-683x1024.jpg 683w, https:\/\/www.cm-evora.pt\/wp-content\/uploads\/2022\/08\/DSC_6792-768x1152.jpg 768w, https:\/\/www.cm-evora.pt\/wp-content\/uploads\/2022\/08\/DSC_6792-1024x1536.jpg 1024w, https:\/\/www.cm-evora.pt\/wp-content\/uploads\/2022\/08\/DSC_6792-1365x2048.jpg 1365w, https:\/\/www.cm-evora.pt\/wp-content\/uploads\/2022\/08\/DSC_6792-1320x1980.jpg 1320w\" sizes=\"auto, (max-width: 1707px) 100vw, 1707px\" \/><\/a>\n\t\t\t<\/dt><\/dl><br style=\"clear: both\" \/><dl class='gallery-item'>\n\t\t\t<dt class='gallery-icon portrait'>\n\t\t\t\t<a href='https:\/\/www.cm-evora.pt\/wp-content\/uploads\/2022\/08\/Minyo1-scaled.jpg'><img loading=\"lazy\" decoding=\"async\" width=\"2456\" height=\"2560\" src=\"https:\/\/www.cm-evora.pt\/wp-content\/uploads\/2022\/08\/Minyo1-scaled.jpg\" class=\"attachment-full size-full\" alt=\"\" srcset=\"https:\/\/www.cm-evora.pt\/wp-content\/uploads\/2022\/08\/Minyo1-scaled.jpg 2456w, https:\/\/www.cm-evora.pt\/wp-content\/uploads\/2022\/08\/Minyo1-288x300.jpg 288w, https:\/\/www.cm-evora.pt\/wp-content\/uploads\/2022\/08\/Minyo1-983x1024.jpg 983w, https:\/\/www.cm-evora.pt\/wp-content\/uploads\/2022\/08\/Minyo1-768x800.jpg 768w, https:\/\/www.cm-evora.pt\/wp-content\/uploads\/2022\/08\/Minyo1-1474x1536.jpg 1474w, https:\/\/www.cm-evora.pt\/wp-content\/uploads\/2022\/08\/Minyo1-1965x2048.jpg 1965w, https:\/\/www.cm-evora.pt\/wp-content\/uploads\/2022\/08\/Minyo1-220x230.jpg 220w, https:\/\/www.cm-evora.pt\/wp-content\/uploads\/2022\/08\/Minyo1-1320x1376.jpg 1320w\" sizes=\"auto, (max-width: 2456px) 100vw, 2456px\" \/><\/a>\n\t\t\t<\/dt><\/dl><dl class='gallery-item'>\n\t\t\t<dt class='gallery-icon landscape'>\n\t\t\t\t<a href='https:\/\/www.cm-evora.pt\/wp-content\/uploads\/2022\/08\/Minyo2-scaled.jpg'><img loading=\"lazy\" decoding=\"async\" width=\"2560\" height=\"1732\" src=\"https:\/\/www.cm-evora.pt\/wp-content\/uploads\/2022\/08\/Minyo2-scaled.jpg\" class=\"attachment-full size-full\" alt=\"\" srcset=\"https:\/\/www.cm-evora.pt\/wp-content\/uploads\/2022\/08\/Minyo2-scaled.jpg 2560w, https:\/\/www.cm-evora.pt\/wp-content\/uploads\/2022\/08\/Minyo2-300x203.jpg 300w, https:\/\/www.cm-evora.pt\/wp-content\/uploads\/2022\/08\/Minyo2-1024x693.jpg 1024w, https:\/\/www.cm-evora.pt\/wp-content\/uploads\/2022\/08\/Minyo2-768x520.jpg 768w, https:\/\/www.cm-evora.pt\/wp-content\/uploads\/2022\/08\/Minyo2-1536x1039.jpg 1536w, https:\/\/www.cm-evora.pt\/wp-content\/uploads\/2022\/08\/Minyo2-2048x1386.jpg 2048w, https:\/\/www.cm-evora.pt\/wp-content\/uploads\/2022\/08\/Minyo2-1320x893.jpg 1320w\" sizes=\"auto, (max-width: 2560px) 100vw, 2560px\" \/><\/a>\n\t\t\t<\/dt><\/dl>\n\t\t\t<br style='clear: both' \/>\n\t\t<\/div>\n<\/p>","protected":false},"excerpt":{"rendered":"<p>Sorry, this entry is only available in Portugu\u00eas.Quando, no in\u00edcio do espet\u00e1culo de ontem, muitos se interrogavam sobre qual o estilo de m\u00fasica do grupo que se preparava para atuar, poucos estariam \u00e0 espera da festa que estava para acontecer ao ritmo do folclore japon\u00eas (min\u2019y\u014d) revisitado. Mais de hora e meia de um desfile [&hellip;]<\/p>\n","protected":false},"author":58,"featured_media":38842,"comment_status":"closed","ping_status":"closed","sticky":false,"template":"","format":"standard","meta":{"_acf_changed":false,"footnotes":""},"categories":[2110],"tags":[],"class_list":["post-38833","post","type-post","status-publish","format-standard","has-post-thumbnail","hentry","category-noticias"],"acf":{"imagens":"","destaq_image":38842,"titulo_docs_seccao":"","documentos":""},"_links":{"self":[{"href":"https:\/\/www.cm-evora.pt\/en\/wp-json\/wp\/v2\/posts\/38833","targetHints":{"allow":["GET"]}}],"collection":[{"href":"https:\/\/www.cm-evora.pt\/en\/wp-json\/wp\/v2\/posts"}],"about":[{"href":"https:\/\/www.cm-evora.pt\/en\/wp-json\/wp\/v2\/types\/post"}],"author":[{"embeddable":true,"href":"https:\/\/www.cm-evora.pt\/en\/wp-json\/wp\/v2\/users\/58"}],"replies":[{"embeddable":true,"href":"https:\/\/www.cm-evora.pt\/en\/wp-json\/wp\/v2\/comments?post=38833"}],"version-history":[{"count":1,"href":"https:\/\/www.cm-evora.pt\/en\/wp-json\/wp\/v2\/posts\/38833\/revisions"}],"predecessor-version":[{"id":38843,"href":"https:\/\/www.cm-evora.pt\/en\/wp-json\/wp\/v2\/posts\/38833\/revisions\/38843"}],"wp:featuredmedia":[{"embeddable":true,"href":"https:\/\/www.cm-evora.pt\/en\/wp-json\/wp\/v2\/media\/38842"}],"wp:attachment":[{"href":"https:\/\/www.cm-evora.pt\/en\/wp-json\/wp\/v2\/media?parent=38833"}],"wp:term":[{"taxonomy":"category","embeddable":true,"href":"https:\/\/www.cm-evora.pt\/en\/wp-json\/wp\/v2\/categories?post=38833"},{"taxonomy":"post_tag","embeddable":true,"href":"https:\/\/www.cm-evora.pt\/en\/wp-json\/wp\/v2\/tags?post=38833"}],"curies":[{"name":"wp","href":"https:\/\/api.w.org\/{rel}","templated":true}]}}