{"id":39179,"date":"2022-08-08T15:48:14","date_gmt":"2022-08-08T14:48:14","guid":{"rendered":"https:\/\/www.cm-evora.pt\/?p=39179"},"modified":"2022-08-08T15:48:14","modified_gmt":"2022-08-08T14:48:14","slug":"a-pedreira-apresentou-o-seu-trabalho-no-jardim-publico-de-evora","status":"publish","type":"post","link":"https:\/\/www.cm-evora.pt\/en\/a-pedreira-apresentou-o-seu-trabalho-no-jardim-publico-de-evora\/","title":{"rendered":"(Portugu\u00eas) \u201cA Pedreira\u201d apresentou o seu trabalho no Jardim P\u00fablico de \u00c9vora"},"content":{"rendered":"<p class=\"qtranxs-available-languages-message qtranxs-available-languages-message-en\">Sorry, this entry is only available in <a href=\"https:\/\/www.cm-evora.pt\/pt\/wp-json\/wp\/v2\/posts\/39179\" class=\"qtranxs-available-language-link qtranxs-available-language-link-pt\" title=\"Portugu\u00eas\">Portugu\u00eas<\/a>.<\/p><p>A noite de domingo (7 de Agosto) ficou marcada pela actua\u00e7\u00e3o de \u201cA Pedreira\u201d no festival \u201cArtes \u00e0 Rua\u201d que decorreu no Jardim P\u00fablico de \u00c9vora.<\/p>\n<p>Ugia Pedreira \u00e9 cantautora, professora de canto e diretora do Centro Galego de M\u00fasica Popular e trouxe um amigo franc\u00eas. Com um longo caminho pela m\u00fasica, de onde resultaram in\u00fameras forma\u00e7\u00f5es e colabora\u00e7\u00f5es em torno do rock e folk galegos, a artista apresentou Segmento Cant\u00e1brico, onde foi mais al\u00e9m, adicionando tamb\u00e9m a m\u00fasica electr\u00f3nica.<\/p>\n\n\t\t<style type=\"text\/css\">\n\t\t\t#gallery-1 {\n\t\t\t\tmargin: auto;\n\t\t\t}\n\t\t\t#gallery-1 .gallery-item {\n\t\t\t\tfloat: left;\n\t\t\t\tmargin-top: 10px;\n\t\t\t\ttext-align: center;\n\t\t\t\twidth: 20%;\n\t\t\t}\n\t\t\t#gallery-1 img {\n\t\t\t\tborder: 2px solid #cfcfcf;\n\t\t\t}\n\t\t\t#gallery-1 .gallery-caption {\n\t\t\t\tmargin-left: 0;\n\t\t\t}\n\t\t\t\/* see gallery_shortcode() in wp-includes\/media.php *\/\n\t\t<\/style>\n\t\t<div id='gallery-1' class='gallery galleryid-39179 gallery-columns-5 gallery-size-full'><dl class='gallery-item'>\n\t\t\t<dt class='gallery-icon landscape'>\n\t\t\t\t<a href='https:\/\/www.cm-evora.pt\/wp-content\/uploads\/2022\/08\/P1.jpg'><img loading=\"lazy\" decoding=\"async\" width=\"1920\" height=\"1456\" src=\"https:\/\/www.cm-evora.pt\/wp-content\/uploads\/2022\/08\/P1.jpg\" class=\"attachment-full size-full\" alt=\"\" srcset=\"https:\/\/www.cm-evora.pt\/wp-content\/uploads\/2022\/08\/P1.jpg 1920w, https:\/\/www.cm-evora.pt\/wp-content\/uploads\/2022\/08\/P1-300x228.jpg 300w, https:\/\/www.cm-evora.pt\/wp-content\/uploads\/2022\/08\/P1-1024x777.jpg 1024w, https:\/\/www.cm-evora.pt\/wp-content\/uploads\/2022\/08\/P1-768x582.jpg 768w, https:\/\/www.cm-evora.pt\/wp-content\/uploads\/2022\/08\/P1-1536x1165.jpg 1536w, https:\/\/www.cm-evora.pt\/wp-content\/uploads\/2022\/08\/P1-1320x1001.jpg 1320w\" sizes=\"auto, (max-width: 1920px) 100vw, 1920px\" \/><\/a>\n\t\t\t<\/dt><\/dl><dl class='gallery-item'>\n\t\t\t<dt class='gallery-icon landscape'>\n\t\t\t\t<a href='https:\/\/www.cm-evora.pt\/wp-content\/uploads\/2022\/08\/P2.jpg'><img loading=\"lazy\" decoding=\"async\" width=\"1920\" height=\"1268\" src=\"https:\/\/www.cm-evora.pt\/wp-content\/uploads\/2022\/08\/P2.jpg\" class=\"attachment-full size-full\" alt=\"\" srcset=\"https:\/\/www.cm-evora.pt\/wp-content\/uploads\/2022\/08\/P2.jpg 1920w, https:\/\/www.cm-evora.pt\/wp-content\/uploads\/2022\/08\/P2-300x198.jpg 300w, https:\/\/www.cm-evora.pt\/wp-content\/uploads\/2022\/08\/P2-1024x676.jpg 1024w, https:\/\/www.cm-evora.pt\/wp-content\/uploads\/2022\/08\/P2-768x507.jpg 768w, https:\/\/www.cm-evora.pt\/wp-content\/uploads\/2022\/08\/P2-1536x1014.jpg 1536w, https:\/\/www.cm-evora.pt\/wp-content\/uploads\/2022\/08\/P2-1320x872.jpg 1320w\" sizes=\"auto, (max-width: 1920px) 100vw, 1920px\" \/><\/a>\n\t\t\t<\/dt><\/dl><dl class='gallery-item'>\n\t\t\t<dt class='gallery-icon landscape'>\n\t\t\t\t<a href='https:\/\/www.cm-evora.pt\/wp-content\/uploads\/2022\/08\/P3.jpg'><img loading=\"lazy\" decoding=\"async\" width=\"1920\" height=\"1142\" src=\"https:\/\/www.cm-evora.pt\/wp-content\/uploads\/2022\/08\/P3.jpg\" class=\"attachment-full size-full\" alt=\"\" srcset=\"https:\/\/www.cm-evora.pt\/wp-content\/uploads\/2022\/08\/P3.jpg 1920w, https:\/\/www.cm-evora.pt\/wp-content\/uploads\/2022\/08\/P3-300x178.jpg 300w, https:\/\/www.cm-evora.pt\/wp-content\/uploads\/2022\/08\/P3-1024x609.jpg 1024w, https:\/\/www.cm-evora.pt\/wp-content\/uploads\/2022\/08\/P3-768x457.jpg 768w, https:\/\/www.cm-evora.pt\/wp-content\/uploads\/2022\/08\/P3-1536x914.jpg 1536w, https:\/\/www.cm-evora.pt\/wp-content\/uploads\/2022\/08\/P3-1320x785.jpg 1320w\" sizes=\"auto, (max-width: 1920px) 100vw, 1920px\" \/><\/a>\n\t\t\t<\/dt><\/dl><dl class='gallery-item'>\n\t\t\t<dt class='gallery-icon landscape'>\n\t\t\t\t<a href='https:\/\/www.cm-evora.pt\/wp-content\/uploads\/2022\/08\/P4.jpg'><img loading=\"lazy\" decoding=\"async\" width=\"1920\" height=\"1590\" src=\"https:\/\/www.cm-evora.pt\/wp-content\/uploads\/2022\/08\/P4.jpg\" class=\"attachment-full size-full\" alt=\"\" srcset=\"https:\/\/www.cm-evora.pt\/wp-content\/uploads\/2022\/08\/P4.jpg 1920w, https:\/\/www.cm-evora.pt\/wp-content\/uploads\/2022\/08\/P4-300x248.jpg 300w, https:\/\/www.cm-evora.pt\/wp-content\/uploads\/2022\/08\/P4-1024x848.jpg 1024w, https:\/\/www.cm-evora.pt\/wp-content\/uploads\/2022\/08\/P4-768x636.jpg 768w, https:\/\/www.cm-evora.pt\/wp-content\/uploads\/2022\/08\/P4-1536x1272.jpg 1536w, https:\/\/www.cm-evora.pt\/wp-content\/uploads\/2022\/08\/P4-1320x1093.jpg 1320w\" sizes=\"auto, (max-width: 1920px) 100vw, 1920px\" \/><\/a>\n\t\t\t<\/dt><\/dl><dl class='gallery-item'>\n\t\t\t<dt class='gallery-icon landscape'>\n\t\t\t\t<a href='https:\/\/www.cm-evora.pt\/wp-content\/uploads\/2022\/08\/P5.jpg'><img loading=\"lazy\" decoding=\"async\" width=\"1920\" height=\"1283\" src=\"https:\/\/www.cm-evora.pt\/wp-content\/uploads\/2022\/08\/P5.jpg\" class=\"attachment-full size-full\" alt=\"\" srcset=\"https:\/\/www.cm-evora.pt\/wp-content\/uploads\/2022\/08\/P5.jpg 1920w, https:\/\/www.cm-evora.pt\/wp-content\/uploads\/2022\/08\/P5-300x200.jpg 300w, https:\/\/www.cm-evora.pt\/wp-content\/uploads\/2022\/08\/P5-1024x684.jpg 1024w, https:\/\/www.cm-evora.pt\/wp-content\/uploads\/2022\/08\/P5-768x513.jpg 768w, https:\/\/www.cm-evora.pt\/wp-content\/uploads\/2022\/08\/P5-1536x1026.jpg 1536w, https:\/\/www.cm-evora.pt\/wp-content\/uploads\/2022\/08\/P5-1320x882.jpg 1320w\" sizes=\"auto, (max-width: 1920px) 100vw, 1920px\" \/><\/a>\n\t\t\t<\/dt><\/dl><br style=\"clear: both\" \/><dl class='gallery-item'>\n\t\t\t<dt class='gallery-icon portrait'>\n\t\t\t\t<a href='https:\/\/www.cm-evora.pt\/wp-content\/uploads\/2022\/08\/P6.jpg'><img loading=\"lazy\" decoding=\"async\" width=\"1283\" height=\"1920\" src=\"https:\/\/www.cm-evora.pt\/wp-content\/uploads\/2022\/08\/P6.jpg\" class=\"attachment-full size-full\" alt=\"\" srcset=\"https:\/\/www.cm-evora.pt\/wp-content\/uploads\/2022\/08\/P6.jpg 1283w, https:\/\/www.cm-evora.pt\/wp-content\/uploads\/2022\/08\/P6-200x300.jpg 200w, https:\/\/www.cm-evora.pt\/wp-content\/uploads\/2022\/08\/P6-684x1024.jpg 684w, https:\/\/www.cm-evora.pt\/wp-content\/uploads\/2022\/08\/P6-768x1149.jpg 768w, https:\/\/www.cm-evora.pt\/wp-content\/uploads\/2022\/08\/P6-1026x1536.jpg 1026w\" sizes=\"auto, (max-width: 1283px) 100vw, 1283px\" \/><\/a>\n\t\t\t<\/dt><\/dl><dl class='gallery-item'>\n\t\t\t<dt class='gallery-icon portrait'>\n\t\t\t\t<a href='https:\/\/www.cm-evora.pt\/wp-content\/uploads\/2022\/08\/P7.jpg'><img loading=\"lazy\" decoding=\"async\" width=\"1509\" height=\"1920\" src=\"https:\/\/www.cm-evora.pt\/wp-content\/uploads\/2022\/08\/P7.jpg\" class=\"attachment-full size-full\" alt=\"\" srcset=\"https:\/\/www.cm-evora.pt\/wp-content\/uploads\/2022\/08\/P7.jpg 1509w, https:\/\/www.cm-evora.pt\/wp-content\/uploads\/2022\/08\/P7-236x300.jpg 236w, https:\/\/www.cm-evora.pt\/wp-content\/uploads\/2022\/08\/P7-805x1024.jpg 805w, https:\/\/www.cm-evora.pt\/wp-content\/uploads\/2022\/08\/P7-768x977.jpg 768w, https:\/\/www.cm-evora.pt\/wp-content\/uploads\/2022\/08\/P7-1207x1536.jpg 1207w, https:\/\/www.cm-evora.pt\/wp-content\/uploads\/2022\/08\/P7-1320x1680.jpg 1320w\" sizes=\"auto, (max-width: 1509px) 100vw, 1509px\" \/><\/a>\n\t\t\t<\/dt><\/dl><dl class='gallery-item'>\n\t\t\t<dt class='gallery-icon landscape'>\n\t\t\t\t<a href='https:\/\/www.cm-evora.pt\/wp-content\/uploads\/2022\/08\/P8.jpg'><img loading=\"lazy\" decoding=\"async\" width=\"1920\" height=\"1135\" src=\"https:\/\/www.cm-evora.pt\/wp-content\/uploads\/2022\/08\/P8.jpg\" class=\"attachment-full size-full\" alt=\"\" srcset=\"https:\/\/www.cm-evora.pt\/wp-content\/uploads\/2022\/08\/P8.jpg 1920w, https:\/\/www.cm-evora.pt\/wp-content\/uploads\/2022\/08\/P8-300x177.jpg 300w, https:\/\/www.cm-evora.pt\/wp-content\/uploads\/2022\/08\/P8-1024x605.jpg 1024w, https:\/\/www.cm-evora.pt\/wp-content\/uploads\/2022\/08\/P8-768x454.jpg 768w, https:\/\/www.cm-evora.pt\/wp-content\/uploads\/2022\/08\/P8-1536x908.jpg 1536w, https:\/\/www.cm-evora.pt\/wp-content\/uploads\/2022\/08\/P8-1320x780.jpg 1320w\" sizes=\"auto, (max-width: 1920px) 100vw, 1920px\" \/><\/a>\n\t\t\t<\/dt><\/dl><dl class='gallery-item'>\n\t\t\t<dt class='gallery-icon landscape'>\n\t\t\t\t<a href='https:\/\/www.cm-evora.pt\/wp-content\/uploads\/2022\/08\/P9.jpg'><img loading=\"lazy\" decoding=\"async\" width=\"1920\" height=\"1281\" src=\"https:\/\/www.cm-evora.pt\/wp-content\/uploads\/2022\/08\/P9.jpg\" class=\"attachment-full size-full\" alt=\"\" srcset=\"https:\/\/www.cm-evora.pt\/wp-content\/uploads\/2022\/08\/P9.jpg 1920w, https:\/\/www.cm-evora.pt\/wp-content\/uploads\/2022\/08\/P9-300x200.jpg 300w, https:\/\/www.cm-evora.pt\/wp-content\/uploads\/2022\/08\/P9-1024x683.jpg 1024w, https:\/\/www.cm-evora.pt\/wp-content\/uploads\/2022\/08\/P9-768x512.jpg 768w, https:\/\/www.cm-evora.pt\/wp-content\/uploads\/2022\/08\/P9-1536x1025.jpg 1536w, https:\/\/www.cm-evora.pt\/wp-content\/uploads\/2022\/08\/P9-1320x881.jpg 1320w\" sizes=\"auto, (max-width: 1920px) 100vw, 1920px\" \/><\/a>\n\t\t\t<\/dt><\/dl><dl class='gallery-item'>\n\t\t\t<dt class='gallery-icon portrait'>\n\t\t\t\t<a href='https:\/\/www.cm-evora.pt\/wp-content\/uploads\/2022\/08\/P10.jpg'><img loading=\"lazy\" decoding=\"async\" width=\"1281\" height=\"1920\" src=\"https:\/\/www.cm-evora.pt\/wp-content\/uploads\/2022\/08\/P10.jpg\" class=\"attachment-full size-full\" alt=\"\" srcset=\"https:\/\/www.cm-evora.pt\/wp-content\/uploads\/2022\/08\/P10.jpg 1281w, https:\/\/www.cm-evora.pt\/wp-content\/uploads\/2022\/08\/P10-200x300.jpg 200w, https:\/\/www.cm-evora.pt\/wp-content\/uploads\/2022\/08\/P10-683x1024.jpg 683w, https:\/\/www.cm-evora.pt\/wp-content\/uploads\/2022\/08\/P10-768x1151.jpg 768w, https:\/\/www.cm-evora.pt\/wp-content\/uploads\/2022\/08\/P10-1025x1536.jpg 1025w\" sizes=\"auto, (max-width: 1281px) 100vw, 1281px\" \/><\/a>\n\t\t\t<\/dt><\/dl><br style=\"clear: both\" \/><dl class='gallery-item'>\n\t\t\t<dt class='gallery-icon landscape'>\n\t\t\t\t<a href='https:\/\/www.cm-evora.pt\/wp-content\/uploads\/2022\/08\/P11.jpg'><img loading=\"lazy\" decoding=\"async\" width=\"1920\" height=\"1281\" src=\"https:\/\/www.cm-evora.pt\/wp-content\/uploads\/2022\/08\/P11.jpg\" class=\"attachment-full size-full\" alt=\"\" srcset=\"https:\/\/www.cm-evora.pt\/wp-content\/uploads\/2022\/08\/P11.jpg 1920w, https:\/\/www.cm-evora.pt\/wp-content\/uploads\/2022\/08\/P11-300x200.jpg 300w, https:\/\/www.cm-evora.pt\/wp-content\/uploads\/2022\/08\/P11-1024x683.jpg 1024w, https:\/\/www.cm-evora.pt\/wp-content\/uploads\/2022\/08\/P11-768x512.jpg 768w, https:\/\/www.cm-evora.pt\/wp-content\/uploads\/2022\/08\/P11-1536x1025.jpg 1536w, https:\/\/www.cm-evora.pt\/wp-content\/uploads\/2022\/08\/P11-1320x881.jpg 1320w\" sizes=\"auto, (max-width: 1920px) 100vw, 1920px\" \/><\/a>\n\t\t\t<\/dt><\/dl><dl class='gallery-item'>\n\t\t\t<dt class='gallery-icon landscape'>\n\t\t\t\t<a href='https:\/\/www.cm-evora.pt\/wp-content\/uploads\/2022\/08\/P12.jpg'><img loading=\"lazy\" decoding=\"async\" width=\"1920\" height=\"1281\" src=\"https:\/\/www.cm-evora.pt\/wp-content\/uploads\/2022\/08\/P12.jpg\" class=\"attachment-full size-full\" alt=\"\" srcset=\"https:\/\/www.cm-evora.pt\/wp-content\/uploads\/2022\/08\/P12.jpg 1920w, https:\/\/www.cm-evora.pt\/wp-content\/uploads\/2022\/08\/P12-300x200.jpg 300w, https:\/\/www.cm-evora.pt\/wp-content\/uploads\/2022\/08\/P12-1024x683.jpg 1024w, https:\/\/www.cm-evora.pt\/wp-content\/uploads\/2022\/08\/P12-768x512.jpg 768w, https:\/\/www.cm-evora.pt\/wp-content\/uploads\/2022\/08\/P12-1536x1025.jpg 1536w, https:\/\/www.cm-evora.pt\/wp-content\/uploads\/2022\/08\/P12-1320x881.jpg 1320w\" sizes=\"auto, (max-width: 1920px) 100vw, 1920px\" \/><\/a>\n\t\t\t<\/dt><\/dl><dl class='gallery-item'>\n\t\t\t<dt class='gallery-icon landscape'>\n\t\t\t\t<a href='https:\/\/www.cm-evora.pt\/wp-content\/uploads\/2022\/08\/P13.jpg'><img loading=\"lazy\" decoding=\"async\" width=\"1920\" height=\"1281\" src=\"https:\/\/www.cm-evora.pt\/wp-content\/uploads\/2022\/08\/P13.jpg\" class=\"attachment-full size-full\" alt=\"\" srcset=\"https:\/\/www.cm-evora.pt\/wp-content\/uploads\/2022\/08\/P13.jpg 1920w, https:\/\/www.cm-evora.pt\/wp-content\/uploads\/2022\/08\/P13-300x200.jpg 300w, https:\/\/www.cm-evora.pt\/wp-content\/uploads\/2022\/08\/P13-1024x683.jpg 1024w, https:\/\/www.cm-evora.pt\/wp-content\/uploads\/2022\/08\/P13-768x512.jpg 768w, https:\/\/www.cm-evora.pt\/wp-content\/uploads\/2022\/08\/P13-1536x1025.jpg 1536w, https:\/\/www.cm-evora.pt\/wp-content\/uploads\/2022\/08\/P13-1320x881.jpg 1320w\" sizes=\"auto, (max-width: 1920px) 100vw, 1920px\" \/><\/a>\n\t\t\t<\/dt><\/dl><dl class='gallery-item'>\n\t\t\t<dt class='gallery-icon landscape'>\n\t\t\t\t<a href='https:\/\/www.cm-evora.pt\/wp-content\/uploads\/2022\/08\/P14.jpg'><img loading=\"lazy\" decoding=\"async\" width=\"1920\" height=\"1281\" src=\"https:\/\/www.cm-evora.pt\/wp-content\/uploads\/2022\/08\/P14.jpg\" class=\"attachment-full size-full\" alt=\"\" srcset=\"https:\/\/www.cm-evora.pt\/wp-content\/uploads\/2022\/08\/P14.jpg 1920w, https:\/\/www.cm-evora.pt\/wp-content\/uploads\/2022\/08\/P14-300x200.jpg 300w, https:\/\/www.cm-evora.pt\/wp-content\/uploads\/2022\/08\/P14-1024x683.jpg 1024w, https:\/\/www.cm-evora.pt\/wp-content\/uploads\/2022\/08\/P14-768x512.jpg 768w, https:\/\/www.cm-evora.pt\/wp-content\/uploads\/2022\/08\/P14-1536x1025.jpg 1536w, https:\/\/www.cm-evora.pt\/wp-content\/uploads\/2022\/08\/P14-1320x881.jpg 1320w\" sizes=\"auto, (max-width: 1920px) 100vw, 1920px\" \/><\/a>\n\t\t\t<\/dt><\/dl><dl class='gallery-item'>\n\t\t\t<dt class='gallery-icon landscape'>\n\t\t\t\t<a href='https:\/\/www.cm-evora.pt\/wp-content\/uploads\/2022\/08\/P15.jpg'><img loading=\"lazy\" decoding=\"async\" width=\"1920\" height=\"996\" src=\"https:\/\/www.cm-evora.pt\/wp-content\/uploads\/2022\/08\/P15.jpg\" class=\"attachment-full size-full\" alt=\"\" srcset=\"https:\/\/www.cm-evora.pt\/wp-content\/uploads\/2022\/08\/P15.jpg 1920w, https:\/\/www.cm-evora.pt\/wp-content\/uploads\/2022\/08\/P15-300x156.jpg 300w, https:\/\/www.cm-evora.pt\/wp-content\/uploads\/2022\/08\/P15-1024x531.jpg 1024w, https:\/\/www.cm-evora.pt\/wp-content\/uploads\/2022\/08\/P15-768x398.jpg 768w, https:\/\/www.cm-evora.pt\/wp-content\/uploads\/2022\/08\/P15-1536x797.jpg 1536w, https:\/\/www.cm-evora.pt\/wp-content\/uploads\/2022\/08\/P15-500x258.jpg 500w, https:\/\/www.cm-evora.pt\/wp-content\/uploads\/2022\/08\/P15-1320x685.jpg 1320w\" sizes=\"auto, (max-width: 1920px) 100vw, 1920px\" \/><\/a>\n\t\t\t<\/dt><\/dl><br style=\"clear: both\" \/><dl class='gallery-item'>\n\t\t\t<dt class='gallery-icon portrait'>\n\t\t\t\t<a href='https:\/\/www.cm-evora.pt\/wp-content\/uploads\/2022\/08\/P16.jpg'><img loading=\"lazy\" decoding=\"async\" width=\"1281\" height=\"1920\" src=\"https:\/\/www.cm-evora.pt\/wp-content\/uploads\/2022\/08\/P16.jpg\" class=\"attachment-full size-full\" alt=\"\" srcset=\"https:\/\/www.cm-evora.pt\/wp-content\/uploads\/2022\/08\/P16.jpg 1281w, https:\/\/www.cm-evora.pt\/wp-content\/uploads\/2022\/08\/P16-200x300.jpg 200w, https:\/\/www.cm-evora.pt\/wp-content\/uploads\/2022\/08\/P16-683x1024.jpg 683w, https:\/\/www.cm-evora.pt\/wp-content\/uploads\/2022\/08\/P16-768x1151.jpg 768w, https:\/\/www.cm-evora.pt\/wp-content\/uploads\/2022\/08\/P16-1025x1536.jpg 1025w\" sizes=\"auto, (max-width: 1281px) 100vw, 1281px\" \/><\/a>\n\t\t\t<\/dt><\/dl><dl class='gallery-item'>\n\t\t\t<dt class='gallery-icon landscape'>\n\t\t\t\t<a href='https:\/\/www.cm-evora.pt\/wp-content\/uploads\/2022\/08\/P17.jpg'><img loading=\"lazy\" decoding=\"async\" width=\"1920\" height=\"1281\" src=\"https:\/\/www.cm-evora.pt\/wp-content\/uploads\/2022\/08\/P17.jpg\" class=\"attachment-full size-full\" alt=\"\" srcset=\"https:\/\/www.cm-evora.pt\/wp-content\/uploads\/2022\/08\/P17.jpg 1920w, https:\/\/www.cm-evora.pt\/wp-content\/uploads\/2022\/08\/P17-300x200.jpg 300w, https:\/\/www.cm-evora.pt\/wp-content\/uploads\/2022\/08\/P17-1024x683.jpg 1024w, https:\/\/www.cm-evora.pt\/wp-content\/uploads\/2022\/08\/P17-768x512.jpg 768w, https:\/\/www.cm-evora.pt\/wp-content\/uploads\/2022\/08\/P17-1536x1025.jpg 1536w, https:\/\/www.cm-evora.pt\/wp-content\/uploads\/2022\/08\/P17-1320x881.jpg 1320w\" sizes=\"auto, (max-width: 1920px) 100vw, 1920px\" \/><\/a>\n\t\t\t<\/dt><\/dl><dl class='gallery-item'>\n\t\t\t<dt class='gallery-icon landscape'>\n\t\t\t\t<a href='https:\/\/www.cm-evora.pt\/wp-content\/uploads\/2022\/08\/P18.jpg'><img loading=\"lazy\" decoding=\"async\" width=\"1920\" height=\"1168\" src=\"https:\/\/www.cm-evora.pt\/wp-content\/uploads\/2022\/08\/P18.jpg\" class=\"attachment-full size-full\" alt=\"\" srcset=\"https:\/\/www.cm-evora.pt\/wp-content\/uploads\/2022\/08\/P18.jpg 1920w, https:\/\/www.cm-evora.pt\/wp-content\/uploads\/2022\/08\/P18-300x183.jpg 300w, https:\/\/www.cm-evora.pt\/wp-content\/uploads\/2022\/08\/P18-1024x623.jpg 1024w, https:\/\/www.cm-evora.pt\/wp-content\/uploads\/2022\/08\/P18-768x467.jpg 768w, https:\/\/www.cm-evora.pt\/wp-content\/uploads\/2022\/08\/P18-1536x934.jpg 1536w, https:\/\/www.cm-evora.pt\/wp-content\/uploads\/2022\/08\/P18-1320x803.jpg 1320w, https:\/\/www.cm-evora.pt\/wp-content\/uploads\/2022\/08\/P18-680x414.jpg 680w\" sizes=\"auto, (max-width: 1920px) 100vw, 1920px\" \/><\/a>\n\t\t\t<\/dt><\/dl><dl class='gallery-item'>\n\t\t\t<dt class='gallery-icon landscape'>\n\t\t\t\t<a href='https:\/\/www.cm-evora.pt\/wp-content\/uploads\/2022\/08\/P19.jpg'><img loading=\"lazy\" decoding=\"async\" width=\"1920\" height=\"1307\" src=\"https:\/\/www.cm-evora.pt\/wp-content\/uploads\/2022\/08\/P19.jpg\" class=\"attachment-full size-full\" alt=\"\" srcset=\"https:\/\/www.cm-evora.pt\/wp-content\/uploads\/2022\/08\/P19.jpg 1920w, https:\/\/www.cm-evora.pt\/wp-content\/uploads\/2022\/08\/P19-300x204.jpg 300w, https:\/\/www.cm-evora.pt\/wp-content\/uploads\/2022\/08\/P19-1024x697.jpg 1024w, https:\/\/www.cm-evora.pt\/wp-content\/uploads\/2022\/08\/P19-768x523.jpg 768w, https:\/\/www.cm-evora.pt\/wp-content\/uploads\/2022\/08\/P19-1536x1046.jpg 1536w, https:\/\/www.cm-evora.pt\/wp-content\/uploads\/2022\/08\/P19-1320x899.jpg 1320w\" sizes=\"auto, (max-width: 1920px) 100vw, 1920px\" \/><\/a>\n\t\t\t<\/dt><\/dl><dl class='gallery-item'>\n\t\t\t<dt class='gallery-icon landscape'>\n\t\t\t\t<a href='https:\/\/www.cm-evora.pt\/wp-content\/uploads\/2022\/08\/P20.jpg'><img loading=\"lazy\" decoding=\"async\" width=\"1920\" height=\"1244\" src=\"https:\/\/www.cm-evora.pt\/wp-content\/uploads\/2022\/08\/P20.jpg\" class=\"attachment-full size-full\" alt=\"\" srcset=\"https:\/\/www.cm-evora.pt\/wp-content\/uploads\/2022\/08\/P20.jpg 1920w, https:\/\/www.cm-evora.pt\/wp-content\/uploads\/2022\/08\/P20-300x194.jpg 300w, https:\/\/www.cm-evora.pt\/wp-content\/uploads\/2022\/08\/P20-1024x663.jpg 1024w, https:\/\/www.cm-evora.pt\/wp-content\/uploads\/2022\/08\/P20-768x498.jpg 768w, https:\/\/www.cm-evora.pt\/wp-content\/uploads\/2022\/08\/P20-1536x995.jpg 1536w, https:\/\/www.cm-evora.pt\/wp-content\/uploads\/2022\/08\/P20-1320x855.jpg 1320w\" sizes=\"auto, (max-width: 1920px) 100vw, 1920px\" \/><\/a>\n\t\t\t<\/dt><\/dl><br style=\"clear: both\" \/>\n\t\t<\/div>\n\n<p>&nbsp;<\/p>\n<p>&nbsp;<\/p>","protected":false},"excerpt":{"rendered":"<p>Sorry, this entry is only available in Portugu\u00eas.A noite de domingo (7 de Agosto) ficou marcada pela actua\u00e7\u00e3o de \u201cA Pedreira\u201d no festival \u201cArtes \u00e0 Rua\u201d que decorreu no Jardim P\u00fablico de \u00c9vora. Ugia Pedreira \u00e9 cantautora, professora de canto e diretora do Centro Galego de M\u00fasica Popular e trouxe um amigo franc\u00eas. Com um [&hellip;]<\/p>\n","protected":false},"author":57,"featured_media":39180,"comment_status":"closed","ping_status":"closed","sticky":false,"template":"","format":"standard","meta":{"_acf_changed":false,"footnotes":""},"categories":[2110],"tags":[],"class_list":["post-39179","post","type-post","status-publish","format-standard","has-post-thumbnail","hentry","category-noticias"],"acf":{"imagens":"","destaq_image":39180,"titulo_docs_seccao":"","documentos":""},"_links":{"self":[{"href":"https:\/\/www.cm-evora.pt\/en\/wp-json\/wp\/v2\/posts\/39179","targetHints":{"allow":["GET"]}}],"collection":[{"href":"https:\/\/www.cm-evora.pt\/en\/wp-json\/wp\/v2\/posts"}],"about":[{"href":"https:\/\/www.cm-evora.pt\/en\/wp-json\/wp\/v2\/types\/post"}],"author":[{"embeddable":true,"href":"https:\/\/www.cm-evora.pt\/en\/wp-json\/wp\/v2\/users\/57"}],"replies":[{"embeddable":true,"href":"https:\/\/www.cm-evora.pt\/en\/wp-json\/wp\/v2\/comments?post=39179"}],"version-history":[{"count":1,"href":"https:\/\/www.cm-evora.pt\/en\/wp-json\/wp\/v2\/posts\/39179\/revisions"}],"predecessor-version":[{"id":39200,"href":"https:\/\/www.cm-evora.pt\/en\/wp-json\/wp\/v2\/posts\/39179\/revisions\/39200"}],"wp:featuredmedia":[{"embeddable":true,"href":"https:\/\/www.cm-evora.pt\/en\/wp-json\/wp\/v2\/media\/39180"}],"wp:attachment":[{"href":"https:\/\/www.cm-evora.pt\/en\/wp-json\/wp\/v2\/media?parent=39179"}],"wp:term":[{"taxonomy":"category","embeddable":true,"href":"https:\/\/www.cm-evora.pt\/en\/wp-json\/wp\/v2\/categories?post=39179"},{"taxonomy":"post_tag","embeddable":true,"href":"https:\/\/www.cm-evora.pt\/en\/wp-json\/wp\/v2\/tags?post=39179"}],"curies":[{"name":"wp","href":"https:\/\/api.w.org\/{rel}","templated":true}]}}