{"id":40086,"date":"2022-09-02T16:37:07","date_gmt":"2022-09-02T15:37:07","guid":{"rendered":"https:\/\/www.cm-evora.pt\/?p=40086"},"modified":"2022-09-08T11:56:52","modified_gmt":"2022-09-08T10:56:52","slug":"camara-municipal-de-evora-apresenta-nova-edicao-da-agenda-cultural","status":"publish","type":"post","link":"https:\/\/www.cm-evora.pt\/en\/camara-municipal-de-evora-apresenta-nova-edicao-da-agenda-cultural\/","title":{"rendered":"(Portugu\u00eas) C\u00e2mara Municipal de \u00c9vora apresenta nova edi\u00e7\u00e3o da Agenda Cultural"},"content":{"rendered":"<p class=\"qtranxs-available-languages-message qtranxs-available-languages-message-en\">Sorry, this entry is only available in <a href=\"https:\/\/www.cm-evora.pt\/pt\/wp-json\/wp\/v2\/posts\/40086\" class=\"qtranxs-available-language-link qtranxs-available-language-link-pt\" title=\"Portugu\u00eas\">Portugu\u00eas<\/a>.<\/p><p>Reafirmar a import\u00e2ncia da Cultura, nas suas diferentes express\u00f5es, tornando-a um pilar do desenvolvimento e da qualidade de vida do concelho de \u00c9vora e refor\u00e7ar as formas de comunicar com a popula\u00e7\u00e3o foram dois motivos pelos quais a C\u00e2mara Municipal de \u00c9vora renovou a edi\u00e7\u00e3o da sua Agenda Cultural. Com um conte\u00fado alargado e publicada tamb\u00e9m em papel, a nova Agenda est\u00e1 dispon\u00edvel ao p\u00fablico a partir de 2 de setembro de 2022.<\/p>\n<p>Pretende-se com a regenera\u00e7\u00e3o deste suporte informativo que a programa\u00e7\u00e3o cultural do concelho tenha uma ampla divulga\u00e7\u00e3o e que potencie uma maior aproxima\u00e7\u00e3o entre criadores e p\u00fablicos.<\/p>\n<p>A par da programa\u00e7\u00e3o, a Agenda Cultural conta tamb\u00e9m com entrevistas a personalidades marcantes do mundo da Arte e da Cultura e imagens de autores, na ilustra\u00e7\u00e3o da capa, entre outros conte\u00fados informativos.<\/p>\n<p>Todos os promotores, agentes e associa\u00e7\u00f5es respons\u00e1veis pela dinamiza\u00e7\u00e3o de iniciativas culturais no concelho podem dar o seu contributo para o conte\u00fado da Agenda Cultural, enviando as suas propostas de eventos, atrav\u00e9s do formul\u00e1rio dispon\u00edvel em <em><a href=\"http:\/\/www.cm-evora.pt\/formulario-agenda-cultural\/\">www.cm-evora.pt\/formulario-agenda-cultural\/<\/a><\/em>, e\/ou sugerindo melhorias para o seu conte\u00fado.<\/p>\n<p>&nbsp;<\/p>\n<p><strong>Onde pode encontrar a Agenda Cultural?<\/strong><\/p>\n<p>-Posto de Turismo<\/p>\n<p>-Edif\u00edcio Pa\u00e7os do Concelho<\/p>\n<p>-Centro Interpretativo de \u00c9vora<\/p>\n<p>-Teatro Garcia de Resende<\/p>\n<p>-PIT\u00c9<\/p>\n\n\t\t<style type=\"text\/css\">\n\t\t\t#gallery-1 {\n\t\t\t\tmargin: auto;\n\t\t\t}\n\t\t\t#gallery-1 .gallery-item {\n\t\t\t\tfloat: left;\n\t\t\t\tmargin-top: 10px;\n\t\t\t\ttext-align: center;\n\t\t\t\twidth: 100%;\n\t\t\t}\n\t\t\t#gallery-1 img {\n\t\t\t\tborder: 2px solid #cfcfcf;\n\t\t\t}\n\t\t\t#gallery-1 .gallery-caption {\n\t\t\t\tmargin-left: 0;\n\t\t\t}\n\t\t\t\/* see gallery_shortcode() in wp-includes\/media.php *\/\n\t\t<\/style>\n\t\t<div id='gallery-1' class='gallery galleryid-40086 gallery-columns-1 gallery-size-full'><dl class='gallery-item'>\n\t\t\t<dt class='gallery-icon landscape'>\n\t\t\t\t<a href='https:\/\/www.cm-evora.pt\/wp-content\/uploads\/2022\/09\/NOTICIAS_PORTALCME_agendacultural-02.jpg'><img loading=\"lazy\" decoding=\"async\" width=\"1920\" height=\"1133\" src=\"https:\/\/www.cm-evora.pt\/wp-content\/uploads\/2022\/09\/NOTICIAS_PORTALCME_agendacultural-02.jpg\" class=\"attachment-full size-full\" alt=\"\" srcset=\"https:\/\/www.cm-evora.pt\/wp-content\/uploads\/2022\/09\/NOTICIAS_PORTALCME_agendacultural-02.jpg 1920w, https:\/\/www.cm-evora.pt\/wp-content\/uploads\/2022\/09\/NOTICIAS_PORTALCME_agendacultural-02-300x177.jpg 300w, https:\/\/www.cm-evora.pt\/wp-content\/uploads\/2022\/09\/NOTICIAS_PORTALCME_agendacultural-02-1024x604.jpg 1024w, https:\/\/www.cm-evora.pt\/wp-content\/uploads\/2022\/09\/NOTICIAS_PORTALCME_agendacultural-02-768x453.jpg 768w, https:\/\/www.cm-evora.pt\/wp-content\/uploads\/2022\/09\/NOTICIAS_PORTALCME_agendacultural-02-1536x906.jpg 1536w, https:\/\/www.cm-evora.pt\/wp-content\/uploads\/2022\/09\/NOTICIAS_PORTALCME_agendacultural-02-1320x779.jpg 1320w\" sizes=\"auto, (max-width: 1920px) 100vw, 1920px\" \/><\/a>\n\t\t\t<\/dt><\/dl><br style=\"clear: both\" \/>\n\t\t<\/div>\n\n<p><\/p>","protected":false},"excerpt":{"rendered":"<p>Sorry, this entry is only available in Portugu\u00eas.Reafirmar a import\u00e2ncia da Cultura, nas suas diferentes express\u00f5es, tornando-a um pilar do desenvolvimento e da qualidade de vida do concelho de \u00c9vora e refor\u00e7ar as formas de comunicar com a popula\u00e7\u00e3o foram dois motivos pelos quais a C\u00e2mara Municipal de \u00c9vora renovou a edi\u00e7\u00e3o da sua Agenda [&hellip;]<\/p>\n","protected":false},"author":57,"featured_media":40087,"comment_status":"closed","ping_status":"closed","sticky":false,"template":"","format":"standard","meta":{"_acf_changed":false,"footnotes":""},"categories":[2110],"tags":[],"class_list":["post-40086","post","type-post","status-publish","format-standard","has-post-thumbnail","hentry","category-noticias"],"acf":{"imagens":"","destaq_image":40087,"titulo_docs_seccao":"","documentos":""},"_links":{"self":[{"href":"https:\/\/www.cm-evora.pt\/en\/wp-json\/wp\/v2\/posts\/40086","targetHints":{"allow":["GET"]}}],"collection":[{"href":"https:\/\/www.cm-evora.pt\/en\/wp-json\/wp\/v2\/posts"}],"about":[{"href":"https:\/\/www.cm-evora.pt\/en\/wp-json\/wp\/v2\/types\/post"}],"author":[{"embeddable":true,"href":"https:\/\/www.cm-evora.pt\/en\/wp-json\/wp\/v2\/users\/57"}],"replies":[{"embeddable":true,"href":"https:\/\/www.cm-evora.pt\/en\/wp-json\/wp\/v2\/comments?post=40086"}],"version-history":[{"count":3,"href":"https:\/\/www.cm-evora.pt\/en\/wp-json\/wp\/v2\/posts\/40086\/revisions"}],"predecessor-version":[{"id":40209,"href":"https:\/\/www.cm-evora.pt\/en\/wp-json\/wp\/v2\/posts\/40086\/revisions\/40209"}],"wp:featuredmedia":[{"embeddable":true,"href":"https:\/\/www.cm-evora.pt\/en\/wp-json\/wp\/v2\/media\/40087"}],"wp:attachment":[{"href":"https:\/\/www.cm-evora.pt\/en\/wp-json\/wp\/v2\/media?parent=40086"}],"wp:term":[{"taxonomy":"category","embeddable":true,"href":"https:\/\/www.cm-evora.pt\/en\/wp-json\/wp\/v2\/categories?post=40086"},{"taxonomy":"post_tag","embeddable":true,"href":"https:\/\/www.cm-evora.pt\/en\/wp-json\/wp\/v2\/tags?post=40086"}],"curies":[{"name":"wp","href":"https:\/\/api.w.org\/{rel}","templated":true}]}}